{"id":15278,"date":"2023-03-07T12:42:13","date_gmt":"2023-03-07T12:42:13","guid":{"rendered":"https:\/\/www.africa-press.net\/congo-brazzaville\/politique\/le-congo-et-lallemagne-consolident-leur-lien-de-cooperation"},"modified":"2023-03-07T13:18:32","modified_gmt":"2023-03-07T13:18:32","slug":"le-congo-et-lallemagne-consolident-leur-lien-de-cooperation","status":"publish","type":"post","link":"https:\/\/www.africa-press.net\/congo-brazzaville\/politique\/le-congo-et-lallemagne-consolident-leur-lien-de-cooperation","title":{"rendered":"le congo et l\u2019allemagne consolident leur lien de coop\u00e9ration"},"content":{"rendered":"<p><span style=\"color: #ff6600\"><strong>Africa-Press &#8211; Congo Brazzaville. <\/strong><\/span><b>La de\u0301le\u0301gation du groupe d\u2019amitie\u0301 interparlementaire Allemagne Afrique centrale conduite par Ju\u0308rgen Cosse a e\u0301change\u0301 le 6 mars a\u0300 Brazzaville avec les membres du groupe d\u2019amitie\u0301 interparlementaire Congo- Allemagne, sur la consolidation du renforcement des liens de coope\u0301ration entre les deux E\u0301tats dans divers domaines partenariats.<\/b><\/p>\n<p>\u00ab Nous avons e\u0301change\u0301 sur plusieurs sujets tels que l\u2019e\u0301ducation, la protection de l\u2019environnement et l\u2019agriculture. Nous avons pose\u0301 les bases sur les questions lie\u0301es a\u0300 l\u2019avenir de la coope\u0301ration de nos deux pays \u00bb, a fait savoir le chef de la de\u0301le\u0301gation du groupe d\u2019amitie\u0301 interparlementaire Allemagne Afrique centrale, Ju\u0308rgen Cosse, au terme de la rencontre interparlementaire axe\u0301e sur la consolidation et la diversification de la coope\u0301ration Allemagne-Congo.<\/p>\n<p>Cette coope\u0301ration allemande qui s\u2019inscrit dans le cadre d\u2019une nouvelle politique de dynamisation des relations avec le continent Africain a e\u0301te\u0301 salue\u0301e par le pre\u0301sident de l\u2019Assemble\u0301e Nationale. \u00ab Le Congo entend be\u0301ne\u0301ficier les avantages de la nouvelle strate\u0301gie de l\u2019Allemagne pour l\u2019Afrique, oriente\u0301e vers la paix, la se\u0301curite\u0301, le de\u0301veloppement e\u0301conomique durable, la lutte contre le re\u0301chauffement climatique, la science, l\u2019innovation, l\u2019autonomisation des femmes et la formation \u00bb, a laisse\u0301 entendre le pre\u0301sident de l\u2019Assemble\u0301e Nationale, Isidore Mvouba.<\/p>\n<p>La rencontre a e\u0301te\u0301 marque\u0301e par la pre\u0301sentation respective du parlement de la Re\u0301publique fe\u0301de\u0301rale d\u2019Allemagne et de la Re\u0301publique du Congo.<\/p>\n<p><strong>Pour plus d&rsquo;informations et d&rsquo;analyses sur la <a href=\"https:\/\/www.africa-press.net\/congo-brazzaville\">Congo Brazzaville<\/a>, suivez <a href=\"https:\/\/www.africa-press.net\/\">Africa-Press<\/a><\/strong><\/p>\n","protected":false},"excerpt":{"rendered":"<p>Africa-Press &#8211; Congo Brazzaville. La de\u0301le\u0301gation du groupe d\u2019amitie\u0301 interparlementaire Allemagne Afrique centrale conduite par Ju\u0308rgen Cosse a e\u0301change\u0301 le 6 mars a\u0300 Brazzaville avec les membres du groupe d\u2019amitie\u0301 interparlementaire Congo- Allemagne, sur la consolidation du renforcement des liens de coope\u0301ration entre les deux E\u0301tats dans divers domaines partenariats. \u00ab Nous avons e\u0301change\u0301 sur [&hellip;]<\/p>\n","protected":false},"author":82,"featured_media":15277,"comment_status":"open","ping_status":"closed","sticky":false,"template":"","format":"standard","meta":{"footnotes":""},"categories":[2,20,10],"tags":[36,47,46],"class_list":["post-15278","post","type-post","status-publish","format-standard","has-post-thumbnail","hentry","category-politique","category-top-nouvelles","category-toutes-les-actualites","tag-africa-press","tag-africa-press-congo-brazzaville","tag-congo-brazzaville"],"yoast_head":"<!-- This site is optimized with the Yoast SEO Premium plugin v26.1 (Yoast SEO v27.0) - https:\/\/yoast.com\/product\/yoast-seo-premium-wordpress\/ -->\n<title>le congo et l\u2019allemagne consolident leur lien de coop\u00e9ration - Congo Brazzaville<\/title>\n<meta name=\"description\" content=\"La de\u0301le\u0301gation du groupe d\u2019amitie\u0301 interparlementaire Allemagne Afrique centrale conduite par Ju\u0308rgen Cosse a e\u0301chan ...\" \/>\n<meta name=\"robots\" content=\"index, follow, max-snippet:-1, max-image-preview:large, max-video-preview:-1\" \/>\n<link rel=\"canonical\" href=\"https:\/\/www.africa-press.net\/congo-brazzaville\/politique\/le-congo-et-lallemagne-consolident-leur-lien-de-cooperation\" \/>\n<meta property=\"og:locale\" content=\"fr_FR\" \/>\n<meta property=\"og:type\" content=\"article\" \/>\n<meta property=\"og:title\" content=\"le congo et l\u2019allemagne consolident leur lien de coop\u00e9ration\" \/>\n<meta property=\"og:description\" content=\"La de\u0301le\u0301gation du groupe d\u2019amitie\u0301 interparlementaire Allemagne Afrique centrale conduite par Ju\u0308rgen Cosse a e\u0301chan ...\" \/>\n<meta property=\"og:url\" content=\"https:\/\/www.africa-press.net\/congo-brazzaville\/politique\/le-congo-et-lallemagne-consolident-leur-lien-de-cooperation\" \/>\n<meta property=\"og:site_name\" content=\"Congo Brazzaville\" \/>\n<meta property=\"article:published_time\" content=\"2023-03-07T12:42:13+00:00\" \/>\n<meta property=\"article:modified_time\" content=\"2023-03-07T13:18:32+00:00\" \/>\n<meta property=\"og:image\" content=\"https:\/\/static.africa-press.net\/congo-brazzaville\/sites\/51\/2023\/03\/postQueueImg_1678180344.54.jpg\" \/>\n\t<meta property=\"og:image:width\" content=\"820\" \/>\n\t<meta property=\"og:image:height\" content=\"440\" \/>\n\t<meta property=\"og:image:type\" content=\"image\/jpeg\" \/>\n<meta name=\"author\" content=\"cfeditorfr\" \/>\n<meta name=\"twitter:card\" content=\"summary_large_image\" \/>\n<meta name=\"twitter:label1\" content=\"\u00c9crit par\" \/>\n\t<meta name=\"twitter:data1\" content=\"cfeditorfr\" \/>\n\t<meta name=\"twitter:label2\" content=\"Dur\u00e9e de lecture estim\u00e9e\" \/>\n\t<meta name=\"twitter:data2\" content=\"1 minute\" \/>\n<script type=\"application\/ld+json\" class=\"yoast-schema-graph\">{\"@context\":\"https:\/\/schema.org\",\"@graph\":[{\"@type\":\"Article\",\"@id\":\"https:\/\/www.africa-press.net\/congo-brazzaville\/politique\/le-congo-et-lallemagne-consolident-leur-lien-de-cooperation#article\",\"isPartOf\":{\"@id\":\"https:\/\/www.africa-press.net\/congo-brazzaville\/politique\/le-congo-et-lallemagne-consolident-leur-lien-de-cooperation\"},\"author\":{\"name\":\"cfeditorfr\",\"@id\":\"https:\/\/www.africa-press.net\/congo-brazzaville\/#\/schema\/person\/2b1cf3cd81a31e3cd26889ca66d677f1\"},\"headline\":\"le congo et l\u2019allemagne consolident leur lien de coop\u00e9ration\",\"datePublished\":\"2023-03-07T12:42:13+00:00\",\"dateModified\":\"2023-03-07T13:18:32+00:00\",\"mainEntityOfPage\":{\"@id\":\"https:\/\/www.africa-press.net\/congo-brazzaville\/politique\/le-congo-et-lallemagne-consolident-leur-lien-de-cooperation\"},\"wordCount\":292,\"commentCount\":0,\"image\":{\"@id\":\"https:\/\/www.africa-press.net\/congo-brazzaville\/politique\/le-congo-et-lallemagne-consolident-leur-lien-de-cooperation#primaryimage\"},\"thumbnailUrl\":\"https:\/\/static.africa-press.net\/congo-brazzaville\/sites\/51\/2023\/03\/postQueueImg_1678180344.54.jpg\",\"keywords\":[\"Africa Press\",\"Africa Press-Congo Brazzaville\",\"Congo Brazzaville\"],\"articleSection\":[\"Politique\",\"Top Nouvelles\",\"Toutes les actualit\u00e9s\"],\"inLanguage\":\"fr-FR\",\"potentialAction\":[{\"@type\":\"CommentAction\",\"name\":\"Comment\",\"target\":[\"https:\/\/www.africa-press.net\/congo-brazzaville\/politique\/le-congo-et-lallemagne-consolident-leur-lien-de-cooperation#respond\"]}]},{\"@type\":\"WebPage\",\"@id\":\"https:\/\/www.africa-press.net\/congo-brazzaville\/politique\/le-congo-et-lallemagne-consolident-leur-lien-de-cooperation\",\"url\":\"https:\/\/www.africa-press.net\/congo-brazzaville\/politique\/le-congo-et-lallemagne-consolident-leur-lien-de-cooperation\",\"name\":\"le congo et l\u2019allemagne consolident leur lien de coop\u00e9ration - Congo Brazzaville\",\"isPartOf\":{\"@id\":\"https:\/\/www.africa-press.net\/congo-brazzaville\/#website\"},\"primaryImageOfPage\":{\"@id\":\"https:\/\/www.africa-press.net\/congo-brazzaville\/politique\/le-congo-et-lallemagne-consolident-leur-lien-de-cooperation#primaryimage\"},\"image\":{\"@id\":\"https:\/\/www.africa-press.net\/congo-brazzaville\/politique\/le-congo-et-lallemagne-consolident-leur-lien-de-cooperation#primaryimage\"},\"thumbnailUrl\":\"https:\/\/static.africa-press.net\/congo-brazzaville\/sites\/51\/2023\/03\/postQueueImg_1678180344.54.jpg\",\"datePublished\":\"2023-03-07T12:42:13+00:00\",\"dateModified\":\"2023-03-07T13:18:32+00:00\",\"author\":{\"@id\":\"https:\/\/www.africa-press.net\/congo-brazzaville\/#\/schema\/person\/2b1cf3cd81a31e3cd26889ca66d677f1\"},\"description\":\"La de\u0301le\u0301gation du groupe d\u2019amitie\u0301 interparlementaire Allemagne Afrique centrale conduite par Ju\u0308rgen Cosse a e\u0301chan ...\",\"breadcrumb\":{\"@id\":\"https:\/\/www.africa-press.net\/congo-brazzaville\/politique\/le-congo-et-lallemagne-consolident-leur-lien-de-cooperation#breadcrumb\"},\"inLanguage\":\"fr-FR\",\"potentialAction\":[{\"@type\":\"ReadAction\",\"target\":[\"https:\/\/www.africa-press.net\/congo-brazzaville\/politique\/le-congo-et-lallemagne-consolident-leur-lien-de-cooperation\"]}]},{\"@type\":\"ImageObject\",\"inLanguage\":\"fr-FR\",\"@id\":\"https:\/\/www.africa-press.net\/congo-brazzaville\/politique\/le-congo-et-lallemagne-consolident-leur-lien-de-cooperation#primaryimage\",\"url\":\"https:\/\/static.africa-press.net\/congo-brazzaville\/sites\/51\/2023\/03\/postQueueImg_1678180344.54.jpg\",\"contentUrl\":\"https:\/\/static.africa-press.net\/congo-brazzaville\/sites\/51\/2023\/03\/postQueueImg_1678180344.54.jpg\",\"width\":820,\"height\":440,\"caption\":\"le congo et l\u2019allemagne consolident leur lien de coop\u00e9ration\"},{\"@type\":\"BreadcrumbList\",\"@id\":\"https:\/\/www.africa-press.net\/congo-brazzaville\/politique\/le-congo-et-lallemagne-consolident-leur-lien-de-cooperation#breadcrumb\",\"itemListElement\":[{\"@type\":\"ListItem\",\"position\":1,\"name\":\"Accueil\",\"item\":\"https:\/\/www.africa-press.net\/congo-brazzaville\/\"},{\"@type\":\"ListItem\",\"position\":2,\"name\":\"le congo et l\u2019allemagne consolident leur lien de coop\u00e9ration\"}]},{\"@type\":\"WebSite\",\"@id\":\"https:\/\/www.africa-press.net\/congo-brazzaville\/#website\",\"url\":\"https:\/\/www.africa-press.net\/congo-brazzaville\/\",\"name\":\"Congo Brazzaville\",\"description\":\"Just another Africa News Agency Sites site\",\"potentialAction\":[{\"@type\":\"SearchAction\",\"target\":{\"@type\":\"EntryPoint\",\"urlTemplate\":\"https:\/\/www.africa-press.net\/congo-brazzaville\/?s={search_term_string}\"},\"query-input\":{\"@type\":\"PropertyValueSpecification\",\"valueRequired\":true,\"valueName\":\"search_term_string\"}}],\"inLanguage\":\"fr-FR\"},{\"@type\":\"Person\",\"@id\":\"https:\/\/www.africa-press.net\/congo-brazzaville\/#\/schema\/person\/2b1cf3cd81a31e3cd26889ca66d677f1\",\"name\":\"cfeditorfr\"}]}<\/script>\n<!-- \/ Yoast SEO Premium plugin. -->","yoast_head_json":{"title":"le congo et l\u2019allemagne consolident leur lien de coop\u00e9ration - Congo Brazzaville","description":"La de\u0301le\u0301gation du groupe d\u2019amitie\u0301 interparlementaire Allemagne Afrique centrale conduite par Ju\u0308rgen Cosse a e\u0301chan ...","robots":{"index":"index","follow":"follow","max-snippet":"max-snippet:-1","max-image-preview":"max-image-preview:large","max-video-preview":"max-video-preview:-1"},"canonical":"https:\/\/www.africa-press.net\/congo-brazzaville\/politique\/le-congo-et-lallemagne-consolident-leur-lien-de-cooperation","og_locale":"fr_FR","og_type":"article","og_title":"le congo et l\u2019allemagne consolident leur lien de coop\u00e9ration","og_description":"La de\u0301le\u0301gation du groupe d\u2019amitie\u0301 interparlementaire Allemagne Afrique centrale conduite par Ju\u0308rgen Cosse a e\u0301chan ...","og_url":"https:\/\/www.africa-press.net\/congo-brazzaville\/politique\/le-congo-et-lallemagne-consolident-leur-lien-de-cooperation","og_site_name":"Congo Brazzaville","article_published_time":"2023-03-07T12:42:13+00:00","article_modified_time":"2023-03-07T13:18:32+00:00","og_image":[{"width":820,"height":440,"url":"https:\/\/static.africa-press.net\/congo-brazzaville\/sites\/51\/2023\/03\/postQueueImg_1678180344.54.jpg","type":"image\/jpeg"}],"author":"cfeditorfr","twitter_card":"summary_large_image","twitter_misc":{"\u00c9crit par":"cfeditorfr","Dur\u00e9e de lecture estim\u00e9e":"1 minute"},"schema":{"@context":"https:\/\/schema.org","@graph":[{"@type":"Article","@id":"https:\/\/www.africa-press.net\/congo-brazzaville\/politique\/le-congo-et-lallemagne-consolident-leur-lien-de-cooperation#article","isPartOf":{"@id":"https:\/\/www.africa-press.net\/congo-brazzaville\/politique\/le-congo-et-lallemagne-consolident-leur-lien-de-cooperation"},"author":{"name":"cfeditorfr","@id":"https:\/\/www.africa-press.net\/congo-brazzaville\/#\/schema\/person\/2b1cf3cd81a31e3cd26889ca66d677f1"},"headline":"le congo et l\u2019allemagne consolident leur lien de coop\u00e9ration","datePublished":"2023-03-07T12:42:13+00:00","dateModified":"2023-03-07T13:18:32+00:00","mainEntityOfPage":{"@id":"https:\/\/www.africa-press.net\/congo-brazzaville\/politique\/le-congo-et-lallemagne-consolident-leur-lien-de-cooperation"},"wordCount":292,"commentCount":0,"image":{"@id":"https:\/\/www.africa-press.net\/congo-brazzaville\/politique\/le-congo-et-lallemagne-consolident-leur-lien-de-cooperation#primaryimage"},"thumbnailUrl":"https:\/\/static.africa-press.net\/congo-brazzaville\/sites\/51\/2023\/03\/postQueueImg_1678180344.54.jpg","keywords":["Africa Press","Africa Press-Congo Brazzaville","Congo Brazzaville"],"articleSection":["Politique","Top Nouvelles","Toutes les actualit\u00e9s"],"inLanguage":"fr-FR","potentialAction":[{"@type":"CommentAction","name":"Comment","target":["https:\/\/www.africa-press.net\/congo-brazzaville\/politique\/le-congo-et-lallemagne-consolident-leur-lien-de-cooperation#respond"]}]},{"@type":"WebPage","@id":"https:\/\/www.africa-press.net\/congo-brazzaville\/politique\/le-congo-et-lallemagne-consolident-leur-lien-de-cooperation","url":"https:\/\/www.africa-press.net\/congo-brazzaville\/politique\/le-congo-et-lallemagne-consolident-leur-lien-de-cooperation","name":"le congo et l\u2019allemagne consolident leur lien de coop\u00e9ration - Congo Brazzaville","isPartOf":{"@id":"https:\/\/www.africa-press.net\/congo-brazzaville\/#website"},"primaryImageOfPage":{"@id":"https:\/\/www.africa-press.net\/congo-brazzaville\/politique\/le-congo-et-lallemagne-consolident-leur-lien-de-cooperation#primaryimage"},"image":{"@id":"https:\/\/www.africa-press.net\/congo-brazzaville\/politique\/le-congo-et-lallemagne-consolident-leur-lien-de-cooperation#primaryimage"},"thumbnailUrl":"https:\/\/static.africa-press.net\/congo-brazzaville\/sites\/51\/2023\/03\/postQueueImg_1678180344.54.jpg","datePublished":"2023-03-07T12:42:13+00:00","dateModified":"2023-03-07T13:18:32+00:00","author":{"@id":"https:\/\/www.africa-press.net\/congo-brazzaville\/#\/schema\/person\/2b1cf3cd81a31e3cd26889ca66d677f1"},"description":"La de\u0301le\u0301gation du groupe d\u2019amitie\u0301 interparlementaire Allemagne Afrique centrale conduite par Ju\u0308rgen Cosse a e\u0301chan ...","breadcrumb":{"@id":"https:\/\/www.africa-press.net\/congo-brazzaville\/politique\/le-congo-et-lallemagne-consolident-leur-lien-de-cooperation#breadcrumb"},"inLanguage":"fr-FR","potentialAction":[{"@type":"ReadAction","target":["https:\/\/www.africa-press.net\/congo-brazzaville\/politique\/le-congo-et-lallemagne-consolident-leur-lien-de-cooperation"]}]},{"@type":"ImageObject","inLanguage":"fr-FR","@id":"https:\/\/www.africa-press.net\/congo-brazzaville\/politique\/le-congo-et-lallemagne-consolident-leur-lien-de-cooperation#primaryimage","url":"https:\/\/static.africa-press.net\/congo-brazzaville\/sites\/51\/2023\/03\/postQueueImg_1678180344.54.jpg","contentUrl":"https:\/\/static.africa-press.net\/congo-brazzaville\/sites\/51\/2023\/03\/postQueueImg_1678180344.54.jpg","width":820,"height":440,"caption":"le congo et l\u2019allemagne consolident leur lien de coop\u00e9ration"},{"@type":"BreadcrumbList","@id":"https:\/\/www.africa-press.net\/congo-brazzaville\/politique\/le-congo-et-lallemagne-consolident-leur-lien-de-cooperation#breadcrumb","itemListElement":[{"@type":"ListItem","position":1,"name":"Accueil","item":"https:\/\/www.africa-press.net\/congo-brazzaville\/"},{"@type":"ListItem","position":2,"name":"le congo et l\u2019allemagne consolident leur lien de coop\u00e9ration"}]},{"@type":"WebSite","@id":"https:\/\/www.africa-press.net\/congo-brazzaville\/#website","url":"https:\/\/www.africa-press.net\/congo-brazzaville\/","name":"Congo Brazzaville","description":"Just another Africa News Agency Sites site","potentialAction":[{"@type":"SearchAction","target":{"@type":"EntryPoint","urlTemplate":"https:\/\/www.africa-press.net\/congo-brazzaville\/?s={search_term_string}"},"query-input":{"@type":"PropertyValueSpecification","valueRequired":true,"valueName":"search_term_string"}}],"inLanguage":"fr-FR"},{"@type":"Person","@id":"https:\/\/www.africa-press.net\/congo-brazzaville\/#\/schema\/person\/2b1cf3cd81a31e3cd26889ca66d677f1","name":"cfeditorfr"}]}},"_links":{"self":[{"href":"https:\/\/www.africa-press.net\/congo-brazzaville\/wp-json\/wp\/v2\/posts\/15278","targetHints":{"allow":["GET"]}}],"collection":[{"href":"https:\/\/www.africa-press.net\/congo-brazzaville\/wp-json\/wp\/v2\/posts"}],"about":[{"href":"https:\/\/www.africa-press.net\/congo-brazzaville\/wp-json\/wp\/v2\/types\/post"}],"author":[{"embeddable":true,"href":"https:\/\/www.africa-press.net\/congo-brazzaville\/wp-json\/wp\/v2\/users\/82"}],"replies":[{"embeddable":true,"href":"https:\/\/www.africa-press.net\/congo-brazzaville\/wp-json\/wp\/v2\/comments?post=15278"}],"version-history":[{"count":0,"href":"https:\/\/www.africa-press.net\/congo-brazzaville\/wp-json\/wp\/v2\/posts\/15278\/revisions"}],"wp:featuredmedia":[{"embeddable":true,"href":"https:\/\/www.africa-press.net\/congo-brazzaville\/wp-json\/wp\/v2\/media\/15277"}],"wp:attachment":[{"href":"https:\/\/www.africa-press.net\/congo-brazzaville\/wp-json\/wp\/v2\/media?parent=15278"}],"wp:term":[{"taxonomy":"category","embeddable":true,"href":"https:\/\/www.africa-press.net\/congo-brazzaville\/wp-json\/wp\/v2\/categories?post=15278"},{"taxonomy":"post_tag","embeddable":true,"href":"https:\/\/www.africa-press.net\/congo-brazzaville\/wp-json\/wp\/v2\/tags?post=15278"}],"curies":[{"name":"wp","href":"https:\/\/api.w.org\/{rel}","templated":true}]}}