{"id":15280,"date":"2023-03-07T12:42:31","date_gmt":"2023-03-07T12:42:31","guid":{"rendered":"https:\/\/www.africa-press.net\/congo-brazzaville\/politique\/les-diplomates-europeens-renforcent-la-cooperation-avec-les-parlementaires-congolais"},"modified":"2023-03-07T13:19:31","modified_gmt":"2023-03-07T13:19:31","slug":"les-diplomates-europeens-renforcent-la-cooperation-avec-les-parlementaires-congolais","status":"publish","type":"post","link":"https:\/\/www.africa-press.net\/congo-brazzaville\/politique\/les-diplomates-europeens-renforcent-la-cooperation-avec-les-parlementaires-congolais","title":{"rendered":"les diplomates europ\u00e9ens renforcent la coop\u00e9ration avec les parlementaires congolais"},"content":{"rendered":"<p><span style=\"color: #ff6600\"><strong>Africa-Press &#8211; Congo Brazzaville. <\/strong><\/span><b>La Pre\u0301sidente du Comite\u0301, Afrique carai\u0308bes pacifique du conseil de l\u2019Union europe\u0301enne COAFR\/ ACP, Guerfi Yamina a releve\u0301 le 6 mars a\u0300 Brazzaville que, l\u2019e\u0301change entre sa de\u0301le\u0301gation et les parlementaires congolais, permettait de mieux connai\u0302tre le Congo et de renforcer la coope\u0301ration Congo-UE.<\/b><\/p>\n<p>\u00ab Cette visite a pour objectif d\u2019e\u0301changer avec les autorite\u0301s congolaises, sur le partenariat Union Europe\u0301enne- Congo et d\u2019ame\u0301liorer la compre\u0301hension des diplomates europe\u0301ens sur le contexte des interventions de l\u2019UE, la manie\u0300re dont la mise en \u0153uvre des projets, et l\u2019identification des secteurs d\u2019intervention prioritaires en Afrique Centrale et au Congo en particulier \u00bb, a fait savoir Guerfi Yamina lors d\u2019un entretien avec les parlementaires congolais.<\/p>\n<p>La se\u0301ance de travail avec les parlementaires congolais va permettre aussi, d\u2019approfondir les connaissances sur le Congo et de favoriser le dialogue, en vue de renforcer la coope\u0301ration entre le Congo et l\u2019Union Europe\u0301enne. C\u2019est donc une visite d\u2019e\u0301tude et de suivi que la de\u0301le\u0301gation de l\u2019Union Europe\u0301enne a effectue\u0301, a-t-elle poursuivi.<\/p>\n<p>Pour le Pre\u0301sident de l\u2019Assemble\u0301e nationale, Isidore Mvouba, il s\u2019agit e\u0301galement au cours de cette rencontre de re\u0301fle\u0301chir sur l\u2019adaptation de la coope\u0301ration entre le Congo et l\u2019Union Europe\u0301enne aux exigences actuelles. Un nouvel accord est en gestation. Celui-ci pourra ainsi renforcer la capacite\u0301 de l\u2019organisation des Etats d\u2019Afrique Carai\u0308bes et Pacifique a\u0300 agir ensemble sur les de\u0301fis environnementaux lie\u0301s aux changements climatiques, a- t-il dit.<\/p>\n<p>La de\u0301le\u0301gation de l\u2019Union europe\u0301enne conduite par l\u2019Ambassadeur de l\u2019Union Europe\u0301enne est compose\u0301e de 30 diplomates venus des 27 Etats membres de l\u2019Union Europe\u0301enne. Elle se\u0301journe a\u0300 Brazzaville du 5 au 8 mars.<\/p>\n<p><strong>Pour plus d&rsquo;informations et d&rsquo;analyses sur la <a href=\"https:\/\/www.africa-press.net\/congo-brazzaville\">Congo Brazzaville<\/a>, suivez <a href=\"https:\/\/www.africa-press.net\/\">Africa-Press<\/a><\/strong><\/p>\n","protected":false},"excerpt":{"rendered":"<p>Africa-Press &#8211; Congo Brazzaville. La Pre\u0301sidente du Comite\u0301, Afrique carai\u0308bes pacifique du conseil de l\u2019Union europe\u0301enne COAFR\/ ACP, Guerfi Yamina a releve\u0301 le 6 mars a\u0300 Brazzaville que, l\u2019e\u0301change entre sa de\u0301le\u0301gation et les parlementaires congolais, permettait de mieux connai\u0302tre le Congo et de renforcer la coope\u0301ration Congo-UE. \u00ab Cette visite a pour objectif d\u2019e\u0301changer [&hellip;]<\/p>\n","protected":false},"author":82,"featured_media":15279,"comment_status":"open","ping_status":"closed","sticky":false,"template":"","format":"standard","meta":{"footnotes":""},"categories":[2,10],"tags":[36,47,46],"class_list":["post-15280","post","type-post","status-publish","format-standard","has-post-thumbnail","hentry","category-politique","category-toutes-les-actualites","tag-africa-press","tag-africa-press-congo-brazzaville","tag-congo-brazzaville"],"yoast_head":"<!-- This site is optimized with the Yoast SEO Premium plugin v26.1 (Yoast SEO v27.0) - https:\/\/yoast.com\/product\/yoast-seo-premium-wordpress\/ -->\n<title>les diplomates europ\u00e9ens renforcent la coop\u00e9ration avec les parlementaires congolais - Congo Brazzaville<\/title>\n<meta name=\"description\" content=\"La Pre\u0301sidente du Comite\u0301, Afrique carai\u0308bes pacifique du conseil de l\u2019Union europe\u0301enne COAFR\/ ACP, Guerfi Yamina a ...\" \/>\n<meta name=\"robots\" content=\"index, follow, max-snippet:-1, max-image-preview:large, max-video-preview:-1\" \/>\n<link rel=\"canonical\" href=\"https:\/\/www.africa-press.net\/congo-brazzaville\/politique\/les-diplomates-europeens-renforcent-la-cooperation-avec-les-parlementaires-congolais\" \/>\n<meta property=\"og:locale\" content=\"fr_FR\" \/>\n<meta property=\"og:type\" content=\"article\" \/>\n<meta property=\"og:title\" content=\"les diplomates europ\u00e9ens renforcent la coop\u00e9ration avec les parlementaires congolais\" \/>\n<meta property=\"og:description\" content=\"La Pre\u0301sidente du Comite\u0301, Afrique carai\u0308bes pacifique du conseil de l\u2019Union europe\u0301enne COAFR\/ ACP, Guerfi Yamina a ...\" \/>\n<meta property=\"og:url\" content=\"https:\/\/www.africa-press.net\/congo-brazzaville\/politique\/les-diplomates-europeens-renforcent-la-cooperation-avec-les-parlementaires-congolais\" \/>\n<meta property=\"og:site_name\" content=\"Congo Brazzaville\" \/>\n<meta property=\"article:published_time\" content=\"2023-03-07T12:42:31+00:00\" \/>\n<meta property=\"article:modified_time\" content=\"2023-03-07T13:19:31+00:00\" \/>\n<meta property=\"og:image\" content=\"https:\/\/static.africa-press.net\/congo-brazzaville\/sites\/51\/2023\/03\/postQueueImg_1678180364.64.jpg\" \/>\n\t<meta property=\"og:image:width\" content=\"821\" \/>\n\t<meta property=\"og:image:height\" content=\"444\" \/>\n\t<meta property=\"og:image:type\" content=\"image\/jpeg\" \/>\n<meta name=\"author\" content=\"cfeditorfr\" \/>\n<meta name=\"twitter:card\" content=\"summary_large_image\" \/>\n<meta name=\"twitter:label1\" content=\"\u00c9crit par\" \/>\n\t<meta name=\"twitter:data1\" content=\"cfeditorfr\" \/>\n\t<meta name=\"twitter:label2\" content=\"Dur\u00e9e de lecture estim\u00e9e\" \/>\n\t<meta name=\"twitter:data2\" content=\"2 minutes\" \/>\n<script type=\"application\/ld+json\" class=\"yoast-schema-graph\">{\"@context\":\"https:\/\/schema.org\",\"@graph\":[{\"@type\":\"Article\",\"@id\":\"https:\/\/www.africa-press.net\/congo-brazzaville\/politique\/les-diplomates-europeens-renforcent-la-cooperation-avec-les-parlementaires-congolais#article\",\"isPartOf\":{\"@id\":\"https:\/\/www.africa-press.net\/congo-brazzaville\/politique\/les-diplomates-europeens-renforcent-la-cooperation-avec-les-parlementaires-congolais\"},\"author\":{\"name\":\"cfeditorfr\",\"@id\":\"https:\/\/www.africa-press.net\/congo-brazzaville\/#\/schema\/person\/2b1cf3cd81a31e3cd26889ca66d677f1\"},\"headline\":\"les diplomates europ\u00e9ens renforcent la coop\u00e9ration avec les parlementaires congolais\",\"datePublished\":\"2023-03-07T12:42:31+00:00\",\"dateModified\":\"2023-03-07T13:19:31+00:00\",\"mainEntityOfPage\":{\"@id\":\"https:\/\/www.africa-press.net\/congo-brazzaville\/politique\/les-diplomates-europeens-renforcent-la-cooperation-avec-les-parlementaires-congolais\"},\"wordCount\":346,\"commentCount\":0,\"image\":{\"@id\":\"https:\/\/www.africa-press.net\/congo-brazzaville\/politique\/les-diplomates-europeens-renforcent-la-cooperation-avec-les-parlementaires-congolais#primaryimage\"},\"thumbnailUrl\":\"https:\/\/static.africa-press.net\/congo-brazzaville\/sites\/51\/2023\/03\/postQueueImg_1678180364.64.jpg\",\"keywords\":[\"Africa Press\",\"Africa Press-Congo Brazzaville\",\"Congo Brazzaville\"],\"articleSection\":[\"Politique\",\"Toutes les actualit\u00e9s\"],\"inLanguage\":\"fr-FR\",\"potentialAction\":[{\"@type\":\"CommentAction\",\"name\":\"Comment\",\"target\":[\"https:\/\/www.africa-press.net\/congo-brazzaville\/politique\/les-diplomates-europeens-renforcent-la-cooperation-avec-les-parlementaires-congolais#respond\"]}]},{\"@type\":\"WebPage\",\"@id\":\"https:\/\/www.africa-press.net\/congo-brazzaville\/politique\/les-diplomates-europeens-renforcent-la-cooperation-avec-les-parlementaires-congolais\",\"url\":\"https:\/\/www.africa-press.net\/congo-brazzaville\/politique\/les-diplomates-europeens-renforcent-la-cooperation-avec-les-parlementaires-congolais\",\"name\":\"les diplomates europ\u00e9ens renforcent la coop\u00e9ration avec les parlementaires congolais - Congo Brazzaville\",\"isPartOf\":{\"@id\":\"https:\/\/www.africa-press.net\/congo-brazzaville\/#website\"},\"primaryImageOfPage\":{\"@id\":\"https:\/\/www.africa-press.net\/congo-brazzaville\/politique\/les-diplomates-europeens-renforcent-la-cooperation-avec-les-parlementaires-congolais#primaryimage\"},\"image\":{\"@id\":\"https:\/\/www.africa-press.net\/congo-brazzaville\/politique\/les-diplomates-europeens-renforcent-la-cooperation-avec-les-parlementaires-congolais#primaryimage\"},\"thumbnailUrl\":\"https:\/\/static.africa-press.net\/congo-brazzaville\/sites\/51\/2023\/03\/postQueueImg_1678180364.64.jpg\",\"datePublished\":\"2023-03-07T12:42:31+00:00\",\"dateModified\":\"2023-03-07T13:19:31+00:00\",\"author\":{\"@id\":\"https:\/\/www.africa-press.net\/congo-brazzaville\/#\/schema\/person\/2b1cf3cd81a31e3cd26889ca66d677f1\"},\"description\":\"La Pre\u0301sidente du Comite\u0301, Afrique carai\u0308bes pacifique du conseil de l\u2019Union europe\u0301enne COAFR\/ ACP, Guerfi Yamina a ...\",\"breadcrumb\":{\"@id\":\"https:\/\/www.africa-press.net\/congo-brazzaville\/politique\/les-diplomates-europeens-renforcent-la-cooperation-avec-les-parlementaires-congolais#breadcrumb\"},\"inLanguage\":\"fr-FR\",\"potentialAction\":[{\"@type\":\"ReadAction\",\"target\":[\"https:\/\/www.africa-press.net\/congo-brazzaville\/politique\/les-diplomates-europeens-renforcent-la-cooperation-avec-les-parlementaires-congolais\"]}]},{\"@type\":\"ImageObject\",\"inLanguage\":\"fr-FR\",\"@id\":\"https:\/\/www.africa-press.net\/congo-brazzaville\/politique\/les-diplomates-europeens-renforcent-la-cooperation-avec-les-parlementaires-congolais#primaryimage\",\"url\":\"https:\/\/static.africa-press.net\/congo-brazzaville\/sites\/51\/2023\/03\/postQueueImg_1678180364.64.jpg\",\"contentUrl\":\"https:\/\/static.africa-press.net\/congo-brazzaville\/sites\/51\/2023\/03\/postQueueImg_1678180364.64.jpg\",\"width\":821,\"height\":444,\"caption\":\"les diplomates europ\u00e9ens renforcent la coop\u00e9ration avec les parlementaires congolais\"},{\"@type\":\"BreadcrumbList\",\"@id\":\"https:\/\/www.africa-press.net\/congo-brazzaville\/politique\/les-diplomates-europeens-renforcent-la-cooperation-avec-les-parlementaires-congolais#breadcrumb\",\"itemListElement\":[{\"@type\":\"ListItem\",\"position\":1,\"name\":\"Accueil\",\"item\":\"https:\/\/www.africa-press.net\/congo-brazzaville\/\"},{\"@type\":\"ListItem\",\"position\":2,\"name\":\"les diplomates europ\u00e9ens renforcent la coop\u00e9ration avec les parlementaires congolais\"}]},{\"@type\":\"WebSite\",\"@id\":\"https:\/\/www.africa-press.net\/congo-brazzaville\/#website\",\"url\":\"https:\/\/www.africa-press.net\/congo-brazzaville\/\",\"name\":\"Congo Brazzaville\",\"description\":\"Just another Africa News Agency Sites site\",\"potentialAction\":[{\"@type\":\"SearchAction\",\"target\":{\"@type\":\"EntryPoint\",\"urlTemplate\":\"https:\/\/www.africa-press.net\/congo-brazzaville\/?s={search_term_string}\"},\"query-input\":{\"@type\":\"PropertyValueSpecification\",\"valueRequired\":true,\"valueName\":\"search_term_string\"}}],\"inLanguage\":\"fr-FR\"},{\"@type\":\"Person\",\"@id\":\"https:\/\/www.africa-press.net\/congo-brazzaville\/#\/schema\/person\/2b1cf3cd81a31e3cd26889ca66d677f1\",\"name\":\"cfeditorfr\"}]}<\/script>\n<!-- \/ Yoast SEO Premium plugin. -->","yoast_head_json":{"title":"les diplomates europ\u00e9ens renforcent la coop\u00e9ration avec les parlementaires congolais - Congo Brazzaville","description":"La Pre\u0301sidente du Comite\u0301, Afrique carai\u0308bes pacifique du conseil de l\u2019Union europe\u0301enne COAFR\/ ACP, Guerfi Yamina a ...","robots":{"index":"index","follow":"follow","max-snippet":"max-snippet:-1","max-image-preview":"max-image-preview:large","max-video-preview":"max-video-preview:-1"},"canonical":"https:\/\/www.africa-press.net\/congo-brazzaville\/politique\/les-diplomates-europeens-renforcent-la-cooperation-avec-les-parlementaires-congolais","og_locale":"fr_FR","og_type":"article","og_title":"les diplomates europ\u00e9ens renforcent la coop\u00e9ration avec les parlementaires congolais","og_description":"La Pre\u0301sidente du Comite\u0301, Afrique carai\u0308bes pacifique du conseil de l\u2019Union europe\u0301enne COAFR\/ ACP, Guerfi Yamina a ...","og_url":"https:\/\/www.africa-press.net\/congo-brazzaville\/politique\/les-diplomates-europeens-renforcent-la-cooperation-avec-les-parlementaires-congolais","og_site_name":"Congo Brazzaville","article_published_time":"2023-03-07T12:42:31+00:00","article_modified_time":"2023-03-07T13:19:31+00:00","og_image":[{"width":821,"height":444,"url":"https:\/\/static.africa-press.net\/congo-brazzaville\/sites\/51\/2023\/03\/postQueueImg_1678180364.64.jpg","type":"image\/jpeg"}],"author":"cfeditorfr","twitter_card":"summary_large_image","twitter_misc":{"\u00c9crit par":"cfeditorfr","Dur\u00e9e de lecture estim\u00e9e":"2 minutes"},"schema":{"@context":"https:\/\/schema.org","@graph":[{"@type":"Article","@id":"https:\/\/www.africa-press.net\/congo-brazzaville\/politique\/les-diplomates-europeens-renforcent-la-cooperation-avec-les-parlementaires-congolais#article","isPartOf":{"@id":"https:\/\/www.africa-press.net\/congo-brazzaville\/politique\/les-diplomates-europeens-renforcent-la-cooperation-avec-les-parlementaires-congolais"},"author":{"name":"cfeditorfr","@id":"https:\/\/www.africa-press.net\/congo-brazzaville\/#\/schema\/person\/2b1cf3cd81a31e3cd26889ca66d677f1"},"headline":"les diplomates europ\u00e9ens renforcent la coop\u00e9ration avec les parlementaires congolais","datePublished":"2023-03-07T12:42:31+00:00","dateModified":"2023-03-07T13:19:31+00:00","mainEntityOfPage":{"@id":"https:\/\/www.africa-press.net\/congo-brazzaville\/politique\/les-diplomates-europeens-renforcent-la-cooperation-avec-les-parlementaires-congolais"},"wordCount":346,"commentCount":0,"image":{"@id":"https:\/\/www.africa-press.net\/congo-brazzaville\/politique\/les-diplomates-europeens-renforcent-la-cooperation-avec-les-parlementaires-congolais#primaryimage"},"thumbnailUrl":"https:\/\/static.africa-press.net\/congo-brazzaville\/sites\/51\/2023\/03\/postQueueImg_1678180364.64.jpg","keywords":["Africa Press","Africa Press-Congo Brazzaville","Congo Brazzaville"],"articleSection":["Politique","Toutes les actualit\u00e9s"],"inLanguage":"fr-FR","potentialAction":[{"@type":"CommentAction","name":"Comment","target":["https:\/\/www.africa-press.net\/congo-brazzaville\/politique\/les-diplomates-europeens-renforcent-la-cooperation-avec-les-parlementaires-congolais#respond"]}]},{"@type":"WebPage","@id":"https:\/\/www.africa-press.net\/congo-brazzaville\/politique\/les-diplomates-europeens-renforcent-la-cooperation-avec-les-parlementaires-congolais","url":"https:\/\/www.africa-press.net\/congo-brazzaville\/politique\/les-diplomates-europeens-renforcent-la-cooperation-avec-les-parlementaires-congolais","name":"les diplomates europ\u00e9ens renforcent la coop\u00e9ration avec les parlementaires congolais - Congo Brazzaville","isPartOf":{"@id":"https:\/\/www.africa-press.net\/congo-brazzaville\/#website"},"primaryImageOfPage":{"@id":"https:\/\/www.africa-press.net\/congo-brazzaville\/politique\/les-diplomates-europeens-renforcent-la-cooperation-avec-les-parlementaires-congolais#primaryimage"},"image":{"@id":"https:\/\/www.africa-press.net\/congo-brazzaville\/politique\/les-diplomates-europeens-renforcent-la-cooperation-avec-les-parlementaires-congolais#primaryimage"},"thumbnailUrl":"https:\/\/static.africa-press.net\/congo-brazzaville\/sites\/51\/2023\/03\/postQueueImg_1678180364.64.jpg","datePublished":"2023-03-07T12:42:31+00:00","dateModified":"2023-03-07T13:19:31+00:00","author":{"@id":"https:\/\/www.africa-press.net\/congo-brazzaville\/#\/schema\/person\/2b1cf3cd81a31e3cd26889ca66d677f1"},"description":"La Pre\u0301sidente du Comite\u0301, Afrique carai\u0308bes pacifique du conseil de l\u2019Union europe\u0301enne COAFR\/ ACP, Guerfi Yamina a ...","breadcrumb":{"@id":"https:\/\/www.africa-press.net\/congo-brazzaville\/politique\/les-diplomates-europeens-renforcent-la-cooperation-avec-les-parlementaires-congolais#breadcrumb"},"inLanguage":"fr-FR","potentialAction":[{"@type":"ReadAction","target":["https:\/\/www.africa-press.net\/congo-brazzaville\/politique\/les-diplomates-europeens-renforcent-la-cooperation-avec-les-parlementaires-congolais"]}]},{"@type":"ImageObject","inLanguage":"fr-FR","@id":"https:\/\/www.africa-press.net\/congo-brazzaville\/politique\/les-diplomates-europeens-renforcent-la-cooperation-avec-les-parlementaires-congolais#primaryimage","url":"https:\/\/static.africa-press.net\/congo-brazzaville\/sites\/51\/2023\/03\/postQueueImg_1678180364.64.jpg","contentUrl":"https:\/\/static.africa-press.net\/congo-brazzaville\/sites\/51\/2023\/03\/postQueueImg_1678180364.64.jpg","width":821,"height":444,"caption":"les diplomates europ\u00e9ens renforcent la coop\u00e9ration avec les parlementaires congolais"},{"@type":"BreadcrumbList","@id":"https:\/\/www.africa-press.net\/congo-brazzaville\/politique\/les-diplomates-europeens-renforcent-la-cooperation-avec-les-parlementaires-congolais#breadcrumb","itemListElement":[{"@type":"ListItem","position":1,"name":"Accueil","item":"https:\/\/www.africa-press.net\/congo-brazzaville\/"},{"@type":"ListItem","position":2,"name":"les diplomates europ\u00e9ens renforcent la coop\u00e9ration avec les parlementaires congolais"}]},{"@type":"WebSite","@id":"https:\/\/www.africa-press.net\/congo-brazzaville\/#website","url":"https:\/\/www.africa-press.net\/congo-brazzaville\/","name":"Congo Brazzaville","description":"Just another Africa News Agency Sites site","potentialAction":[{"@type":"SearchAction","target":{"@type":"EntryPoint","urlTemplate":"https:\/\/www.africa-press.net\/congo-brazzaville\/?s={search_term_string}"},"query-input":{"@type":"PropertyValueSpecification","valueRequired":true,"valueName":"search_term_string"}}],"inLanguage":"fr-FR"},{"@type":"Person","@id":"https:\/\/www.africa-press.net\/congo-brazzaville\/#\/schema\/person\/2b1cf3cd81a31e3cd26889ca66d677f1","name":"cfeditorfr"}]}},"_links":{"self":[{"href":"https:\/\/www.africa-press.net\/congo-brazzaville\/wp-json\/wp\/v2\/posts\/15280","targetHints":{"allow":["GET"]}}],"collection":[{"href":"https:\/\/www.africa-press.net\/congo-brazzaville\/wp-json\/wp\/v2\/posts"}],"about":[{"href":"https:\/\/www.africa-press.net\/congo-brazzaville\/wp-json\/wp\/v2\/types\/post"}],"author":[{"embeddable":true,"href":"https:\/\/www.africa-press.net\/congo-brazzaville\/wp-json\/wp\/v2\/users\/82"}],"replies":[{"embeddable":true,"href":"https:\/\/www.africa-press.net\/congo-brazzaville\/wp-json\/wp\/v2\/comments?post=15280"}],"version-history":[{"count":0,"href":"https:\/\/www.africa-press.net\/congo-brazzaville\/wp-json\/wp\/v2\/posts\/15280\/revisions"}],"wp:featuredmedia":[{"embeddable":true,"href":"https:\/\/www.africa-press.net\/congo-brazzaville\/wp-json\/wp\/v2\/media\/15279"}],"wp:attachment":[{"href":"https:\/\/www.africa-press.net\/congo-brazzaville\/wp-json\/wp\/v2\/media?parent=15280"}],"wp:term":[{"taxonomy":"category","embeddable":true,"href":"https:\/\/www.africa-press.net\/congo-brazzaville\/wp-json\/wp\/v2\/categories?post=15280"},{"taxonomy":"post_tag","embeddable":true,"href":"https:\/\/www.africa-press.net\/congo-brazzaville\/wp-json\/wp\/v2\/tags?post=15280"}],"curies":[{"name":"wp","href":"https:\/\/api.w.org\/{rel}","templated":true}]}}