{"id":15306,"date":"2023-03-07T19:44:08","date_gmt":"2023-03-07T19:44:08","guid":{"rendered":"https:\/\/www.africa-press.net\/congo-brazzaville\/politique\/diplomatie-la-cooperation-congo-allemagne-veut-franchir-un-nouveau-cap"},"modified":"2023-03-07T20:22:39","modified_gmt":"2023-03-07T20:22:39","slug":"diplomatie-la-cooperation-congo-allemagne-veut-franchir-un-nouveau-cap","status":"publish","type":"post","link":"https:\/\/www.africa-press.net\/congo-brazzaville\/politique\/diplomatie-la-cooperation-congo-allemagne-veut-franchir-un-nouveau-cap","title":{"rendered":"Diplomatie :  la coop\u00e9ration Congo-Allemagne veut franchir un nouveau cap"},"content":{"rendered":"<p><span style=\"color: #ff6600\"><strong>Africa-Press &#8211; Congo Brazzaville. <\/strong><\/span><b>Le groupe d\u2019amitie\u0301 parlementaire Allemagne-Afrique centrale se\u0301journe au Congo. Le 6 mars a\u0300 Brazzaville, six de\u0301pute\u0301s allemands ont e\u0301change\u0301 avec le pre\u0301sident de l\u2019Assemble\u0301e nationale, Isidore Mvouba, avec qui ils ont de\u0301battu de plusieurs sujets. <\/b><\/p>\n<p>La de\u0301le\u0301gation allemande e\u0301tait compose\u0301e de dix personnes dont six de\u0301pute\u0301s, membres des partis politiques et autres sensibilite\u0301s repre\u0301sente\u0301s au Parlement. Avec le pre\u0301sident de la chambre basse du Parlement congolais, les de\u0301pute\u0301s membres du groupe d\u2019amitie\u0301 Congo-Allemagne ont e\u0301voque\u0301 divers sujets d\u2019inte\u0301re\u0302t commun.<\/p>\n<p>Les deux parties ont de\u0301battu de la ne\u0301cessite\u0301 de renforcer la coope\u0301ration entre les Parlements congolais et allemand, en vue de lui donner une nouvelle impulsion a\u0300 travers l\u2019e\u0301change d\u2019expe\u0301riences entre les deux chambres parlementaires.<\/p>\n<p>Au-dela\u0300 du volet parlementaire, Isidore Mvouba et ses interlocuteurs ont fait le point de la coope\u0301ration globale entre le Congo et l\u2019Allemagne. Relations bilate\u0301rales qu\u2019ils ont tous estime\u0301 fructueuses mais pour lesquelles ils entendent de\u0301velopper au mieux pour le bien des deux pays.<\/p>\n<p>\u00ab Nos discussions avec les de\u0301pute\u0301s congolais ont porte\u0301, entre autres, sur l\u2019e\u0301ducation nationale, la protection de l\u2019environnement et le de\u0301veloppement de l\u2019agriculture. Nous allons poursuivre des discussions avant de jeter les bases pour l\u2019avenir de notre coope\u0301ration car nous devons aborder les de\u0301fis communs ensemble \u00bb, a indique\u0301 le chef de la de\u0301le\u0301gation des parlementaires allemands.<\/p>\n<p>Dans un mot spe\u0301cial, le deuxie\u0300me questeur de la chambre basse, Destine\u0301e Hermella Doukaga, a profite\u0301 de l\u2019occasion pour pre\u0301senter aux de\u0301pute\u0301s allemands son institution. Elle leur a fait savoir que le Congo a un parlement bicame\u0301ral, compose\u0301 du Se\u0301nat et de l\u2019Assemble\u0301e nationale qui compte 151 de\u0301pute\u0301s, trois groupes parlementaires et huit commissions permanentes.<\/p>\n<p>S\u2019exprimant a\u0300 cet effet, le pre\u0301sident de la chambre basse, Isidore Mvouba, s\u2019est dit e\u0301mu de l\u2019Allemagne, \u00ab premier pays a\u0300 reconnai\u0302tre l\u2019inde\u0301pendance du Congo en 1960 \u00bb. Il a fait savoir a\u0300 la de\u0301le\u0301gation que \u00ab la de\u0301mocratie au Congo va bon train et depuis deux de\u0301cennies les e\u0301lections s\u2019organisent re\u0301gulie\u0300rement aux dates e\u0301chues \u00bb.<\/p>\n<p><strong>Pour plus d&rsquo;informations et d&rsquo;analyses sur la <a href=\"https:\/\/www.africa-press.net\/congo-brazzaville\">Congo Brazzaville<\/a>, suivez <a href=\"https:\/\/www.africa-press.net\/\">Africa-Press<\/a><\/strong><\/p>\n","protected":false},"excerpt":{"rendered":"<p>Africa-Press &#8211; Congo Brazzaville. Le groupe d\u2019amitie\u0301 parlementaire Allemagne-Afrique centrale se\u0301journe au Congo. Le 6 mars a\u0300 Brazzaville, six de\u0301pute\u0301s allemands ont e\u0301change\u0301 avec le pre\u0301sident de l\u2019Assemble\u0301e nationale, Isidore Mvouba, avec qui ils ont de\u0301battu de plusieurs sujets. La de\u0301le\u0301gation allemande e\u0301tait compose\u0301e de dix personnes dont six de\u0301pute\u0301s, membres des partis politiques et [&hellip;]<\/p>\n","protected":false},"author":82,"featured_media":15305,"comment_status":"open","ping_status":"closed","sticky":false,"template":"","format":"standard","meta":{"footnotes":""},"categories":[2,10],"tags":[36,47,46],"class_list":["post-15306","post","type-post","status-publish","format-standard","has-post-thumbnail","hentry","category-politique","category-toutes-les-actualites","tag-africa-press","tag-africa-press-congo-brazzaville","tag-congo-brazzaville"],"yoast_head":"<!-- This site is optimized with the Yoast SEO Premium plugin v26.1 (Yoast SEO v27.0) - https:\/\/yoast.com\/product\/yoast-seo-premium-wordpress\/ -->\n<title>Diplomatie : la coop\u00e9ration Congo-Allemagne veut franchir un nouveau cap - Congo Brazzaville<\/title>\n<meta name=\"description\" content=\"Le groupe d\u2019amitie\u0301 parlementaire Allemagne-Afrique centrale se\u0301journe au Congo. Le 6 mars a\u0300 Brazzaville, six de\u0301put ...\" \/>\n<meta name=\"robots\" content=\"index, follow, max-snippet:-1, max-image-preview:large, max-video-preview:-1\" \/>\n<link rel=\"canonical\" href=\"https:\/\/www.africa-press.net\/congo-brazzaville\/politique\/diplomatie-la-cooperation-congo-allemagne-veut-franchir-un-nouveau-cap\" \/>\n<meta property=\"og:locale\" content=\"fr_FR\" \/>\n<meta property=\"og:type\" content=\"article\" \/>\n<meta property=\"og:title\" content=\"Diplomatie : la coop\u00e9ration Congo-Allemagne veut franchir un nouveau cap\" \/>\n<meta property=\"og:description\" content=\"Le groupe d\u2019amitie\u0301 parlementaire Allemagne-Afrique centrale se\u0301journe au Congo. Le 6 mars a\u0300 Brazzaville, six de\u0301put ...\" \/>\n<meta property=\"og:url\" content=\"https:\/\/www.africa-press.net\/congo-brazzaville\/politique\/diplomatie-la-cooperation-congo-allemagne-veut-franchir-un-nouveau-cap\" \/>\n<meta property=\"og:site_name\" content=\"Congo Brazzaville\" \/>\n<meta property=\"article:published_time\" content=\"2023-03-07T19:44:08+00:00\" \/>\n<meta property=\"article:modified_time\" content=\"2023-03-07T20:22:39+00:00\" \/>\n<meta property=\"og:image\" content=\"https:\/\/static.africa-press.net\/congo-brazzaville\/sites\/51\/2023\/03\/postQueueImg_1678205653.05.jpg\" \/>\n\t<meta property=\"og:image:width\" content=\"1669\" \/>\n\t<meta property=\"og:image:height\" content=\"768\" \/>\n\t<meta property=\"og:image:type\" content=\"image\/jpeg\" \/>\n<meta name=\"author\" content=\"cfeditorfr\" \/>\n<meta name=\"twitter:card\" content=\"summary_large_image\" \/>\n<meta name=\"twitter:label1\" content=\"\u00c9crit par\" \/>\n\t<meta name=\"twitter:data1\" content=\"cfeditorfr\" \/>\n\t<meta name=\"twitter:label2\" content=\"Dur\u00e9e de lecture estim\u00e9e\" \/>\n\t<meta name=\"twitter:data2\" content=\"2 minutes\" \/>\n<script type=\"application\/ld+json\" class=\"yoast-schema-graph\">{\"@context\":\"https:\/\/schema.org\",\"@graph\":[{\"@type\":\"Article\",\"@id\":\"https:\/\/www.africa-press.net\/congo-brazzaville\/politique\/diplomatie-la-cooperation-congo-allemagne-veut-franchir-un-nouveau-cap#article\",\"isPartOf\":{\"@id\":\"https:\/\/www.africa-press.net\/congo-brazzaville\/politique\/diplomatie-la-cooperation-congo-allemagne-veut-franchir-un-nouveau-cap\"},\"author\":{\"name\":\"cfeditorfr\",\"@id\":\"https:\/\/www.africa-press.net\/congo-brazzaville\/#\/schema\/person\/2b1cf3cd81a31e3cd26889ca66d677f1\"},\"headline\":\"Diplomatie : la coop\u00e9ration Congo-Allemagne veut franchir un nouveau cap\",\"datePublished\":\"2023-03-07T19:44:08+00:00\",\"dateModified\":\"2023-03-07T20:22:39+00:00\",\"mainEntityOfPage\":{\"@id\":\"https:\/\/www.africa-press.net\/congo-brazzaville\/politique\/diplomatie-la-cooperation-congo-allemagne-veut-franchir-un-nouveau-cap\"},\"wordCount\":423,\"commentCount\":0,\"image\":{\"@id\":\"https:\/\/www.africa-press.net\/congo-brazzaville\/politique\/diplomatie-la-cooperation-congo-allemagne-veut-franchir-un-nouveau-cap#primaryimage\"},\"thumbnailUrl\":\"https:\/\/static.africa-press.net\/congo-brazzaville\/sites\/51\/2023\/03\/postQueueImg_1678205653.05.jpg\",\"keywords\":[\"Africa Press\",\"Africa Press-Congo Brazzaville\",\"Congo Brazzaville\"],\"articleSection\":[\"Politique\",\"Toutes les actualit\u00e9s\"],\"inLanguage\":\"fr-FR\",\"potentialAction\":[{\"@type\":\"CommentAction\",\"name\":\"Comment\",\"target\":[\"https:\/\/www.africa-press.net\/congo-brazzaville\/politique\/diplomatie-la-cooperation-congo-allemagne-veut-franchir-un-nouveau-cap#respond\"]}]},{\"@type\":\"WebPage\",\"@id\":\"https:\/\/www.africa-press.net\/congo-brazzaville\/politique\/diplomatie-la-cooperation-congo-allemagne-veut-franchir-un-nouveau-cap\",\"url\":\"https:\/\/www.africa-press.net\/congo-brazzaville\/politique\/diplomatie-la-cooperation-congo-allemagne-veut-franchir-un-nouveau-cap\",\"name\":\"Diplomatie : la coop\u00e9ration Congo-Allemagne veut franchir un nouveau cap - Congo Brazzaville\",\"isPartOf\":{\"@id\":\"https:\/\/www.africa-press.net\/congo-brazzaville\/#website\"},\"primaryImageOfPage\":{\"@id\":\"https:\/\/www.africa-press.net\/congo-brazzaville\/politique\/diplomatie-la-cooperation-congo-allemagne-veut-franchir-un-nouveau-cap#primaryimage\"},\"image\":{\"@id\":\"https:\/\/www.africa-press.net\/congo-brazzaville\/politique\/diplomatie-la-cooperation-congo-allemagne-veut-franchir-un-nouveau-cap#primaryimage\"},\"thumbnailUrl\":\"https:\/\/static.africa-press.net\/congo-brazzaville\/sites\/51\/2023\/03\/postQueueImg_1678205653.05.jpg\",\"datePublished\":\"2023-03-07T19:44:08+00:00\",\"dateModified\":\"2023-03-07T20:22:39+00:00\",\"author\":{\"@id\":\"https:\/\/www.africa-press.net\/congo-brazzaville\/#\/schema\/person\/2b1cf3cd81a31e3cd26889ca66d677f1\"},\"description\":\"Le groupe d\u2019amitie\u0301 parlementaire Allemagne-Afrique centrale se\u0301journe au Congo. Le 6 mars a\u0300 Brazzaville, six de\u0301put ...\",\"breadcrumb\":{\"@id\":\"https:\/\/www.africa-press.net\/congo-brazzaville\/politique\/diplomatie-la-cooperation-congo-allemagne-veut-franchir-un-nouveau-cap#breadcrumb\"},\"inLanguage\":\"fr-FR\",\"potentialAction\":[{\"@type\":\"ReadAction\",\"target\":[\"https:\/\/www.africa-press.net\/congo-brazzaville\/politique\/diplomatie-la-cooperation-congo-allemagne-veut-franchir-un-nouveau-cap\"]}]},{\"@type\":\"ImageObject\",\"inLanguage\":\"fr-FR\",\"@id\":\"https:\/\/www.africa-press.net\/congo-brazzaville\/politique\/diplomatie-la-cooperation-congo-allemagne-veut-franchir-un-nouveau-cap#primaryimage\",\"url\":\"https:\/\/static.africa-press.net\/congo-brazzaville\/sites\/51\/2023\/03\/postQueueImg_1678205653.05.jpg\",\"contentUrl\":\"https:\/\/static.africa-press.net\/congo-brazzaville\/sites\/51\/2023\/03\/postQueueImg_1678205653.05.jpg\",\"width\":1669,\"height\":768,\"caption\":\"Diplomatie : la coop\u00e9ration Congo-Allemagne veut franchir un nouveau cap\"},{\"@type\":\"BreadcrumbList\",\"@id\":\"https:\/\/www.africa-press.net\/congo-brazzaville\/politique\/diplomatie-la-cooperation-congo-allemagne-veut-franchir-un-nouveau-cap#breadcrumb\",\"itemListElement\":[{\"@type\":\"ListItem\",\"position\":1,\"name\":\"Accueil\",\"item\":\"https:\/\/www.africa-press.net\/congo-brazzaville\/\"},{\"@type\":\"ListItem\",\"position\":2,\"name\":\"Diplomatie : la coop\u00e9ration Congo-Allemagne veut franchir un nouveau cap\"}]},{\"@type\":\"WebSite\",\"@id\":\"https:\/\/www.africa-press.net\/congo-brazzaville\/#website\",\"url\":\"https:\/\/www.africa-press.net\/congo-brazzaville\/\",\"name\":\"Congo Brazzaville\",\"description\":\"Just another Africa News Agency Sites site\",\"potentialAction\":[{\"@type\":\"SearchAction\",\"target\":{\"@type\":\"EntryPoint\",\"urlTemplate\":\"https:\/\/www.africa-press.net\/congo-brazzaville\/?s={search_term_string}\"},\"query-input\":{\"@type\":\"PropertyValueSpecification\",\"valueRequired\":true,\"valueName\":\"search_term_string\"}}],\"inLanguage\":\"fr-FR\"},{\"@type\":\"Person\",\"@id\":\"https:\/\/www.africa-press.net\/congo-brazzaville\/#\/schema\/person\/2b1cf3cd81a31e3cd26889ca66d677f1\",\"name\":\"cfeditorfr\"}]}<\/script>\n<!-- \/ Yoast SEO Premium plugin. -->","yoast_head_json":{"title":"Diplomatie : la coop\u00e9ration Congo-Allemagne veut franchir un nouveau cap - Congo Brazzaville","description":"Le groupe d\u2019amitie\u0301 parlementaire Allemagne-Afrique centrale se\u0301journe au Congo. Le 6 mars a\u0300 Brazzaville, six de\u0301put ...","robots":{"index":"index","follow":"follow","max-snippet":"max-snippet:-1","max-image-preview":"max-image-preview:large","max-video-preview":"max-video-preview:-1"},"canonical":"https:\/\/www.africa-press.net\/congo-brazzaville\/politique\/diplomatie-la-cooperation-congo-allemagne-veut-franchir-un-nouveau-cap","og_locale":"fr_FR","og_type":"article","og_title":"Diplomatie : la coop\u00e9ration Congo-Allemagne veut franchir un nouveau cap","og_description":"Le groupe d\u2019amitie\u0301 parlementaire Allemagne-Afrique centrale se\u0301journe au Congo. Le 6 mars a\u0300 Brazzaville, six de\u0301put ...","og_url":"https:\/\/www.africa-press.net\/congo-brazzaville\/politique\/diplomatie-la-cooperation-congo-allemagne-veut-franchir-un-nouveau-cap","og_site_name":"Congo Brazzaville","article_published_time":"2023-03-07T19:44:08+00:00","article_modified_time":"2023-03-07T20:22:39+00:00","og_image":[{"width":1669,"height":768,"url":"https:\/\/static.africa-press.net\/congo-brazzaville\/sites\/51\/2023\/03\/postQueueImg_1678205653.05.jpg","type":"image\/jpeg"}],"author":"cfeditorfr","twitter_card":"summary_large_image","twitter_misc":{"\u00c9crit par":"cfeditorfr","Dur\u00e9e de lecture estim\u00e9e":"2 minutes"},"schema":{"@context":"https:\/\/schema.org","@graph":[{"@type":"Article","@id":"https:\/\/www.africa-press.net\/congo-brazzaville\/politique\/diplomatie-la-cooperation-congo-allemagne-veut-franchir-un-nouveau-cap#article","isPartOf":{"@id":"https:\/\/www.africa-press.net\/congo-brazzaville\/politique\/diplomatie-la-cooperation-congo-allemagne-veut-franchir-un-nouveau-cap"},"author":{"name":"cfeditorfr","@id":"https:\/\/www.africa-press.net\/congo-brazzaville\/#\/schema\/person\/2b1cf3cd81a31e3cd26889ca66d677f1"},"headline":"Diplomatie : la coop\u00e9ration Congo-Allemagne veut franchir un nouveau cap","datePublished":"2023-03-07T19:44:08+00:00","dateModified":"2023-03-07T20:22:39+00:00","mainEntityOfPage":{"@id":"https:\/\/www.africa-press.net\/congo-brazzaville\/politique\/diplomatie-la-cooperation-congo-allemagne-veut-franchir-un-nouveau-cap"},"wordCount":423,"commentCount":0,"image":{"@id":"https:\/\/www.africa-press.net\/congo-brazzaville\/politique\/diplomatie-la-cooperation-congo-allemagne-veut-franchir-un-nouveau-cap#primaryimage"},"thumbnailUrl":"https:\/\/static.africa-press.net\/congo-brazzaville\/sites\/51\/2023\/03\/postQueueImg_1678205653.05.jpg","keywords":["Africa Press","Africa Press-Congo Brazzaville","Congo Brazzaville"],"articleSection":["Politique","Toutes les actualit\u00e9s"],"inLanguage":"fr-FR","potentialAction":[{"@type":"CommentAction","name":"Comment","target":["https:\/\/www.africa-press.net\/congo-brazzaville\/politique\/diplomatie-la-cooperation-congo-allemagne-veut-franchir-un-nouveau-cap#respond"]}]},{"@type":"WebPage","@id":"https:\/\/www.africa-press.net\/congo-brazzaville\/politique\/diplomatie-la-cooperation-congo-allemagne-veut-franchir-un-nouveau-cap","url":"https:\/\/www.africa-press.net\/congo-brazzaville\/politique\/diplomatie-la-cooperation-congo-allemagne-veut-franchir-un-nouveau-cap","name":"Diplomatie : la coop\u00e9ration Congo-Allemagne veut franchir un nouveau cap - Congo Brazzaville","isPartOf":{"@id":"https:\/\/www.africa-press.net\/congo-brazzaville\/#website"},"primaryImageOfPage":{"@id":"https:\/\/www.africa-press.net\/congo-brazzaville\/politique\/diplomatie-la-cooperation-congo-allemagne-veut-franchir-un-nouveau-cap#primaryimage"},"image":{"@id":"https:\/\/www.africa-press.net\/congo-brazzaville\/politique\/diplomatie-la-cooperation-congo-allemagne-veut-franchir-un-nouveau-cap#primaryimage"},"thumbnailUrl":"https:\/\/static.africa-press.net\/congo-brazzaville\/sites\/51\/2023\/03\/postQueueImg_1678205653.05.jpg","datePublished":"2023-03-07T19:44:08+00:00","dateModified":"2023-03-07T20:22:39+00:00","author":{"@id":"https:\/\/www.africa-press.net\/congo-brazzaville\/#\/schema\/person\/2b1cf3cd81a31e3cd26889ca66d677f1"},"description":"Le groupe d\u2019amitie\u0301 parlementaire Allemagne-Afrique centrale se\u0301journe au Congo. Le 6 mars a\u0300 Brazzaville, six de\u0301put ...","breadcrumb":{"@id":"https:\/\/www.africa-press.net\/congo-brazzaville\/politique\/diplomatie-la-cooperation-congo-allemagne-veut-franchir-un-nouveau-cap#breadcrumb"},"inLanguage":"fr-FR","potentialAction":[{"@type":"ReadAction","target":["https:\/\/www.africa-press.net\/congo-brazzaville\/politique\/diplomatie-la-cooperation-congo-allemagne-veut-franchir-un-nouveau-cap"]}]},{"@type":"ImageObject","inLanguage":"fr-FR","@id":"https:\/\/www.africa-press.net\/congo-brazzaville\/politique\/diplomatie-la-cooperation-congo-allemagne-veut-franchir-un-nouveau-cap#primaryimage","url":"https:\/\/static.africa-press.net\/congo-brazzaville\/sites\/51\/2023\/03\/postQueueImg_1678205653.05.jpg","contentUrl":"https:\/\/static.africa-press.net\/congo-brazzaville\/sites\/51\/2023\/03\/postQueueImg_1678205653.05.jpg","width":1669,"height":768,"caption":"Diplomatie : la coop\u00e9ration Congo-Allemagne veut franchir un nouveau cap"},{"@type":"BreadcrumbList","@id":"https:\/\/www.africa-press.net\/congo-brazzaville\/politique\/diplomatie-la-cooperation-congo-allemagne-veut-franchir-un-nouveau-cap#breadcrumb","itemListElement":[{"@type":"ListItem","position":1,"name":"Accueil","item":"https:\/\/www.africa-press.net\/congo-brazzaville\/"},{"@type":"ListItem","position":2,"name":"Diplomatie : la coop\u00e9ration Congo-Allemagne veut franchir un nouveau cap"}]},{"@type":"WebSite","@id":"https:\/\/www.africa-press.net\/congo-brazzaville\/#website","url":"https:\/\/www.africa-press.net\/congo-brazzaville\/","name":"Congo Brazzaville","description":"Just another Africa News Agency Sites site","potentialAction":[{"@type":"SearchAction","target":{"@type":"EntryPoint","urlTemplate":"https:\/\/www.africa-press.net\/congo-brazzaville\/?s={search_term_string}"},"query-input":{"@type":"PropertyValueSpecification","valueRequired":true,"valueName":"search_term_string"}}],"inLanguage":"fr-FR"},{"@type":"Person","@id":"https:\/\/www.africa-press.net\/congo-brazzaville\/#\/schema\/person\/2b1cf3cd81a31e3cd26889ca66d677f1","name":"cfeditorfr"}]}},"_links":{"self":[{"href":"https:\/\/www.africa-press.net\/congo-brazzaville\/wp-json\/wp\/v2\/posts\/15306","targetHints":{"allow":["GET"]}}],"collection":[{"href":"https:\/\/www.africa-press.net\/congo-brazzaville\/wp-json\/wp\/v2\/posts"}],"about":[{"href":"https:\/\/www.africa-press.net\/congo-brazzaville\/wp-json\/wp\/v2\/types\/post"}],"author":[{"embeddable":true,"href":"https:\/\/www.africa-press.net\/congo-brazzaville\/wp-json\/wp\/v2\/users\/82"}],"replies":[{"embeddable":true,"href":"https:\/\/www.africa-press.net\/congo-brazzaville\/wp-json\/wp\/v2\/comments?post=15306"}],"version-history":[{"count":0,"href":"https:\/\/www.africa-press.net\/congo-brazzaville\/wp-json\/wp\/v2\/posts\/15306\/revisions"}],"wp:featuredmedia":[{"embeddable":true,"href":"https:\/\/www.africa-press.net\/congo-brazzaville\/wp-json\/wp\/v2\/media\/15305"}],"wp:attachment":[{"href":"https:\/\/www.africa-press.net\/congo-brazzaville\/wp-json\/wp\/v2\/media?parent=15306"}],"wp:term":[{"taxonomy":"category","embeddable":true,"href":"https:\/\/www.africa-press.net\/congo-brazzaville\/wp-json\/wp\/v2\/categories?post=15306"},{"taxonomy":"post_tag","embeddable":true,"href":"https:\/\/www.africa-press.net\/congo-brazzaville\/wp-json\/wp\/v2\/tags?post=15306"}],"curies":[{"name":"wp","href":"https:\/\/api.w.org\/{rel}","templated":true}]}}