{"id":15312,"date":"2023-03-07T19:44:40","date_gmt":"2023-03-07T19:44:40","guid":{"rendered":"https:\/\/www.africa-press.net\/congo-brazzaville\/politique\/cooperation-les-parlementaires-allemands-au-memorial-pierre-savorgnan-de-brazza"},"modified":"2023-03-07T20:24:15","modified_gmt":"2023-03-07T20:24:15","slug":"cooperation-les-parlementaires-allemands-au-memorial-pierre-savorgnan-de-brazza","status":"publish","type":"post","link":"https:\/\/www.africa-press.net\/congo-brazzaville\/politique\/cooperation-les-parlementaires-allemands-au-memorial-pierre-savorgnan-de-brazza","title":{"rendered":"Coop\u00e9ration : les parlementaires allemands au m\u00e9morial Pierre-Savorgnan-de-Brazza"},"content":{"rendered":"<p><span style=\"color: #ff6600\"><strong>Africa-Press &#8211; Congo Brazzaville. <\/strong><\/span><b>La visite qu\u2019a effectue\u0301e les parlementaires allemands au me\u0301morial Pierre-Savorgnan-de-Brazza, le 6 mars, s\u2019inscrit dans le cadre du renforcement des liens de coope\u0301ration culturelle entre ce me\u0301morial et l\u2019ambassade de la Re\u0301publique fe\u0301de\u0301rale d\u2019Allemagne.<\/b><\/p>\n<p>Rec\u0327us par la directrice ge\u0301ne\u0301rale du me\u0301morial Pierre-Savorgnan-de-Brazza, Be\u0301linda Ayessa, les parlementaires allemands conduits par leur ambassadeur en Re\u0301publique du Congo, Wolfgang Klapper, ont d\u2019abord e\u0301change\u0301 avec la directrice de ce haut lieu de me\u0301moire et de culture, avant de visiter le ba\u0302timent historique ou\u0300 reposent le fondateur de la ville de Brazzaville, Pierre Savorgnan de Brazza et sa famille.<\/p>\n<p>Cette visite guide\u0301e par la directrice du me\u0301morial a permis aux parlementaires allemands d\u2019assouvir leur curiosite\u0301 sur l\u2019histoire de la fondation de la ville de Brazzaville en 1880, des \u0153uvres du roi Makoko Olloh 1er et de De Brazza, ainsi que sur la raison d\u2019e\u0302tre de ce me\u0301morial, inaugure\u0301 le 3 octobre 2006. \u00ab Cette me\u0301daille consiste simplement a\u0300 montrer que nous sommes tre\u0300s reconnaissants envers la directrice pour avoir consacre\u0301 son temps a\u0300 nous parler de ce muse\u0301e et de la culture qu\u2019il repre\u0301sente. Nous sommes six parlementaires du Parlement allemand, et repre\u0301sentons les partis du gouvernement aussi bien que ceux de l\u2019opposition. Et nous sommes ici pour comprendre le pays dans lequel il vivait. Les de\u0301pute\u0301s ont e\u0301te\u0301 tre\u0300s impressionne\u0301s par le ba\u0302timent de ce me\u0301morial, symbole de l&rsquo;histoire et la culture qu&rsquo;il pre\u0301sente non seulement au peuple congolais, mais aussi a\u0300 nous, repre\u0301sentants du parlement allemand \u00bb, a de\u0301clare\u0301 le pre\u0301sident du groupe d\u2019amitie\u0301 Allemagne-Congo, HON. Ju\u0308rgen Coss.<\/p>\n<p>A l\u2019issue de cette rencontre, le pre\u0301sident du groupe d\u2019amitie\u0301 Allemagne-Congo a remis a\u0300 la directrice ge\u0301ne\u0301rale du me\u0301morial Pierre-Savorgnan-de-Brazza, Be\u0301linda Ayessa, la me\u0301daille du parlement allemand.<\/p>\n<p><strong>Pour plus d&rsquo;informations et d&rsquo;analyses sur la <a href=\"https:\/\/www.africa-press.net\/congo-brazzaville\">Congo Brazzaville<\/a>, suivez <a href=\"https:\/\/www.africa-press.net\/\">Africa-Press<\/a><\/strong><\/p>\n","protected":false},"excerpt":{"rendered":"<p>Africa-Press &#8211; Congo Brazzaville. La visite qu\u2019a effectue\u0301e les parlementaires allemands au me\u0301morial Pierre-Savorgnan-de-Brazza, le 6 mars, s\u2019inscrit dans le cadre du renforcement des liens de coope\u0301ration culturelle entre ce me\u0301morial et l\u2019ambassade de la Re\u0301publique fe\u0301de\u0301rale d\u2019Allemagne. Rec\u0327us par la directrice ge\u0301ne\u0301rale du me\u0301morial Pierre-Savorgnan-de-Brazza, Be\u0301linda Ayessa, les parlementaires allemands conduits par leur ambassadeur [&hellip;]<\/p>\n","protected":false},"author":82,"featured_media":15311,"comment_status":"open","ping_status":"closed","sticky":false,"template":"","format":"standard","meta":{"footnotes":""},"categories":[2,10],"tags":[36,47,46],"class_list":["post-15312","post","type-post","status-publish","format-standard","has-post-thumbnail","hentry","category-politique","category-toutes-les-actualites","tag-africa-press","tag-africa-press-congo-brazzaville","tag-congo-brazzaville"],"yoast_head":"<!-- This site is optimized with the Yoast SEO Premium plugin v26.1 (Yoast SEO v27.0) - https:\/\/yoast.com\/product\/yoast-seo-premium-wordpress\/ -->\n<title>Coop\u00e9ration : les parlementaires allemands au m\u00e9morial Pierre-Savorgnan-de-Brazza - Congo Brazzaville<\/title>\n<meta name=\"description\" content=\"La visite qu\u2019a effectue\u0301e les parlementaires allemands au me\u0301morial Pierre-Savorgnan-de-Brazza, le 6 mars, s\u2019inscrit ...\" \/>\n<meta name=\"robots\" content=\"index, follow, max-snippet:-1, max-image-preview:large, max-video-preview:-1\" \/>\n<link rel=\"canonical\" href=\"https:\/\/www.africa-press.net\/congo-brazzaville\/politique\/cooperation-les-parlementaires-allemands-au-memorial-pierre-savorgnan-de-brazza\" \/>\n<meta property=\"og:locale\" content=\"fr_FR\" \/>\n<meta property=\"og:type\" content=\"article\" \/>\n<meta property=\"og:title\" content=\"Coop\u00e9ration : les parlementaires allemands au m\u00e9morial Pierre-Savorgnan-de-Brazza\" \/>\n<meta property=\"og:description\" content=\"La visite qu\u2019a effectue\u0301e les parlementaires allemands au me\u0301morial Pierre-Savorgnan-de-Brazza, le 6 mars, s\u2019inscrit ...\" \/>\n<meta property=\"og:url\" content=\"https:\/\/www.africa-press.net\/congo-brazzaville\/politique\/cooperation-les-parlementaires-allemands-au-memorial-pierre-savorgnan-de-brazza\" \/>\n<meta property=\"og:site_name\" content=\"Congo Brazzaville\" \/>\n<meta property=\"article:published_time\" content=\"2023-03-07T19:44:40+00:00\" \/>\n<meta property=\"article:modified_time\" content=\"2023-03-07T20:24:15+00:00\" \/>\n<meta property=\"og:image\" content=\"https:\/\/static.africa-press.net\/congo-brazzaville\/sites\/51\/2023\/03\/postQueueImg_1678205683.86.jpg\" \/>\n\t<meta property=\"og:image:width\" content=\"735\" \/>\n\t<meta property=\"og:image:height\" content=\"468\" \/>\n\t<meta property=\"og:image:type\" content=\"image\/jpeg\" \/>\n<meta name=\"author\" content=\"cfeditorfr\" \/>\n<meta name=\"twitter:card\" content=\"summary_large_image\" \/>\n<meta name=\"twitter:label1\" content=\"\u00c9crit par\" \/>\n\t<meta name=\"twitter:data1\" content=\"cfeditorfr\" \/>\n\t<meta name=\"twitter:label2\" content=\"Dur\u00e9e de lecture estim\u00e9e\" \/>\n\t<meta name=\"twitter:data2\" content=\"2 minutes\" \/>\n<script type=\"application\/ld+json\" class=\"yoast-schema-graph\">{\"@context\":\"https:\/\/schema.org\",\"@graph\":[{\"@type\":\"Article\",\"@id\":\"https:\/\/www.africa-press.net\/congo-brazzaville\/politique\/cooperation-les-parlementaires-allemands-au-memorial-pierre-savorgnan-de-brazza#article\",\"isPartOf\":{\"@id\":\"https:\/\/www.africa-press.net\/congo-brazzaville\/politique\/cooperation-les-parlementaires-allemands-au-memorial-pierre-savorgnan-de-brazza\"},\"author\":{\"name\":\"cfeditorfr\",\"@id\":\"https:\/\/www.africa-press.net\/congo-brazzaville\/#\/schema\/person\/2b1cf3cd81a31e3cd26889ca66d677f1\"},\"headline\":\"Coop\u00e9ration : les parlementaires allemands au m\u00e9morial Pierre-Savorgnan-de-Brazza\",\"datePublished\":\"2023-03-07T19:44:40+00:00\",\"dateModified\":\"2023-03-07T20:24:15+00:00\",\"mainEntityOfPage\":{\"@id\":\"https:\/\/www.africa-press.net\/congo-brazzaville\/politique\/cooperation-les-parlementaires-allemands-au-memorial-pierre-savorgnan-de-brazza\"},\"wordCount\":360,\"commentCount\":0,\"image\":{\"@id\":\"https:\/\/www.africa-press.net\/congo-brazzaville\/politique\/cooperation-les-parlementaires-allemands-au-memorial-pierre-savorgnan-de-brazza#primaryimage\"},\"thumbnailUrl\":\"https:\/\/static.africa-press.net\/congo-brazzaville\/sites\/51\/2023\/03\/postQueueImg_1678205683.86.jpg\",\"keywords\":[\"Africa Press\",\"Africa Press-Congo Brazzaville\",\"Congo Brazzaville\"],\"articleSection\":[\"Politique\",\"Toutes les actualit\u00e9s\"],\"inLanguage\":\"fr-FR\",\"potentialAction\":[{\"@type\":\"CommentAction\",\"name\":\"Comment\",\"target\":[\"https:\/\/www.africa-press.net\/congo-brazzaville\/politique\/cooperation-les-parlementaires-allemands-au-memorial-pierre-savorgnan-de-brazza#respond\"]}]},{\"@type\":\"WebPage\",\"@id\":\"https:\/\/www.africa-press.net\/congo-brazzaville\/politique\/cooperation-les-parlementaires-allemands-au-memorial-pierre-savorgnan-de-brazza\",\"url\":\"https:\/\/www.africa-press.net\/congo-brazzaville\/politique\/cooperation-les-parlementaires-allemands-au-memorial-pierre-savorgnan-de-brazza\",\"name\":\"Coop\u00e9ration : les parlementaires allemands au m\u00e9morial Pierre-Savorgnan-de-Brazza - Congo Brazzaville\",\"isPartOf\":{\"@id\":\"https:\/\/www.africa-press.net\/congo-brazzaville\/#website\"},\"primaryImageOfPage\":{\"@id\":\"https:\/\/www.africa-press.net\/congo-brazzaville\/politique\/cooperation-les-parlementaires-allemands-au-memorial-pierre-savorgnan-de-brazza#primaryimage\"},\"image\":{\"@id\":\"https:\/\/www.africa-press.net\/congo-brazzaville\/politique\/cooperation-les-parlementaires-allemands-au-memorial-pierre-savorgnan-de-brazza#primaryimage\"},\"thumbnailUrl\":\"https:\/\/static.africa-press.net\/congo-brazzaville\/sites\/51\/2023\/03\/postQueueImg_1678205683.86.jpg\",\"datePublished\":\"2023-03-07T19:44:40+00:00\",\"dateModified\":\"2023-03-07T20:24:15+00:00\",\"author\":{\"@id\":\"https:\/\/www.africa-press.net\/congo-brazzaville\/#\/schema\/person\/2b1cf3cd81a31e3cd26889ca66d677f1\"},\"description\":\"La visite qu\u2019a effectue\u0301e les parlementaires allemands au me\u0301morial Pierre-Savorgnan-de-Brazza, le 6 mars, s\u2019inscrit ...\",\"breadcrumb\":{\"@id\":\"https:\/\/www.africa-press.net\/congo-brazzaville\/politique\/cooperation-les-parlementaires-allemands-au-memorial-pierre-savorgnan-de-brazza#breadcrumb\"},\"inLanguage\":\"fr-FR\",\"potentialAction\":[{\"@type\":\"ReadAction\",\"target\":[\"https:\/\/www.africa-press.net\/congo-brazzaville\/politique\/cooperation-les-parlementaires-allemands-au-memorial-pierre-savorgnan-de-brazza\"]}]},{\"@type\":\"ImageObject\",\"inLanguage\":\"fr-FR\",\"@id\":\"https:\/\/www.africa-press.net\/congo-brazzaville\/politique\/cooperation-les-parlementaires-allemands-au-memorial-pierre-savorgnan-de-brazza#primaryimage\",\"url\":\"https:\/\/static.africa-press.net\/congo-brazzaville\/sites\/51\/2023\/03\/postQueueImg_1678205683.86.jpg\",\"contentUrl\":\"https:\/\/static.africa-press.net\/congo-brazzaville\/sites\/51\/2023\/03\/postQueueImg_1678205683.86.jpg\",\"width\":735,\"height\":468,\"caption\":\"Coop\u00e9ration : les parlementaires allemands au m\u00e9morial Pierre-Savorgnan-de-Brazza\"},{\"@type\":\"BreadcrumbList\",\"@id\":\"https:\/\/www.africa-press.net\/congo-brazzaville\/politique\/cooperation-les-parlementaires-allemands-au-memorial-pierre-savorgnan-de-brazza#breadcrumb\",\"itemListElement\":[{\"@type\":\"ListItem\",\"position\":1,\"name\":\"Accueil\",\"item\":\"https:\/\/www.africa-press.net\/congo-brazzaville\/\"},{\"@type\":\"ListItem\",\"position\":2,\"name\":\"Coop\u00e9ration : les parlementaires allemands au m\u00e9morial Pierre-Savorgnan-de-Brazza\"}]},{\"@type\":\"WebSite\",\"@id\":\"https:\/\/www.africa-press.net\/congo-brazzaville\/#website\",\"url\":\"https:\/\/www.africa-press.net\/congo-brazzaville\/\",\"name\":\"Congo Brazzaville\",\"description\":\"Just another Africa News Agency Sites site\",\"potentialAction\":[{\"@type\":\"SearchAction\",\"target\":{\"@type\":\"EntryPoint\",\"urlTemplate\":\"https:\/\/www.africa-press.net\/congo-brazzaville\/?s={search_term_string}\"},\"query-input\":{\"@type\":\"PropertyValueSpecification\",\"valueRequired\":true,\"valueName\":\"search_term_string\"}}],\"inLanguage\":\"fr-FR\"},{\"@type\":\"Person\",\"@id\":\"https:\/\/www.africa-press.net\/congo-brazzaville\/#\/schema\/person\/2b1cf3cd81a31e3cd26889ca66d677f1\",\"name\":\"cfeditorfr\"}]}<\/script>\n<!-- \/ Yoast SEO Premium plugin. -->","yoast_head_json":{"title":"Coop\u00e9ration : les parlementaires allemands au m\u00e9morial Pierre-Savorgnan-de-Brazza - Congo Brazzaville","description":"La visite qu\u2019a effectue\u0301e les parlementaires allemands au me\u0301morial Pierre-Savorgnan-de-Brazza, le 6 mars, s\u2019inscrit ...","robots":{"index":"index","follow":"follow","max-snippet":"max-snippet:-1","max-image-preview":"max-image-preview:large","max-video-preview":"max-video-preview:-1"},"canonical":"https:\/\/www.africa-press.net\/congo-brazzaville\/politique\/cooperation-les-parlementaires-allemands-au-memorial-pierre-savorgnan-de-brazza","og_locale":"fr_FR","og_type":"article","og_title":"Coop\u00e9ration : les parlementaires allemands au m\u00e9morial Pierre-Savorgnan-de-Brazza","og_description":"La visite qu\u2019a effectue\u0301e les parlementaires allemands au me\u0301morial Pierre-Savorgnan-de-Brazza, le 6 mars, s\u2019inscrit ...","og_url":"https:\/\/www.africa-press.net\/congo-brazzaville\/politique\/cooperation-les-parlementaires-allemands-au-memorial-pierre-savorgnan-de-brazza","og_site_name":"Congo Brazzaville","article_published_time":"2023-03-07T19:44:40+00:00","article_modified_time":"2023-03-07T20:24:15+00:00","og_image":[{"width":735,"height":468,"url":"https:\/\/static.africa-press.net\/congo-brazzaville\/sites\/51\/2023\/03\/postQueueImg_1678205683.86.jpg","type":"image\/jpeg"}],"author":"cfeditorfr","twitter_card":"summary_large_image","twitter_misc":{"\u00c9crit par":"cfeditorfr","Dur\u00e9e de lecture estim\u00e9e":"2 minutes"},"schema":{"@context":"https:\/\/schema.org","@graph":[{"@type":"Article","@id":"https:\/\/www.africa-press.net\/congo-brazzaville\/politique\/cooperation-les-parlementaires-allemands-au-memorial-pierre-savorgnan-de-brazza#article","isPartOf":{"@id":"https:\/\/www.africa-press.net\/congo-brazzaville\/politique\/cooperation-les-parlementaires-allemands-au-memorial-pierre-savorgnan-de-brazza"},"author":{"name":"cfeditorfr","@id":"https:\/\/www.africa-press.net\/congo-brazzaville\/#\/schema\/person\/2b1cf3cd81a31e3cd26889ca66d677f1"},"headline":"Coop\u00e9ration : les parlementaires allemands au m\u00e9morial Pierre-Savorgnan-de-Brazza","datePublished":"2023-03-07T19:44:40+00:00","dateModified":"2023-03-07T20:24:15+00:00","mainEntityOfPage":{"@id":"https:\/\/www.africa-press.net\/congo-brazzaville\/politique\/cooperation-les-parlementaires-allemands-au-memorial-pierre-savorgnan-de-brazza"},"wordCount":360,"commentCount":0,"image":{"@id":"https:\/\/www.africa-press.net\/congo-brazzaville\/politique\/cooperation-les-parlementaires-allemands-au-memorial-pierre-savorgnan-de-brazza#primaryimage"},"thumbnailUrl":"https:\/\/static.africa-press.net\/congo-brazzaville\/sites\/51\/2023\/03\/postQueueImg_1678205683.86.jpg","keywords":["Africa Press","Africa Press-Congo Brazzaville","Congo Brazzaville"],"articleSection":["Politique","Toutes les actualit\u00e9s"],"inLanguage":"fr-FR","potentialAction":[{"@type":"CommentAction","name":"Comment","target":["https:\/\/www.africa-press.net\/congo-brazzaville\/politique\/cooperation-les-parlementaires-allemands-au-memorial-pierre-savorgnan-de-brazza#respond"]}]},{"@type":"WebPage","@id":"https:\/\/www.africa-press.net\/congo-brazzaville\/politique\/cooperation-les-parlementaires-allemands-au-memorial-pierre-savorgnan-de-brazza","url":"https:\/\/www.africa-press.net\/congo-brazzaville\/politique\/cooperation-les-parlementaires-allemands-au-memorial-pierre-savorgnan-de-brazza","name":"Coop\u00e9ration : les parlementaires allemands au m\u00e9morial Pierre-Savorgnan-de-Brazza - Congo Brazzaville","isPartOf":{"@id":"https:\/\/www.africa-press.net\/congo-brazzaville\/#website"},"primaryImageOfPage":{"@id":"https:\/\/www.africa-press.net\/congo-brazzaville\/politique\/cooperation-les-parlementaires-allemands-au-memorial-pierre-savorgnan-de-brazza#primaryimage"},"image":{"@id":"https:\/\/www.africa-press.net\/congo-brazzaville\/politique\/cooperation-les-parlementaires-allemands-au-memorial-pierre-savorgnan-de-brazza#primaryimage"},"thumbnailUrl":"https:\/\/static.africa-press.net\/congo-brazzaville\/sites\/51\/2023\/03\/postQueueImg_1678205683.86.jpg","datePublished":"2023-03-07T19:44:40+00:00","dateModified":"2023-03-07T20:24:15+00:00","author":{"@id":"https:\/\/www.africa-press.net\/congo-brazzaville\/#\/schema\/person\/2b1cf3cd81a31e3cd26889ca66d677f1"},"description":"La visite qu\u2019a effectue\u0301e les parlementaires allemands au me\u0301morial Pierre-Savorgnan-de-Brazza, le 6 mars, s\u2019inscrit ...","breadcrumb":{"@id":"https:\/\/www.africa-press.net\/congo-brazzaville\/politique\/cooperation-les-parlementaires-allemands-au-memorial-pierre-savorgnan-de-brazza#breadcrumb"},"inLanguage":"fr-FR","potentialAction":[{"@type":"ReadAction","target":["https:\/\/www.africa-press.net\/congo-brazzaville\/politique\/cooperation-les-parlementaires-allemands-au-memorial-pierre-savorgnan-de-brazza"]}]},{"@type":"ImageObject","inLanguage":"fr-FR","@id":"https:\/\/www.africa-press.net\/congo-brazzaville\/politique\/cooperation-les-parlementaires-allemands-au-memorial-pierre-savorgnan-de-brazza#primaryimage","url":"https:\/\/static.africa-press.net\/congo-brazzaville\/sites\/51\/2023\/03\/postQueueImg_1678205683.86.jpg","contentUrl":"https:\/\/static.africa-press.net\/congo-brazzaville\/sites\/51\/2023\/03\/postQueueImg_1678205683.86.jpg","width":735,"height":468,"caption":"Coop\u00e9ration : les parlementaires allemands au m\u00e9morial Pierre-Savorgnan-de-Brazza"},{"@type":"BreadcrumbList","@id":"https:\/\/www.africa-press.net\/congo-brazzaville\/politique\/cooperation-les-parlementaires-allemands-au-memorial-pierre-savorgnan-de-brazza#breadcrumb","itemListElement":[{"@type":"ListItem","position":1,"name":"Accueil","item":"https:\/\/www.africa-press.net\/congo-brazzaville\/"},{"@type":"ListItem","position":2,"name":"Coop\u00e9ration : les parlementaires allemands au m\u00e9morial Pierre-Savorgnan-de-Brazza"}]},{"@type":"WebSite","@id":"https:\/\/www.africa-press.net\/congo-brazzaville\/#website","url":"https:\/\/www.africa-press.net\/congo-brazzaville\/","name":"Congo Brazzaville","description":"Just another Africa News Agency Sites site","potentialAction":[{"@type":"SearchAction","target":{"@type":"EntryPoint","urlTemplate":"https:\/\/www.africa-press.net\/congo-brazzaville\/?s={search_term_string}"},"query-input":{"@type":"PropertyValueSpecification","valueRequired":true,"valueName":"search_term_string"}}],"inLanguage":"fr-FR"},{"@type":"Person","@id":"https:\/\/www.africa-press.net\/congo-brazzaville\/#\/schema\/person\/2b1cf3cd81a31e3cd26889ca66d677f1","name":"cfeditorfr"}]}},"_links":{"self":[{"href":"https:\/\/www.africa-press.net\/congo-brazzaville\/wp-json\/wp\/v2\/posts\/15312","targetHints":{"allow":["GET"]}}],"collection":[{"href":"https:\/\/www.africa-press.net\/congo-brazzaville\/wp-json\/wp\/v2\/posts"}],"about":[{"href":"https:\/\/www.africa-press.net\/congo-brazzaville\/wp-json\/wp\/v2\/types\/post"}],"author":[{"embeddable":true,"href":"https:\/\/www.africa-press.net\/congo-brazzaville\/wp-json\/wp\/v2\/users\/82"}],"replies":[{"embeddable":true,"href":"https:\/\/www.africa-press.net\/congo-brazzaville\/wp-json\/wp\/v2\/comments?post=15312"}],"version-history":[{"count":0,"href":"https:\/\/www.africa-press.net\/congo-brazzaville\/wp-json\/wp\/v2\/posts\/15312\/revisions"}],"wp:featuredmedia":[{"embeddable":true,"href":"https:\/\/www.africa-press.net\/congo-brazzaville\/wp-json\/wp\/v2\/media\/15311"}],"wp:attachment":[{"href":"https:\/\/www.africa-press.net\/congo-brazzaville\/wp-json\/wp\/v2\/media?parent=15312"}],"wp:term":[{"taxonomy":"category","embeddable":true,"href":"https:\/\/www.africa-press.net\/congo-brazzaville\/wp-json\/wp\/v2\/categories?post=15312"},{"taxonomy":"post_tag","embeddable":true,"href":"https:\/\/www.africa-press.net\/congo-brazzaville\/wp-json\/wp\/v2\/tags?post=15312"}],"curies":[{"name":"wp","href":"https:\/\/api.w.org\/{rel}","templated":true}]}}