{"id":15320,"date":"2023-03-07T19:46:05","date_gmt":"2023-03-07T19:46:05","guid":{"rendered":"https:\/\/www.africa-press.net\/congo-brazzaville\/politique\/les-questions-de-developpement-evoquees-a-la-cooperation-internationale"},"modified":"2023-03-07T20:25:57","modified_gmt":"2023-03-07T20:25:57","slug":"les-questions-de-developpement-evoquees-a-la-cooperation-internationale","status":"publish","type":"post","link":"https:\/\/www.africa-press.net\/congo-brazzaville\/politique\/les-questions-de-developpement-evoquees-a-la-cooperation-internationale","title":{"rendered":"les questions de d\u00e9veloppement \u00e9voqu\u00e9es \u00e0 la coop\u00e9ration internationale"},"content":{"rendered":"<p><span style=\"color: #ff6600\"><strong>Africa-Press &#8211; Congo Brazzaville. <\/strong><\/span><b>Le ministre de la Coope\u0301ration internationale et de la promotion du partenariat public-prive\u0301, Denis Christel Sassou Nguesso a eu tour a\u0300 tour des entretiens sur les questions de de\u0301veloppement avec le directeur re\u0301gional de l\u2019Agence ame\u0301ricaine pour le de\u0301veloppement international (USAID), John Dunlop et le repre\u0301sentant re\u0301sident du Programme des Nations unies pour le de\u0301veloppement (PNUD) au Congo, Opia Mensah Kumah.<\/b><\/p>\n<p>Avec le directeur re\u0301gional de l\u2019Agence ame\u0301ricaine pour le de\u0301veloppement international (USAID), John Dunlop, le ministre de la Coope\u0301ration internationale et de la promotion du partenariat public-prive\u0301, Denis Christel Sassou Nguesso, ont axe\u0301 les entretiens autour de la poursuite du partenariat entre le Congo et les E\u0301tats unis d\u2019Ame\u0301rique. Un partenariat juge\u0301 long et fructueux par le directeur re\u0301gional de l\u2019USAID.<\/p>\n<p>\u00ab Nous avons discute\u0301 avec le ministre des questions de l\u2019environnement, des infrastructures et d\u2019agriculture. Nous avons examine\u0301 les possibilite\u0301s et les priorite\u0301s du gouvernement pour impulser le de\u0301veloppement du Congo. Nous avons aussi discute\u0301 de la volonte\u0301 du gouvernement ame\u0301ricain d\u2019\u0153uvrer dans la protection de l\u2019environnement, des parcs nationaux et de l\u2019aide alimentaire \u00bb, a indique\u0301 John Dunlop, apre\u0300s son entretien avec Denis Christel Sassou Nguesso.<\/p>\n<p>De son co\u0302te\u0301, le repre\u0301sentant re\u0301sident du Programme des Nations Unies pour le de\u0301veloppement (PNUD), Opia Mensah Kumah a informe\u0301 le ministre de la Coope\u0301ration internationale et de la promotion du partenariat public-prive\u0301 sur le ro\u0302le continuel d\u2019un partenariat entre le secteur public et le secteur prive\u0301 pour aider a\u0300 acce\u0301le\u0301rer l\u2019atteinte des objectifs du programme national de de\u0301veloppement (PND) et ceux des Objectifs du de\u0301veloppement durable (ODD).<\/p>\n<p>\u00ab Nous avons expose\u0301 au ministre l\u2019outil du cadre national du financement inte\u0301gre\u0301 pour qu\u2019il apporte sa contribution et faire avancer cet outil. Nous avons aussi pre\u0301sente\u0301 la cartographie des investissements qui rele\u0300ve directement de son secteur. C\u2019est un outil utilise\u0301 pour exposer les opportunite\u0301s d\u2019investissement afin d\u2019attirer les potentiels investisseurs e\u0301trangers et nationaux \u00bb, a dit Opia Mensah Kumah.<\/p>\n<p>Les deux interlocuteurs du ministre de la Coope\u0301ration internationale et de la promotion du partenariat public-prive\u0301 ont la particularite\u0301 d\u2019occuper re\u0301cemment leur poste respectif.<\/p>\n<p><strong>Pour plus d&rsquo;informations et d&rsquo;analyses sur la <a href=\"https:\/\/www.africa-press.net\/congo-brazzaville\">Congo Brazzaville<\/a>, suivez <a href=\"https:\/\/www.africa-press.net\/\">Africa-Press<\/a><\/strong><\/p>\n","protected":false},"excerpt":{"rendered":"<p>Africa-Press &#8211; Congo Brazzaville. Le ministre de la Coope\u0301ration internationale et de la promotion du partenariat public-prive\u0301, Denis Christel Sassou Nguesso a eu tour a\u0300 tour des entretiens sur les questions de de\u0301veloppement avec le directeur re\u0301gional de l\u2019Agence ame\u0301ricaine pour le de\u0301veloppement international (USAID), John Dunlop et le repre\u0301sentant re\u0301sident du Programme des Nations [&hellip;]<\/p>\n","protected":false},"author":82,"featured_media":15319,"comment_status":"open","ping_status":"closed","sticky":false,"template":"","format":"standard","meta":{"footnotes":""},"categories":[2,10],"tags":[36,47,46],"class_list":["post-15320","post","type-post","status-publish","format-standard","has-post-thumbnail","hentry","category-politique","category-toutes-les-actualites","tag-africa-press","tag-africa-press-congo-brazzaville","tag-congo-brazzaville"],"yoast_head":"<!-- This site is optimized with the Yoast SEO Premium plugin v26.1 (Yoast SEO v27.0) - https:\/\/yoast.com\/product\/yoast-seo-premium-wordpress\/ -->\n<title>les questions de d\u00e9veloppement \u00e9voqu\u00e9es \u00e0 la coop\u00e9ration internationale - Congo Brazzaville<\/title>\n<meta name=\"description\" content=\"Le ministre de la Coope\u0301ration internationale et de la promotion du partenariat public-prive\u0301, Denis Christel Sassou ...\" \/>\n<meta name=\"robots\" content=\"index, follow, max-snippet:-1, max-image-preview:large, max-video-preview:-1\" \/>\n<link rel=\"canonical\" href=\"https:\/\/www.africa-press.net\/congo-brazzaville\/politique\/les-questions-de-developpement-evoquees-a-la-cooperation-internationale\" \/>\n<meta property=\"og:locale\" content=\"fr_FR\" \/>\n<meta property=\"og:type\" content=\"article\" \/>\n<meta property=\"og:title\" content=\"les questions de d\u00e9veloppement \u00e9voqu\u00e9es \u00e0 la coop\u00e9ration internationale\" \/>\n<meta property=\"og:description\" content=\"Le ministre de la Coope\u0301ration internationale et de la promotion du partenariat public-prive\u0301, Denis Christel Sassou ...\" \/>\n<meta property=\"og:url\" content=\"https:\/\/www.africa-press.net\/congo-brazzaville\/politique\/les-questions-de-developpement-evoquees-a-la-cooperation-internationale\" \/>\n<meta property=\"og:site_name\" content=\"Congo Brazzaville\" \/>\n<meta property=\"article:published_time\" content=\"2023-03-07T19:46:05+00:00\" \/>\n<meta property=\"article:modified_time\" content=\"2023-03-07T20:25:57+00:00\" \/>\n<meta property=\"og:image\" content=\"https:\/\/static.africa-press.net\/congo-brazzaville\/sites\/51\/2023\/03\/postQueueImg_1678205782.43.jpg\" \/>\n\t<meta property=\"og:image:width\" content=\"794\" \/>\n\t<meta property=\"og:image:height\" content=\"434\" \/>\n\t<meta property=\"og:image:type\" content=\"image\/jpeg\" \/>\n<meta name=\"author\" content=\"cfeditorfr\" \/>\n<meta name=\"twitter:card\" content=\"summary_large_image\" \/>\n<meta name=\"twitter:label1\" content=\"\u00c9crit par\" \/>\n\t<meta name=\"twitter:data1\" content=\"cfeditorfr\" \/>\n\t<meta name=\"twitter:label2\" content=\"Dur\u00e9e de lecture estim\u00e9e\" \/>\n\t<meta name=\"twitter:data2\" content=\"2 minutes\" \/>\n<script type=\"application\/ld+json\" class=\"yoast-schema-graph\">{\"@context\":\"https:\/\/schema.org\",\"@graph\":[{\"@type\":\"Article\",\"@id\":\"https:\/\/www.africa-press.net\/congo-brazzaville\/politique\/les-questions-de-developpement-evoquees-a-la-cooperation-internationale#article\",\"isPartOf\":{\"@id\":\"https:\/\/www.africa-press.net\/congo-brazzaville\/politique\/les-questions-de-developpement-evoquees-a-la-cooperation-internationale\"},\"author\":{\"name\":\"cfeditorfr\",\"@id\":\"https:\/\/www.africa-press.net\/congo-brazzaville\/#\/schema\/person\/2b1cf3cd81a31e3cd26889ca66d677f1\"},\"headline\":\"les questions de d\u00e9veloppement \u00e9voqu\u00e9es \u00e0 la coop\u00e9ration internationale\",\"datePublished\":\"2023-03-07T19:46:05+00:00\",\"dateModified\":\"2023-03-07T20:25:57+00:00\",\"mainEntityOfPage\":{\"@id\":\"https:\/\/www.africa-press.net\/congo-brazzaville\/politique\/les-questions-de-developpement-evoquees-a-la-cooperation-internationale\"},\"wordCount\":419,\"commentCount\":0,\"image\":{\"@id\":\"https:\/\/www.africa-press.net\/congo-brazzaville\/politique\/les-questions-de-developpement-evoquees-a-la-cooperation-internationale#primaryimage\"},\"thumbnailUrl\":\"https:\/\/static.africa-press.net\/congo-brazzaville\/sites\/51\/2023\/03\/postQueueImg_1678205782.43.jpg\",\"keywords\":[\"Africa Press\",\"Africa Press-Congo Brazzaville\",\"Congo Brazzaville\"],\"articleSection\":[\"Politique\",\"Toutes les actualit\u00e9s\"],\"inLanguage\":\"fr-FR\",\"potentialAction\":[{\"@type\":\"CommentAction\",\"name\":\"Comment\",\"target\":[\"https:\/\/www.africa-press.net\/congo-brazzaville\/politique\/les-questions-de-developpement-evoquees-a-la-cooperation-internationale#respond\"]}]},{\"@type\":\"WebPage\",\"@id\":\"https:\/\/www.africa-press.net\/congo-brazzaville\/politique\/les-questions-de-developpement-evoquees-a-la-cooperation-internationale\",\"url\":\"https:\/\/www.africa-press.net\/congo-brazzaville\/politique\/les-questions-de-developpement-evoquees-a-la-cooperation-internationale\",\"name\":\"les questions de d\u00e9veloppement \u00e9voqu\u00e9es \u00e0 la coop\u00e9ration internationale - Congo Brazzaville\",\"isPartOf\":{\"@id\":\"https:\/\/www.africa-press.net\/congo-brazzaville\/#website\"},\"primaryImageOfPage\":{\"@id\":\"https:\/\/www.africa-press.net\/congo-brazzaville\/politique\/les-questions-de-developpement-evoquees-a-la-cooperation-internationale#primaryimage\"},\"image\":{\"@id\":\"https:\/\/www.africa-press.net\/congo-brazzaville\/politique\/les-questions-de-developpement-evoquees-a-la-cooperation-internationale#primaryimage\"},\"thumbnailUrl\":\"https:\/\/static.africa-press.net\/congo-brazzaville\/sites\/51\/2023\/03\/postQueueImg_1678205782.43.jpg\",\"datePublished\":\"2023-03-07T19:46:05+00:00\",\"dateModified\":\"2023-03-07T20:25:57+00:00\",\"author\":{\"@id\":\"https:\/\/www.africa-press.net\/congo-brazzaville\/#\/schema\/person\/2b1cf3cd81a31e3cd26889ca66d677f1\"},\"description\":\"Le ministre de la Coope\u0301ration internationale et de la promotion du partenariat public-prive\u0301, Denis Christel Sassou ...\",\"breadcrumb\":{\"@id\":\"https:\/\/www.africa-press.net\/congo-brazzaville\/politique\/les-questions-de-developpement-evoquees-a-la-cooperation-internationale#breadcrumb\"},\"inLanguage\":\"fr-FR\",\"potentialAction\":[{\"@type\":\"ReadAction\",\"target\":[\"https:\/\/www.africa-press.net\/congo-brazzaville\/politique\/les-questions-de-developpement-evoquees-a-la-cooperation-internationale\"]}]},{\"@type\":\"ImageObject\",\"inLanguage\":\"fr-FR\",\"@id\":\"https:\/\/www.africa-press.net\/congo-brazzaville\/politique\/les-questions-de-developpement-evoquees-a-la-cooperation-internationale#primaryimage\",\"url\":\"https:\/\/static.africa-press.net\/congo-brazzaville\/sites\/51\/2023\/03\/postQueueImg_1678205782.43.jpg\",\"contentUrl\":\"https:\/\/static.africa-press.net\/congo-brazzaville\/sites\/51\/2023\/03\/postQueueImg_1678205782.43.jpg\",\"width\":794,\"height\":434,\"caption\":\"les questions de d\u00e9veloppement \u00e9voqu\u00e9es \u00e0 la coop\u00e9ration internationale\"},{\"@type\":\"BreadcrumbList\",\"@id\":\"https:\/\/www.africa-press.net\/congo-brazzaville\/politique\/les-questions-de-developpement-evoquees-a-la-cooperation-internationale#breadcrumb\",\"itemListElement\":[{\"@type\":\"ListItem\",\"position\":1,\"name\":\"Accueil\",\"item\":\"https:\/\/www.africa-press.net\/congo-brazzaville\/\"},{\"@type\":\"ListItem\",\"position\":2,\"name\":\"les questions de d\u00e9veloppement \u00e9voqu\u00e9es \u00e0 la coop\u00e9ration internationale\"}]},{\"@type\":\"WebSite\",\"@id\":\"https:\/\/www.africa-press.net\/congo-brazzaville\/#website\",\"url\":\"https:\/\/www.africa-press.net\/congo-brazzaville\/\",\"name\":\"Congo Brazzaville\",\"description\":\"Just another Africa News Agency Sites site\",\"potentialAction\":[{\"@type\":\"SearchAction\",\"target\":{\"@type\":\"EntryPoint\",\"urlTemplate\":\"https:\/\/www.africa-press.net\/congo-brazzaville\/?s={search_term_string}\"},\"query-input\":{\"@type\":\"PropertyValueSpecification\",\"valueRequired\":true,\"valueName\":\"search_term_string\"}}],\"inLanguage\":\"fr-FR\"},{\"@type\":\"Person\",\"@id\":\"https:\/\/www.africa-press.net\/congo-brazzaville\/#\/schema\/person\/2b1cf3cd81a31e3cd26889ca66d677f1\",\"name\":\"cfeditorfr\"}]}<\/script>\n<!-- \/ Yoast SEO Premium plugin. -->","yoast_head_json":{"title":"les questions de d\u00e9veloppement \u00e9voqu\u00e9es \u00e0 la coop\u00e9ration internationale - Congo Brazzaville","description":"Le ministre de la Coope\u0301ration internationale et de la promotion du partenariat public-prive\u0301, Denis Christel Sassou ...","robots":{"index":"index","follow":"follow","max-snippet":"max-snippet:-1","max-image-preview":"max-image-preview:large","max-video-preview":"max-video-preview:-1"},"canonical":"https:\/\/www.africa-press.net\/congo-brazzaville\/politique\/les-questions-de-developpement-evoquees-a-la-cooperation-internationale","og_locale":"fr_FR","og_type":"article","og_title":"les questions de d\u00e9veloppement \u00e9voqu\u00e9es \u00e0 la coop\u00e9ration internationale","og_description":"Le ministre de la Coope\u0301ration internationale et de la promotion du partenariat public-prive\u0301, Denis Christel Sassou ...","og_url":"https:\/\/www.africa-press.net\/congo-brazzaville\/politique\/les-questions-de-developpement-evoquees-a-la-cooperation-internationale","og_site_name":"Congo Brazzaville","article_published_time":"2023-03-07T19:46:05+00:00","article_modified_time":"2023-03-07T20:25:57+00:00","og_image":[{"width":794,"height":434,"url":"https:\/\/static.africa-press.net\/congo-brazzaville\/sites\/51\/2023\/03\/postQueueImg_1678205782.43.jpg","type":"image\/jpeg"}],"author":"cfeditorfr","twitter_card":"summary_large_image","twitter_misc":{"\u00c9crit par":"cfeditorfr","Dur\u00e9e de lecture estim\u00e9e":"2 minutes"},"schema":{"@context":"https:\/\/schema.org","@graph":[{"@type":"Article","@id":"https:\/\/www.africa-press.net\/congo-brazzaville\/politique\/les-questions-de-developpement-evoquees-a-la-cooperation-internationale#article","isPartOf":{"@id":"https:\/\/www.africa-press.net\/congo-brazzaville\/politique\/les-questions-de-developpement-evoquees-a-la-cooperation-internationale"},"author":{"name":"cfeditorfr","@id":"https:\/\/www.africa-press.net\/congo-brazzaville\/#\/schema\/person\/2b1cf3cd81a31e3cd26889ca66d677f1"},"headline":"les questions de d\u00e9veloppement \u00e9voqu\u00e9es \u00e0 la coop\u00e9ration internationale","datePublished":"2023-03-07T19:46:05+00:00","dateModified":"2023-03-07T20:25:57+00:00","mainEntityOfPage":{"@id":"https:\/\/www.africa-press.net\/congo-brazzaville\/politique\/les-questions-de-developpement-evoquees-a-la-cooperation-internationale"},"wordCount":419,"commentCount":0,"image":{"@id":"https:\/\/www.africa-press.net\/congo-brazzaville\/politique\/les-questions-de-developpement-evoquees-a-la-cooperation-internationale#primaryimage"},"thumbnailUrl":"https:\/\/static.africa-press.net\/congo-brazzaville\/sites\/51\/2023\/03\/postQueueImg_1678205782.43.jpg","keywords":["Africa Press","Africa Press-Congo Brazzaville","Congo Brazzaville"],"articleSection":["Politique","Toutes les actualit\u00e9s"],"inLanguage":"fr-FR","potentialAction":[{"@type":"CommentAction","name":"Comment","target":["https:\/\/www.africa-press.net\/congo-brazzaville\/politique\/les-questions-de-developpement-evoquees-a-la-cooperation-internationale#respond"]}]},{"@type":"WebPage","@id":"https:\/\/www.africa-press.net\/congo-brazzaville\/politique\/les-questions-de-developpement-evoquees-a-la-cooperation-internationale","url":"https:\/\/www.africa-press.net\/congo-brazzaville\/politique\/les-questions-de-developpement-evoquees-a-la-cooperation-internationale","name":"les questions de d\u00e9veloppement \u00e9voqu\u00e9es \u00e0 la coop\u00e9ration internationale - Congo Brazzaville","isPartOf":{"@id":"https:\/\/www.africa-press.net\/congo-brazzaville\/#website"},"primaryImageOfPage":{"@id":"https:\/\/www.africa-press.net\/congo-brazzaville\/politique\/les-questions-de-developpement-evoquees-a-la-cooperation-internationale#primaryimage"},"image":{"@id":"https:\/\/www.africa-press.net\/congo-brazzaville\/politique\/les-questions-de-developpement-evoquees-a-la-cooperation-internationale#primaryimage"},"thumbnailUrl":"https:\/\/static.africa-press.net\/congo-brazzaville\/sites\/51\/2023\/03\/postQueueImg_1678205782.43.jpg","datePublished":"2023-03-07T19:46:05+00:00","dateModified":"2023-03-07T20:25:57+00:00","author":{"@id":"https:\/\/www.africa-press.net\/congo-brazzaville\/#\/schema\/person\/2b1cf3cd81a31e3cd26889ca66d677f1"},"description":"Le ministre de la Coope\u0301ration internationale et de la promotion du partenariat public-prive\u0301, Denis Christel Sassou ...","breadcrumb":{"@id":"https:\/\/www.africa-press.net\/congo-brazzaville\/politique\/les-questions-de-developpement-evoquees-a-la-cooperation-internationale#breadcrumb"},"inLanguage":"fr-FR","potentialAction":[{"@type":"ReadAction","target":["https:\/\/www.africa-press.net\/congo-brazzaville\/politique\/les-questions-de-developpement-evoquees-a-la-cooperation-internationale"]}]},{"@type":"ImageObject","inLanguage":"fr-FR","@id":"https:\/\/www.africa-press.net\/congo-brazzaville\/politique\/les-questions-de-developpement-evoquees-a-la-cooperation-internationale#primaryimage","url":"https:\/\/static.africa-press.net\/congo-brazzaville\/sites\/51\/2023\/03\/postQueueImg_1678205782.43.jpg","contentUrl":"https:\/\/static.africa-press.net\/congo-brazzaville\/sites\/51\/2023\/03\/postQueueImg_1678205782.43.jpg","width":794,"height":434,"caption":"les questions de d\u00e9veloppement \u00e9voqu\u00e9es \u00e0 la coop\u00e9ration internationale"},{"@type":"BreadcrumbList","@id":"https:\/\/www.africa-press.net\/congo-brazzaville\/politique\/les-questions-de-developpement-evoquees-a-la-cooperation-internationale#breadcrumb","itemListElement":[{"@type":"ListItem","position":1,"name":"Accueil","item":"https:\/\/www.africa-press.net\/congo-brazzaville\/"},{"@type":"ListItem","position":2,"name":"les questions de d\u00e9veloppement \u00e9voqu\u00e9es \u00e0 la coop\u00e9ration internationale"}]},{"@type":"WebSite","@id":"https:\/\/www.africa-press.net\/congo-brazzaville\/#website","url":"https:\/\/www.africa-press.net\/congo-brazzaville\/","name":"Congo Brazzaville","description":"Just another Africa News Agency Sites site","potentialAction":[{"@type":"SearchAction","target":{"@type":"EntryPoint","urlTemplate":"https:\/\/www.africa-press.net\/congo-brazzaville\/?s={search_term_string}"},"query-input":{"@type":"PropertyValueSpecification","valueRequired":true,"valueName":"search_term_string"}}],"inLanguage":"fr-FR"},{"@type":"Person","@id":"https:\/\/www.africa-press.net\/congo-brazzaville\/#\/schema\/person\/2b1cf3cd81a31e3cd26889ca66d677f1","name":"cfeditorfr"}]}},"_links":{"self":[{"href":"https:\/\/www.africa-press.net\/congo-brazzaville\/wp-json\/wp\/v2\/posts\/15320","targetHints":{"allow":["GET"]}}],"collection":[{"href":"https:\/\/www.africa-press.net\/congo-brazzaville\/wp-json\/wp\/v2\/posts"}],"about":[{"href":"https:\/\/www.africa-press.net\/congo-brazzaville\/wp-json\/wp\/v2\/types\/post"}],"author":[{"embeddable":true,"href":"https:\/\/www.africa-press.net\/congo-brazzaville\/wp-json\/wp\/v2\/users\/82"}],"replies":[{"embeddable":true,"href":"https:\/\/www.africa-press.net\/congo-brazzaville\/wp-json\/wp\/v2\/comments?post=15320"}],"version-history":[{"count":0,"href":"https:\/\/www.africa-press.net\/congo-brazzaville\/wp-json\/wp\/v2\/posts\/15320\/revisions"}],"wp:featuredmedia":[{"embeddable":true,"href":"https:\/\/www.africa-press.net\/congo-brazzaville\/wp-json\/wp\/v2\/media\/15319"}],"wp:attachment":[{"href":"https:\/\/www.africa-press.net\/congo-brazzaville\/wp-json\/wp\/v2\/media?parent=15320"}],"wp:term":[{"taxonomy":"category","embeddable":true,"href":"https:\/\/www.africa-press.net\/congo-brazzaville\/wp-json\/wp\/v2\/categories?post=15320"},{"taxonomy":"post_tag","embeddable":true,"href":"https:\/\/www.africa-press.net\/congo-brazzaville\/wp-json\/wp\/v2\/tags?post=15320"}],"curies":[{"name":"wp","href":"https:\/\/api.w.org\/{rel}","templated":true}]}}