{"id":15338,"date":"2023-03-08T12:47:12","date_gmt":"2023-03-08T12:47:12","guid":{"rendered":"https:\/\/www.africa-press.net\/congo-brazzaville\/politique\/judo-la-deuxieme-edition-de-la-coupe-edith-lucie-bongo-organisee-a-oyo"},"modified":"2023-03-08T22:32:17","modified_gmt":"2023-03-08T22:32:17","slug":"judo-la-deuxieme-edition-de-la-coupe-edith-lucie-bongo-organisee-a-oyo","status":"publish","type":"post","link":"https:\/\/www.africa-press.net\/congo-brazzaville\/sports\/judo-la-deuxieme-edition-de-la-coupe-edith-lucie-bongo-organisee-a-oyo","title":{"rendered":"Judo : la deuxi\u00e8me \u00e9dition de la Coupe Edith-Lucie-Bongo organis\u00e9e \u00e0 Oyo"},"content":{"rendered":"<p><span style=\"color: #ff6600\"><strong>Africa-Press &#8211; Congo Brazzaville. <\/strong><\/span>La Fe\u0301de\u0301ration congolaise de judo et disciplines associe\u0301es (Fe\u0301coju-Da) organise, du 11 au 12 mars a\u0300 Oyo, dans le de\u0301partement de la Cuvette, la deuxie\u0300me e\u0301dition de la Coupe Edith-Lucie-Bongo-Ondimba.<\/p>\n<p>Plus de cent cinquante athle\u0300tes issus de toutes les ligues de\u0301partementales de judo, notamment Brazzaville, Pointe-Noire, le Niari, la Bouenza, la Le\u0301koumou, le Pool, la Cuvette, la Cuvette Ouest et la Sangha participeront a\u0300 la compe\u0301tition qui vise a\u0300 comme\u0301morer la me\u0301moire d\u2019Edith Lucie Bongo, e\u0301valuer et pre\u0301parer les judokas qui participeront aux 9es Jeux de la francophonie, Kinshasa 2023, et aux 4es Jeux africains de la jeunesse.<\/p>\n<p>Selon le pre\u0301sident de la Fe\u0301coju-Da, Me Neyl Francis Ata Asiokarah, cette compe\u0301tition permettra au bureau exe\u0301cutif de de\u0301tecter les nouveaux talents qui sont cense\u0301s inte\u0301grer les diffe\u0301rentes se\u0301lections nationales.<\/p>\n<p><strong>Pour plus d&rsquo;informations et d&rsquo;analyses sur la <a href=\"https:\/\/www.africa-press.net\/congo-brazzaville\">Congo Brazzaville<\/a>, suivez <a href=\"https:\/\/www.africa-press.net\/\">Africa-Press<\/a><\/strong><\/p>\n","protected":false},"excerpt":{"rendered":"<p>Africa-Press &#8211; Congo Brazzaville. La Fe\u0301de\u0301ration congolaise de judo et disciplines associe\u0301es (Fe\u0301coju-Da) organise, du 11 au 12 mars a\u0300 Oyo, dans le de\u0301partement de la Cuvette, la deuxie\u0300me e\u0301dition de la Coupe Edith-Lucie-Bongo-Ondimba. Plus de cent cinquante athle\u0300tes issus de toutes les ligues de\u0301partementales de judo, notamment Brazzaville, Pointe-Noire, le Niari, la Bouenza, la [&hellip;]<\/p>\n","protected":false},"author":82,"featured_media":15336,"comment_status":"open","ping_status":"closed","sticky":false,"template":"","format":"standard","meta":{"footnotes":""},"categories":[6,10],"tags":[36,47,46],"class_list":["post-15338","post","type-post","status-publish","format-standard","has-post-thumbnail","hentry","category-sports","category-toutes-les-actualites","tag-africa-press","tag-africa-press-congo-brazzaville","tag-congo-brazzaville"],"yoast_head":"<!-- This site is optimized with the Yoast SEO Premium plugin v26.1 (Yoast SEO v27.0) - https:\/\/yoast.com\/product\/yoast-seo-premium-wordpress\/ -->\n<title>Judo : la deuxi\u00e8me \u00e9dition de la Coupe Edith-Lucie-Bongo organis\u00e9e \u00e0 Oyo - Congo Brazzaville<\/title>\n<meta name=\"description\" content=\"La Fe\u0301de\u0301ration congolaise de judo et disciplines associe\u0301es (Fe\u0301coju-Da) organise, du 11 au 12 mars a\u0300 Oyo, dans le de\u0301 ...\" \/>\n<meta name=\"robots\" content=\"index, follow, max-snippet:-1, max-image-preview:large, max-video-preview:-1\" \/>\n<link rel=\"canonical\" href=\"https:\/\/www.africa-press.net\/congo-brazzaville\/sports\/judo-la-deuxieme-edition-de-la-coupe-edith-lucie-bongo-organisee-a-oyo\" \/>\n<meta property=\"og:locale\" content=\"fr_FR\" \/>\n<meta property=\"og:type\" content=\"article\" \/>\n<meta property=\"og:title\" content=\"Judo : la deuxi\u00e8me \u00e9dition de la Coupe Edith-Lucie-Bongo organis\u00e9e \u00e0 Oyo\" \/>\n<meta property=\"og:description\" content=\"La Fe\u0301de\u0301ration congolaise de judo et disciplines associe\u0301es (Fe\u0301coju-Da) organise, du 11 au 12 mars a\u0300 Oyo, dans le de\u0301 ...\" \/>\n<meta property=\"og:url\" content=\"https:\/\/www.africa-press.net\/congo-brazzaville\/sports\/judo-la-deuxieme-edition-de-la-coupe-edith-lucie-bongo-organisee-a-oyo\" \/>\n<meta property=\"og:site_name\" content=\"Congo Brazzaville\" \/>\n<meta property=\"article:published_time\" content=\"2023-03-08T12:47:12+00:00\" \/>\n<meta property=\"article:modified_time\" content=\"2023-03-08T22:32:17+00:00\" \/>\n<meta property=\"og:image\" content=\"https:\/\/static.africa-press.net\/congo-brazzaville\/sites\/51\/2023\/03\/postQueueImg_1678267772.45.jpg\" \/>\n\t<meta property=\"og:image:width\" content=\"720\" \/>\n\t<meta property=\"og:image:height\" content=\"478\" \/>\n\t<meta property=\"og:image:type\" content=\"image\/jpeg\" \/>\n<meta name=\"author\" content=\"cfeditorfr\" \/>\n<meta name=\"twitter:card\" content=\"summary_large_image\" \/>\n<meta name=\"twitter:label1\" content=\"\u00c9crit par\" \/>\n\t<meta name=\"twitter:data1\" content=\"cfeditorfr\" \/>\n\t<meta name=\"twitter:label2\" content=\"Dur\u00e9e de lecture estim\u00e9e\" \/>\n\t<meta name=\"twitter:data2\" content=\"1 minute\" \/>\n<script type=\"application\/ld+json\" class=\"yoast-schema-graph\">{\"@context\":\"https:\/\/schema.org\",\"@graph\":[{\"@type\":\"Article\",\"@id\":\"https:\/\/www.africa-press.net\/congo-brazzaville\/sports\/judo-la-deuxieme-edition-de-la-coupe-edith-lucie-bongo-organisee-a-oyo#article\",\"isPartOf\":{\"@id\":\"https:\/\/www.africa-press.net\/congo-brazzaville\/sports\/judo-la-deuxieme-edition-de-la-coupe-edith-lucie-bongo-organisee-a-oyo\"},\"author\":{\"name\":\"cfeditorfr\",\"@id\":\"https:\/\/www.africa-press.net\/congo-brazzaville\/#\/schema\/person\/2b1cf3cd81a31e3cd26889ca66d677f1\"},\"headline\":\"Judo : la deuxi\u00e8me \u00e9dition de la Coupe Edith-Lucie-Bongo organis\u00e9e \u00e0 Oyo\",\"datePublished\":\"2023-03-08T12:47:12+00:00\",\"dateModified\":\"2023-03-08T22:32:17+00:00\",\"mainEntityOfPage\":{\"@id\":\"https:\/\/www.africa-press.net\/congo-brazzaville\/sports\/judo-la-deuxieme-edition-de-la-coupe-edith-lucie-bongo-organisee-a-oyo\"},\"wordCount\":179,\"commentCount\":0,\"image\":{\"@id\":\"https:\/\/www.africa-press.net\/congo-brazzaville\/sports\/judo-la-deuxieme-edition-de-la-coupe-edith-lucie-bongo-organisee-a-oyo#primaryimage\"},\"thumbnailUrl\":\"https:\/\/static.africa-press.net\/congo-brazzaville\/sites\/51\/2023\/03\/postQueueImg_1678267772.45.jpg\",\"keywords\":[\"Africa Press\",\"Africa Press-Congo Brazzaville\",\"Congo Brazzaville\"],\"articleSection\":[\"Sports\",\"Toutes les actualit\u00e9s\"],\"inLanguage\":\"fr-FR\",\"potentialAction\":[{\"@type\":\"CommentAction\",\"name\":\"Comment\",\"target\":[\"https:\/\/www.africa-press.net\/congo-brazzaville\/sports\/judo-la-deuxieme-edition-de-la-coupe-edith-lucie-bongo-organisee-a-oyo#respond\"]}]},{\"@type\":\"WebPage\",\"@id\":\"https:\/\/www.africa-press.net\/congo-brazzaville\/sports\/judo-la-deuxieme-edition-de-la-coupe-edith-lucie-bongo-organisee-a-oyo\",\"url\":\"https:\/\/www.africa-press.net\/congo-brazzaville\/sports\/judo-la-deuxieme-edition-de-la-coupe-edith-lucie-bongo-organisee-a-oyo\",\"name\":\"Judo : la deuxi\u00e8me \u00e9dition de la Coupe Edith-Lucie-Bongo organis\u00e9e \u00e0 Oyo - Congo Brazzaville\",\"isPartOf\":{\"@id\":\"https:\/\/www.africa-press.net\/congo-brazzaville\/#website\"},\"primaryImageOfPage\":{\"@id\":\"https:\/\/www.africa-press.net\/congo-brazzaville\/sports\/judo-la-deuxieme-edition-de-la-coupe-edith-lucie-bongo-organisee-a-oyo#primaryimage\"},\"image\":{\"@id\":\"https:\/\/www.africa-press.net\/congo-brazzaville\/sports\/judo-la-deuxieme-edition-de-la-coupe-edith-lucie-bongo-organisee-a-oyo#primaryimage\"},\"thumbnailUrl\":\"https:\/\/static.africa-press.net\/congo-brazzaville\/sites\/51\/2023\/03\/postQueueImg_1678267772.45.jpg\",\"datePublished\":\"2023-03-08T12:47:12+00:00\",\"dateModified\":\"2023-03-08T22:32:17+00:00\",\"author\":{\"@id\":\"https:\/\/www.africa-press.net\/congo-brazzaville\/#\/schema\/person\/2b1cf3cd81a31e3cd26889ca66d677f1\"},\"description\":\"La Fe\u0301de\u0301ration congolaise de judo et disciplines associe\u0301es (Fe\u0301coju-Da) organise, du 11 au 12 mars a\u0300 Oyo, dans le de\u0301 ...\",\"breadcrumb\":{\"@id\":\"https:\/\/www.africa-press.net\/congo-brazzaville\/sports\/judo-la-deuxieme-edition-de-la-coupe-edith-lucie-bongo-organisee-a-oyo#breadcrumb\"},\"inLanguage\":\"fr-FR\",\"potentialAction\":[{\"@type\":\"ReadAction\",\"target\":[\"https:\/\/www.africa-press.net\/congo-brazzaville\/sports\/judo-la-deuxieme-edition-de-la-coupe-edith-lucie-bongo-organisee-a-oyo\"]}]},{\"@type\":\"ImageObject\",\"inLanguage\":\"fr-FR\",\"@id\":\"https:\/\/www.africa-press.net\/congo-brazzaville\/sports\/judo-la-deuxieme-edition-de-la-coupe-edith-lucie-bongo-organisee-a-oyo#primaryimage\",\"url\":\"https:\/\/static.africa-press.net\/congo-brazzaville\/sites\/51\/2023\/03\/postQueueImg_1678267772.45.jpg\",\"contentUrl\":\"https:\/\/static.africa-press.net\/congo-brazzaville\/sites\/51\/2023\/03\/postQueueImg_1678267772.45.jpg\",\"width\":720,\"height\":478,\"caption\":\"Judo : la deuxi\u00e8me \u00e9dition de la Coupe Edith-Lucie-Bongo organis\u00e9e \u00e0 Oyo\"},{\"@type\":\"BreadcrumbList\",\"@id\":\"https:\/\/www.africa-press.net\/congo-brazzaville\/sports\/judo-la-deuxieme-edition-de-la-coupe-edith-lucie-bongo-organisee-a-oyo#breadcrumb\",\"itemListElement\":[{\"@type\":\"ListItem\",\"position\":1,\"name\":\"Accueil\",\"item\":\"https:\/\/www.africa-press.net\/congo-brazzaville\/\"},{\"@type\":\"ListItem\",\"position\":2,\"name\":\"Judo : la deuxi\u00e8me \u00e9dition de la Coupe Edith-Lucie-Bongo organis\u00e9e \u00e0 Oyo\"}]},{\"@type\":\"WebSite\",\"@id\":\"https:\/\/www.africa-press.net\/congo-brazzaville\/#website\",\"url\":\"https:\/\/www.africa-press.net\/congo-brazzaville\/\",\"name\":\"Congo Brazzaville\",\"description\":\"Just another Africa News Agency Sites site\",\"potentialAction\":[{\"@type\":\"SearchAction\",\"target\":{\"@type\":\"EntryPoint\",\"urlTemplate\":\"https:\/\/www.africa-press.net\/congo-brazzaville\/?s={search_term_string}\"},\"query-input\":{\"@type\":\"PropertyValueSpecification\",\"valueRequired\":true,\"valueName\":\"search_term_string\"}}],\"inLanguage\":\"fr-FR\"},{\"@type\":\"Person\",\"@id\":\"https:\/\/www.africa-press.net\/congo-brazzaville\/#\/schema\/person\/2b1cf3cd81a31e3cd26889ca66d677f1\",\"name\":\"cfeditorfr\"}]}<\/script>\n<!-- \/ Yoast SEO Premium plugin. -->","yoast_head_json":{"title":"Judo : la deuxi\u00e8me \u00e9dition de la Coupe Edith-Lucie-Bongo organis\u00e9e \u00e0 Oyo - Congo Brazzaville","description":"La Fe\u0301de\u0301ration congolaise de judo et disciplines associe\u0301es (Fe\u0301coju-Da) organise, du 11 au 12 mars a\u0300 Oyo, dans le de\u0301 ...","robots":{"index":"index","follow":"follow","max-snippet":"max-snippet:-1","max-image-preview":"max-image-preview:large","max-video-preview":"max-video-preview:-1"},"canonical":"https:\/\/www.africa-press.net\/congo-brazzaville\/sports\/judo-la-deuxieme-edition-de-la-coupe-edith-lucie-bongo-organisee-a-oyo","og_locale":"fr_FR","og_type":"article","og_title":"Judo : la deuxi\u00e8me \u00e9dition de la Coupe Edith-Lucie-Bongo organis\u00e9e \u00e0 Oyo","og_description":"La Fe\u0301de\u0301ration congolaise de judo et disciplines associe\u0301es (Fe\u0301coju-Da) organise, du 11 au 12 mars a\u0300 Oyo, dans le de\u0301 ...","og_url":"https:\/\/www.africa-press.net\/congo-brazzaville\/sports\/judo-la-deuxieme-edition-de-la-coupe-edith-lucie-bongo-organisee-a-oyo","og_site_name":"Congo Brazzaville","article_published_time":"2023-03-08T12:47:12+00:00","article_modified_time":"2023-03-08T22:32:17+00:00","og_image":[{"width":720,"height":478,"url":"https:\/\/static.africa-press.net\/congo-brazzaville\/sites\/51\/2023\/03\/postQueueImg_1678267772.45.jpg","type":"image\/jpeg"}],"author":"cfeditorfr","twitter_card":"summary_large_image","twitter_misc":{"\u00c9crit par":"cfeditorfr","Dur\u00e9e de lecture estim\u00e9e":"1 minute"},"schema":{"@context":"https:\/\/schema.org","@graph":[{"@type":"Article","@id":"https:\/\/www.africa-press.net\/congo-brazzaville\/sports\/judo-la-deuxieme-edition-de-la-coupe-edith-lucie-bongo-organisee-a-oyo#article","isPartOf":{"@id":"https:\/\/www.africa-press.net\/congo-brazzaville\/sports\/judo-la-deuxieme-edition-de-la-coupe-edith-lucie-bongo-organisee-a-oyo"},"author":{"name":"cfeditorfr","@id":"https:\/\/www.africa-press.net\/congo-brazzaville\/#\/schema\/person\/2b1cf3cd81a31e3cd26889ca66d677f1"},"headline":"Judo : la deuxi\u00e8me \u00e9dition de la Coupe Edith-Lucie-Bongo organis\u00e9e \u00e0 Oyo","datePublished":"2023-03-08T12:47:12+00:00","dateModified":"2023-03-08T22:32:17+00:00","mainEntityOfPage":{"@id":"https:\/\/www.africa-press.net\/congo-brazzaville\/sports\/judo-la-deuxieme-edition-de-la-coupe-edith-lucie-bongo-organisee-a-oyo"},"wordCount":179,"commentCount":0,"image":{"@id":"https:\/\/www.africa-press.net\/congo-brazzaville\/sports\/judo-la-deuxieme-edition-de-la-coupe-edith-lucie-bongo-organisee-a-oyo#primaryimage"},"thumbnailUrl":"https:\/\/static.africa-press.net\/congo-brazzaville\/sites\/51\/2023\/03\/postQueueImg_1678267772.45.jpg","keywords":["Africa Press","Africa Press-Congo Brazzaville","Congo Brazzaville"],"articleSection":["Sports","Toutes les actualit\u00e9s"],"inLanguage":"fr-FR","potentialAction":[{"@type":"CommentAction","name":"Comment","target":["https:\/\/www.africa-press.net\/congo-brazzaville\/sports\/judo-la-deuxieme-edition-de-la-coupe-edith-lucie-bongo-organisee-a-oyo#respond"]}]},{"@type":"WebPage","@id":"https:\/\/www.africa-press.net\/congo-brazzaville\/sports\/judo-la-deuxieme-edition-de-la-coupe-edith-lucie-bongo-organisee-a-oyo","url":"https:\/\/www.africa-press.net\/congo-brazzaville\/sports\/judo-la-deuxieme-edition-de-la-coupe-edith-lucie-bongo-organisee-a-oyo","name":"Judo : la deuxi\u00e8me \u00e9dition de la Coupe Edith-Lucie-Bongo organis\u00e9e \u00e0 Oyo - Congo Brazzaville","isPartOf":{"@id":"https:\/\/www.africa-press.net\/congo-brazzaville\/#website"},"primaryImageOfPage":{"@id":"https:\/\/www.africa-press.net\/congo-brazzaville\/sports\/judo-la-deuxieme-edition-de-la-coupe-edith-lucie-bongo-organisee-a-oyo#primaryimage"},"image":{"@id":"https:\/\/www.africa-press.net\/congo-brazzaville\/sports\/judo-la-deuxieme-edition-de-la-coupe-edith-lucie-bongo-organisee-a-oyo#primaryimage"},"thumbnailUrl":"https:\/\/static.africa-press.net\/congo-brazzaville\/sites\/51\/2023\/03\/postQueueImg_1678267772.45.jpg","datePublished":"2023-03-08T12:47:12+00:00","dateModified":"2023-03-08T22:32:17+00:00","author":{"@id":"https:\/\/www.africa-press.net\/congo-brazzaville\/#\/schema\/person\/2b1cf3cd81a31e3cd26889ca66d677f1"},"description":"La Fe\u0301de\u0301ration congolaise de judo et disciplines associe\u0301es (Fe\u0301coju-Da) organise, du 11 au 12 mars a\u0300 Oyo, dans le de\u0301 ...","breadcrumb":{"@id":"https:\/\/www.africa-press.net\/congo-brazzaville\/sports\/judo-la-deuxieme-edition-de-la-coupe-edith-lucie-bongo-organisee-a-oyo#breadcrumb"},"inLanguage":"fr-FR","potentialAction":[{"@type":"ReadAction","target":["https:\/\/www.africa-press.net\/congo-brazzaville\/sports\/judo-la-deuxieme-edition-de-la-coupe-edith-lucie-bongo-organisee-a-oyo"]}]},{"@type":"ImageObject","inLanguage":"fr-FR","@id":"https:\/\/www.africa-press.net\/congo-brazzaville\/sports\/judo-la-deuxieme-edition-de-la-coupe-edith-lucie-bongo-organisee-a-oyo#primaryimage","url":"https:\/\/static.africa-press.net\/congo-brazzaville\/sites\/51\/2023\/03\/postQueueImg_1678267772.45.jpg","contentUrl":"https:\/\/static.africa-press.net\/congo-brazzaville\/sites\/51\/2023\/03\/postQueueImg_1678267772.45.jpg","width":720,"height":478,"caption":"Judo : la deuxi\u00e8me \u00e9dition de la Coupe Edith-Lucie-Bongo organis\u00e9e \u00e0 Oyo"},{"@type":"BreadcrumbList","@id":"https:\/\/www.africa-press.net\/congo-brazzaville\/sports\/judo-la-deuxieme-edition-de-la-coupe-edith-lucie-bongo-organisee-a-oyo#breadcrumb","itemListElement":[{"@type":"ListItem","position":1,"name":"Accueil","item":"https:\/\/www.africa-press.net\/congo-brazzaville\/"},{"@type":"ListItem","position":2,"name":"Judo : la deuxi\u00e8me \u00e9dition de la Coupe Edith-Lucie-Bongo organis\u00e9e \u00e0 Oyo"}]},{"@type":"WebSite","@id":"https:\/\/www.africa-press.net\/congo-brazzaville\/#website","url":"https:\/\/www.africa-press.net\/congo-brazzaville\/","name":"Congo Brazzaville","description":"Just another Africa News Agency Sites site","potentialAction":[{"@type":"SearchAction","target":{"@type":"EntryPoint","urlTemplate":"https:\/\/www.africa-press.net\/congo-brazzaville\/?s={search_term_string}"},"query-input":{"@type":"PropertyValueSpecification","valueRequired":true,"valueName":"search_term_string"}}],"inLanguage":"fr-FR"},{"@type":"Person","@id":"https:\/\/www.africa-press.net\/congo-brazzaville\/#\/schema\/person\/2b1cf3cd81a31e3cd26889ca66d677f1","name":"cfeditorfr"}]}},"_links":{"self":[{"href":"https:\/\/www.africa-press.net\/congo-brazzaville\/wp-json\/wp\/v2\/posts\/15338","targetHints":{"allow":["GET"]}}],"collection":[{"href":"https:\/\/www.africa-press.net\/congo-brazzaville\/wp-json\/wp\/v2\/posts"}],"about":[{"href":"https:\/\/www.africa-press.net\/congo-brazzaville\/wp-json\/wp\/v2\/types\/post"}],"author":[{"embeddable":true,"href":"https:\/\/www.africa-press.net\/congo-brazzaville\/wp-json\/wp\/v2\/users\/82"}],"replies":[{"embeddable":true,"href":"https:\/\/www.africa-press.net\/congo-brazzaville\/wp-json\/wp\/v2\/comments?post=15338"}],"version-history":[{"count":0,"href":"https:\/\/www.africa-press.net\/congo-brazzaville\/wp-json\/wp\/v2\/posts\/15338\/revisions"}],"wp:featuredmedia":[{"embeddable":true,"href":"https:\/\/www.africa-press.net\/congo-brazzaville\/wp-json\/wp\/v2\/media\/15336"}],"wp:attachment":[{"href":"https:\/\/www.africa-press.net\/congo-brazzaville\/wp-json\/wp\/v2\/media?parent=15338"}],"wp:term":[{"taxonomy":"category","embeddable":true,"href":"https:\/\/www.africa-press.net\/congo-brazzaville\/wp-json\/wp\/v2\/categories?post=15338"},{"taxonomy":"post_tag","embeddable":true,"href":"https:\/\/www.africa-press.net\/congo-brazzaville\/wp-json\/wp\/v2\/tags?post=15338"}],"curies":[{"name":"wp","href":"https:\/\/api.w.org\/{rel}","templated":true}]}}