{"id":15387,"date":"2023-03-08T22:29:00","date_gmt":"2023-03-08T22:29:00","guid":{"rendered":"https:\/\/www.africa-press.net\/congo-brazzaville\/politique\/developpement-local-contribuer-a-accroitre-les-revenus-des-petits-producteurs"},"modified":"2023-03-08T23:53:05","modified_gmt":"2023-03-08T23:53:05","slug":"developpement-local-contribuer-a-accroitre-les-revenus-des-petits-producteurs","status":"publish","type":"post","link":"https:\/\/www.africa-press.net\/congo-brazzaville\/economie\/developpement-local-contribuer-a-accroitre-les-revenus-des-petits-producteurs","title":{"rendered":"D\u00e9veloppement local : contribuer \u00e0 accro\u00eetre les revenus des petits producteurs"},"content":{"rendered":"<p><span style=\"color: #ff6600\"><strong>Africa-Press &#8211; Congo Brazzaville. <\/strong><\/span><b>L\u2019Union europe\u0301enne (UE) finance depuis quelques anne\u0301es, en Re\u0301publique du Congo, plusieurs projets lie\u0301s au de\u0301veloppement de la chai\u0302ne de valeur agricole. D\u2019ou\u0300 la visite de terrain mene\u0301e le 7 mars, a\u0300 Kinkala et Brazzaville, par une de\u0301le\u0301gation du Conseil de l\u2019UE s\u2019occupant du de\u0301veloppement agricole, de la pe\u0302che et de l\u2019environnement.<\/b><\/p>\n<p>La descente sur le terrain a permis a\u0300 la de\u0301le\u0301gation europe\u0301enne de toucher du doigt la re\u0301alite\u0301 des producteurs et artisans be\u0301ne\u0301ficiaires des diffe\u0301rents programmes de l\u2019UE. Compose\u0301e du groupe Afrique du Conseil de l\u2019UE et de celui du partenariat avec les E\u0301tats d&rsquo;Afrique, des Carai\u0308bes et du Pacifique (ACP), la mission est venue e\u0301valuer la mise en \u0153uvre des projets communautaires, e\u0301changer avec les autorite\u0301s locales et identifier les secteurs d\u2019intervention prioritaires au Congo.<\/p>\n<p>Les interventions de l\u2019UE dans le pays portent essentiellement sur le secteur agro-alimentaire, de l\u2019assainissement, de la sante\u0301 et du bois. A\u0300 Kinkala, la de\u0301le\u0301gation, forte d\u2019une trentaine d\u2019Europe\u0301ens, a visite\u0301 l\u2019exposition des clusters agro-alimentaires qui constituent la preuve de la coope\u0301ration Congo-UE. C\u2019est le cas du stand de Solange Ongoly Goma, be\u0301ne\u0301ficiaire du projet Pro-manioc mis en \u0153uvre par le Programme mondial alimentaire, regroupant a\u0300 ce jour une vingtaine de groupements de la Bouenza.<\/p>\n<p>Les groupements de Pro-manioc sont spe\u0301cialise\u0301s dans la production, le conditionnement et la transformation de cet aliment de base. Au stand de Solange Ongoly Goma, l\u2019on peut y de\u0301guster diverses recettes des chips, hors-d\u2019\u0153uvre et beignets faits a\u0300 base du tubercule de manioc, y compris des aliments de\u0301rive\u0301s. Ces petits producteurs de manioc ambitionnent d\u2019augmenter leur production, puisqu\u2019ils commencent de\u0301ja\u0300 a\u0300 exporter du gari vers le Gabon.<\/p>\n<p>Le cluster UPAC, base\u0301 a\u0300 Kinkala, a be\u0301ne\u0301ficie\u0301 des tracteurs agricoles qu&rsquo;Hermann Kimonamesso aide les paysans a\u0300 labourer les champs et a\u0300 accroi\u0302tre leurs capacite\u0301s de production. \u00ab Je peux labourer sept hectares par jour avec le tracteur. Pour entretenir l\u2019engin, nous demandons aux agriculteurs de payer 50 000 FCFA par hectare \u00bb, a explique\u0301 le conducteur de tracteur. L\u2019entreprise exploitante des tracteurs entend se de\u0301ployer dans d\u2019autres localite\u0301s voisines de Kinkala afin de booster les activite\u0301s agricoles dans cette partie du pays conside\u0301re\u0301e comme le grenier de la capitale, Brazzaville.<\/p>\n<p>Au total, soixante-dix projets de de\u0301veloppement be\u0301ne\u0301ficient des subventions de l\u2019UE comme celui de la construction d\u2019une infirmerie scolaire du CEG de Moundongo de Kinkala et d\u2019un forage visite\u0301 par la de\u0301le\u0301gation europe\u0301enne. \u00ab Ces projets constituent la preuve de l\u2019excellence des relations entre l\u2019UE et le Congo. Nous avons aussi vu l\u2019engagement des coope\u0301ratives, des hommes et femmes, a\u0300 \u0153uvrer pour le de\u0301veloppement de leur ville \u00bb, a de\u0301clare\u0301 la pre\u0301sidente du groupe ACP, Karolina Vrethem.<\/p>\n<p>Lors de la ce\u0301re\u0301monie de\u0301die\u0301e a\u0300 la visite de terrain des Europe\u0301ens, le pre\u0301fet du Pool Christophe Kelebe, le pre\u0301sident du conseil de\u0301partemental, Michel Bouboutou Mampouya et la maire de Kinkala, Edwige Ndembeka Biyengui, ont salue\u0301 les interventions de l\u2019UE en faveur du de\u0301veloppement et de l\u2019e\u0301limination de la faim dans leur localite\u0301.<\/p>\n\r\n                <style type=\"text\/css\">\r\n                    \r\n                    #td_uid_1_69f21fa762d41  .td-doubleSlider-2 .td-item1 {\r\n                        background: url(https:\/\/static.africa-press.net\/congo-brazzaville\/sites\/51\/2023\/03\/postMediaimg_77_1-80x60.jpg) 0 0 no-repeat;\r\n                    }\r\n                    #td_uid_1_69f21fa762d41  .td-doubleSlider-2 .td-item2 {\r\n                        background: url(https:\/\/static.africa-press.net\/congo-brazzaville\/sites\/51\/2023\/03\/postMediaimg_77_2-80x60.jpg) 0 0 no-repeat;\r\n                    }\r\n                <\/style>\r\n\r\n                <div id=\"td_uid_1_69f21fa762d41\" class=\"td-gallery td-slide-on-2-columns\">\r\n                    <div class=\"post_td_gallery\">\r\n                        <div class=\"td-gallery-slide-top\">\r\n                           <div class=\"td-gallery-title\"><\/div>\r\n\r\n                            <div class=\"td-gallery-controls-wrapper\">\r\n                                <div class=\"td-gallery-slide-count\"><span class=\"td-gallery-slide-item-focus\">1<\/span> de 2<\/div>\r\n                                <div class=\"td-gallery-slide-prev-next-but\">\r\n                                    <i class = \"td-icon-left doubleSliderPrevButton\"><\/i>\r\n                                    <i class = \"td-icon-right doubleSliderNextButton\"><\/i>\r\n                                <\/div>\r\n                            <\/div>\r\n                        <\/div>\r\n\r\n                        <div class = \"td-doubleSlider-1 \">\r\n                            <div class = \"td-slider\">\r\n                                \r\n                    <div class = \"td-slide-item td-item1\">\r\n                        <figure class=\"td-slide-galery-figure td-slide-popup-gallery\">\r\n                            <a class=\"slide-gallery-image-link\" href=\"https:\/\/static.africa-press.net\/congo-brazzaville\/sites\/51\/2023\/03\/postMediaimg_77_1.jpg\" title=\"postMediaimg_77_1\"  data-caption=\"\"  data-description=\"\">\r\n                                <img decoding=\"async\" src=\"https:\/\/static.africa-press.net\/congo-brazzaville\/sites\/51\/2023\/03\/postMediaimg_77_1.jpg\" srcset=\"https:\/\/static.africa-press.net\/congo-brazzaville\/sites\/51\/2023\/03\/postMediaimg_77_1.jpg 1706w, https:\/\/static.africa-press.net\/congo-brazzaville\/sites\/51\/2023\/03\/postMediaimg_77_1-300x135.jpg 300w, https:\/\/static.africa-press.net\/congo-brazzaville\/sites\/51\/2023\/03\/postMediaimg_77_1-1024x461.jpg 1024w, https:\/\/static.africa-press.net\/congo-brazzaville\/sites\/51\/2023\/03\/postMediaimg_77_1-768x346.jpg 768w, https:\/\/static.africa-press.net\/congo-brazzaville\/sites\/51\/2023\/03\/postMediaimg_77_1-1536x691.jpg 1536w\" sizes=\"(max-width: 1706px) 100vw, 1706px\" alt=\"\">\r\n                            <\/a>\r\n                            \r\n                        <\/figure>\r\n                    <\/div>\r\n                    <div class = \"td-slide-item td-item2\">\r\n                        <figure class=\"td-slide-galery-figure td-slide-popup-gallery\">\r\n                            <a class=\"slide-gallery-image-link\" href=\"https:\/\/static.africa-press.net\/congo-brazzaville\/sites\/51\/2023\/03\/postMediaimg_77_2.jpg\" title=\"postMediaimg_77_2\"  data-caption=\"\"  data-description=\"\">\r\n                                <img decoding=\"async\" src=\"https:\/\/static.africa-press.net\/congo-brazzaville\/sites\/51\/2023\/03\/postMediaimg_77_2.jpg\" srcset=\"https:\/\/static.africa-press.net\/congo-brazzaville\/sites\/51\/2023\/03\/postMediaimg_77_2.jpg 1706w, https:\/\/static.africa-press.net\/congo-brazzaville\/sites\/51\/2023\/03\/postMediaimg_77_2-300x135.jpg 300w, https:\/\/static.africa-press.net\/congo-brazzaville\/sites\/51\/2023\/03\/postMediaimg_77_2-1024x461.jpg 1024w, https:\/\/static.africa-press.net\/congo-brazzaville\/sites\/51\/2023\/03\/postMediaimg_77_2-768x346.jpg 768w, https:\/\/static.africa-press.net\/congo-brazzaville\/sites\/51\/2023\/03\/postMediaimg_77_2-1536x691.jpg 1536w\" sizes=\"(max-width: 1706px) 100vw, 1706px\" alt=\"\">\r\n                            <\/a>\r\n                            \r\n                        <\/figure>\r\n                    <\/div>\r\n                            <\/div>\r\n                        <\/div>\r\n\r\n                        <div class = \"td-doubleSlider-2\">\r\n                            <div class = \"td-slider\">\r\n                                \r\n                    <div class = \"td-button td-item1\">\r\n                        <div class = \"td-border\"><\/div>\r\n                    <\/div>\r\n                    <div class = \"td-button td-item2\">\r\n                        <div class = \"td-border\"><\/div>\r\n                    <\/div>\r\n                            <\/div>\r\n                        <\/div>\r\n\r\n                    <\/div>\r\n\r\n                <\/div>\r\n                \n<p><strong>Pour plus d&rsquo;informations et d&rsquo;analyses sur la <a href=\"https:\/\/www.africa-press.net\/congo-brazzaville\">Congo Brazzaville<\/a>, suivez <a href=\"https:\/\/www.africa-press.net\/\">Africa-Press<\/a><\/strong><\/p>\n","protected":false},"excerpt":{"rendered":"<p>Africa-Press &#8211; Congo Brazzaville. L\u2019Union europe\u0301enne (UE) finance depuis quelques anne\u0301es, en Re\u0301publique du Congo, plusieurs projets lie\u0301s au de\u0301veloppement de la chai\u0302ne de valeur agricole. D\u2019ou\u0300 la visite de terrain mene\u0301e le 7 mars, a\u0300 Kinkala et Brazzaville, par une de\u0301le\u0301gation du Conseil de l\u2019UE s\u2019occupant du de\u0301veloppement agricole, de la pe\u0302che et de [&hellip;]<\/p>\n","protected":false},"author":82,"featured_media":15386,"comment_status":"open","ping_status":"closed","sticky":false,"template":"","format":"standard","meta":{"footnotes":""},"categories":[3,8,10],"tags":[36,47,46],"class_list":["post-15387","post","type-post","status-publish","format-standard","has-post-thumbnail","hentry","category-economie","category-photo","category-toutes-les-actualites","tag-africa-press","tag-africa-press-congo-brazzaville","tag-congo-brazzaville"],"yoast_head":"<!-- This site is optimized with the Yoast SEO Premium plugin v26.1 (Yoast SEO v27.0) - https:\/\/yoast.com\/product\/yoast-seo-premium-wordpress\/ -->\n<title>D\u00e9veloppement local : contribuer \u00e0 accro\u00eetre les revenus des petits producteurs - Congo Brazzaville<\/title>\n<meta name=\"description\" content=\"L\u2019Union europe\u0301enne (UE) finance depuis quelques anne\u0301es, en Re\u0301publique du Congo, plusieurs projets lie\u0301s au de\u0301velo ...\" \/>\n<meta name=\"robots\" content=\"index, follow, max-snippet:-1, max-image-preview:large, max-video-preview:-1\" \/>\n<link rel=\"canonical\" href=\"https:\/\/www.africa-press.net\/congo-brazzaville\/economie\/developpement-local-contribuer-a-accroitre-les-revenus-des-petits-producteurs\" \/>\n<meta property=\"og:locale\" content=\"fr_FR\" \/>\n<meta property=\"og:type\" content=\"article\" \/>\n<meta property=\"og:title\" content=\"D\u00e9veloppement local : contribuer \u00e0 accro\u00eetre les revenus des petits producteurs\" \/>\n<meta property=\"og:description\" content=\"L\u2019Union europe\u0301enne (UE) finance depuis quelques anne\u0301es, en Re\u0301publique du Congo, plusieurs projets lie\u0301s au de\u0301velo ...\" \/>\n<meta property=\"og:url\" content=\"https:\/\/www.africa-press.net\/congo-brazzaville\/economie\/developpement-local-contribuer-a-accroitre-les-revenus-des-petits-producteurs\" \/>\n<meta property=\"og:site_name\" content=\"Congo Brazzaville\" \/>\n<meta property=\"article:published_time\" content=\"2023-03-08T22:29:00+00:00\" \/>\n<meta property=\"article:modified_time\" content=\"2023-03-08T23:53:05+00:00\" \/>\n<meta property=\"og:image\" content=\"https:\/\/static.africa-press.net\/congo-brazzaville\/sites\/51\/2023\/03\/postQueueImg_1678301945.67.jpg\" \/>\n\t<meta property=\"og:image:width\" content=\"1706\" \/>\n\t<meta property=\"og:image:height\" content=\"768\" \/>\n\t<meta property=\"og:image:type\" content=\"image\/jpeg\" \/>\n<meta name=\"author\" content=\"cfeditorfr\" \/>\n<meta name=\"twitter:card\" content=\"summary_large_image\" \/>\n<meta name=\"twitter:label1\" content=\"\u00c9crit par\" \/>\n\t<meta name=\"twitter:data1\" content=\"cfeditorfr\" \/>\n\t<meta name=\"twitter:label2\" content=\"Dur\u00e9e de lecture estim\u00e9e\" \/>\n\t<meta name=\"twitter:data2\" content=\"3 minutes\" \/>\n<script type=\"application\/ld+json\" class=\"yoast-schema-graph\">{\"@context\":\"https:\/\/schema.org\",\"@graph\":[{\"@type\":\"Article\",\"@id\":\"https:\/\/www.africa-press.net\/congo-brazzaville\/economie\/developpement-local-contribuer-a-accroitre-les-revenus-des-petits-producteurs#article\",\"isPartOf\":{\"@id\":\"https:\/\/www.africa-press.net\/congo-brazzaville\/economie\/developpement-local-contribuer-a-accroitre-les-revenus-des-petits-producteurs\"},\"author\":{\"name\":\"cfeditorfr\",\"@id\":\"https:\/\/www.africa-press.net\/congo-brazzaville\/#\/schema\/person\/2b1cf3cd81a31e3cd26889ca66d677f1\"},\"headline\":\"D\u00e9veloppement local : contribuer \u00e0 accro\u00eetre les revenus des petits producteurs\",\"datePublished\":\"2023-03-08T22:29:00+00:00\",\"dateModified\":\"2023-03-08T23:53:05+00:00\",\"mainEntityOfPage\":{\"@id\":\"https:\/\/www.africa-press.net\/congo-brazzaville\/economie\/developpement-local-contribuer-a-accroitre-les-revenus-des-petits-producteurs\"},\"wordCount\":617,\"commentCount\":0,\"image\":{\"@id\":\"https:\/\/www.africa-press.net\/congo-brazzaville\/economie\/developpement-local-contribuer-a-accroitre-les-revenus-des-petits-producteurs#primaryimage\"},\"thumbnailUrl\":\"https:\/\/static.africa-press.net\/congo-brazzaville\/sites\/51\/2023\/03\/postQueueImg_1678301945.67.jpg\",\"keywords\":[\"Africa Press\",\"Africa Press-Congo Brazzaville\",\"Congo Brazzaville\"],\"articleSection\":[\"\u00c9conomie\",\"Photo\",\"Toutes les actualit\u00e9s\"],\"inLanguage\":\"fr-FR\",\"potentialAction\":[{\"@type\":\"CommentAction\",\"name\":\"Comment\",\"target\":[\"https:\/\/www.africa-press.net\/congo-brazzaville\/economie\/developpement-local-contribuer-a-accroitre-les-revenus-des-petits-producteurs#respond\"]}]},{\"@type\":\"WebPage\",\"@id\":\"https:\/\/www.africa-press.net\/congo-brazzaville\/economie\/developpement-local-contribuer-a-accroitre-les-revenus-des-petits-producteurs\",\"url\":\"https:\/\/www.africa-press.net\/congo-brazzaville\/economie\/developpement-local-contribuer-a-accroitre-les-revenus-des-petits-producteurs\",\"name\":\"D\u00e9veloppement local : contribuer \u00e0 accro\u00eetre les revenus des petits producteurs - Congo Brazzaville\",\"isPartOf\":{\"@id\":\"https:\/\/www.africa-press.net\/congo-brazzaville\/#website\"},\"primaryImageOfPage\":{\"@id\":\"https:\/\/www.africa-press.net\/congo-brazzaville\/economie\/developpement-local-contribuer-a-accroitre-les-revenus-des-petits-producteurs#primaryimage\"},\"image\":{\"@id\":\"https:\/\/www.africa-press.net\/congo-brazzaville\/economie\/developpement-local-contribuer-a-accroitre-les-revenus-des-petits-producteurs#primaryimage\"},\"thumbnailUrl\":\"https:\/\/static.africa-press.net\/congo-brazzaville\/sites\/51\/2023\/03\/postQueueImg_1678301945.67.jpg\",\"datePublished\":\"2023-03-08T22:29:00+00:00\",\"dateModified\":\"2023-03-08T23:53:05+00:00\",\"author\":{\"@id\":\"https:\/\/www.africa-press.net\/congo-brazzaville\/#\/schema\/person\/2b1cf3cd81a31e3cd26889ca66d677f1\"},\"description\":\"L\u2019Union europe\u0301enne (UE) finance depuis quelques anne\u0301es, en Re\u0301publique du Congo, plusieurs projets lie\u0301s au de\u0301velo ...\",\"breadcrumb\":{\"@id\":\"https:\/\/www.africa-press.net\/congo-brazzaville\/economie\/developpement-local-contribuer-a-accroitre-les-revenus-des-petits-producteurs#breadcrumb\"},\"inLanguage\":\"fr-FR\",\"potentialAction\":[{\"@type\":\"ReadAction\",\"target\":[\"https:\/\/www.africa-press.net\/congo-brazzaville\/economie\/developpement-local-contribuer-a-accroitre-les-revenus-des-petits-producteurs\"]}]},{\"@type\":\"ImageObject\",\"inLanguage\":\"fr-FR\",\"@id\":\"https:\/\/www.africa-press.net\/congo-brazzaville\/economie\/developpement-local-contribuer-a-accroitre-les-revenus-des-petits-producteurs#primaryimage\",\"url\":\"https:\/\/static.africa-press.net\/congo-brazzaville\/sites\/51\/2023\/03\/postQueueImg_1678301945.67.jpg\",\"contentUrl\":\"https:\/\/static.africa-press.net\/congo-brazzaville\/sites\/51\/2023\/03\/postQueueImg_1678301945.67.jpg\",\"width\":1706,\"height\":768,\"caption\":\"D\u00e9veloppement local : contribuer \u00e0 accro\u00eetre les revenus des petits producteurs\"},{\"@type\":\"BreadcrumbList\",\"@id\":\"https:\/\/www.africa-press.net\/congo-brazzaville\/economie\/developpement-local-contribuer-a-accroitre-les-revenus-des-petits-producteurs#breadcrumb\",\"itemListElement\":[{\"@type\":\"ListItem\",\"position\":1,\"name\":\"Accueil\",\"item\":\"https:\/\/www.africa-press.net\/congo-brazzaville\/\"},{\"@type\":\"ListItem\",\"position\":2,\"name\":\"D\u00e9veloppement local : contribuer \u00e0 accro\u00eetre les revenus des petits producteurs\"}]},{\"@type\":\"WebSite\",\"@id\":\"https:\/\/www.africa-press.net\/congo-brazzaville\/#website\",\"url\":\"https:\/\/www.africa-press.net\/congo-brazzaville\/\",\"name\":\"Congo Brazzaville\",\"description\":\"Just another Africa News Agency Sites site\",\"potentialAction\":[{\"@type\":\"SearchAction\",\"target\":{\"@type\":\"EntryPoint\",\"urlTemplate\":\"https:\/\/www.africa-press.net\/congo-brazzaville\/?s={search_term_string}\"},\"query-input\":{\"@type\":\"PropertyValueSpecification\",\"valueRequired\":true,\"valueName\":\"search_term_string\"}}],\"inLanguage\":\"fr-FR\"},{\"@type\":\"Person\",\"@id\":\"https:\/\/www.africa-press.net\/congo-brazzaville\/#\/schema\/person\/2b1cf3cd81a31e3cd26889ca66d677f1\",\"name\":\"cfeditorfr\"}]}<\/script>\n<!-- \/ Yoast SEO Premium plugin. -->","yoast_head_json":{"title":"D\u00e9veloppement local : contribuer \u00e0 accro\u00eetre les revenus des petits producteurs - Congo Brazzaville","description":"L\u2019Union europe\u0301enne (UE) finance depuis quelques anne\u0301es, en Re\u0301publique du Congo, plusieurs projets lie\u0301s au de\u0301velo ...","robots":{"index":"index","follow":"follow","max-snippet":"max-snippet:-1","max-image-preview":"max-image-preview:large","max-video-preview":"max-video-preview:-1"},"canonical":"https:\/\/www.africa-press.net\/congo-brazzaville\/economie\/developpement-local-contribuer-a-accroitre-les-revenus-des-petits-producteurs","og_locale":"fr_FR","og_type":"article","og_title":"D\u00e9veloppement local : contribuer \u00e0 accro\u00eetre les revenus des petits producteurs","og_description":"L\u2019Union europe\u0301enne (UE) finance depuis quelques anne\u0301es, en Re\u0301publique du Congo, plusieurs projets lie\u0301s au de\u0301velo ...","og_url":"https:\/\/www.africa-press.net\/congo-brazzaville\/economie\/developpement-local-contribuer-a-accroitre-les-revenus-des-petits-producteurs","og_site_name":"Congo Brazzaville","article_published_time":"2023-03-08T22:29:00+00:00","article_modified_time":"2023-03-08T23:53:05+00:00","og_image":[{"width":1706,"height":768,"url":"https:\/\/static.africa-press.net\/congo-brazzaville\/sites\/51\/2023\/03\/postQueueImg_1678301945.67.jpg","type":"image\/jpeg"}],"author":"cfeditorfr","twitter_card":"summary_large_image","twitter_misc":{"\u00c9crit par":"cfeditorfr","Dur\u00e9e de lecture estim\u00e9e":"3 minutes"},"schema":{"@context":"https:\/\/schema.org","@graph":[{"@type":"Article","@id":"https:\/\/www.africa-press.net\/congo-brazzaville\/economie\/developpement-local-contribuer-a-accroitre-les-revenus-des-petits-producteurs#article","isPartOf":{"@id":"https:\/\/www.africa-press.net\/congo-brazzaville\/economie\/developpement-local-contribuer-a-accroitre-les-revenus-des-petits-producteurs"},"author":{"name":"cfeditorfr","@id":"https:\/\/www.africa-press.net\/congo-brazzaville\/#\/schema\/person\/2b1cf3cd81a31e3cd26889ca66d677f1"},"headline":"D\u00e9veloppement local : contribuer \u00e0 accro\u00eetre les revenus des petits producteurs","datePublished":"2023-03-08T22:29:00+00:00","dateModified":"2023-03-08T23:53:05+00:00","mainEntityOfPage":{"@id":"https:\/\/www.africa-press.net\/congo-brazzaville\/economie\/developpement-local-contribuer-a-accroitre-les-revenus-des-petits-producteurs"},"wordCount":617,"commentCount":0,"image":{"@id":"https:\/\/www.africa-press.net\/congo-brazzaville\/economie\/developpement-local-contribuer-a-accroitre-les-revenus-des-petits-producteurs#primaryimage"},"thumbnailUrl":"https:\/\/static.africa-press.net\/congo-brazzaville\/sites\/51\/2023\/03\/postQueueImg_1678301945.67.jpg","keywords":["Africa Press","Africa Press-Congo Brazzaville","Congo Brazzaville"],"articleSection":["\u00c9conomie","Photo","Toutes les actualit\u00e9s"],"inLanguage":"fr-FR","potentialAction":[{"@type":"CommentAction","name":"Comment","target":["https:\/\/www.africa-press.net\/congo-brazzaville\/economie\/developpement-local-contribuer-a-accroitre-les-revenus-des-petits-producteurs#respond"]}]},{"@type":"WebPage","@id":"https:\/\/www.africa-press.net\/congo-brazzaville\/economie\/developpement-local-contribuer-a-accroitre-les-revenus-des-petits-producteurs","url":"https:\/\/www.africa-press.net\/congo-brazzaville\/economie\/developpement-local-contribuer-a-accroitre-les-revenus-des-petits-producteurs","name":"D\u00e9veloppement local : contribuer \u00e0 accro\u00eetre les revenus des petits producteurs - Congo Brazzaville","isPartOf":{"@id":"https:\/\/www.africa-press.net\/congo-brazzaville\/#website"},"primaryImageOfPage":{"@id":"https:\/\/www.africa-press.net\/congo-brazzaville\/economie\/developpement-local-contribuer-a-accroitre-les-revenus-des-petits-producteurs#primaryimage"},"image":{"@id":"https:\/\/www.africa-press.net\/congo-brazzaville\/economie\/developpement-local-contribuer-a-accroitre-les-revenus-des-petits-producteurs#primaryimage"},"thumbnailUrl":"https:\/\/static.africa-press.net\/congo-brazzaville\/sites\/51\/2023\/03\/postQueueImg_1678301945.67.jpg","datePublished":"2023-03-08T22:29:00+00:00","dateModified":"2023-03-08T23:53:05+00:00","author":{"@id":"https:\/\/www.africa-press.net\/congo-brazzaville\/#\/schema\/person\/2b1cf3cd81a31e3cd26889ca66d677f1"},"description":"L\u2019Union europe\u0301enne (UE) finance depuis quelques anne\u0301es, en Re\u0301publique du Congo, plusieurs projets lie\u0301s au de\u0301velo ...","breadcrumb":{"@id":"https:\/\/www.africa-press.net\/congo-brazzaville\/economie\/developpement-local-contribuer-a-accroitre-les-revenus-des-petits-producteurs#breadcrumb"},"inLanguage":"fr-FR","potentialAction":[{"@type":"ReadAction","target":["https:\/\/www.africa-press.net\/congo-brazzaville\/economie\/developpement-local-contribuer-a-accroitre-les-revenus-des-petits-producteurs"]}]},{"@type":"ImageObject","inLanguage":"fr-FR","@id":"https:\/\/www.africa-press.net\/congo-brazzaville\/economie\/developpement-local-contribuer-a-accroitre-les-revenus-des-petits-producteurs#primaryimage","url":"https:\/\/static.africa-press.net\/congo-brazzaville\/sites\/51\/2023\/03\/postQueueImg_1678301945.67.jpg","contentUrl":"https:\/\/static.africa-press.net\/congo-brazzaville\/sites\/51\/2023\/03\/postQueueImg_1678301945.67.jpg","width":1706,"height":768,"caption":"D\u00e9veloppement local : contribuer \u00e0 accro\u00eetre les revenus des petits producteurs"},{"@type":"BreadcrumbList","@id":"https:\/\/www.africa-press.net\/congo-brazzaville\/economie\/developpement-local-contribuer-a-accroitre-les-revenus-des-petits-producteurs#breadcrumb","itemListElement":[{"@type":"ListItem","position":1,"name":"Accueil","item":"https:\/\/www.africa-press.net\/congo-brazzaville\/"},{"@type":"ListItem","position":2,"name":"D\u00e9veloppement local : contribuer \u00e0 accro\u00eetre les revenus des petits producteurs"}]},{"@type":"WebSite","@id":"https:\/\/www.africa-press.net\/congo-brazzaville\/#website","url":"https:\/\/www.africa-press.net\/congo-brazzaville\/","name":"Congo Brazzaville","description":"Just another Africa News Agency Sites site","potentialAction":[{"@type":"SearchAction","target":{"@type":"EntryPoint","urlTemplate":"https:\/\/www.africa-press.net\/congo-brazzaville\/?s={search_term_string}"},"query-input":{"@type":"PropertyValueSpecification","valueRequired":true,"valueName":"search_term_string"}}],"inLanguage":"fr-FR"},{"@type":"Person","@id":"https:\/\/www.africa-press.net\/congo-brazzaville\/#\/schema\/person\/2b1cf3cd81a31e3cd26889ca66d677f1","name":"cfeditorfr"}]}},"_links":{"self":[{"href":"https:\/\/www.africa-press.net\/congo-brazzaville\/wp-json\/wp\/v2\/posts\/15387","targetHints":{"allow":["GET"]}}],"collection":[{"href":"https:\/\/www.africa-press.net\/congo-brazzaville\/wp-json\/wp\/v2\/posts"}],"about":[{"href":"https:\/\/www.africa-press.net\/congo-brazzaville\/wp-json\/wp\/v2\/types\/post"}],"author":[{"embeddable":true,"href":"https:\/\/www.africa-press.net\/congo-brazzaville\/wp-json\/wp\/v2\/users\/82"}],"replies":[{"embeddable":true,"href":"https:\/\/www.africa-press.net\/congo-brazzaville\/wp-json\/wp\/v2\/comments?post=15387"}],"version-history":[{"count":0,"href":"https:\/\/www.africa-press.net\/congo-brazzaville\/wp-json\/wp\/v2\/posts\/15387\/revisions"}],"wp:featuredmedia":[{"embeddable":true,"href":"https:\/\/www.africa-press.net\/congo-brazzaville\/wp-json\/wp\/v2\/media\/15386"}],"wp:attachment":[{"href":"https:\/\/www.africa-press.net\/congo-brazzaville\/wp-json\/wp\/v2\/media?parent=15387"}],"wp:term":[{"taxonomy":"category","embeddable":true,"href":"https:\/\/www.africa-press.net\/congo-brazzaville\/wp-json\/wp\/v2\/categories?post=15387"},{"taxonomy":"post_tag","embeddable":true,"href":"https:\/\/www.africa-press.net\/congo-brazzaville\/wp-json\/wp\/v2\/tags?post=15387"}],"curies":[{"name":"wp","href":"https:\/\/api.w.org\/{rel}","templated":true}]}}