{"id":15391,"date":"2023-03-08T22:29:33","date_gmt":"2023-03-08T22:29:33","guid":{"rendered":"https:\/\/www.africa-press.net\/congo-brazzaville\/politique\/societe-civile-le-secretariat-permanent-engage-pour-la-cause-des-albinos"},"modified":"2023-03-08T23:53:57","modified_gmt":"2023-03-08T23:53:57","slug":"societe-civile-le-secretariat-permanent-engage-pour-la-cause-des-albinos","status":"publish","type":"post","link":"https:\/\/www.africa-press.net\/congo-brazzaville\/toutes-les-actualites\/societe-civile-le-secretariat-permanent-engage-pour-la-cause-des-albinos","title":{"rendered":"Soci\u00e9t\u00e9 civile : le secr\u00e9tariat permanent engag\u00e9 pour la cause des albinos"},"content":{"rendered":"<p><span style=\"color: #ff6600\"><strong>Africa-Press &#8211; Congo Brazzaville. <\/strong><\/span>Dans sa mission de porter haut les pre\u0301occupations de la socie\u0301te\u0301 civile, le secre\u0301tariat permanent de la socie\u0301te\u0301 civile et des organisations non gouvernementales prend en compte toutes les couches sociales, notamment les personnes atteintes de l\u2019albinisme, a indique\u0301 Ce\u0301phas Germain Ewangui.<\/p>\n<p>Le secre\u0301taire permanent de la socie\u0301te\u0301 civile et des organisations non gouvernementales a e\u0301change\u0301 a\u0300 Brazzaville avec une de\u0301le\u0301gation des me\u0301decins espagnoles conduite par Johnny Chancel Ngamouana, pre\u0301sident de l\u2019association e\u0301ponyme. Il s\u2019agit des me\u0301decins venus en terre congolaise pour des consultations gratuites des proble\u0300mes dermatologiques et ophtalmologiques des albinos en partenariat avec l\u2019Association Johnny-Chancel pour les albinos&#8230;<\/p>\n<p>\u00ab Nous sommes dispose\u0301s a\u0300 plaider en faveur des personnes atteintes de l\u2019albinisme pour la re\u0301solution des proble\u0300mes qui les concernent \u00bb, a fait savoir Ce\u0301phas Germain Ewangui, expliquant a\u0300 ses ho\u0302tes les missions de la structure qu\u2019il dirige. En saluant les actions mene\u0301es par ladite association depuis quelques anne\u0301es de\u0301ja\u0300, il a e\u0301voque\u0301 la ne\u0301cessite\u0301 pour les associations de la socie\u0301te\u0301 civile de continuer a\u0300 travailler main dans la main pour relever les de\u0301fis.<\/p>\n<p>Il convient de rappeler que les actions mene\u0301es par l\u2019Association<b> <\/b>Johnny-Chancel pour les albinos depuis 2015 ont permis de re\u0301duire le taux de mortalite\u0301 des albinos au Congo. \u00ab Le nombre de de\u0301ce\u0300s qui e\u0301tait de trois ou quatre par mois est passe\u0301 a\u0300 sept de\u0301ce\u0300s en huit ans \u00bb, selon<b> <\/b>Johnny Chancel Ngamouana. La clinique me\u0301dico-sociale de l\u2019Association Johnny- Chancel pour les albinos organise des consultations et ope\u0301rations chirurgicales gratuites, distribue des cre\u0300mes et lunettes solaires&#8230;<\/p>\n<p><strong>Pour plus d&rsquo;informations et d&rsquo;analyses sur la <a href=\"https:\/\/www.africa-press.net\/congo-brazzaville\">Congo Brazzaville<\/a>, suivez <a href=\"https:\/\/www.africa-press.net\/\">Africa-Press<\/a><\/strong><\/p>\n","protected":false},"excerpt":{"rendered":"<p>Africa-Press &#8211; Congo Brazzaville. Dans sa mission de porter haut les pre\u0301occupations de la socie\u0301te\u0301 civile, le secre\u0301tariat permanent de la socie\u0301te\u0301 civile et des organisations non gouvernementales prend en compte toutes les couches sociales, notamment les personnes atteintes de l\u2019albinisme, a indique\u0301 Ce\u0301phas Germain Ewangui. Le secre\u0301taire permanent de la socie\u0301te\u0301 civile et des [&hellip;]<\/p>\n","protected":false},"author":82,"featured_media":15390,"comment_status":"open","ping_status":"closed","sticky":false,"template":"","format":"standard","meta":{"footnotes":""},"categories":[21,10],"tags":[36,47,46],"class_list":["post-15391","post","type-post","status-publish","format-standard","has-post-thumbnail","hentry","category-communaute","category-toutes-les-actualites","tag-africa-press","tag-africa-press-congo-brazzaville","tag-congo-brazzaville"],"yoast_head":"<!-- This site is optimized with the Yoast SEO Premium plugin v26.1 (Yoast SEO v27.0) - https:\/\/yoast.com\/product\/yoast-seo-premium-wordpress\/ -->\n<title>Soci\u00e9t\u00e9 civile : le secr\u00e9tariat permanent engag\u00e9 pour la cause des albinos - Congo Brazzaville<\/title>\n<meta name=\"description\" content=\"Dans sa mission de porter haut les pre\u0301occupations de la socie\u0301te\u0301 civile, le secre\u0301tariat permanent de la socie\u0301te\u0301 civ ...\" \/>\n<meta name=\"robots\" content=\"index, follow, max-snippet:-1, max-image-preview:large, max-video-preview:-1\" \/>\n<link rel=\"canonical\" href=\"https:\/\/www.africa-press.net\/congo-brazzaville\/toutes-les-actualites\/societe-civile-le-secretariat-permanent-engage-pour-la-cause-des-albinos\" \/>\n<meta property=\"og:locale\" content=\"fr_FR\" \/>\n<meta property=\"og:type\" content=\"article\" \/>\n<meta property=\"og:title\" content=\"Soci\u00e9t\u00e9 civile : le secr\u00e9tariat permanent engag\u00e9 pour la cause des albinos\" \/>\n<meta property=\"og:description\" content=\"Dans sa mission de porter haut les pre\u0301occupations de la socie\u0301te\u0301 civile, le secre\u0301tariat permanent de la socie\u0301te\u0301 civ ...\" \/>\n<meta property=\"og:url\" content=\"https:\/\/www.africa-press.net\/congo-brazzaville\/toutes-les-actualites\/societe-civile-le-secretariat-permanent-engage-pour-la-cause-des-albinos\" \/>\n<meta property=\"og:site_name\" content=\"Congo Brazzaville\" \/>\n<meta property=\"article:published_time\" content=\"2023-03-08T22:29:33+00:00\" \/>\n<meta property=\"article:modified_time\" content=\"2023-03-08T23:53:57+00:00\" \/>\n<meta property=\"og:image\" content=\"https:\/\/static.africa-press.net\/congo-brazzaville\/sites\/51\/2023\/03\/postQueueImg_1678301986.53.jpg\" \/>\n\t<meta property=\"og:image:width\" content=\"1155\" \/>\n\t<meta property=\"og:image:height\" content=\"768\" \/>\n\t<meta property=\"og:image:type\" content=\"image\/jpeg\" \/>\n<meta name=\"author\" content=\"cfeditorfr\" \/>\n<meta name=\"twitter:card\" content=\"summary_large_image\" \/>\n<meta name=\"twitter:label1\" content=\"\u00c9crit par\" \/>\n\t<meta name=\"twitter:data1\" content=\"cfeditorfr\" \/>\n\t<meta name=\"twitter:label2\" content=\"Dur\u00e9e de lecture estim\u00e9e\" \/>\n\t<meta name=\"twitter:data2\" content=\"2 minutes\" \/>\n<script type=\"application\/ld+json\" class=\"yoast-schema-graph\">{\"@context\":\"https:\/\/schema.org\",\"@graph\":[{\"@type\":\"Article\",\"@id\":\"https:\/\/www.africa-press.net\/congo-brazzaville\/toutes-les-actualites\/societe-civile-le-secretariat-permanent-engage-pour-la-cause-des-albinos#article\",\"isPartOf\":{\"@id\":\"https:\/\/www.africa-press.net\/congo-brazzaville\/toutes-les-actualites\/societe-civile-le-secretariat-permanent-engage-pour-la-cause-des-albinos\"},\"author\":{\"name\":\"cfeditorfr\",\"@id\":\"https:\/\/www.africa-press.net\/congo-brazzaville\/#\/schema\/person\/2b1cf3cd81a31e3cd26889ca66d677f1\"},\"headline\":\"Soci\u00e9t\u00e9 civile : le secr\u00e9tariat permanent engag\u00e9 pour la cause des albinos\",\"datePublished\":\"2023-03-08T22:29:33+00:00\",\"dateModified\":\"2023-03-08T23:53:57+00:00\",\"mainEntityOfPage\":{\"@id\":\"https:\/\/www.africa-press.net\/congo-brazzaville\/toutes-les-actualites\/societe-civile-le-secretariat-permanent-engage-pour-la-cause-des-albinos\"},\"wordCount\":322,\"commentCount\":0,\"image\":{\"@id\":\"https:\/\/www.africa-press.net\/congo-brazzaville\/toutes-les-actualites\/societe-civile-le-secretariat-permanent-engage-pour-la-cause-des-albinos#primaryimage\"},\"thumbnailUrl\":\"https:\/\/static.africa-press.net\/congo-brazzaville\/sites\/51\/2023\/03\/postQueueImg_1678301986.53.jpg\",\"keywords\":[\"Africa Press\",\"Africa Press-Congo Brazzaville\",\"Congo Brazzaville\"],\"articleSection\":[\"Communaut\u00e9\",\"Toutes les actualit\u00e9s\"],\"inLanguage\":\"fr-FR\",\"potentialAction\":[{\"@type\":\"CommentAction\",\"name\":\"Comment\",\"target\":[\"https:\/\/www.africa-press.net\/congo-brazzaville\/toutes-les-actualites\/societe-civile-le-secretariat-permanent-engage-pour-la-cause-des-albinos#respond\"]}]},{\"@type\":\"WebPage\",\"@id\":\"https:\/\/www.africa-press.net\/congo-brazzaville\/toutes-les-actualites\/societe-civile-le-secretariat-permanent-engage-pour-la-cause-des-albinos\",\"url\":\"https:\/\/www.africa-press.net\/congo-brazzaville\/toutes-les-actualites\/societe-civile-le-secretariat-permanent-engage-pour-la-cause-des-albinos\",\"name\":\"Soci\u00e9t\u00e9 civile : le secr\u00e9tariat permanent engag\u00e9 pour la cause des albinos - Congo Brazzaville\",\"isPartOf\":{\"@id\":\"https:\/\/www.africa-press.net\/congo-brazzaville\/#website\"},\"primaryImageOfPage\":{\"@id\":\"https:\/\/www.africa-press.net\/congo-brazzaville\/toutes-les-actualites\/societe-civile-le-secretariat-permanent-engage-pour-la-cause-des-albinos#primaryimage\"},\"image\":{\"@id\":\"https:\/\/www.africa-press.net\/congo-brazzaville\/toutes-les-actualites\/societe-civile-le-secretariat-permanent-engage-pour-la-cause-des-albinos#primaryimage\"},\"thumbnailUrl\":\"https:\/\/static.africa-press.net\/congo-brazzaville\/sites\/51\/2023\/03\/postQueueImg_1678301986.53.jpg\",\"datePublished\":\"2023-03-08T22:29:33+00:00\",\"dateModified\":\"2023-03-08T23:53:57+00:00\",\"author\":{\"@id\":\"https:\/\/www.africa-press.net\/congo-brazzaville\/#\/schema\/person\/2b1cf3cd81a31e3cd26889ca66d677f1\"},\"description\":\"Dans sa mission de porter haut les pre\u0301occupations de la socie\u0301te\u0301 civile, le secre\u0301tariat permanent de la socie\u0301te\u0301 civ ...\",\"breadcrumb\":{\"@id\":\"https:\/\/www.africa-press.net\/congo-brazzaville\/toutes-les-actualites\/societe-civile-le-secretariat-permanent-engage-pour-la-cause-des-albinos#breadcrumb\"},\"inLanguage\":\"fr-FR\",\"potentialAction\":[{\"@type\":\"ReadAction\",\"target\":[\"https:\/\/www.africa-press.net\/congo-brazzaville\/toutes-les-actualites\/societe-civile-le-secretariat-permanent-engage-pour-la-cause-des-albinos\"]}]},{\"@type\":\"ImageObject\",\"inLanguage\":\"fr-FR\",\"@id\":\"https:\/\/www.africa-press.net\/congo-brazzaville\/toutes-les-actualites\/societe-civile-le-secretariat-permanent-engage-pour-la-cause-des-albinos#primaryimage\",\"url\":\"https:\/\/static.africa-press.net\/congo-brazzaville\/sites\/51\/2023\/03\/postQueueImg_1678301986.53.jpg\",\"contentUrl\":\"https:\/\/static.africa-press.net\/congo-brazzaville\/sites\/51\/2023\/03\/postQueueImg_1678301986.53.jpg\",\"width\":1155,\"height\":768,\"caption\":\"Soci\u00e9t\u00e9 civile : le secr\u00e9tariat permanent engag\u00e9 pour la cause des albinos\"},{\"@type\":\"BreadcrumbList\",\"@id\":\"https:\/\/www.africa-press.net\/congo-brazzaville\/toutes-les-actualites\/societe-civile-le-secretariat-permanent-engage-pour-la-cause-des-albinos#breadcrumb\",\"itemListElement\":[{\"@type\":\"ListItem\",\"position\":1,\"name\":\"Accueil\",\"item\":\"https:\/\/www.africa-press.net\/congo-brazzaville\/\"},{\"@type\":\"ListItem\",\"position\":2,\"name\":\"Soci\u00e9t\u00e9 civile : le secr\u00e9tariat permanent engag\u00e9 pour la cause des albinos\"}]},{\"@type\":\"WebSite\",\"@id\":\"https:\/\/www.africa-press.net\/congo-brazzaville\/#website\",\"url\":\"https:\/\/www.africa-press.net\/congo-brazzaville\/\",\"name\":\"Congo Brazzaville\",\"description\":\"Just another Africa News Agency Sites site\",\"potentialAction\":[{\"@type\":\"SearchAction\",\"target\":{\"@type\":\"EntryPoint\",\"urlTemplate\":\"https:\/\/www.africa-press.net\/congo-brazzaville\/?s={search_term_string}\"},\"query-input\":{\"@type\":\"PropertyValueSpecification\",\"valueRequired\":true,\"valueName\":\"search_term_string\"}}],\"inLanguage\":\"fr-FR\"},{\"@type\":\"Person\",\"@id\":\"https:\/\/www.africa-press.net\/congo-brazzaville\/#\/schema\/person\/2b1cf3cd81a31e3cd26889ca66d677f1\",\"name\":\"cfeditorfr\"}]}<\/script>\n<!-- \/ Yoast SEO Premium plugin. -->","yoast_head_json":{"title":"Soci\u00e9t\u00e9 civile : le secr\u00e9tariat permanent engag\u00e9 pour la cause des albinos - Congo Brazzaville","description":"Dans sa mission de porter haut les pre\u0301occupations de la socie\u0301te\u0301 civile, le secre\u0301tariat permanent de la socie\u0301te\u0301 civ ...","robots":{"index":"index","follow":"follow","max-snippet":"max-snippet:-1","max-image-preview":"max-image-preview:large","max-video-preview":"max-video-preview:-1"},"canonical":"https:\/\/www.africa-press.net\/congo-brazzaville\/toutes-les-actualites\/societe-civile-le-secretariat-permanent-engage-pour-la-cause-des-albinos","og_locale":"fr_FR","og_type":"article","og_title":"Soci\u00e9t\u00e9 civile : le secr\u00e9tariat permanent engag\u00e9 pour la cause des albinos","og_description":"Dans sa mission de porter haut les pre\u0301occupations de la socie\u0301te\u0301 civile, le secre\u0301tariat permanent de la socie\u0301te\u0301 civ ...","og_url":"https:\/\/www.africa-press.net\/congo-brazzaville\/toutes-les-actualites\/societe-civile-le-secretariat-permanent-engage-pour-la-cause-des-albinos","og_site_name":"Congo Brazzaville","article_published_time":"2023-03-08T22:29:33+00:00","article_modified_time":"2023-03-08T23:53:57+00:00","og_image":[{"width":1155,"height":768,"url":"https:\/\/static.africa-press.net\/congo-brazzaville\/sites\/51\/2023\/03\/postQueueImg_1678301986.53.jpg","type":"image\/jpeg"}],"author":"cfeditorfr","twitter_card":"summary_large_image","twitter_misc":{"\u00c9crit par":"cfeditorfr","Dur\u00e9e de lecture estim\u00e9e":"2 minutes"},"schema":{"@context":"https:\/\/schema.org","@graph":[{"@type":"Article","@id":"https:\/\/www.africa-press.net\/congo-brazzaville\/toutes-les-actualites\/societe-civile-le-secretariat-permanent-engage-pour-la-cause-des-albinos#article","isPartOf":{"@id":"https:\/\/www.africa-press.net\/congo-brazzaville\/toutes-les-actualites\/societe-civile-le-secretariat-permanent-engage-pour-la-cause-des-albinos"},"author":{"name":"cfeditorfr","@id":"https:\/\/www.africa-press.net\/congo-brazzaville\/#\/schema\/person\/2b1cf3cd81a31e3cd26889ca66d677f1"},"headline":"Soci\u00e9t\u00e9 civile : le secr\u00e9tariat permanent engag\u00e9 pour la cause des albinos","datePublished":"2023-03-08T22:29:33+00:00","dateModified":"2023-03-08T23:53:57+00:00","mainEntityOfPage":{"@id":"https:\/\/www.africa-press.net\/congo-brazzaville\/toutes-les-actualites\/societe-civile-le-secretariat-permanent-engage-pour-la-cause-des-albinos"},"wordCount":322,"commentCount":0,"image":{"@id":"https:\/\/www.africa-press.net\/congo-brazzaville\/toutes-les-actualites\/societe-civile-le-secretariat-permanent-engage-pour-la-cause-des-albinos#primaryimage"},"thumbnailUrl":"https:\/\/static.africa-press.net\/congo-brazzaville\/sites\/51\/2023\/03\/postQueueImg_1678301986.53.jpg","keywords":["Africa Press","Africa Press-Congo Brazzaville","Congo Brazzaville"],"articleSection":["Communaut\u00e9","Toutes les actualit\u00e9s"],"inLanguage":"fr-FR","potentialAction":[{"@type":"CommentAction","name":"Comment","target":["https:\/\/www.africa-press.net\/congo-brazzaville\/toutes-les-actualites\/societe-civile-le-secretariat-permanent-engage-pour-la-cause-des-albinos#respond"]}]},{"@type":"WebPage","@id":"https:\/\/www.africa-press.net\/congo-brazzaville\/toutes-les-actualites\/societe-civile-le-secretariat-permanent-engage-pour-la-cause-des-albinos","url":"https:\/\/www.africa-press.net\/congo-brazzaville\/toutes-les-actualites\/societe-civile-le-secretariat-permanent-engage-pour-la-cause-des-albinos","name":"Soci\u00e9t\u00e9 civile : le secr\u00e9tariat permanent engag\u00e9 pour la cause des albinos - Congo Brazzaville","isPartOf":{"@id":"https:\/\/www.africa-press.net\/congo-brazzaville\/#website"},"primaryImageOfPage":{"@id":"https:\/\/www.africa-press.net\/congo-brazzaville\/toutes-les-actualites\/societe-civile-le-secretariat-permanent-engage-pour-la-cause-des-albinos#primaryimage"},"image":{"@id":"https:\/\/www.africa-press.net\/congo-brazzaville\/toutes-les-actualites\/societe-civile-le-secretariat-permanent-engage-pour-la-cause-des-albinos#primaryimage"},"thumbnailUrl":"https:\/\/static.africa-press.net\/congo-brazzaville\/sites\/51\/2023\/03\/postQueueImg_1678301986.53.jpg","datePublished":"2023-03-08T22:29:33+00:00","dateModified":"2023-03-08T23:53:57+00:00","author":{"@id":"https:\/\/www.africa-press.net\/congo-brazzaville\/#\/schema\/person\/2b1cf3cd81a31e3cd26889ca66d677f1"},"description":"Dans sa mission de porter haut les pre\u0301occupations de la socie\u0301te\u0301 civile, le secre\u0301tariat permanent de la socie\u0301te\u0301 civ ...","breadcrumb":{"@id":"https:\/\/www.africa-press.net\/congo-brazzaville\/toutes-les-actualites\/societe-civile-le-secretariat-permanent-engage-pour-la-cause-des-albinos#breadcrumb"},"inLanguage":"fr-FR","potentialAction":[{"@type":"ReadAction","target":["https:\/\/www.africa-press.net\/congo-brazzaville\/toutes-les-actualites\/societe-civile-le-secretariat-permanent-engage-pour-la-cause-des-albinos"]}]},{"@type":"ImageObject","inLanguage":"fr-FR","@id":"https:\/\/www.africa-press.net\/congo-brazzaville\/toutes-les-actualites\/societe-civile-le-secretariat-permanent-engage-pour-la-cause-des-albinos#primaryimage","url":"https:\/\/static.africa-press.net\/congo-brazzaville\/sites\/51\/2023\/03\/postQueueImg_1678301986.53.jpg","contentUrl":"https:\/\/static.africa-press.net\/congo-brazzaville\/sites\/51\/2023\/03\/postQueueImg_1678301986.53.jpg","width":1155,"height":768,"caption":"Soci\u00e9t\u00e9 civile : le secr\u00e9tariat permanent engag\u00e9 pour la cause des albinos"},{"@type":"BreadcrumbList","@id":"https:\/\/www.africa-press.net\/congo-brazzaville\/toutes-les-actualites\/societe-civile-le-secretariat-permanent-engage-pour-la-cause-des-albinos#breadcrumb","itemListElement":[{"@type":"ListItem","position":1,"name":"Accueil","item":"https:\/\/www.africa-press.net\/congo-brazzaville\/"},{"@type":"ListItem","position":2,"name":"Soci\u00e9t\u00e9 civile : le secr\u00e9tariat permanent engag\u00e9 pour la cause des albinos"}]},{"@type":"WebSite","@id":"https:\/\/www.africa-press.net\/congo-brazzaville\/#website","url":"https:\/\/www.africa-press.net\/congo-brazzaville\/","name":"Congo Brazzaville","description":"Just another Africa News Agency Sites site","potentialAction":[{"@type":"SearchAction","target":{"@type":"EntryPoint","urlTemplate":"https:\/\/www.africa-press.net\/congo-brazzaville\/?s={search_term_string}"},"query-input":{"@type":"PropertyValueSpecification","valueRequired":true,"valueName":"search_term_string"}}],"inLanguage":"fr-FR"},{"@type":"Person","@id":"https:\/\/www.africa-press.net\/congo-brazzaville\/#\/schema\/person\/2b1cf3cd81a31e3cd26889ca66d677f1","name":"cfeditorfr"}]}},"_links":{"self":[{"href":"https:\/\/www.africa-press.net\/congo-brazzaville\/wp-json\/wp\/v2\/posts\/15391","targetHints":{"allow":["GET"]}}],"collection":[{"href":"https:\/\/www.africa-press.net\/congo-brazzaville\/wp-json\/wp\/v2\/posts"}],"about":[{"href":"https:\/\/www.africa-press.net\/congo-brazzaville\/wp-json\/wp\/v2\/types\/post"}],"author":[{"embeddable":true,"href":"https:\/\/www.africa-press.net\/congo-brazzaville\/wp-json\/wp\/v2\/users\/82"}],"replies":[{"embeddable":true,"href":"https:\/\/www.africa-press.net\/congo-brazzaville\/wp-json\/wp\/v2\/comments?post=15391"}],"version-history":[{"count":0,"href":"https:\/\/www.africa-press.net\/congo-brazzaville\/wp-json\/wp\/v2\/posts\/15391\/revisions"}],"wp:featuredmedia":[{"embeddable":true,"href":"https:\/\/www.africa-press.net\/congo-brazzaville\/wp-json\/wp\/v2\/media\/15390"}],"wp:attachment":[{"href":"https:\/\/www.africa-press.net\/congo-brazzaville\/wp-json\/wp\/v2\/media?parent=15391"}],"wp:term":[{"taxonomy":"category","embeddable":true,"href":"https:\/\/www.africa-press.net\/congo-brazzaville\/wp-json\/wp\/v2\/categories?post=15391"},{"taxonomy":"post_tag","embeddable":true,"href":"https:\/\/www.africa-press.net\/congo-brazzaville\/wp-json\/wp\/v2\/tags?post=15391"}],"curies":[{"name":"wp","href":"https:\/\/api.w.org\/{rel}","templated":true}]}}