{"id":15395,"date":"2023-03-08T22:29:58","date_gmt":"2023-03-08T22:29:58","guid":{"rendered":"https:\/\/www.africa-press.net\/congo-brazzaville\/politique\/journee-du-8-mars-exposition-vente-des-oeuvres-des-femmes"},"modified":"2023-03-08T23:54:56","modified_gmt":"2023-03-08T23:54:56","slug":"journee-du-8-mars-exposition-vente-des-oeuvres-des-femmes","status":"publish","type":"post","link":"https:\/\/www.africa-press.net\/congo-brazzaville\/culture-et-art\/journee-du-8-mars-exposition-vente-des-oeuvres-des-femmes","title":{"rendered":"Journ\u00e9e du 8 mars : exposition-vente des \u0153uvres des femmes"},"content":{"rendered":"<p><span style=\"color: #ff6600\"><strong>Africa-Press &#8211; Congo Brazzaville. <\/strong><\/span><b>Des femmes ont fait valoir leur savoir-faire lors d\u2019une exposition\u2013vente organise\u0301e a\u0300 l\u2019occasion de la Journe\u0301e internationale des droits des femmes, le 8 mars, a\u0300 l\u2019Institut franc\u0327ais du Congo.<\/b><\/p>\n<p>De nombreux articles de mode, cosme\u0301tiques, des produits bio, entre autres, des sacs, ceintures, habits, e\u0301ventail, sandale, bracelets, sie\u0300ges pliables pour enfants, re\u0301alise\u0301s avec du tissu, du raphia et du pagne africain montrent comment les femmes congolaises sont engage\u0301es, contribuent a\u0300 la bonne marche de la socie\u0301te\u0301. Elles refusent de croiser les bras, ne veulant pas rester en marge de la mondialisation.<\/p>\n<p>Les exposantes ont pre\u0301sente\u0301 e\u0301galement au public \u00ab Elengi \u00bb, une boisson 100% naturelle fabrique\u0301e a\u0300 base du gingembre, de la citronnelle, du moringa, du bissap menthe moringa, bissap gingembre, tout comme des huiles essentielles, des cre\u0300mes, de laits cosme\u0301tiques, des beurres de karite\u0301, de cacao, du miel pur, du poivre noir, des diffe\u0301rents ga\u0302teaux, du yaourt, des arachides sale\u0301es et sucre\u0301es&#8230; A cette ocassion, des femmes ont e\u0301te\u0301 maquille\u0301es gratuitement.<\/p>\n<p>\u00ab Cette exposition a mis en lumie\u0300re les \u0153uvres des jeunes femmes entrepreneures. C\u2019est une bonne initiative que les femmes continuent de faire mieux, de trouver leur place dans la socie\u0301te\u0301 \u00bb, a indique\u0301 Yanne Patricia.<\/p>\n<p>Outre l\u2019exposition-vente, il y a eu des se\u0301ances photos gratuites organise\u0301es par le studio photo e\u0301phe\u0301me\u0300re avec le collectif Bilili qui ont permis aux femmes de s\u2019exprimer a\u0300 travers les pancartes. On pouvait lire : \u00ab Il n\u2019y a pas de limites a\u0300 ce que nous pouvons re\u0301aliser en tant que femmes \u00bb, \u00ab Je suis une femme et pas seulement le 8 mars \u00bb, &#8230;.<\/p>\n<p>Au cours de cette ce\u0301le\u0301bration, de master class pour le me\u0301tier de photojournalisme, les metiers de la radio et du podcast ont e\u0301te\u0301 anime\u0301s par Ley Uwera et Julia Martin.<\/p>\n<p>L\u2019exposition collective \u00ab Elles parlent d\u2019elles \u00bb, ouverte le 7 mars, se poursuit jusqu\u2019au 31 mars a\u0300 l\u2019IFC. Le concert ine\u0301dit avec des artistes musiciennes Nestellia Forest, Fanie Fayar et Queen Dorcelle a clo\u0302ture\u0301 la journe\u0301e du 8 mars.<\/p>\n<p><strong>Pour plus d&rsquo;informations et d&rsquo;analyses sur la <a href=\"https:\/\/www.africa-press.net\/congo-brazzaville\">Congo Brazzaville<\/a>, suivez <a href=\"https:\/\/www.africa-press.net\/\">Africa-Press<\/a><\/strong><\/p>\n","protected":false},"excerpt":{"rendered":"<p>Africa-Press &#8211; Congo Brazzaville. Des femmes ont fait valoir leur savoir-faire lors d\u2019une exposition\u2013vente organise\u0301e a\u0300 l\u2019occasion de la Journe\u0301e internationale des droits des femmes, le 8 mars, a\u0300 l\u2019Institut franc\u0327ais du Congo. De nombreux articles de mode, cosme\u0301tiques, des produits bio, entre autres, des sacs, ceintures, habits, e\u0301ventail, sandale, bracelets, sie\u0300ges pliables pour enfants, [&hellip;]<\/p>\n","protected":false},"author":82,"featured_media":15394,"comment_status":"open","ping_status":"closed","sticky":false,"template":"","format":"standard","meta":{"footnotes":""},"categories":[5,10],"tags":[36,47,46],"class_list":["post-15395","post","type-post","status-publish","format-standard","has-post-thumbnail","hentry","category-culture-et-art","category-toutes-les-actualites","tag-africa-press","tag-africa-press-congo-brazzaville","tag-congo-brazzaville"],"yoast_head":"<!-- This site is optimized with the Yoast SEO Premium plugin v26.1 (Yoast SEO v27.0) - https:\/\/yoast.com\/product\/yoast-seo-premium-wordpress\/ -->\n<title>Journ\u00e9e du 8 mars : exposition-vente des \u0153uvres des femmes - Congo Brazzaville<\/title>\n<meta name=\"description\" content=\"Des femmes ont fait valoir leur savoir-faire lors d\u2019une exposition\u2013vente organise\u0301e a\u0300 l\u2019occasion de la Journe\u0301e inte ...\" \/>\n<meta name=\"robots\" content=\"index, follow, max-snippet:-1, max-image-preview:large, max-video-preview:-1\" \/>\n<link rel=\"canonical\" href=\"https:\/\/www.africa-press.net\/congo-brazzaville\/culture-et-art\/journee-du-8-mars-exposition-vente-des-oeuvres-des-femmes\" \/>\n<meta property=\"og:locale\" content=\"fr_FR\" \/>\n<meta property=\"og:type\" content=\"article\" \/>\n<meta property=\"og:title\" content=\"Journ\u00e9e du 8 mars : exposition-vente des \u0153uvres des femmes\" \/>\n<meta property=\"og:description\" content=\"Des femmes ont fait valoir leur savoir-faire lors d\u2019une exposition\u2013vente organise\u0301e a\u0300 l\u2019occasion de la Journe\u0301e inte ...\" \/>\n<meta property=\"og:url\" content=\"https:\/\/www.africa-press.net\/congo-brazzaville\/culture-et-art\/journee-du-8-mars-exposition-vente-des-oeuvres-des-femmes\" \/>\n<meta property=\"og:site_name\" content=\"Congo Brazzaville\" \/>\n<meta property=\"article:published_time\" content=\"2023-03-08T22:29:58+00:00\" \/>\n<meta property=\"article:modified_time\" content=\"2023-03-08T23:54:56+00:00\" \/>\n<meta property=\"og:image\" content=\"https:\/\/static.africa-press.net\/congo-brazzaville\/sites\/51\/2023\/03\/postQueueImg_1678302001.51.jpg\" \/>\n\t<meta property=\"og:image:width\" content=\"1024\" \/>\n\t<meta property=\"og:image:height\" content=\"768\" \/>\n\t<meta property=\"og:image:type\" content=\"image\/jpeg\" \/>\n<meta name=\"author\" content=\"cfeditorfr\" \/>\n<meta name=\"twitter:card\" content=\"summary_large_image\" \/>\n<meta name=\"twitter:label1\" content=\"\u00c9crit par\" \/>\n\t<meta name=\"twitter:data1\" content=\"cfeditorfr\" \/>\n\t<meta name=\"twitter:label2\" content=\"Dur\u00e9e de lecture estim\u00e9e\" \/>\n\t<meta name=\"twitter:data2\" content=\"2 minutes\" \/>\n<script type=\"application\/ld+json\" class=\"yoast-schema-graph\">{\"@context\":\"https:\/\/schema.org\",\"@graph\":[{\"@type\":\"Article\",\"@id\":\"https:\/\/www.africa-press.net\/congo-brazzaville\/culture-et-art\/journee-du-8-mars-exposition-vente-des-oeuvres-des-femmes#article\",\"isPartOf\":{\"@id\":\"https:\/\/www.africa-press.net\/congo-brazzaville\/culture-et-art\/journee-du-8-mars-exposition-vente-des-oeuvres-des-femmes\"},\"author\":{\"name\":\"cfeditorfr\",\"@id\":\"https:\/\/www.africa-press.net\/congo-brazzaville\/#\/schema\/person\/2b1cf3cd81a31e3cd26889ca66d677f1\"},\"headline\":\"Journ\u00e9e du 8 mars : exposition-vente des \u0153uvres des femmes\",\"datePublished\":\"2023-03-08T22:29:58+00:00\",\"dateModified\":\"2023-03-08T23:54:56+00:00\",\"mainEntityOfPage\":{\"@id\":\"https:\/\/www.africa-press.net\/congo-brazzaville\/culture-et-art\/journee-du-8-mars-exposition-vente-des-oeuvres-des-femmes\"},\"wordCount\":390,\"commentCount\":0,\"image\":{\"@id\":\"https:\/\/www.africa-press.net\/congo-brazzaville\/culture-et-art\/journee-du-8-mars-exposition-vente-des-oeuvres-des-femmes#primaryimage\"},\"thumbnailUrl\":\"https:\/\/static.africa-press.net\/congo-brazzaville\/sites\/51\/2023\/03\/postQueueImg_1678302001.51.jpg\",\"keywords\":[\"Africa Press\",\"Africa Press-Congo Brazzaville\",\"Congo Brazzaville\"],\"articleSection\":[\"Culture et Art\",\"Toutes les actualit\u00e9s\"],\"inLanguage\":\"fr-FR\",\"potentialAction\":[{\"@type\":\"CommentAction\",\"name\":\"Comment\",\"target\":[\"https:\/\/www.africa-press.net\/congo-brazzaville\/culture-et-art\/journee-du-8-mars-exposition-vente-des-oeuvres-des-femmes#respond\"]}]},{\"@type\":\"WebPage\",\"@id\":\"https:\/\/www.africa-press.net\/congo-brazzaville\/culture-et-art\/journee-du-8-mars-exposition-vente-des-oeuvres-des-femmes\",\"url\":\"https:\/\/www.africa-press.net\/congo-brazzaville\/culture-et-art\/journee-du-8-mars-exposition-vente-des-oeuvres-des-femmes\",\"name\":\"Journ\u00e9e du 8 mars : exposition-vente des \u0153uvres des femmes - Congo Brazzaville\",\"isPartOf\":{\"@id\":\"https:\/\/www.africa-press.net\/congo-brazzaville\/#website\"},\"primaryImageOfPage\":{\"@id\":\"https:\/\/www.africa-press.net\/congo-brazzaville\/culture-et-art\/journee-du-8-mars-exposition-vente-des-oeuvres-des-femmes#primaryimage\"},\"image\":{\"@id\":\"https:\/\/www.africa-press.net\/congo-brazzaville\/culture-et-art\/journee-du-8-mars-exposition-vente-des-oeuvres-des-femmes#primaryimage\"},\"thumbnailUrl\":\"https:\/\/static.africa-press.net\/congo-brazzaville\/sites\/51\/2023\/03\/postQueueImg_1678302001.51.jpg\",\"datePublished\":\"2023-03-08T22:29:58+00:00\",\"dateModified\":\"2023-03-08T23:54:56+00:00\",\"author\":{\"@id\":\"https:\/\/www.africa-press.net\/congo-brazzaville\/#\/schema\/person\/2b1cf3cd81a31e3cd26889ca66d677f1\"},\"description\":\"Des femmes ont fait valoir leur savoir-faire lors d\u2019une exposition\u2013vente organise\u0301e a\u0300 l\u2019occasion de la Journe\u0301e inte ...\",\"breadcrumb\":{\"@id\":\"https:\/\/www.africa-press.net\/congo-brazzaville\/culture-et-art\/journee-du-8-mars-exposition-vente-des-oeuvres-des-femmes#breadcrumb\"},\"inLanguage\":\"fr-FR\",\"potentialAction\":[{\"@type\":\"ReadAction\",\"target\":[\"https:\/\/www.africa-press.net\/congo-brazzaville\/culture-et-art\/journee-du-8-mars-exposition-vente-des-oeuvres-des-femmes\"]}]},{\"@type\":\"ImageObject\",\"inLanguage\":\"fr-FR\",\"@id\":\"https:\/\/www.africa-press.net\/congo-brazzaville\/culture-et-art\/journee-du-8-mars-exposition-vente-des-oeuvres-des-femmes#primaryimage\",\"url\":\"https:\/\/static.africa-press.net\/congo-brazzaville\/sites\/51\/2023\/03\/postQueueImg_1678302001.51.jpg\",\"contentUrl\":\"https:\/\/static.africa-press.net\/congo-brazzaville\/sites\/51\/2023\/03\/postQueueImg_1678302001.51.jpg\",\"width\":1024,\"height\":768,\"caption\":\"Journ\u00e9e du 8 mars : exposition-vente des \u0153uvres des femmes\"},{\"@type\":\"BreadcrumbList\",\"@id\":\"https:\/\/www.africa-press.net\/congo-brazzaville\/culture-et-art\/journee-du-8-mars-exposition-vente-des-oeuvres-des-femmes#breadcrumb\",\"itemListElement\":[{\"@type\":\"ListItem\",\"position\":1,\"name\":\"Accueil\",\"item\":\"https:\/\/www.africa-press.net\/congo-brazzaville\/\"},{\"@type\":\"ListItem\",\"position\":2,\"name\":\"Journ\u00e9e du 8 mars : exposition-vente des \u0153uvres des femmes\"}]},{\"@type\":\"WebSite\",\"@id\":\"https:\/\/www.africa-press.net\/congo-brazzaville\/#website\",\"url\":\"https:\/\/www.africa-press.net\/congo-brazzaville\/\",\"name\":\"Congo Brazzaville\",\"description\":\"Just another Africa News Agency Sites site\",\"potentialAction\":[{\"@type\":\"SearchAction\",\"target\":{\"@type\":\"EntryPoint\",\"urlTemplate\":\"https:\/\/www.africa-press.net\/congo-brazzaville\/?s={search_term_string}\"},\"query-input\":{\"@type\":\"PropertyValueSpecification\",\"valueRequired\":true,\"valueName\":\"search_term_string\"}}],\"inLanguage\":\"fr-FR\"},{\"@type\":\"Person\",\"@id\":\"https:\/\/www.africa-press.net\/congo-brazzaville\/#\/schema\/person\/2b1cf3cd81a31e3cd26889ca66d677f1\",\"name\":\"cfeditorfr\"}]}<\/script>\n<!-- \/ Yoast SEO Premium plugin. -->","yoast_head_json":{"title":"Journ\u00e9e du 8 mars : exposition-vente des \u0153uvres des femmes - Congo Brazzaville","description":"Des femmes ont fait valoir leur savoir-faire lors d\u2019une exposition\u2013vente organise\u0301e a\u0300 l\u2019occasion de la Journe\u0301e inte ...","robots":{"index":"index","follow":"follow","max-snippet":"max-snippet:-1","max-image-preview":"max-image-preview:large","max-video-preview":"max-video-preview:-1"},"canonical":"https:\/\/www.africa-press.net\/congo-brazzaville\/culture-et-art\/journee-du-8-mars-exposition-vente-des-oeuvres-des-femmes","og_locale":"fr_FR","og_type":"article","og_title":"Journ\u00e9e du 8 mars : exposition-vente des \u0153uvres des femmes","og_description":"Des femmes ont fait valoir leur savoir-faire lors d\u2019une exposition\u2013vente organise\u0301e a\u0300 l\u2019occasion de la Journe\u0301e inte ...","og_url":"https:\/\/www.africa-press.net\/congo-brazzaville\/culture-et-art\/journee-du-8-mars-exposition-vente-des-oeuvres-des-femmes","og_site_name":"Congo Brazzaville","article_published_time":"2023-03-08T22:29:58+00:00","article_modified_time":"2023-03-08T23:54:56+00:00","og_image":[{"width":1024,"height":768,"url":"https:\/\/static.africa-press.net\/congo-brazzaville\/sites\/51\/2023\/03\/postQueueImg_1678302001.51.jpg","type":"image\/jpeg"}],"author":"cfeditorfr","twitter_card":"summary_large_image","twitter_misc":{"\u00c9crit par":"cfeditorfr","Dur\u00e9e de lecture estim\u00e9e":"2 minutes"},"schema":{"@context":"https:\/\/schema.org","@graph":[{"@type":"Article","@id":"https:\/\/www.africa-press.net\/congo-brazzaville\/culture-et-art\/journee-du-8-mars-exposition-vente-des-oeuvres-des-femmes#article","isPartOf":{"@id":"https:\/\/www.africa-press.net\/congo-brazzaville\/culture-et-art\/journee-du-8-mars-exposition-vente-des-oeuvres-des-femmes"},"author":{"name":"cfeditorfr","@id":"https:\/\/www.africa-press.net\/congo-brazzaville\/#\/schema\/person\/2b1cf3cd81a31e3cd26889ca66d677f1"},"headline":"Journ\u00e9e du 8 mars : exposition-vente des \u0153uvres des femmes","datePublished":"2023-03-08T22:29:58+00:00","dateModified":"2023-03-08T23:54:56+00:00","mainEntityOfPage":{"@id":"https:\/\/www.africa-press.net\/congo-brazzaville\/culture-et-art\/journee-du-8-mars-exposition-vente-des-oeuvres-des-femmes"},"wordCount":390,"commentCount":0,"image":{"@id":"https:\/\/www.africa-press.net\/congo-brazzaville\/culture-et-art\/journee-du-8-mars-exposition-vente-des-oeuvres-des-femmes#primaryimage"},"thumbnailUrl":"https:\/\/static.africa-press.net\/congo-brazzaville\/sites\/51\/2023\/03\/postQueueImg_1678302001.51.jpg","keywords":["Africa Press","Africa Press-Congo Brazzaville","Congo Brazzaville"],"articleSection":["Culture et Art","Toutes les actualit\u00e9s"],"inLanguage":"fr-FR","potentialAction":[{"@type":"CommentAction","name":"Comment","target":["https:\/\/www.africa-press.net\/congo-brazzaville\/culture-et-art\/journee-du-8-mars-exposition-vente-des-oeuvres-des-femmes#respond"]}]},{"@type":"WebPage","@id":"https:\/\/www.africa-press.net\/congo-brazzaville\/culture-et-art\/journee-du-8-mars-exposition-vente-des-oeuvres-des-femmes","url":"https:\/\/www.africa-press.net\/congo-brazzaville\/culture-et-art\/journee-du-8-mars-exposition-vente-des-oeuvres-des-femmes","name":"Journ\u00e9e du 8 mars : exposition-vente des \u0153uvres des femmes - Congo Brazzaville","isPartOf":{"@id":"https:\/\/www.africa-press.net\/congo-brazzaville\/#website"},"primaryImageOfPage":{"@id":"https:\/\/www.africa-press.net\/congo-brazzaville\/culture-et-art\/journee-du-8-mars-exposition-vente-des-oeuvres-des-femmes#primaryimage"},"image":{"@id":"https:\/\/www.africa-press.net\/congo-brazzaville\/culture-et-art\/journee-du-8-mars-exposition-vente-des-oeuvres-des-femmes#primaryimage"},"thumbnailUrl":"https:\/\/static.africa-press.net\/congo-brazzaville\/sites\/51\/2023\/03\/postQueueImg_1678302001.51.jpg","datePublished":"2023-03-08T22:29:58+00:00","dateModified":"2023-03-08T23:54:56+00:00","author":{"@id":"https:\/\/www.africa-press.net\/congo-brazzaville\/#\/schema\/person\/2b1cf3cd81a31e3cd26889ca66d677f1"},"description":"Des femmes ont fait valoir leur savoir-faire lors d\u2019une exposition\u2013vente organise\u0301e a\u0300 l\u2019occasion de la Journe\u0301e inte ...","breadcrumb":{"@id":"https:\/\/www.africa-press.net\/congo-brazzaville\/culture-et-art\/journee-du-8-mars-exposition-vente-des-oeuvres-des-femmes#breadcrumb"},"inLanguage":"fr-FR","potentialAction":[{"@type":"ReadAction","target":["https:\/\/www.africa-press.net\/congo-brazzaville\/culture-et-art\/journee-du-8-mars-exposition-vente-des-oeuvres-des-femmes"]}]},{"@type":"ImageObject","inLanguage":"fr-FR","@id":"https:\/\/www.africa-press.net\/congo-brazzaville\/culture-et-art\/journee-du-8-mars-exposition-vente-des-oeuvres-des-femmes#primaryimage","url":"https:\/\/static.africa-press.net\/congo-brazzaville\/sites\/51\/2023\/03\/postQueueImg_1678302001.51.jpg","contentUrl":"https:\/\/static.africa-press.net\/congo-brazzaville\/sites\/51\/2023\/03\/postQueueImg_1678302001.51.jpg","width":1024,"height":768,"caption":"Journ\u00e9e du 8 mars : exposition-vente des \u0153uvres des femmes"},{"@type":"BreadcrumbList","@id":"https:\/\/www.africa-press.net\/congo-brazzaville\/culture-et-art\/journee-du-8-mars-exposition-vente-des-oeuvres-des-femmes#breadcrumb","itemListElement":[{"@type":"ListItem","position":1,"name":"Accueil","item":"https:\/\/www.africa-press.net\/congo-brazzaville\/"},{"@type":"ListItem","position":2,"name":"Journ\u00e9e du 8 mars : exposition-vente des \u0153uvres des femmes"}]},{"@type":"WebSite","@id":"https:\/\/www.africa-press.net\/congo-brazzaville\/#website","url":"https:\/\/www.africa-press.net\/congo-brazzaville\/","name":"Congo Brazzaville","description":"Just another Africa News Agency Sites site","potentialAction":[{"@type":"SearchAction","target":{"@type":"EntryPoint","urlTemplate":"https:\/\/www.africa-press.net\/congo-brazzaville\/?s={search_term_string}"},"query-input":{"@type":"PropertyValueSpecification","valueRequired":true,"valueName":"search_term_string"}}],"inLanguage":"fr-FR"},{"@type":"Person","@id":"https:\/\/www.africa-press.net\/congo-brazzaville\/#\/schema\/person\/2b1cf3cd81a31e3cd26889ca66d677f1","name":"cfeditorfr"}]}},"_links":{"self":[{"href":"https:\/\/www.africa-press.net\/congo-brazzaville\/wp-json\/wp\/v2\/posts\/15395","targetHints":{"allow":["GET"]}}],"collection":[{"href":"https:\/\/www.africa-press.net\/congo-brazzaville\/wp-json\/wp\/v2\/posts"}],"about":[{"href":"https:\/\/www.africa-press.net\/congo-brazzaville\/wp-json\/wp\/v2\/types\/post"}],"author":[{"embeddable":true,"href":"https:\/\/www.africa-press.net\/congo-brazzaville\/wp-json\/wp\/v2\/users\/82"}],"replies":[{"embeddable":true,"href":"https:\/\/www.africa-press.net\/congo-brazzaville\/wp-json\/wp\/v2\/comments?post=15395"}],"version-history":[{"count":0,"href":"https:\/\/www.africa-press.net\/congo-brazzaville\/wp-json\/wp\/v2\/posts\/15395\/revisions"}],"wp:featuredmedia":[{"embeddable":true,"href":"https:\/\/www.africa-press.net\/congo-brazzaville\/wp-json\/wp\/v2\/media\/15394"}],"wp:attachment":[{"href":"https:\/\/www.africa-press.net\/congo-brazzaville\/wp-json\/wp\/v2\/media?parent=15395"}],"wp:term":[{"taxonomy":"category","embeddable":true,"href":"https:\/\/www.africa-press.net\/congo-brazzaville\/wp-json\/wp\/v2\/categories?post=15395"},{"taxonomy":"post_tag","embeddable":true,"href":"https:\/\/www.africa-press.net\/congo-brazzaville\/wp-json\/wp\/v2\/tags?post=15395"}],"curies":[{"name":"wp","href":"https:\/\/api.w.org\/{rel}","templated":true}]}}