{"id":15397,"date":"2023-03-08T22:30:03","date_gmt":"2023-03-08T22:30:03","guid":{"rendered":"https:\/\/www.africa-press.net\/congo-brazzaville\/politique\/journee-du-8-mars-la-cour-constitutionnelle-planche-sur-les-droits-des-femmes"},"modified":"2023-03-08T23:55:23","modified_gmt":"2023-03-08T23:55:23","slug":"journee-du-8-mars-la-cour-constitutionnelle-planche-sur-les-droits-des-femmes","status":"publish","type":"post","link":"https:\/\/www.africa-press.net\/congo-brazzaville\/toutes-les-actualites\/journee-du-8-mars-la-cour-constitutionnelle-planche-sur-les-droits-des-femmes","title":{"rendered":"Journ\u00e9e du 8 mars: la Cour constitutionnelle planche sur les droits des femmes"},"content":{"rendered":"<p><span style=\"color: #ff6600\"><strong>Africa-Press &#8211; Congo Brazzaville. <\/strong><\/span><b>Les femmes e\u0301voluant a\u0300 la Cour constitutionnelle ont e\u0301change\u0301, le 8 mars a\u0300 Brazzaville, sur les questions relatives aux droits de la femme et son autonomie, a\u0300 l\u2019occasion de la ce\u0301le\u0301bration de la Journe\u0301e internationale des femmes sur le the\u0300me \u00ab Pour un monde digital inclusif : innovation et technologie pour l\u2019e\u0301galite\u0301 des sexes \u00bb. <\/b><\/p>\n<p>Au niveau national, la journe\u0301e a e\u0301te\u0301 ce\u0301le\u0301bre\u0301e sur le the\u0300me \u00ab Promouvoir l\u2019inte\u0301gration de la femme au de\u0301veloppement par la pratique des activite\u0301s ge\u0301ne\u0301ratrices de revenus en groupements ou coope\u0301ratives \u00bb.<\/p>\n<p>Les femmes de la Cour constitutionnelle ont suivi une communication sur le the\u0300me \u00ab La porte\u0301e de la loi Moue\u0301bara sur la protection de la femme \u00bb, de\u0301veloppe\u0301 par Lorie Claire Ondongo Mangue Kegne. Elle a explique\u0301 que les pre\u0301occupations relatives aux droits des femmes sont d\u2019actualite\u0301. Le but est d\u2019obtenir de nouveaux droits, de faire correctement appliquer ceux qui ont e\u0301te\u0301 obtenus, de promouvoir le traitement e\u0301galitaire entre l\u2019homme et la femme, d\u2019impliquer la femme dans la vie politique et le de\u0301veloppement, enfin, de promouvoir la lutte contre les violences faites aux femmes.<\/p>\n<p>A cet effet, elle a souligne\u0301 que la loi Moue\u0301bara a fait entrer dans le droit congolais des nouveaux concepts et a modifie\u0301 ceux qui existaient de\u0301ja\u0300. Elle pe\u0301nalise les violences lie\u0301es au veuvage et a\u0300 la succession ainsi qu\u2019au mariage force\u0301 et institue le concubinage.<\/p>\n<p>Par ailleurs, cette me\u0302me loi re\u0301prime la diffamation des peines d\u2019emprisonnement et rallonge le de\u0301lai des prescriptions de l\u2019action et cre\u0301e le re\u0301fe\u0301re\u0301 protection.<\/p>\n<p>Un autre the\u0300me, \u00ab Promouvoir l\u2019inte\u0301gration de la femme au de\u0301veloppement par la pratique des activite\u0301s ge\u0301ne\u0301ratrices de revenus en groupements ou coope\u0301ratives \u00bb, a e\u0301te\u0301 anime\u0301 par l\u2019assistante juridique, flore Fouty Kambissi Makoka, ainsi que l\u2019attache\u0301 juridique, Cornelie Kalthouma Miafouma Kimbembe\u0301.<\/p>\n<p>Pour les oratrices, l\u2019autonomisation des femmes est conside\u0301re\u0301e comme une condition ne\u0301cessaire a\u0300 l\u2019inte\u0301gration de la femme au de\u0301veloppement, moyen de renforcement des droits des femmes pour lutter contre les violences base\u0301es sur le genre. Elles ont souhaite\u0301 que les femmes soient accompagne\u0301es afin d\u2019atteindre les objectifs de de\u0301veloppement. \u00ab Au Congo, les femmes entreprennent dans de nombreux secteurs d\u2019activite\u0301s : l\u2019agriculture, l\u2019artisanat, l\u2019e\u0301conomie sociale et solidaire. Elles font preuve d\u2019un remarquable bon sens commercial, de te\u0301nacite\u0301 et de courage. Cependant, leurs efforts ne suffisent pas pour de\u0301velopper leurs activite\u0301s et en faire un ve\u0301ritable levier de progre\u0300s, de stabilite\u0301 et d\u2019espoir \u00bb, ont elles dit.<\/p>\n<p>Le directeur de cabinet du pre\u0301sident de la Cour constitutionnelle, Aristide Elenga, a assure\u0301 les femmes, dans son allocution, que le pre\u0301sident de cette institution, Auguste Iloki, encourage les femmes a\u0300 s\u2019inscrire dans cette dynamique en faveur de l\u2019effectivite\u0301 de leurs droits et de leur plein e\u0301panouissement.<\/p>\n<p>\u00ab Femmes, cette ce\u0301re\u0301monie et cette journe\u0301e sont les vo\u0302tres et le pre\u0301sident compte d\u2019avance sur la maturite\u0301 de tous pour plus de responsabilite\u0301s, de courtoisie et de hauteur dans les e\u0301changes \u00bb, a-t-il de\u0301clare\u0301.<\/p>\n<p><strong>Pour plus d&rsquo;informations et d&rsquo;analyses sur la <a href=\"https:\/\/www.africa-press.net\/congo-brazzaville\">Congo Brazzaville<\/a>, suivez <a href=\"https:\/\/www.africa-press.net\/\">Africa-Press<\/a><\/strong><\/p>\n","protected":false},"excerpt":{"rendered":"<p>Africa-Press &#8211; Congo Brazzaville. Les femmes e\u0301voluant a\u0300 la Cour constitutionnelle ont e\u0301change\u0301, le 8 mars a\u0300 Brazzaville, sur les questions relatives aux droits de la femme et son autonomie, a\u0300 l\u2019occasion de la ce\u0301le\u0301bration de la Journe\u0301e internationale des femmes sur le the\u0300me \u00ab Pour un monde digital inclusif : innovation et technologie pour [&hellip;]<\/p>\n","protected":false},"author":82,"featured_media":15396,"comment_status":"open","ping_status":"closed","sticky":false,"template":"","format":"standard","meta":{"footnotes":""},"categories":[21,10],"tags":[36,47,46],"class_list":["post-15397","post","type-post","status-publish","format-standard","has-post-thumbnail","hentry","category-communaute","category-toutes-les-actualites","tag-africa-press","tag-africa-press-congo-brazzaville","tag-congo-brazzaville"],"yoast_head":"<!-- This site is optimized with the Yoast SEO Premium plugin v26.1 (Yoast SEO v27.0) - https:\/\/yoast.com\/product\/yoast-seo-premium-wordpress\/ -->\n<title>Journ\u00e9e du 8 mars: la Cour constitutionnelle planche sur les droits des femmes - Congo Brazzaville<\/title>\n<meta name=\"description\" content=\"Les femmes e\u0301voluant a\u0300 la Cour constitutionnelle ont e\u0301change\u0301, le 8 mars a\u0300 Brazzaville, sur les questions relative ...\" \/>\n<meta name=\"robots\" content=\"index, follow, max-snippet:-1, max-image-preview:large, max-video-preview:-1\" \/>\n<link rel=\"canonical\" href=\"https:\/\/www.africa-press.net\/congo-brazzaville\/toutes-les-actualites\/journee-du-8-mars-la-cour-constitutionnelle-planche-sur-les-droits-des-femmes\" \/>\n<meta property=\"og:locale\" content=\"fr_FR\" \/>\n<meta property=\"og:type\" content=\"article\" \/>\n<meta property=\"og:title\" content=\"Journ\u00e9e du 8 mars: la Cour constitutionnelle planche sur les droits des femmes\" \/>\n<meta property=\"og:description\" content=\"Les femmes e\u0301voluant a\u0300 la Cour constitutionnelle ont e\u0301change\u0301, le 8 mars a\u0300 Brazzaville, sur les questions relative ...\" \/>\n<meta property=\"og:url\" content=\"https:\/\/www.africa-press.net\/congo-brazzaville\/toutes-les-actualites\/journee-du-8-mars-la-cour-constitutionnelle-planche-sur-les-droits-des-femmes\" \/>\n<meta property=\"og:site_name\" content=\"Congo Brazzaville\" \/>\n<meta property=\"article:published_time\" content=\"2023-03-08T22:30:03+00:00\" \/>\n<meta property=\"article:modified_time\" content=\"2023-03-08T23:55:23+00:00\" \/>\n<meta property=\"og:image\" content=\"https:\/\/static.africa-press.net\/congo-brazzaville\/sites\/51\/2023\/03\/postQueueImg_1678302026.21.jpg\" \/>\n\t<meta property=\"og:image:width\" content=\"1749\" \/>\n\t<meta property=\"og:image:height\" content=\"768\" \/>\n\t<meta property=\"og:image:type\" content=\"image\/jpeg\" \/>\n<meta name=\"author\" content=\"cfeditorfr\" \/>\n<meta name=\"twitter:card\" content=\"summary_large_image\" \/>\n<meta name=\"twitter:label1\" content=\"\u00c9crit par\" \/>\n\t<meta name=\"twitter:data1\" content=\"cfeditorfr\" \/>\n\t<meta name=\"twitter:label2\" content=\"Dur\u00e9e de lecture estim\u00e9e\" \/>\n\t<meta name=\"twitter:data2\" content=\"3 minutes\" \/>\n<script type=\"application\/ld+json\" class=\"yoast-schema-graph\">{\"@context\":\"https:\/\/schema.org\",\"@graph\":[{\"@type\":\"Article\",\"@id\":\"https:\/\/www.africa-press.net\/congo-brazzaville\/toutes-les-actualites\/journee-du-8-mars-la-cour-constitutionnelle-planche-sur-les-droits-des-femmes#article\",\"isPartOf\":{\"@id\":\"https:\/\/www.africa-press.net\/congo-brazzaville\/toutes-les-actualites\/journee-du-8-mars-la-cour-constitutionnelle-planche-sur-les-droits-des-femmes\"},\"author\":{\"name\":\"cfeditorfr\",\"@id\":\"https:\/\/www.africa-press.net\/congo-brazzaville\/#\/schema\/person\/2b1cf3cd81a31e3cd26889ca66d677f1\"},\"headline\":\"Journ\u00e9e du 8 mars: la Cour constitutionnelle planche sur les droits des femmes\",\"datePublished\":\"2023-03-08T22:30:03+00:00\",\"dateModified\":\"2023-03-08T23:55:23+00:00\",\"mainEntityOfPage\":{\"@id\":\"https:\/\/www.africa-press.net\/congo-brazzaville\/toutes-les-actualites\/journee-du-8-mars-la-cour-constitutionnelle-planche-sur-les-droits-des-femmes\"},\"wordCount\":592,\"commentCount\":0,\"image\":{\"@id\":\"https:\/\/www.africa-press.net\/congo-brazzaville\/toutes-les-actualites\/journee-du-8-mars-la-cour-constitutionnelle-planche-sur-les-droits-des-femmes#primaryimage\"},\"thumbnailUrl\":\"https:\/\/static.africa-press.net\/congo-brazzaville\/sites\/51\/2023\/03\/postQueueImg_1678302026.21.jpg\",\"keywords\":[\"Africa Press\",\"Africa Press-Congo Brazzaville\",\"Congo Brazzaville\"],\"articleSection\":[\"Communaut\u00e9\",\"Toutes les actualit\u00e9s\"],\"inLanguage\":\"fr-FR\",\"potentialAction\":[{\"@type\":\"CommentAction\",\"name\":\"Comment\",\"target\":[\"https:\/\/www.africa-press.net\/congo-brazzaville\/toutes-les-actualites\/journee-du-8-mars-la-cour-constitutionnelle-planche-sur-les-droits-des-femmes#respond\"]}]},{\"@type\":\"WebPage\",\"@id\":\"https:\/\/www.africa-press.net\/congo-brazzaville\/toutes-les-actualites\/journee-du-8-mars-la-cour-constitutionnelle-planche-sur-les-droits-des-femmes\",\"url\":\"https:\/\/www.africa-press.net\/congo-brazzaville\/toutes-les-actualites\/journee-du-8-mars-la-cour-constitutionnelle-planche-sur-les-droits-des-femmes\",\"name\":\"Journ\u00e9e du 8 mars: la Cour constitutionnelle planche sur les droits des femmes - Congo Brazzaville\",\"isPartOf\":{\"@id\":\"https:\/\/www.africa-press.net\/congo-brazzaville\/#website\"},\"primaryImageOfPage\":{\"@id\":\"https:\/\/www.africa-press.net\/congo-brazzaville\/toutes-les-actualites\/journee-du-8-mars-la-cour-constitutionnelle-planche-sur-les-droits-des-femmes#primaryimage\"},\"image\":{\"@id\":\"https:\/\/www.africa-press.net\/congo-brazzaville\/toutes-les-actualites\/journee-du-8-mars-la-cour-constitutionnelle-planche-sur-les-droits-des-femmes#primaryimage\"},\"thumbnailUrl\":\"https:\/\/static.africa-press.net\/congo-brazzaville\/sites\/51\/2023\/03\/postQueueImg_1678302026.21.jpg\",\"datePublished\":\"2023-03-08T22:30:03+00:00\",\"dateModified\":\"2023-03-08T23:55:23+00:00\",\"author\":{\"@id\":\"https:\/\/www.africa-press.net\/congo-brazzaville\/#\/schema\/person\/2b1cf3cd81a31e3cd26889ca66d677f1\"},\"description\":\"Les femmes e\u0301voluant a\u0300 la Cour constitutionnelle ont e\u0301change\u0301, le 8 mars a\u0300 Brazzaville, sur les questions relative ...\",\"breadcrumb\":{\"@id\":\"https:\/\/www.africa-press.net\/congo-brazzaville\/toutes-les-actualites\/journee-du-8-mars-la-cour-constitutionnelle-planche-sur-les-droits-des-femmes#breadcrumb\"},\"inLanguage\":\"fr-FR\",\"potentialAction\":[{\"@type\":\"ReadAction\",\"target\":[\"https:\/\/www.africa-press.net\/congo-brazzaville\/toutes-les-actualites\/journee-du-8-mars-la-cour-constitutionnelle-planche-sur-les-droits-des-femmes\"]}]},{\"@type\":\"ImageObject\",\"inLanguage\":\"fr-FR\",\"@id\":\"https:\/\/www.africa-press.net\/congo-brazzaville\/toutes-les-actualites\/journee-du-8-mars-la-cour-constitutionnelle-planche-sur-les-droits-des-femmes#primaryimage\",\"url\":\"https:\/\/static.africa-press.net\/congo-brazzaville\/sites\/51\/2023\/03\/postQueueImg_1678302026.21.jpg\",\"contentUrl\":\"https:\/\/static.africa-press.net\/congo-brazzaville\/sites\/51\/2023\/03\/postQueueImg_1678302026.21.jpg\",\"width\":1749,\"height\":768,\"caption\":\"Journ\u00e9e du 8 mars: la Cour constitutionnelle planche sur les droits des femmes\"},{\"@type\":\"BreadcrumbList\",\"@id\":\"https:\/\/www.africa-press.net\/congo-brazzaville\/toutes-les-actualites\/journee-du-8-mars-la-cour-constitutionnelle-planche-sur-les-droits-des-femmes#breadcrumb\",\"itemListElement\":[{\"@type\":\"ListItem\",\"position\":1,\"name\":\"Accueil\",\"item\":\"https:\/\/www.africa-press.net\/congo-brazzaville\/\"},{\"@type\":\"ListItem\",\"position\":2,\"name\":\"Journ\u00e9e du 8 mars: la Cour constitutionnelle planche sur les droits des femmes\"}]},{\"@type\":\"WebSite\",\"@id\":\"https:\/\/www.africa-press.net\/congo-brazzaville\/#website\",\"url\":\"https:\/\/www.africa-press.net\/congo-brazzaville\/\",\"name\":\"Congo Brazzaville\",\"description\":\"Just another Africa News Agency Sites site\",\"potentialAction\":[{\"@type\":\"SearchAction\",\"target\":{\"@type\":\"EntryPoint\",\"urlTemplate\":\"https:\/\/www.africa-press.net\/congo-brazzaville\/?s={search_term_string}\"},\"query-input\":{\"@type\":\"PropertyValueSpecification\",\"valueRequired\":true,\"valueName\":\"search_term_string\"}}],\"inLanguage\":\"fr-FR\"},{\"@type\":\"Person\",\"@id\":\"https:\/\/www.africa-press.net\/congo-brazzaville\/#\/schema\/person\/2b1cf3cd81a31e3cd26889ca66d677f1\",\"name\":\"cfeditorfr\"}]}<\/script>\n<!-- \/ Yoast SEO Premium plugin. -->","yoast_head_json":{"title":"Journ\u00e9e du 8 mars: la Cour constitutionnelle planche sur les droits des femmes - Congo Brazzaville","description":"Les femmes e\u0301voluant a\u0300 la Cour constitutionnelle ont e\u0301change\u0301, le 8 mars a\u0300 Brazzaville, sur les questions relative ...","robots":{"index":"index","follow":"follow","max-snippet":"max-snippet:-1","max-image-preview":"max-image-preview:large","max-video-preview":"max-video-preview:-1"},"canonical":"https:\/\/www.africa-press.net\/congo-brazzaville\/toutes-les-actualites\/journee-du-8-mars-la-cour-constitutionnelle-planche-sur-les-droits-des-femmes","og_locale":"fr_FR","og_type":"article","og_title":"Journ\u00e9e du 8 mars: la Cour constitutionnelle planche sur les droits des femmes","og_description":"Les femmes e\u0301voluant a\u0300 la Cour constitutionnelle ont e\u0301change\u0301, le 8 mars a\u0300 Brazzaville, sur les questions relative ...","og_url":"https:\/\/www.africa-press.net\/congo-brazzaville\/toutes-les-actualites\/journee-du-8-mars-la-cour-constitutionnelle-planche-sur-les-droits-des-femmes","og_site_name":"Congo Brazzaville","article_published_time":"2023-03-08T22:30:03+00:00","article_modified_time":"2023-03-08T23:55:23+00:00","og_image":[{"width":1749,"height":768,"url":"https:\/\/static.africa-press.net\/congo-brazzaville\/sites\/51\/2023\/03\/postQueueImg_1678302026.21.jpg","type":"image\/jpeg"}],"author":"cfeditorfr","twitter_card":"summary_large_image","twitter_misc":{"\u00c9crit par":"cfeditorfr","Dur\u00e9e de lecture estim\u00e9e":"3 minutes"},"schema":{"@context":"https:\/\/schema.org","@graph":[{"@type":"Article","@id":"https:\/\/www.africa-press.net\/congo-brazzaville\/toutes-les-actualites\/journee-du-8-mars-la-cour-constitutionnelle-planche-sur-les-droits-des-femmes#article","isPartOf":{"@id":"https:\/\/www.africa-press.net\/congo-brazzaville\/toutes-les-actualites\/journee-du-8-mars-la-cour-constitutionnelle-planche-sur-les-droits-des-femmes"},"author":{"name":"cfeditorfr","@id":"https:\/\/www.africa-press.net\/congo-brazzaville\/#\/schema\/person\/2b1cf3cd81a31e3cd26889ca66d677f1"},"headline":"Journ\u00e9e du 8 mars: la Cour constitutionnelle planche sur les droits des femmes","datePublished":"2023-03-08T22:30:03+00:00","dateModified":"2023-03-08T23:55:23+00:00","mainEntityOfPage":{"@id":"https:\/\/www.africa-press.net\/congo-brazzaville\/toutes-les-actualites\/journee-du-8-mars-la-cour-constitutionnelle-planche-sur-les-droits-des-femmes"},"wordCount":592,"commentCount":0,"image":{"@id":"https:\/\/www.africa-press.net\/congo-brazzaville\/toutes-les-actualites\/journee-du-8-mars-la-cour-constitutionnelle-planche-sur-les-droits-des-femmes#primaryimage"},"thumbnailUrl":"https:\/\/static.africa-press.net\/congo-brazzaville\/sites\/51\/2023\/03\/postQueueImg_1678302026.21.jpg","keywords":["Africa Press","Africa Press-Congo Brazzaville","Congo Brazzaville"],"articleSection":["Communaut\u00e9","Toutes les actualit\u00e9s"],"inLanguage":"fr-FR","potentialAction":[{"@type":"CommentAction","name":"Comment","target":["https:\/\/www.africa-press.net\/congo-brazzaville\/toutes-les-actualites\/journee-du-8-mars-la-cour-constitutionnelle-planche-sur-les-droits-des-femmes#respond"]}]},{"@type":"WebPage","@id":"https:\/\/www.africa-press.net\/congo-brazzaville\/toutes-les-actualites\/journee-du-8-mars-la-cour-constitutionnelle-planche-sur-les-droits-des-femmes","url":"https:\/\/www.africa-press.net\/congo-brazzaville\/toutes-les-actualites\/journee-du-8-mars-la-cour-constitutionnelle-planche-sur-les-droits-des-femmes","name":"Journ\u00e9e du 8 mars: la Cour constitutionnelle planche sur les droits des femmes - Congo Brazzaville","isPartOf":{"@id":"https:\/\/www.africa-press.net\/congo-brazzaville\/#website"},"primaryImageOfPage":{"@id":"https:\/\/www.africa-press.net\/congo-brazzaville\/toutes-les-actualites\/journee-du-8-mars-la-cour-constitutionnelle-planche-sur-les-droits-des-femmes#primaryimage"},"image":{"@id":"https:\/\/www.africa-press.net\/congo-brazzaville\/toutes-les-actualites\/journee-du-8-mars-la-cour-constitutionnelle-planche-sur-les-droits-des-femmes#primaryimage"},"thumbnailUrl":"https:\/\/static.africa-press.net\/congo-brazzaville\/sites\/51\/2023\/03\/postQueueImg_1678302026.21.jpg","datePublished":"2023-03-08T22:30:03+00:00","dateModified":"2023-03-08T23:55:23+00:00","author":{"@id":"https:\/\/www.africa-press.net\/congo-brazzaville\/#\/schema\/person\/2b1cf3cd81a31e3cd26889ca66d677f1"},"description":"Les femmes e\u0301voluant a\u0300 la Cour constitutionnelle ont e\u0301change\u0301, le 8 mars a\u0300 Brazzaville, sur les questions relative ...","breadcrumb":{"@id":"https:\/\/www.africa-press.net\/congo-brazzaville\/toutes-les-actualites\/journee-du-8-mars-la-cour-constitutionnelle-planche-sur-les-droits-des-femmes#breadcrumb"},"inLanguage":"fr-FR","potentialAction":[{"@type":"ReadAction","target":["https:\/\/www.africa-press.net\/congo-brazzaville\/toutes-les-actualites\/journee-du-8-mars-la-cour-constitutionnelle-planche-sur-les-droits-des-femmes"]}]},{"@type":"ImageObject","inLanguage":"fr-FR","@id":"https:\/\/www.africa-press.net\/congo-brazzaville\/toutes-les-actualites\/journee-du-8-mars-la-cour-constitutionnelle-planche-sur-les-droits-des-femmes#primaryimage","url":"https:\/\/static.africa-press.net\/congo-brazzaville\/sites\/51\/2023\/03\/postQueueImg_1678302026.21.jpg","contentUrl":"https:\/\/static.africa-press.net\/congo-brazzaville\/sites\/51\/2023\/03\/postQueueImg_1678302026.21.jpg","width":1749,"height":768,"caption":"Journ\u00e9e du 8 mars: la Cour constitutionnelle planche sur les droits des femmes"},{"@type":"BreadcrumbList","@id":"https:\/\/www.africa-press.net\/congo-brazzaville\/toutes-les-actualites\/journee-du-8-mars-la-cour-constitutionnelle-planche-sur-les-droits-des-femmes#breadcrumb","itemListElement":[{"@type":"ListItem","position":1,"name":"Accueil","item":"https:\/\/www.africa-press.net\/congo-brazzaville\/"},{"@type":"ListItem","position":2,"name":"Journ\u00e9e du 8 mars: la Cour constitutionnelle planche sur les droits des femmes"}]},{"@type":"WebSite","@id":"https:\/\/www.africa-press.net\/congo-brazzaville\/#website","url":"https:\/\/www.africa-press.net\/congo-brazzaville\/","name":"Congo Brazzaville","description":"Just another Africa News Agency Sites site","potentialAction":[{"@type":"SearchAction","target":{"@type":"EntryPoint","urlTemplate":"https:\/\/www.africa-press.net\/congo-brazzaville\/?s={search_term_string}"},"query-input":{"@type":"PropertyValueSpecification","valueRequired":true,"valueName":"search_term_string"}}],"inLanguage":"fr-FR"},{"@type":"Person","@id":"https:\/\/www.africa-press.net\/congo-brazzaville\/#\/schema\/person\/2b1cf3cd81a31e3cd26889ca66d677f1","name":"cfeditorfr"}]}},"_links":{"self":[{"href":"https:\/\/www.africa-press.net\/congo-brazzaville\/wp-json\/wp\/v2\/posts\/15397","targetHints":{"allow":["GET"]}}],"collection":[{"href":"https:\/\/www.africa-press.net\/congo-brazzaville\/wp-json\/wp\/v2\/posts"}],"about":[{"href":"https:\/\/www.africa-press.net\/congo-brazzaville\/wp-json\/wp\/v2\/types\/post"}],"author":[{"embeddable":true,"href":"https:\/\/www.africa-press.net\/congo-brazzaville\/wp-json\/wp\/v2\/users\/82"}],"replies":[{"embeddable":true,"href":"https:\/\/www.africa-press.net\/congo-brazzaville\/wp-json\/wp\/v2\/comments?post=15397"}],"version-history":[{"count":0,"href":"https:\/\/www.africa-press.net\/congo-brazzaville\/wp-json\/wp\/v2\/posts\/15397\/revisions"}],"wp:featuredmedia":[{"embeddable":true,"href":"https:\/\/www.africa-press.net\/congo-brazzaville\/wp-json\/wp\/v2\/media\/15396"}],"wp:attachment":[{"href":"https:\/\/www.africa-press.net\/congo-brazzaville\/wp-json\/wp\/v2\/media?parent=15397"}],"wp:term":[{"taxonomy":"category","embeddable":true,"href":"https:\/\/www.africa-press.net\/congo-brazzaville\/wp-json\/wp\/v2\/categories?post=15397"},{"taxonomy":"post_tag","embeddable":true,"href":"https:\/\/www.africa-press.net\/congo-brazzaville\/wp-json\/wp\/v2\/tags?post=15397"}],"curies":[{"name":"wp","href":"https:\/\/api.w.org\/{rel}","templated":true}]}}