{"id":15407,"date":"2023-03-09T12:12:54","date_gmt":"2023-03-09T12:12:54","guid":{"rendered":"https:\/\/www.africa-press.net\/congo-brazzaville\/politique\/musique-patrouille-des-stars-signe-un-contrat-de-production-avec-tpt-plus"},"modified":"2023-03-09T12:47:28","modified_gmt":"2023-03-09T12:47:28","slug":"musique-patrouille-des-stars-signe-un-contrat-de-production-avec-tpt-plus","status":"publish","type":"post","link":"https:\/\/www.africa-press.net\/congo-brazzaville\/culture-et-art\/musique-patrouille-des-stars-signe-un-contrat-de-production-avec-tpt-plus","title":{"rendered":"Musique : Patrouille des stars signe un contrat de production avec TPT Plus"},"content":{"rendered":"<p><span style=\"color: #ff6600\"><strong>Africa-Press &#8211; Congo Brazzaville. <\/strong><\/span><b>Le contrat de production et de management signe\u0301 par l\u2019orchestre de Ke\u0301vin Mbouande\u0301 et le groupe de me\u0301dias TPT Plus, le 6 mars a\u0300 Brazzaville, a une validite\u0301 de trois ans renouvelable avec deux albums. <\/b><\/p>\n<p>La directrice de TPT Plus, Prisca Chella Oko, a indique\u0301 pour la circonstance que c\u2019est au sortir des e\u0301ve\u0301nements tragiques que le pays a connus en 1997 que le peuple congolais, en que\u0302te d\u2019espe\u0301rance, a de\u0301couvert l\u2019orchestre Patrouille des stars a\u0300 travers sa danse \u00ab\u00a0Obus kanga bissaka\u00a0\u00bb. Elle a ajoute\u0301 que Patrouille des stars est un patrimoine commun, un patrimoine congolais. \u00ab En relanc\u0327ant son projet de TPT production, le groupe de me\u0301dias TPT Plus lance a\u0300 ce jour un projet qui consiste a\u0300 cre\u0301er un e\u0301cosyste\u0300me autour de la culture, l\u2019ide\u0301e e\u0301tant de s\u2019investir re\u0301ellement dans la promotion de notre culture. Ce premier contrat que nous signons aujourd\u2019hui ouvre le cycle d\u2019une se\u0301rie de productions dans le domaine de la culture \u00bb, a-t-elle de\u0301clare\u0301.<\/p>\n<p>Elle a poursuivi qu\u2019a\u0300 l\u2019heure ou\u0300 la production phonographique traverse une pe\u0301riode de turbulence, il s\u2019agit pour le groupe TPT de cre\u0301er les conditions d\u2019un partenariat gagnant-gagnant. C\u2019est dans ces conditions qu&rsquo;il s\u2019ouvre a\u0300 des artistes qui ont un plan de carrie\u0300re et des projets viables. \u00ab Je profite de cette occasion pour lancer un appel aux partenaires, sponsors de nous rejoindre dans cette aventure au profit de la culture de notre pays. Les portes du groupe TPT Plus sont grandement ouvertes \u00bb, a conclu la directrice de TPT Plus, Prisca Chella Oko.<\/p>\n<p>C\u2019est apre\u0300s ce mot d\u2019usage de la directrice de TPT Plus que les deux parties, a\u0300 savoir TPT Plus, repre\u0301sente\u0301e par sa directrice, Prisca Chella Oko, et l&rsquo;orchestre Patrouille des stars, repre\u0301sente\u0301 par son leader charismatique, Ke\u0301vin Mbouande\u0301, ont signe\u0301 ce contrat de production.<\/p>\n<p>Le secre\u0301taire ge\u0301ne\u0301ral de Patrouille des stars, Octave Mbiniama, a souligne\u0301 les biens faits de ce contrat. \u00ab Ce contrat va nous aider a\u0300 combler ce que nous n\u2019avons pas pu faire nous-me\u0302mes pendant plusieurs anne\u0301es. On a beau chercher des me\u0301ce\u0300nes, voila\u0300 qu\u2019aujourd\u2019hui le groupe TPT Production s\u2019est pre\u0301sente\u0301 devant nos portes pour nous accompagner dans cette aventure que nous avions commence\u0301e depuis belle lurette. Certes, il y a eu des albums que le leader du groupe Patrouille des stars, Ke\u0301vin Mbouande\u0301, a fait des autoproductions, mais aujourd\u2019hui nous avons TPT Production qui est la\u0300 pour prendre les choses en mains. Avec TPT production, nous irons plus loin dans le travail que nous sommes en train de fournir. Car, c\u2019est un coup de pouce que cette maison donne \u00bb, a indique\u0301 Octave Mbiniama.<\/p>\n<p>Aux me\u0301lomanes, le secre\u0301taire ge\u0301ne\u0301ral de Patrouille des stars a simplement dit que leurs artistes musiciens sont de\u0301termine\u0301s a\u0300 leur servir des bons morceaux.<\/p>\n\r\n                <style type=\"text\/css\">\r\n                    \r\n                    #td_uid_1_69f230c29d2b4  .td-doubleSlider-2 .td-item1 {\r\n                        background: url(https:\/\/static.africa-press.net\/congo-brazzaville\/sites\/51\/2023\/03\/postMediaimg_46_1-80x60.jpg) 0 0 no-repeat;\r\n                    }\r\n                    #td_uid_1_69f230c29d2b4  .td-doubleSlider-2 .td-item2 {\r\n                        background: url(https:\/\/static.africa-press.net\/congo-brazzaville\/sites\/51\/2023\/03\/postMediaimg_46_2-80x60.jpg) 0 0 no-repeat;\r\n                    }\r\n                <\/style>\r\n\r\n                <div id=\"td_uid_1_69f230c29d2b4\" class=\"td-gallery td-slide-on-2-columns\">\r\n                    <div class=\"post_td_gallery\">\r\n                        <div class=\"td-gallery-slide-top\">\r\n                           <div class=\"td-gallery-title\"><\/div>\r\n\r\n                            <div class=\"td-gallery-controls-wrapper\">\r\n                                <div class=\"td-gallery-slide-count\"><span class=\"td-gallery-slide-item-focus\">1<\/span> de 2<\/div>\r\n                                <div class=\"td-gallery-slide-prev-next-but\">\r\n                                    <i class = \"td-icon-left doubleSliderPrevButton\"><\/i>\r\n                                    <i class = \"td-icon-right doubleSliderNextButton\"><\/i>\r\n                                <\/div>\r\n                            <\/div>\r\n                        <\/div>\r\n\r\n                        <div class = \"td-doubleSlider-1 \">\r\n                            <div class = \"td-slider\">\r\n                                \r\n                    <div class = \"td-slide-item td-item1\">\r\n                        <figure class=\"td-slide-galery-figure td-slide-popup-gallery\">\r\n                            <a class=\"slide-gallery-image-link\" href=\"https:\/\/static.africa-press.net\/congo-brazzaville\/sites\/51\/2023\/03\/postMediaimg_46_1.jpg\" title=\"postMediaimg_46_1\"  data-caption=\"\"  data-description=\"\">\r\n                                <img decoding=\"async\" src=\"https:\/\/static.africa-press.net\/congo-brazzaville\/sites\/51\/2023\/03\/postMediaimg_46_1.jpg\" srcset=\"https:\/\/static.africa-press.net\/congo-brazzaville\/sites\/51\/2023\/03\/postMediaimg_46_1.jpg 1400w, https:\/\/static.africa-press.net\/congo-brazzaville\/sites\/51\/2023\/03\/postMediaimg_46_1-300x200.jpg 300w, https:\/\/static.africa-press.net\/congo-brazzaville\/sites\/51\/2023\/03\/postMediaimg_46_1-1024x682.jpg 1024w, https:\/\/static.africa-press.net\/congo-brazzaville\/sites\/51\/2023\/03\/postMediaimg_46_1-768x512.jpg 768w\" sizes=\"(max-width: 1400px) 100vw, 1400px\" alt=\"\">\r\n                            <\/a>\r\n                            \r\n                        <\/figure>\r\n                    <\/div>\r\n                    <div class = \"td-slide-item td-item2\">\r\n                        <figure class=\"td-slide-galery-figure td-slide-popup-gallery\">\r\n                            <a class=\"slide-gallery-image-link\" href=\"https:\/\/static.africa-press.net\/congo-brazzaville\/sites\/51\/2023\/03\/postMediaimg_46_2.jpg\" title=\"postMediaimg_46_2\"  data-caption=\"\"  data-description=\"\">\r\n                                <img decoding=\"async\" src=\"https:\/\/static.africa-press.net\/congo-brazzaville\/sites\/51\/2023\/03\/postMediaimg_46_2.jpg\" srcset=\"https:\/\/static.africa-press.net\/congo-brazzaville\/sites\/51\/2023\/03\/postMediaimg_46_2.jpg 800w, https:\/\/static.africa-press.net\/congo-brazzaville\/sites\/51\/2023\/03\/postMediaimg_46_2-300x200.jpg 300w, https:\/\/static.africa-press.net\/congo-brazzaville\/sites\/51\/2023\/03\/postMediaimg_46_2-768x512.jpg 768w\" sizes=\"(max-width: 800px) 100vw, 800px\" alt=\"\">\r\n                            <\/a>\r\n                            \r\n                        <\/figure>\r\n                    <\/div>\r\n                            <\/div>\r\n                        <\/div>\r\n\r\n                        <div class = \"td-doubleSlider-2\">\r\n                            <div class = \"td-slider\">\r\n                                \r\n                    <div class = \"td-button td-item1\">\r\n                        <div class = \"td-border\"><\/div>\r\n                    <\/div>\r\n                    <div class = \"td-button td-item2\">\r\n                        <div class = \"td-border\"><\/div>\r\n                    <\/div>\r\n                            <\/div>\r\n                        <\/div>\r\n\r\n                    <\/div>\r\n\r\n                <\/div>\r\n                \n<p><strong>Pour plus d&rsquo;informations et d&rsquo;analyses sur la <a href=\"https:\/\/www.africa-press.net\/congo-brazzaville\">Congo Brazzaville<\/a>, suivez <a href=\"https:\/\/www.africa-press.net\/\">Africa-Press<\/a><\/strong><\/p>\n","protected":false},"excerpt":{"rendered":"<p>Africa-Press &#8211; Congo Brazzaville. Le contrat de production et de management signe\u0301 par l\u2019orchestre de Ke\u0301vin Mbouande\u0301 et le groupe de me\u0301dias TPT Plus, le 6 mars a\u0300 Brazzaville, a une validite\u0301 de trois ans renouvelable avec deux albums. La directrice de TPT Plus, Prisca Chella Oko, a indique\u0301 pour la circonstance que c\u2019est au [&hellip;]<\/p>\n","protected":false},"author":82,"featured_media":15406,"comment_status":"open","ping_status":"closed","sticky":false,"template":"","format":"standard","meta":{"footnotes":""},"categories":[5,8,10],"tags":[36,47,46],"class_list":["post-15407","post","type-post","status-publish","format-standard","has-post-thumbnail","hentry","category-culture-et-art","category-photo","category-toutes-les-actualites","tag-africa-press","tag-africa-press-congo-brazzaville","tag-congo-brazzaville"],"yoast_head":"<!-- This site is optimized with the Yoast SEO Premium plugin v26.1 (Yoast SEO v27.0) - https:\/\/yoast.com\/product\/yoast-seo-premium-wordpress\/ -->\n<title>Musique : Patrouille des stars signe un contrat de production avec TPT Plus - Congo Brazzaville<\/title>\n<meta name=\"description\" content=\"Le contrat de production et de management signe\u0301 par l\u2019orchestre de Ke\u0301vin Mbouande\u0301 et le groupe de me\u0301dias TPT Plus ...\" \/>\n<meta name=\"robots\" content=\"index, follow, max-snippet:-1, max-image-preview:large, max-video-preview:-1\" \/>\n<link rel=\"canonical\" href=\"https:\/\/www.africa-press.net\/congo-brazzaville\/culture-et-art\/musique-patrouille-des-stars-signe-un-contrat-de-production-avec-tpt-plus\" \/>\n<meta property=\"og:locale\" content=\"fr_FR\" \/>\n<meta property=\"og:type\" content=\"article\" \/>\n<meta property=\"og:title\" content=\"Musique : Patrouille des stars signe un contrat de production avec TPT Plus\" \/>\n<meta property=\"og:description\" content=\"Le contrat de production et de management signe\u0301 par l\u2019orchestre de Ke\u0301vin Mbouande\u0301 et le groupe de me\u0301dias TPT Plus ...\" \/>\n<meta property=\"og:url\" content=\"https:\/\/www.africa-press.net\/congo-brazzaville\/culture-et-art\/musique-patrouille-des-stars-signe-un-contrat-de-production-avec-tpt-plus\" \/>\n<meta property=\"og:site_name\" content=\"Congo Brazzaville\" \/>\n<meta property=\"article:published_time\" content=\"2023-03-09T12:12:54+00:00\" \/>\n<meta property=\"article:modified_time\" content=\"2023-03-09T12:47:28+00:00\" \/>\n<meta property=\"og:image\" content=\"https:\/\/static.africa-press.net\/congo-brazzaville\/sites\/51\/2023\/03\/postQueueImg_1678351380.94.jpg\" \/>\n\t<meta property=\"og:image:width\" content=\"1400\" \/>\n\t<meta property=\"og:image:height\" content=\"933\" \/>\n\t<meta property=\"og:image:type\" content=\"image\/jpeg\" \/>\n<meta name=\"author\" content=\"cfeditorfr\" \/>\n<meta name=\"twitter:card\" content=\"summary_large_image\" \/>\n<meta name=\"twitter:label1\" content=\"\u00c9crit par\" \/>\n\t<meta name=\"twitter:data1\" content=\"cfeditorfr\" \/>\n\t<meta name=\"twitter:label2\" content=\"Dur\u00e9e de lecture estim\u00e9e\" \/>\n\t<meta name=\"twitter:data2\" content=\"3 minutes\" \/>\n<script type=\"application\/ld+json\" class=\"yoast-schema-graph\">{\"@context\":\"https:\/\/schema.org\",\"@graph\":[{\"@type\":\"Article\",\"@id\":\"https:\/\/www.africa-press.net\/congo-brazzaville\/culture-et-art\/musique-patrouille-des-stars-signe-un-contrat-de-production-avec-tpt-plus#article\",\"isPartOf\":{\"@id\":\"https:\/\/www.africa-press.net\/congo-brazzaville\/culture-et-art\/musique-patrouille-des-stars-signe-un-contrat-de-production-avec-tpt-plus\"},\"author\":{\"name\":\"cfeditorfr\",\"@id\":\"https:\/\/www.africa-press.net\/congo-brazzaville\/#\/schema\/person\/2b1cf3cd81a31e3cd26889ca66d677f1\"},\"headline\":\"Musique : Patrouille des stars signe un contrat de production avec TPT Plus\",\"datePublished\":\"2023-03-09T12:12:54+00:00\",\"dateModified\":\"2023-03-09T12:47:28+00:00\",\"mainEntityOfPage\":{\"@id\":\"https:\/\/www.africa-press.net\/congo-brazzaville\/culture-et-art\/musique-patrouille-des-stars-signe-un-contrat-de-production-avec-tpt-plus\"},\"wordCount\":551,\"commentCount\":0,\"image\":{\"@id\":\"https:\/\/www.africa-press.net\/congo-brazzaville\/culture-et-art\/musique-patrouille-des-stars-signe-un-contrat-de-production-avec-tpt-plus#primaryimage\"},\"thumbnailUrl\":\"https:\/\/static.africa-press.net\/congo-brazzaville\/sites\/51\/2023\/03\/postQueueImg_1678351380.94.jpg\",\"keywords\":[\"Africa Press\",\"Africa Press-Congo Brazzaville\",\"Congo Brazzaville\"],\"articleSection\":[\"Culture et Art\",\"Photo\",\"Toutes les actualit\u00e9s\"],\"inLanguage\":\"fr-FR\",\"potentialAction\":[{\"@type\":\"CommentAction\",\"name\":\"Comment\",\"target\":[\"https:\/\/www.africa-press.net\/congo-brazzaville\/culture-et-art\/musique-patrouille-des-stars-signe-un-contrat-de-production-avec-tpt-plus#respond\"]}]},{\"@type\":\"WebPage\",\"@id\":\"https:\/\/www.africa-press.net\/congo-brazzaville\/culture-et-art\/musique-patrouille-des-stars-signe-un-contrat-de-production-avec-tpt-plus\",\"url\":\"https:\/\/www.africa-press.net\/congo-brazzaville\/culture-et-art\/musique-patrouille-des-stars-signe-un-contrat-de-production-avec-tpt-plus\",\"name\":\"Musique : Patrouille des stars signe un contrat de production avec TPT Plus - Congo Brazzaville\",\"isPartOf\":{\"@id\":\"https:\/\/www.africa-press.net\/congo-brazzaville\/#website\"},\"primaryImageOfPage\":{\"@id\":\"https:\/\/www.africa-press.net\/congo-brazzaville\/culture-et-art\/musique-patrouille-des-stars-signe-un-contrat-de-production-avec-tpt-plus#primaryimage\"},\"image\":{\"@id\":\"https:\/\/www.africa-press.net\/congo-brazzaville\/culture-et-art\/musique-patrouille-des-stars-signe-un-contrat-de-production-avec-tpt-plus#primaryimage\"},\"thumbnailUrl\":\"https:\/\/static.africa-press.net\/congo-brazzaville\/sites\/51\/2023\/03\/postQueueImg_1678351380.94.jpg\",\"datePublished\":\"2023-03-09T12:12:54+00:00\",\"dateModified\":\"2023-03-09T12:47:28+00:00\",\"author\":{\"@id\":\"https:\/\/www.africa-press.net\/congo-brazzaville\/#\/schema\/person\/2b1cf3cd81a31e3cd26889ca66d677f1\"},\"description\":\"Le contrat de production et de management signe\u0301 par l\u2019orchestre de Ke\u0301vin Mbouande\u0301 et le groupe de me\u0301dias TPT Plus ...\",\"breadcrumb\":{\"@id\":\"https:\/\/www.africa-press.net\/congo-brazzaville\/culture-et-art\/musique-patrouille-des-stars-signe-un-contrat-de-production-avec-tpt-plus#breadcrumb\"},\"inLanguage\":\"fr-FR\",\"potentialAction\":[{\"@type\":\"ReadAction\",\"target\":[\"https:\/\/www.africa-press.net\/congo-brazzaville\/culture-et-art\/musique-patrouille-des-stars-signe-un-contrat-de-production-avec-tpt-plus\"]}]},{\"@type\":\"ImageObject\",\"inLanguage\":\"fr-FR\",\"@id\":\"https:\/\/www.africa-press.net\/congo-brazzaville\/culture-et-art\/musique-patrouille-des-stars-signe-un-contrat-de-production-avec-tpt-plus#primaryimage\",\"url\":\"https:\/\/static.africa-press.net\/congo-brazzaville\/sites\/51\/2023\/03\/postQueueImg_1678351380.94.jpg\",\"contentUrl\":\"https:\/\/static.africa-press.net\/congo-brazzaville\/sites\/51\/2023\/03\/postQueueImg_1678351380.94.jpg\",\"width\":1400,\"height\":933,\"caption\":\"Musique : Patrouille des stars signe un contrat de production avec TPT Plus\"},{\"@type\":\"BreadcrumbList\",\"@id\":\"https:\/\/www.africa-press.net\/congo-brazzaville\/culture-et-art\/musique-patrouille-des-stars-signe-un-contrat-de-production-avec-tpt-plus#breadcrumb\",\"itemListElement\":[{\"@type\":\"ListItem\",\"position\":1,\"name\":\"Accueil\",\"item\":\"https:\/\/www.africa-press.net\/congo-brazzaville\/\"},{\"@type\":\"ListItem\",\"position\":2,\"name\":\"Musique : Patrouille des stars signe un contrat de production avec TPT Plus\"}]},{\"@type\":\"WebSite\",\"@id\":\"https:\/\/www.africa-press.net\/congo-brazzaville\/#website\",\"url\":\"https:\/\/www.africa-press.net\/congo-brazzaville\/\",\"name\":\"Congo Brazzaville\",\"description\":\"Just another Africa News Agency Sites site\",\"potentialAction\":[{\"@type\":\"SearchAction\",\"target\":{\"@type\":\"EntryPoint\",\"urlTemplate\":\"https:\/\/www.africa-press.net\/congo-brazzaville\/?s={search_term_string}\"},\"query-input\":{\"@type\":\"PropertyValueSpecification\",\"valueRequired\":true,\"valueName\":\"search_term_string\"}}],\"inLanguage\":\"fr-FR\"},{\"@type\":\"Person\",\"@id\":\"https:\/\/www.africa-press.net\/congo-brazzaville\/#\/schema\/person\/2b1cf3cd81a31e3cd26889ca66d677f1\",\"name\":\"cfeditorfr\"}]}<\/script>\n<!-- \/ Yoast SEO Premium plugin. -->","yoast_head_json":{"title":"Musique : Patrouille des stars signe un contrat de production avec TPT Plus - Congo Brazzaville","description":"Le contrat de production et de management signe\u0301 par l\u2019orchestre de Ke\u0301vin Mbouande\u0301 et le groupe de me\u0301dias TPT Plus ...","robots":{"index":"index","follow":"follow","max-snippet":"max-snippet:-1","max-image-preview":"max-image-preview:large","max-video-preview":"max-video-preview:-1"},"canonical":"https:\/\/www.africa-press.net\/congo-brazzaville\/culture-et-art\/musique-patrouille-des-stars-signe-un-contrat-de-production-avec-tpt-plus","og_locale":"fr_FR","og_type":"article","og_title":"Musique : Patrouille des stars signe un contrat de production avec TPT Plus","og_description":"Le contrat de production et de management signe\u0301 par l\u2019orchestre de Ke\u0301vin Mbouande\u0301 et le groupe de me\u0301dias TPT Plus ...","og_url":"https:\/\/www.africa-press.net\/congo-brazzaville\/culture-et-art\/musique-patrouille-des-stars-signe-un-contrat-de-production-avec-tpt-plus","og_site_name":"Congo Brazzaville","article_published_time":"2023-03-09T12:12:54+00:00","article_modified_time":"2023-03-09T12:47:28+00:00","og_image":[{"width":1400,"height":933,"url":"https:\/\/static.africa-press.net\/congo-brazzaville\/sites\/51\/2023\/03\/postQueueImg_1678351380.94.jpg","type":"image\/jpeg"}],"author":"cfeditorfr","twitter_card":"summary_large_image","twitter_misc":{"\u00c9crit par":"cfeditorfr","Dur\u00e9e de lecture estim\u00e9e":"3 minutes"},"schema":{"@context":"https:\/\/schema.org","@graph":[{"@type":"Article","@id":"https:\/\/www.africa-press.net\/congo-brazzaville\/culture-et-art\/musique-patrouille-des-stars-signe-un-contrat-de-production-avec-tpt-plus#article","isPartOf":{"@id":"https:\/\/www.africa-press.net\/congo-brazzaville\/culture-et-art\/musique-patrouille-des-stars-signe-un-contrat-de-production-avec-tpt-plus"},"author":{"name":"cfeditorfr","@id":"https:\/\/www.africa-press.net\/congo-brazzaville\/#\/schema\/person\/2b1cf3cd81a31e3cd26889ca66d677f1"},"headline":"Musique : Patrouille des stars signe un contrat de production avec TPT Plus","datePublished":"2023-03-09T12:12:54+00:00","dateModified":"2023-03-09T12:47:28+00:00","mainEntityOfPage":{"@id":"https:\/\/www.africa-press.net\/congo-brazzaville\/culture-et-art\/musique-patrouille-des-stars-signe-un-contrat-de-production-avec-tpt-plus"},"wordCount":551,"commentCount":0,"image":{"@id":"https:\/\/www.africa-press.net\/congo-brazzaville\/culture-et-art\/musique-patrouille-des-stars-signe-un-contrat-de-production-avec-tpt-plus#primaryimage"},"thumbnailUrl":"https:\/\/static.africa-press.net\/congo-brazzaville\/sites\/51\/2023\/03\/postQueueImg_1678351380.94.jpg","keywords":["Africa Press","Africa Press-Congo Brazzaville","Congo Brazzaville"],"articleSection":["Culture et Art","Photo","Toutes les actualit\u00e9s"],"inLanguage":"fr-FR","potentialAction":[{"@type":"CommentAction","name":"Comment","target":["https:\/\/www.africa-press.net\/congo-brazzaville\/culture-et-art\/musique-patrouille-des-stars-signe-un-contrat-de-production-avec-tpt-plus#respond"]}]},{"@type":"WebPage","@id":"https:\/\/www.africa-press.net\/congo-brazzaville\/culture-et-art\/musique-patrouille-des-stars-signe-un-contrat-de-production-avec-tpt-plus","url":"https:\/\/www.africa-press.net\/congo-brazzaville\/culture-et-art\/musique-patrouille-des-stars-signe-un-contrat-de-production-avec-tpt-plus","name":"Musique : Patrouille des stars signe un contrat de production avec TPT Plus - Congo Brazzaville","isPartOf":{"@id":"https:\/\/www.africa-press.net\/congo-brazzaville\/#website"},"primaryImageOfPage":{"@id":"https:\/\/www.africa-press.net\/congo-brazzaville\/culture-et-art\/musique-patrouille-des-stars-signe-un-contrat-de-production-avec-tpt-plus#primaryimage"},"image":{"@id":"https:\/\/www.africa-press.net\/congo-brazzaville\/culture-et-art\/musique-patrouille-des-stars-signe-un-contrat-de-production-avec-tpt-plus#primaryimage"},"thumbnailUrl":"https:\/\/static.africa-press.net\/congo-brazzaville\/sites\/51\/2023\/03\/postQueueImg_1678351380.94.jpg","datePublished":"2023-03-09T12:12:54+00:00","dateModified":"2023-03-09T12:47:28+00:00","author":{"@id":"https:\/\/www.africa-press.net\/congo-brazzaville\/#\/schema\/person\/2b1cf3cd81a31e3cd26889ca66d677f1"},"description":"Le contrat de production et de management signe\u0301 par l\u2019orchestre de Ke\u0301vin Mbouande\u0301 et le groupe de me\u0301dias TPT Plus ...","breadcrumb":{"@id":"https:\/\/www.africa-press.net\/congo-brazzaville\/culture-et-art\/musique-patrouille-des-stars-signe-un-contrat-de-production-avec-tpt-plus#breadcrumb"},"inLanguage":"fr-FR","potentialAction":[{"@type":"ReadAction","target":["https:\/\/www.africa-press.net\/congo-brazzaville\/culture-et-art\/musique-patrouille-des-stars-signe-un-contrat-de-production-avec-tpt-plus"]}]},{"@type":"ImageObject","inLanguage":"fr-FR","@id":"https:\/\/www.africa-press.net\/congo-brazzaville\/culture-et-art\/musique-patrouille-des-stars-signe-un-contrat-de-production-avec-tpt-plus#primaryimage","url":"https:\/\/static.africa-press.net\/congo-brazzaville\/sites\/51\/2023\/03\/postQueueImg_1678351380.94.jpg","contentUrl":"https:\/\/static.africa-press.net\/congo-brazzaville\/sites\/51\/2023\/03\/postQueueImg_1678351380.94.jpg","width":1400,"height":933,"caption":"Musique : Patrouille des stars signe un contrat de production avec TPT Plus"},{"@type":"BreadcrumbList","@id":"https:\/\/www.africa-press.net\/congo-brazzaville\/culture-et-art\/musique-patrouille-des-stars-signe-un-contrat-de-production-avec-tpt-plus#breadcrumb","itemListElement":[{"@type":"ListItem","position":1,"name":"Accueil","item":"https:\/\/www.africa-press.net\/congo-brazzaville\/"},{"@type":"ListItem","position":2,"name":"Musique : Patrouille des stars signe un contrat de production avec TPT Plus"}]},{"@type":"WebSite","@id":"https:\/\/www.africa-press.net\/congo-brazzaville\/#website","url":"https:\/\/www.africa-press.net\/congo-brazzaville\/","name":"Congo Brazzaville","description":"Just another Africa News Agency Sites site","potentialAction":[{"@type":"SearchAction","target":{"@type":"EntryPoint","urlTemplate":"https:\/\/www.africa-press.net\/congo-brazzaville\/?s={search_term_string}"},"query-input":{"@type":"PropertyValueSpecification","valueRequired":true,"valueName":"search_term_string"}}],"inLanguage":"fr-FR"},{"@type":"Person","@id":"https:\/\/www.africa-press.net\/congo-brazzaville\/#\/schema\/person\/2b1cf3cd81a31e3cd26889ca66d677f1","name":"cfeditorfr"}]}},"_links":{"self":[{"href":"https:\/\/www.africa-press.net\/congo-brazzaville\/wp-json\/wp\/v2\/posts\/15407","targetHints":{"allow":["GET"]}}],"collection":[{"href":"https:\/\/www.africa-press.net\/congo-brazzaville\/wp-json\/wp\/v2\/posts"}],"about":[{"href":"https:\/\/www.africa-press.net\/congo-brazzaville\/wp-json\/wp\/v2\/types\/post"}],"author":[{"embeddable":true,"href":"https:\/\/www.africa-press.net\/congo-brazzaville\/wp-json\/wp\/v2\/users\/82"}],"replies":[{"embeddable":true,"href":"https:\/\/www.africa-press.net\/congo-brazzaville\/wp-json\/wp\/v2\/comments?post=15407"}],"version-history":[{"count":0,"href":"https:\/\/www.africa-press.net\/congo-brazzaville\/wp-json\/wp\/v2\/posts\/15407\/revisions"}],"wp:featuredmedia":[{"embeddable":true,"href":"https:\/\/www.africa-press.net\/congo-brazzaville\/wp-json\/wp\/v2\/media\/15406"}],"wp:attachment":[{"href":"https:\/\/www.africa-press.net\/congo-brazzaville\/wp-json\/wp\/v2\/media?parent=15407"}],"wp:term":[{"taxonomy":"category","embeddable":true,"href":"https:\/\/www.africa-press.net\/congo-brazzaville\/wp-json\/wp\/v2\/categories?post=15407"},{"taxonomy":"post_tag","embeddable":true,"href":"https:\/\/www.africa-press.net\/congo-brazzaville\/wp-json\/wp\/v2\/tags?post=15407"}],"curies":[{"name":"wp","href":"https:\/\/api.w.org\/{rel}","templated":true}]}}