{"id":15423,"date":"2023-03-09T19:10:44","date_gmt":"2023-03-09T19:10:44","guid":{"rendered":"https:\/\/www.africa-press.net\/congo-brazzaville\/politique\/journee-du-8-mars-les-femmes-de-poto-poto-i-invitees-a-sapproprier-le-numerique"},"modified":"2023-03-09T20:06:34","modified_gmt":"2023-03-09T20:06:34","slug":"journee-du-8-mars-les-femmes-de-poto-poto-i-invitees-a-sapproprier-le-numerique","status":"publish","type":"post","link":"https:\/\/www.africa-press.net\/congo-brazzaville\/politique\/journee-du-8-mars-les-femmes-de-poto-poto-i-invitees-a-sapproprier-le-numerique","title":{"rendered":"Journ\u00e9e du 8 mars : les femmes de Poto-Poto I invit\u00e9es \u00e0 s\u2019approprier le num\u00e9rique"},"content":{"rendered":"<p><span style=\"color: #ff6600\"><strong>Africa-Press &#8211; Congo Brazzaville. <\/strong><\/span><b>Le de\u0301pute\u0301 de la premie\u0300re circonscription e\u0301lectorale de Poto-Poto, Rick Ge\u0301rald Bokilo, a exhorte\u0301 le 8 mars les femmes des quartiers 31 et 32 a\u0300 s\u2019approprier les the\u0300mes de cette anne\u0301e et d\u2019en faire bon usage, afin de ne pas creuser davantage le fosse\u0301 de la connaissance nume\u0301rique entre homme et femme.<\/b><\/p>\n<p>La 113e Journe\u0301e internationale des droits des femmes a e\u0301te\u0301 ce\u0301le\u0301bre\u0301e sur le the\u0300me mondial \u00ab Pour un monde digital inclusif : innovations et technologies pour l\u2019e\u0301galite\u0301 des sexes \u00bb. En Re\u0301publique du Congo, l\u2019e\u0301ve\u0301nement a e\u0301te\u0301 place\u0301 sur le the\u0300me \u00ab Femmes, prote\u0301geons-nous contre les violences en ligne avec la loi Mouebara \u00bb. Une occasion pour l\u2019e\u0301lu de Poto-Poto I, qui a re\u0301uni les femmes de sa circonscription e\u0301lectorale a\u0300 l\u2019e\u0301cole Pierre-Ndzoko, de rappeler a\u0300 la gent fe\u0301minine sa place dans la socie\u0301te\u0301.<\/p>\n<p>\u00ab L\u2019heure est venue ou\u0300 l\u2019implication de la femme congolaise dans la lutte contre toutes les formes de violences a\u0300 l\u2019e\u0301gard des femmes et des filles doit devenir un leitmotiv commun. Dans cette perspective, nous soutenons sans de\u0301tour la vision du pre\u0301sident de la Re\u0301publique, Denis Sassou N\u2019Guesso, sur le de\u0301veloppement de l\u2019e\u0301conomie nume\u0301rique, 5e pilier du Plan national de de\u0301veloppement 2022-2026, qui est en harmonie avec les the\u0300mes de cette anne\u0301e \u00bb, a indique\u0301 Rick Ge\u0301rald Bokilo.<\/p>\n<p>Selon lui, la Journe\u0301e internationale des droits des femmes n\u2019est pas une simple comme\u0301moration, mais reve\u0302t une signification particulie\u0300re pour la conque\u0302te des droits de la femme a\u0300 l\u2019e\u0301galite\u0301 des sexes et a\u0300 la justice sociale. Plusieurs textes reconnaissent les droits aux femmes dans les domaines politique, e\u0301conomique, social et culturel a\u0300 l\u2019instar de la Constitution congolaise du 25 octobre 2015 qui reconnai\u0302t le principe d\u2019e\u0301galite\u0301 entre les sexes.<\/p>\n<p>La loi garantit, en effet, la parite\u0301 et assure la promotion ainsi que la repre\u0301sentativite\u0301 de la femme a\u0300 toutes les fonctions politiques, e\u0301lectives et administratives. \u00ab Malgre\u0301 ces avance\u0301es notables sur le plan du genre au Congo, des re\u0301sistances restent encore dans la pense\u0301e populaire a\u0300 accepter et a\u0300 inte\u0301grer dans la me\u0301moire collective que la femme a les me\u0302mes droits que l\u2019homme et qu\u2019elle n\u2019est pas infe\u0301rieure a\u0300 l\u2019homme \u00bb, a rappele\u0301 Rick Bokilo.<\/p>\n<p>D\u2019ou\u0300 la ne\u0301cessite\u0301, a-t-il dit, de conjuguer ensemble les efforts dans la vulgarisation de la loi n\u00b019-2022 du 4 mai 2022 portant sur la lutte contre toutes les formes de violences a\u0300 l\u2019e\u0301gard des femmes et des filles. Cette loi, appele\u0301e \u00ab Loi Mouebara \u00bb, de\u0301finit les diffe\u0301rents types de violences faites aux femmes, fixe les peines en fonction des formes de violences, comple\u0300te la loi pe\u0301nale et le code de proce\u0301dure pe\u0301nale. \u00ab Aucun soutien multiforme de la part des organismes ne saurait remplacer la de\u0301termination propre des femmes et jeunes filles me\u0300res a\u0300 combattre les pre\u0301juge\u0301s, les violences et l\u2019exclusion dont vous e\u0302tes encore victimes au sein de notre socie\u0301te\u0301 \u00bb, a-t-il martele\u0301.<\/p>\n<p><b>Quelques recommandations a\u0300 l\u2019endroit de l\u2019exe\u0301cutif<\/b><\/p>\n<p>Le de\u0301pute\u0301 a, par ailleurs, formule\u0301 quelques recommandations a\u0300 inte\u0301grer dans le plan strate\u0301gique de l\u2019e\u0301ducation. Il s\u2019agit, entre autres, de la formation en matie\u0300re technologique et nume\u0301rique en tant qu\u2019instrument d\u2019apprentissage et d\u2019enseignement ; l\u2019encouragement de la participation des femmes au processus d\u2019autonomisation nume\u0301rique oriente\u0301 vers le leadership social, e\u0301conomique et politique.<\/p>\n<p>A cela, s\u2019ajoutent l\u2019ame\u0301lioration de l\u2019acce\u0300s paritaire au droit a\u0300 l\u2019information et a\u0300 la communication ainsi que l\u2019acce\u0300s aux technologies de l&rsquo;information et de la communication comme e\u0301le\u0301ments faisant partie de l\u2019exercice des droits humains, de la justice sociale et de l\u2019e\u0301galite\u0301 des chances.<\/p>\n<p>Une communication positivement appre\u0301cie\u0301e par les participantes. \u00ab J\u2019ai bien accueilli le message du de\u0301pute\u0301. La femme n\u2019est pas infe\u0301rieure a\u0300 l\u2019homme. Nous devons nous mettre debout parce que nous sommes e\u0301gales a\u0300 l\u2019homme. C\u2019est un engagement de pouvoir travailler de plus en plus et d\u2019aller plus encore de l\u2019avant pour le de\u0301veloppement de notre pays \u00bb, a de\u0301clare\u0301 Liline Molemba, une militante de Poto-Poto.<\/p>\n<p><strong>Pour plus d&rsquo;informations et d&rsquo;analyses sur la <a href=\"https:\/\/www.africa-press.net\/congo-brazzaville\">Congo Brazzaville<\/a>, suivez <a href=\"https:\/\/www.africa-press.net\/\">Africa-Press<\/a><\/strong><\/p>\n","protected":false},"excerpt":{"rendered":"<p>Africa-Press &#8211; Congo Brazzaville. Le de\u0301pute\u0301 de la premie\u0300re circonscription e\u0301lectorale de Poto-Poto, Rick Ge\u0301rald Bokilo, a exhorte\u0301 le 8 mars les femmes des quartiers 31 et 32 a\u0300 s\u2019approprier les the\u0300mes de cette anne\u0301e et d\u2019en faire bon usage, afin de ne pas creuser davantage le fosse\u0301 de la connaissance nume\u0301rique entre homme et [&hellip;]<\/p>\n","protected":false},"author":82,"featured_media":15422,"comment_status":"open","ping_status":"closed","sticky":false,"template":"","format":"standard","meta":{"footnotes":""},"categories":[2,10],"tags":[36,47,46],"class_list":["post-15423","post","type-post","status-publish","format-standard","has-post-thumbnail","hentry","category-politique","category-toutes-les-actualites","tag-africa-press","tag-africa-press-congo-brazzaville","tag-congo-brazzaville"],"yoast_head":"<!-- This site is optimized with the Yoast SEO Premium plugin v26.1 (Yoast SEO v27.0) - https:\/\/yoast.com\/product\/yoast-seo-premium-wordpress\/ -->\n<title>Journ\u00e9e du 8 mars : les femmes de Poto-Poto I invit\u00e9es \u00e0 s\u2019approprier le num\u00e9rique - Congo Brazzaville<\/title>\n<meta name=\"description\" content=\"Le de\u0301pute\u0301 de la premie\u0300re circonscription e\u0301lectorale de Poto-Poto, Rick Ge\u0301rald Bokilo, a exhorte\u0301 le 8 mars les f ...\" \/>\n<meta name=\"robots\" content=\"index, follow, max-snippet:-1, max-image-preview:large, max-video-preview:-1\" \/>\n<link rel=\"canonical\" href=\"https:\/\/www.africa-press.net\/congo-brazzaville\/politique\/journee-du-8-mars-les-femmes-de-poto-poto-i-invitees-a-sapproprier-le-numerique\" \/>\n<meta property=\"og:locale\" content=\"fr_FR\" \/>\n<meta property=\"og:type\" content=\"article\" \/>\n<meta property=\"og:title\" content=\"Journ\u00e9e du 8 mars : les femmes de Poto-Poto I invit\u00e9es \u00e0 s\u2019approprier le num\u00e9rique\" \/>\n<meta property=\"og:description\" content=\"Le de\u0301pute\u0301 de la premie\u0300re circonscription e\u0301lectorale de Poto-Poto, Rick Ge\u0301rald Bokilo, a exhorte\u0301 le 8 mars les f ...\" \/>\n<meta property=\"og:url\" content=\"https:\/\/www.africa-press.net\/congo-brazzaville\/politique\/journee-du-8-mars-les-femmes-de-poto-poto-i-invitees-a-sapproprier-le-numerique\" \/>\n<meta property=\"og:site_name\" content=\"Congo Brazzaville\" \/>\n<meta property=\"article:published_time\" content=\"2023-03-09T19:10:44+00:00\" \/>\n<meta property=\"article:modified_time\" content=\"2023-03-09T20:06:34+00:00\" \/>\n<meta property=\"og:image\" content=\"https:\/\/static.africa-press.net\/congo-brazzaville\/sites\/51\/2023\/03\/postQueueImg_1678376453.20.jpg\" \/>\n\t<meta property=\"og:image:width\" content=\"1024\" \/>\n\t<meta property=\"og:image:height\" content=\"768\" \/>\n\t<meta property=\"og:image:type\" content=\"image\/jpeg\" \/>\n<meta name=\"author\" content=\"cfeditorfr\" \/>\n<meta name=\"twitter:card\" content=\"summary_large_image\" \/>\n<meta name=\"twitter:label1\" content=\"\u00c9crit par\" \/>\n\t<meta name=\"twitter:data1\" content=\"cfeditorfr\" \/>\n\t<meta name=\"twitter:label2\" content=\"Dur\u00e9e de lecture estim\u00e9e\" \/>\n\t<meta name=\"twitter:data2\" content=\"4 minutes\" \/>\n<script type=\"application\/ld+json\" class=\"yoast-schema-graph\">{\"@context\":\"https:\/\/schema.org\",\"@graph\":[{\"@type\":\"Article\",\"@id\":\"https:\/\/www.africa-press.net\/congo-brazzaville\/politique\/journee-du-8-mars-les-femmes-de-poto-poto-i-invitees-a-sapproprier-le-numerique#article\",\"isPartOf\":{\"@id\":\"https:\/\/www.africa-press.net\/congo-brazzaville\/politique\/journee-du-8-mars-les-femmes-de-poto-poto-i-invitees-a-sapproprier-le-numerique\"},\"author\":{\"name\":\"cfeditorfr\",\"@id\":\"https:\/\/www.africa-press.net\/congo-brazzaville\/#\/schema\/person\/2b1cf3cd81a31e3cd26889ca66d677f1\"},\"headline\":\"Journ\u00e9e du 8 mars : les femmes de Poto-Poto I invit\u00e9es \u00e0 s\u2019approprier le num\u00e9rique\",\"datePublished\":\"2023-03-09T19:10:44+00:00\",\"dateModified\":\"2023-03-09T20:06:34+00:00\",\"mainEntityOfPage\":{\"@id\":\"https:\/\/www.africa-press.net\/congo-brazzaville\/politique\/journee-du-8-mars-les-femmes-de-poto-poto-i-invitees-a-sapproprier-le-numerique\"},\"wordCount\":791,\"commentCount\":0,\"image\":{\"@id\":\"https:\/\/www.africa-press.net\/congo-brazzaville\/politique\/journee-du-8-mars-les-femmes-de-poto-poto-i-invitees-a-sapproprier-le-numerique#primaryimage\"},\"thumbnailUrl\":\"https:\/\/static.africa-press.net\/congo-brazzaville\/sites\/51\/2023\/03\/postQueueImg_1678376453.20.jpg\",\"keywords\":[\"Africa Press\",\"Africa Press-Congo Brazzaville\",\"Congo Brazzaville\"],\"articleSection\":[\"Politique\",\"Toutes les actualit\u00e9s\"],\"inLanguage\":\"fr-FR\",\"potentialAction\":[{\"@type\":\"CommentAction\",\"name\":\"Comment\",\"target\":[\"https:\/\/www.africa-press.net\/congo-brazzaville\/politique\/journee-du-8-mars-les-femmes-de-poto-poto-i-invitees-a-sapproprier-le-numerique#respond\"]}]},{\"@type\":\"WebPage\",\"@id\":\"https:\/\/www.africa-press.net\/congo-brazzaville\/politique\/journee-du-8-mars-les-femmes-de-poto-poto-i-invitees-a-sapproprier-le-numerique\",\"url\":\"https:\/\/www.africa-press.net\/congo-brazzaville\/politique\/journee-du-8-mars-les-femmes-de-poto-poto-i-invitees-a-sapproprier-le-numerique\",\"name\":\"Journ\u00e9e du 8 mars : les femmes de Poto-Poto I invit\u00e9es \u00e0 s\u2019approprier le num\u00e9rique - Congo Brazzaville\",\"isPartOf\":{\"@id\":\"https:\/\/www.africa-press.net\/congo-brazzaville\/#website\"},\"primaryImageOfPage\":{\"@id\":\"https:\/\/www.africa-press.net\/congo-brazzaville\/politique\/journee-du-8-mars-les-femmes-de-poto-poto-i-invitees-a-sapproprier-le-numerique#primaryimage\"},\"image\":{\"@id\":\"https:\/\/www.africa-press.net\/congo-brazzaville\/politique\/journee-du-8-mars-les-femmes-de-poto-poto-i-invitees-a-sapproprier-le-numerique#primaryimage\"},\"thumbnailUrl\":\"https:\/\/static.africa-press.net\/congo-brazzaville\/sites\/51\/2023\/03\/postQueueImg_1678376453.20.jpg\",\"datePublished\":\"2023-03-09T19:10:44+00:00\",\"dateModified\":\"2023-03-09T20:06:34+00:00\",\"author\":{\"@id\":\"https:\/\/www.africa-press.net\/congo-brazzaville\/#\/schema\/person\/2b1cf3cd81a31e3cd26889ca66d677f1\"},\"description\":\"Le de\u0301pute\u0301 de la premie\u0300re circonscription e\u0301lectorale de Poto-Poto, Rick Ge\u0301rald Bokilo, a exhorte\u0301 le 8 mars les f ...\",\"breadcrumb\":{\"@id\":\"https:\/\/www.africa-press.net\/congo-brazzaville\/politique\/journee-du-8-mars-les-femmes-de-poto-poto-i-invitees-a-sapproprier-le-numerique#breadcrumb\"},\"inLanguage\":\"fr-FR\",\"potentialAction\":[{\"@type\":\"ReadAction\",\"target\":[\"https:\/\/www.africa-press.net\/congo-brazzaville\/politique\/journee-du-8-mars-les-femmes-de-poto-poto-i-invitees-a-sapproprier-le-numerique\"]}]},{\"@type\":\"ImageObject\",\"inLanguage\":\"fr-FR\",\"@id\":\"https:\/\/www.africa-press.net\/congo-brazzaville\/politique\/journee-du-8-mars-les-femmes-de-poto-poto-i-invitees-a-sapproprier-le-numerique#primaryimage\",\"url\":\"https:\/\/static.africa-press.net\/congo-brazzaville\/sites\/51\/2023\/03\/postQueueImg_1678376453.20.jpg\",\"contentUrl\":\"https:\/\/static.africa-press.net\/congo-brazzaville\/sites\/51\/2023\/03\/postQueueImg_1678376453.20.jpg\",\"width\":1024,\"height\":768,\"caption\":\"Journ\u00e9e du 8 mars : les femmes de Poto-Poto I invit\u00e9es \u00e0 s\u2019approprier le num\u00e9rique\"},{\"@type\":\"BreadcrumbList\",\"@id\":\"https:\/\/www.africa-press.net\/congo-brazzaville\/politique\/journee-du-8-mars-les-femmes-de-poto-poto-i-invitees-a-sapproprier-le-numerique#breadcrumb\",\"itemListElement\":[{\"@type\":\"ListItem\",\"position\":1,\"name\":\"Accueil\",\"item\":\"https:\/\/www.africa-press.net\/congo-brazzaville\/\"},{\"@type\":\"ListItem\",\"position\":2,\"name\":\"Journ\u00e9e du 8 mars : les femmes de Poto-Poto I invit\u00e9es \u00e0 s\u2019approprier le num\u00e9rique\"}]},{\"@type\":\"WebSite\",\"@id\":\"https:\/\/www.africa-press.net\/congo-brazzaville\/#website\",\"url\":\"https:\/\/www.africa-press.net\/congo-brazzaville\/\",\"name\":\"Congo Brazzaville\",\"description\":\"Just another Africa News Agency Sites site\",\"potentialAction\":[{\"@type\":\"SearchAction\",\"target\":{\"@type\":\"EntryPoint\",\"urlTemplate\":\"https:\/\/www.africa-press.net\/congo-brazzaville\/?s={search_term_string}\"},\"query-input\":{\"@type\":\"PropertyValueSpecification\",\"valueRequired\":true,\"valueName\":\"search_term_string\"}}],\"inLanguage\":\"fr-FR\"},{\"@type\":\"Person\",\"@id\":\"https:\/\/www.africa-press.net\/congo-brazzaville\/#\/schema\/person\/2b1cf3cd81a31e3cd26889ca66d677f1\",\"name\":\"cfeditorfr\"}]}<\/script>\n<!-- \/ Yoast SEO Premium plugin. -->","yoast_head_json":{"title":"Journ\u00e9e du 8 mars : les femmes de Poto-Poto I invit\u00e9es \u00e0 s\u2019approprier le num\u00e9rique - Congo Brazzaville","description":"Le de\u0301pute\u0301 de la premie\u0300re circonscription e\u0301lectorale de Poto-Poto, Rick Ge\u0301rald Bokilo, a exhorte\u0301 le 8 mars les f ...","robots":{"index":"index","follow":"follow","max-snippet":"max-snippet:-1","max-image-preview":"max-image-preview:large","max-video-preview":"max-video-preview:-1"},"canonical":"https:\/\/www.africa-press.net\/congo-brazzaville\/politique\/journee-du-8-mars-les-femmes-de-poto-poto-i-invitees-a-sapproprier-le-numerique","og_locale":"fr_FR","og_type":"article","og_title":"Journ\u00e9e du 8 mars : les femmes de Poto-Poto I invit\u00e9es \u00e0 s\u2019approprier le num\u00e9rique","og_description":"Le de\u0301pute\u0301 de la premie\u0300re circonscription e\u0301lectorale de Poto-Poto, Rick Ge\u0301rald Bokilo, a exhorte\u0301 le 8 mars les f ...","og_url":"https:\/\/www.africa-press.net\/congo-brazzaville\/politique\/journee-du-8-mars-les-femmes-de-poto-poto-i-invitees-a-sapproprier-le-numerique","og_site_name":"Congo Brazzaville","article_published_time":"2023-03-09T19:10:44+00:00","article_modified_time":"2023-03-09T20:06:34+00:00","og_image":[{"width":1024,"height":768,"url":"https:\/\/static.africa-press.net\/congo-brazzaville\/sites\/51\/2023\/03\/postQueueImg_1678376453.20.jpg","type":"image\/jpeg"}],"author":"cfeditorfr","twitter_card":"summary_large_image","twitter_misc":{"\u00c9crit par":"cfeditorfr","Dur\u00e9e de lecture estim\u00e9e":"4 minutes"},"schema":{"@context":"https:\/\/schema.org","@graph":[{"@type":"Article","@id":"https:\/\/www.africa-press.net\/congo-brazzaville\/politique\/journee-du-8-mars-les-femmes-de-poto-poto-i-invitees-a-sapproprier-le-numerique#article","isPartOf":{"@id":"https:\/\/www.africa-press.net\/congo-brazzaville\/politique\/journee-du-8-mars-les-femmes-de-poto-poto-i-invitees-a-sapproprier-le-numerique"},"author":{"name":"cfeditorfr","@id":"https:\/\/www.africa-press.net\/congo-brazzaville\/#\/schema\/person\/2b1cf3cd81a31e3cd26889ca66d677f1"},"headline":"Journ\u00e9e du 8 mars : les femmes de Poto-Poto I invit\u00e9es \u00e0 s\u2019approprier le num\u00e9rique","datePublished":"2023-03-09T19:10:44+00:00","dateModified":"2023-03-09T20:06:34+00:00","mainEntityOfPage":{"@id":"https:\/\/www.africa-press.net\/congo-brazzaville\/politique\/journee-du-8-mars-les-femmes-de-poto-poto-i-invitees-a-sapproprier-le-numerique"},"wordCount":791,"commentCount":0,"image":{"@id":"https:\/\/www.africa-press.net\/congo-brazzaville\/politique\/journee-du-8-mars-les-femmes-de-poto-poto-i-invitees-a-sapproprier-le-numerique#primaryimage"},"thumbnailUrl":"https:\/\/static.africa-press.net\/congo-brazzaville\/sites\/51\/2023\/03\/postQueueImg_1678376453.20.jpg","keywords":["Africa Press","Africa Press-Congo Brazzaville","Congo Brazzaville"],"articleSection":["Politique","Toutes les actualit\u00e9s"],"inLanguage":"fr-FR","potentialAction":[{"@type":"CommentAction","name":"Comment","target":["https:\/\/www.africa-press.net\/congo-brazzaville\/politique\/journee-du-8-mars-les-femmes-de-poto-poto-i-invitees-a-sapproprier-le-numerique#respond"]}]},{"@type":"WebPage","@id":"https:\/\/www.africa-press.net\/congo-brazzaville\/politique\/journee-du-8-mars-les-femmes-de-poto-poto-i-invitees-a-sapproprier-le-numerique","url":"https:\/\/www.africa-press.net\/congo-brazzaville\/politique\/journee-du-8-mars-les-femmes-de-poto-poto-i-invitees-a-sapproprier-le-numerique","name":"Journ\u00e9e du 8 mars : les femmes de Poto-Poto I invit\u00e9es \u00e0 s\u2019approprier le num\u00e9rique - Congo Brazzaville","isPartOf":{"@id":"https:\/\/www.africa-press.net\/congo-brazzaville\/#website"},"primaryImageOfPage":{"@id":"https:\/\/www.africa-press.net\/congo-brazzaville\/politique\/journee-du-8-mars-les-femmes-de-poto-poto-i-invitees-a-sapproprier-le-numerique#primaryimage"},"image":{"@id":"https:\/\/www.africa-press.net\/congo-brazzaville\/politique\/journee-du-8-mars-les-femmes-de-poto-poto-i-invitees-a-sapproprier-le-numerique#primaryimage"},"thumbnailUrl":"https:\/\/static.africa-press.net\/congo-brazzaville\/sites\/51\/2023\/03\/postQueueImg_1678376453.20.jpg","datePublished":"2023-03-09T19:10:44+00:00","dateModified":"2023-03-09T20:06:34+00:00","author":{"@id":"https:\/\/www.africa-press.net\/congo-brazzaville\/#\/schema\/person\/2b1cf3cd81a31e3cd26889ca66d677f1"},"description":"Le de\u0301pute\u0301 de la premie\u0300re circonscription e\u0301lectorale de Poto-Poto, Rick Ge\u0301rald Bokilo, a exhorte\u0301 le 8 mars les f ...","breadcrumb":{"@id":"https:\/\/www.africa-press.net\/congo-brazzaville\/politique\/journee-du-8-mars-les-femmes-de-poto-poto-i-invitees-a-sapproprier-le-numerique#breadcrumb"},"inLanguage":"fr-FR","potentialAction":[{"@type":"ReadAction","target":["https:\/\/www.africa-press.net\/congo-brazzaville\/politique\/journee-du-8-mars-les-femmes-de-poto-poto-i-invitees-a-sapproprier-le-numerique"]}]},{"@type":"ImageObject","inLanguage":"fr-FR","@id":"https:\/\/www.africa-press.net\/congo-brazzaville\/politique\/journee-du-8-mars-les-femmes-de-poto-poto-i-invitees-a-sapproprier-le-numerique#primaryimage","url":"https:\/\/static.africa-press.net\/congo-brazzaville\/sites\/51\/2023\/03\/postQueueImg_1678376453.20.jpg","contentUrl":"https:\/\/static.africa-press.net\/congo-brazzaville\/sites\/51\/2023\/03\/postQueueImg_1678376453.20.jpg","width":1024,"height":768,"caption":"Journ\u00e9e du 8 mars : les femmes de Poto-Poto I invit\u00e9es \u00e0 s\u2019approprier le num\u00e9rique"},{"@type":"BreadcrumbList","@id":"https:\/\/www.africa-press.net\/congo-brazzaville\/politique\/journee-du-8-mars-les-femmes-de-poto-poto-i-invitees-a-sapproprier-le-numerique#breadcrumb","itemListElement":[{"@type":"ListItem","position":1,"name":"Accueil","item":"https:\/\/www.africa-press.net\/congo-brazzaville\/"},{"@type":"ListItem","position":2,"name":"Journ\u00e9e du 8 mars : les femmes de Poto-Poto I invit\u00e9es \u00e0 s\u2019approprier le num\u00e9rique"}]},{"@type":"WebSite","@id":"https:\/\/www.africa-press.net\/congo-brazzaville\/#website","url":"https:\/\/www.africa-press.net\/congo-brazzaville\/","name":"Congo Brazzaville","description":"Just another Africa News Agency Sites site","potentialAction":[{"@type":"SearchAction","target":{"@type":"EntryPoint","urlTemplate":"https:\/\/www.africa-press.net\/congo-brazzaville\/?s={search_term_string}"},"query-input":{"@type":"PropertyValueSpecification","valueRequired":true,"valueName":"search_term_string"}}],"inLanguage":"fr-FR"},{"@type":"Person","@id":"https:\/\/www.africa-press.net\/congo-brazzaville\/#\/schema\/person\/2b1cf3cd81a31e3cd26889ca66d677f1","name":"cfeditorfr"}]}},"_links":{"self":[{"href":"https:\/\/www.africa-press.net\/congo-brazzaville\/wp-json\/wp\/v2\/posts\/15423","targetHints":{"allow":["GET"]}}],"collection":[{"href":"https:\/\/www.africa-press.net\/congo-brazzaville\/wp-json\/wp\/v2\/posts"}],"about":[{"href":"https:\/\/www.africa-press.net\/congo-brazzaville\/wp-json\/wp\/v2\/types\/post"}],"author":[{"embeddable":true,"href":"https:\/\/www.africa-press.net\/congo-brazzaville\/wp-json\/wp\/v2\/users\/82"}],"replies":[{"embeddable":true,"href":"https:\/\/www.africa-press.net\/congo-brazzaville\/wp-json\/wp\/v2\/comments?post=15423"}],"version-history":[{"count":0,"href":"https:\/\/www.africa-press.net\/congo-brazzaville\/wp-json\/wp\/v2\/posts\/15423\/revisions"}],"wp:featuredmedia":[{"embeddable":true,"href":"https:\/\/www.africa-press.net\/congo-brazzaville\/wp-json\/wp\/v2\/media\/15422"}],"wp:attachment":[{"href":"https:\/\/www.africa-press.net\/congo-brazzaville\/wp-json\/wp\/v2\/media?parent=15423"}],"wp:term":[{"taxonomy":"category","embeddable":true,"href":"https:\/\/www.africa-press.net\/congo-brazzaville\/wp-json\/wp\/v2\/categories?post=15423"},{"taxonomy":"post_tag","embeddable":true,"href":"https:\/\/www.africa-press.net\/congo-brazzaville\/wp-json\/wp\/v2\/tags?post=15423"}],"curies":[{"name":"wp","href":"https:\/\/api.w.org\/{rel}","templated":true}]}}