{"id":15433,"date":"2023-03-09T19:11:26","date_gmt":"2023-03-09T19:11:26","guid":{"rendered":"https:\/\/www.africa-press.net\/congo-brazzaville\/politique\/journee-du-8-mars-des-eleves-edifies-sur-les-mefaits-des-violences-en-milieu-scolaire"},"modified":"2023-03-09T20:07:54","modified_gmt":"2023-03-09T20:07:54","slug":"journee-du-8-mars-des-eleves-edifies-sur-les-mefaits-des-violences-en-milieu-scolaire","status":"publish","type":"post","link":"https:\/\/www.africa-press.net\/congo-brazzaville\/toutes-les-actualites\/journee-du-8-mars-des-eleves-edifies-sur-les-mefaits-des-violences-en-milieu-scolaire","title":{"rendered":"Journ\u00e9e du 8 mars : des \u00e9l\u00e8ves \u00e9difi\u00e9s sur les m\u00e9faits des violences en milieu scolaire"},"content":{"rendered":"<p><span style=\"color: #ff6600\"><strong>Africa-Press &#8211; Congo Brazzaville. <\/strong><\/span><b>L\u2019Association congolaise unie pour la recherche et l\u2019e\u0301ducation a anime\u0301, le 8 mars a\u0300 Brazzaville, une confe\u0301rence-de\u0301bat sur le the\u0300me \u00ab Les violences en milieu scolaire, un frein a\u0300 l\u2019e\u0301ducation \u00bb, a\u0300 l\u2019occasion de la ce\u0301le\u0301bration de la Journe\u0301e internationale des droits des femmes. <\/b><\/p>\n<p>La confe\u0301rence-de\u0301bat a eu pour objectif d\u2019informer des e\u0301le\u0300ves des cycles primaire et secondaire ainsi que leurs tuteurs des de\u0301ga\u0302ts des agressions au sein des e\u0301tablissements scolaires. Elle a e\u0301te\u0301 marque\u0301e par la communication du psychologue Lilyan Boukaka sur le the\u0300me \u00ab Les violences en milieu scolaire, un frein a\u0300 l\u2019e\u0301ducation \u00bb ainsi que des activite\u0301s culturelles.<\/p>\n<p>Les violences au sein des e\u0301tablissements scolaires constituent un ve\u0301ritable frein a\u0300 l\u2019e\u0301panouissement intellectuel et social des e\u0301le\u0300ves, a dit Lilyan Boukaka. Les comportements violents des enfants, a-t-il indique\u0301, ont pour sources la maltraitance en milieu familial pour les uns et des violences subies, le poids de la puberte\u0301 avec en toile de fond le mauvais traitement des informations au niveau cognitif, pour les autres.<\/p>\n<p>\u00ab Au niveau personnel, il n\u2019est pas difficile de constater et de comprendre que certaines re\u0301actions de nos enfants ne sont que la re\u0301sultante d\u2019un conflit entre leurs de\u0301sirs et la re\u0301alite\u0301 souvent comme immature \u00bb, a-t-il indique\u0301, ajoutant que \u00ab les e\u0301le\u0300ves expriment leurs souffrances par l\u2019agressivite\u0301, un moyen privile\u0301gie\u0301 pour transcender les humiliations et autres souffrances \u00bb.<\/p>\n<p>L\u2019e\u0301change avec les e\u0301le\u0300ves a e\u0301te\u0301 pour lui un moment d&rsquo;une importance capitale afin de les aider a\u0300 identifier leurs propres sources d\u2019e\u0301nergies ne\u0301gatives qui les poussent a\u0300 re\u0301agir vigoureusement tout en identifiant les conse\u0301quences a\u0300 court et a\u0300 long terme.<\/p>\n<p>L\u2019examen de leur conscience, a-t-il poursuivi, leur permettra de mieux prendre les re\u0301solutions et en me\u0302me temps leur donner la possibilite\u0301 de consulter un psychologue ou autre acteur pour une approche de re\u0301solution a\u0300 leur proble\u0300me.<\/p>\n<p>L\u2019e\u0301le\u0300ve Reine Boussafou a remercie\u0301 les initiateurs car la question d\u2019agressivite\u0301 dans les e\u0301tablissements scolaires est d&rsquo;actualite\u0301. A cet effet, elle a e\u0301mis le souhait que les filles soient bien prote\u0301ge\u0301es car elles sont harcele\u0301es en milieu scolaire et vivent au quotidien des ine\u0301galite\u0301s qui les rabaissent et les ame\u0300nent a\u0300 un niveau infe\u0301rieur.<\/p>\n<p>Notons que l\u2019Association congolaise unie pour la recherche et l\u2019e\u0301ducation a commence\u0301 ses activite\u0301s en 2016, avant sa reconnaissance officielle en 2018. Son but principal est de former et d&rsquo;e\u0301duquer les enfants, de favoriser l\u2019e\u0301ducation morale, civique et le respect des droits de l\u2019homme, le de\u0301veloppement physique, intellectuel et artistique puis promouvoir le de\u0301veloppement socio-culturel, e\u0301conomique, re\u0301cre\u0301atif et e\u0301ducatif afin qu\u2019ils jouent un ro\u0302le pre\u0301ponde\u0301rant dans la socie\u0301te\u0301.<\/p>\n<p><strong>Pour plus d&rsquo;informations et d&rsquo;analyses sur la <a href=\"https:\/\/www.africa-press.net\/congo-brazzaville\">Congo Brazzaville<\/a>, suivez <a href=\"https:\/\/www.africa-press.net\/\">Africa-Press<\/a><\/strong><\/p>\n","protected":false},"excerpt":{"rendered":"<p>Africa-Press &#8211; Congo Brazzaville. L\u2019Association congolaise unie pour la recherche et l\u2019e\u0301ducation a anime\u0301, le 8 mars a\u0300 Brazzaville, une confe\u0301rence-de\u0301bat sur le the\u0300me \u00ab Les violences en milieu scolaire, un frein a\u0300 l\u2019e\u0301ducation \u00bb, a\u0300 l\u2019occasion de la ce\u0301le\u0301bration de la Journe\u0301e internationale des droits des femmes. La confe\u0301rence-de\u0301bat a eu pour objectif d\u2019informer [&hellip;]<\/p>\n","protected":false},"author":82,"featured_media":15431,"comment_status":"open","ping_status":"closed","sticky":false,"template":"","format":"standard","meta":{"footnotes":""},"categories":[21,10],"tags":[36,47,46],"class_list":["post-15433","post","type-post","status-publish","format-standard","has-post-thumbnail","hentry","category-communaute","category-toutes-les-actualites","tag-africa-press","tag-africa-press-congo-brazzaville","tag-congo-brazzaville"],"yoast_head":"<!-- This site is optimized with the Yoast SEO Premium plugin v26.1 (Yoast SEO v27.0) - https:\/\/yoast.com\/product\/yoast-seo-premium-wordpress\/ -->\n<title>Journ\u00e9e du 8 mars : des \u00e9l\u00e8ves \u00e9difi\u00e9s sur les m\u00e9faits des violences en milieu scolaire - Congo Brazzaville<\/title>\n<meta name=\"description\" content=\"L\u2019Association congolaise unie pour la recherche et l\u2019e\u0301ducation a anime\u0301, le 8 mars a\u0300 Brazzaville, une confe\u0301rence-d ...\" \/>\n<meta name=\"robots\" content=\"index, follow, max-snippet:-1, max-image-preview:large, max-video-preview:-1\" \/>\n<link rel=\"canonical\" href=\"https:\/\/www.africa-press.net\/congo-brazzaville\/toutes-les-actualites\/journee-du-8-mars-des-eleves-edifies-sur-les-mefaits-des-violences-en-milieu-scolaire\" \/>\n<meta property=\"og:locale\" content=\"fr_FR\" \/>\n<meta property=\"og:type\" content=\"article\" \/>\n<meta property=\"og:title\" content=\"Journ\u00e9e du 8 mars : des \u00e9l\u00e8ves \u00e9difi\u00e9s sur les m\u00e9faits des violences en milieu scolaire\" \/>\n<meta property=\"og:description\" content=\"L\u2019Association congolaise unie pour la recherche et l\u2019e\u0301ducation a anime\u0301, le 8 mars a\u0300 Brazzaville, une confe\u0301rence-d ...\" \/>\n<meta property=\"og:url\" content=\"https:\/\/www.africa-press.net\/congo-brazzaville\/toutes-les-actualites\/journee-du-8-mars-des-eleves-edifies-sur-les-mefaits-des-violences-en-milieu-scolaire\" \/>\n<meta property=\"og:site_name\" content=\"Congo Brazzaville\" \/>\n<meta property=\"article:published_time\" content=\"2023-03-09T19:11:26+00:00\" \/>\n<meta property=\"article:modified_time\" content=\"2023-03-09T20:07:54+00:00\" \/>\n<meta property=\"og:image\" content=\"https:\/\/static.africa-press.net\/congo-brazzaville\/sites\/51\/2023\/03\/postQueueImg_1678376489.65.jpg\" \/>\n\t<meta property=\"og:image:width\" content=\"1080\" \/>\n\t<meta property=\"og:image:height\" content=\"810\" \/>\n\t<meta property=\"og:image:type\" content=\"image\/jpeg\" \/>\n<meta name=\"author\" content=\"cfeditorfr\" \/>\n<meta name=\"twitter:card\" content=\"summary_large_image\" \/>\n<meta name=\"twitter:label1\" content=\"\u00c9crit par\" \/>\n\t<meta name=\"twitter:data1\" content=\"cfeditorfr\" \/>\n\t<meta name=\"twitter:label2\" content=\"Dur\u00e9e de lecture estim\u00e9e\" \/>\n\t<meta name=\"twitter:data2\" content=\"3 minutes\" \/>\n<script type=\"application\/ld+json\" class=\"yoast-schema-graph\">{\"@context\":\"https:\/\/schema.org\",\"@graph\":[{\"@type\":\"Article\",\"@id\":\"https:\/\/www.africa-press.net\/congo-brazzaville\/toutes-les-actualites\/journee-du-8-mars-des-eleves-edifies-sur-les-mefaits-des-violences-en-milieu-scolaire#article\",\"isPartOf\":{\"@id\":\"https:\/\/www.africa-press.net\/congo-brazzaville\/toutes-les-actualites\/journee-du-8-mars-des-eleves-edifies-sur-les-mefaits-des-violences-en-milieu-scolaire\"},\"author\":{\"name\":\"cfeditorfr\",\"@id\":\"https:\/\/www.africa-press.net\/congo-brazzaville\/#\/schema\/person\/2b1cf3cd81a31e3cd26889ca66d677f1\"},\"headline\":\"Journ\u00e9e du 8 mars : des \u00e9l\u00e8ves \u00e9difi\u00e9s sur les m\u00e9faits des violences en milieu scolaire\",\"datePublished\":\"2023-03-09T19:11:26+00:00\",\"dateModified\":\"2023-03-09T20:07:54+00:00\",\"mainEntityOfPage\":{\"@id\":\"https:\/\/www.africa-press.net\/congo-brazzaville\/toutes-les-actualites\/journee-du-8-mars-des-eleves-edifies-sur-les-mefaits-des-violences-en-milieu-scolaire\"},\"wordCount\":540,\"commentCount\":0,\"image\":{\"@id\":\"https:\/\/www.africa-press.net\/congo-brazzaville\/toutes-les-actualites\/journee-du-8-mars-des-eleves-edifies-sur-les-mefaits-des-violences-en-milieu-scolaire#primaryimage\"},\"thumbnailUrl\":\"https:\/\/static.africa-press.net\/congo-brazzaville\/sites\/51\/2023\/03\/postQueueImg_1678376489.65.jpg\",\"keywords\":[\"Africa Press\",\"Africa Press-Congo Brazzaville\",\"Congo Brazzaville\"],\"articleSection\":[\"Communaut\u00e9\",\"Toutes les actualit\u00e9s\"],\"inLanguage\":\"fr-FR\",\"potentialAction\":[{\"@type\":\"CommentAction\",\"name\":\"Comment\",\"target\":[\"https:\/\/www.africa-press.net\/congo-brazzaville\/toutes-les-actualites\/journee-du-8-mars-des-eleves-edifies-sur-les-mefaits-des-violences-en-milieu-scolaire#respond\"]}]},{\"@type\":\"WebPage\",\"@id\":\"https:\/\/www.africa-press.net\/congo-brazzaville\/toutes-les-actualites\/journee-du-8-mars-des-eleves-edifies-sur-les-mefaits-des-violences-en-milieu-scolaire\",\"url\":\"https:\/\/www.africa-press.net\/congo-brazzaville\/toutes-les-actualites\/journee-du-8-mars-des-eleves-edifies-sur-les-mefaits-des-violences-en-milieu-scolaire\",\"name\":\"Journ\u00e9e du 8 mars : des \u00e9l\u00e8ves \u00e9difi\u00e9s sur les m\u00e9faits des violences en milieu scolaire - Congo Brazzaville\",\"isPartOf\":{\"@id\":\"https:\/\/www.africa-press.net\/congo-brazzaville\/#website\"},\"primaryImageOfPage\":{\"@id\":\"https:\/\/www.africa-press.net\/congo-brazzaville\/toutes-les-actualites\/journee-du-8-mars-des-eleves-edifies-sur-les-mefaits-des-violences-en-milieu-scolaire#primaryimage\"},\"image\":{\"@id\":\"https:\/\/www.africa-press.net\/congo-brazzaville\/toutes-les-actualites\/journee-du-8-mars-des-eleves-edifies-sur-les-mefaits-des-violences-en-milieu-scolaire#primaryimage\"},\"thumbnailUrl\":\"https:\/\/static.africa-press.net\/congo-brazzaville\/sites\/51\/2023\/03\/postQueueImg_1678376489.65.jpg\",\"datePublished\":\"2023-03-09T19:11:26+00:00\",\"dateModified\":\"2023-03-09T20:07:54+00:00\",\"author\":{\"@id\":\"https:\/\/www.africa-press.net\/congo-brazzaville\/#\/schema\/person\/2b1cf3cd81a31e3cd26889ca66d677f1\"},\"description\":\"L\u2019Association congolaise unie pour la recherche et l\u2019e\u0301ducation a anime\u0301, le 8 mars a\u0300 Brazzaville, une confe\u0301rence-d ...\",\"breadcrumb\":{\"@id\":\"https:\/\/www.africa-press.net\/congo-brazzaville\/toutes-les-actualites\/journee-du-8-mars-des-eleves-edifies-sur-les-mefaits-des-violences-en-milieu-scolaire#breadcrumb\"},\"inLanguage\":\"fr-FR\",\"potentialAction\":[{\"@type\":\"ReadAction\",\"target\":[\"https:\/\/www.africa-press.net\/congo-brazzaville\/toutes-les-actualites\/journee-du-8-mars-des-eleves-edifies-sur-les-mefaits-des-violences-en-milieu-scolaire\"]}]},{\"@type\":\"ImageObject\",\"inLanguage\":\"fr-FR\",\"@id\":\"https:\/\/www.africa-press.net\/congo-brazzaville\/toutes-les-actualites\/journee-du-8-mars-des-eleves-edifies-sur-les-mefaits-des-violences-en-milieu-scolaire#primaryimage\",\"url\":\"https:\/\/static.africa-press.net\/congo-brazzaville\/sites\/51\/2023\/03\/postQueueImg_1678376489.65.jpg\",\"contentUrl\":\"https:\/\/static.africa-press.net\/congo-brazzaville\/sites\/51\/2023\/03\/postQueueImg_1678376489.65.jpg\",\"width\":1080,\"height\":810,\"caption\":\"Journ\u00e9e du 8 mars : des \u00e9l\u00e8ves \u00e9difi\u00e9s sur les m\u00e9faits des violences en milieu scolaire\"},{\"@type\":\"BreadcrumbList\",\"@id\":\"https:\/\/www.africa-press.net\/congo-brazzaville\/toutes-les-actualites\/journee-du-8-mars-des-eleves-edifies-sur-les-mefaits-des-violences-en-milieu-scolaire#breadcrumb\",\"itemListElement\":[{\"@type\":\"ListItem\",\"position\":1,\"name\":\"Accueil\",\"item\":\"https:\/\/www.africa-press.net\/congo-brazzaville\/\"},{\"@type\":\"ListItem\",\"position\":2,\"name\":\"Journ\u00e9e du 8 mars : des \u00e9l\u00e8ves \u00e9difi\u00e9s sur les m\u00e9faits des violences en milieu scolaire\"}]},{\"@type\":\"WebSite\",\"@id\":\"https:\/\/www.africa-press.net\/congo-brazzaville\/#website\",\"url\":\"https:\/\/www.africa-press.net\/congo-brazzaville\/\",\"name\":\"Congo Brazzaville\",\"description\":\"Just another Africa News Agency Sites site\",\"potentialAction\":[{\"@type\":\"SearchAction\",\"target\":{\"@type\":\"EntryPoint\",\"urlTemplate\":\"https:\/\/www.africa-press.net\/congo-brazzaville\/?s={search_term_string}\"},\"query-input\":{\"@type\":\"PropertyValueSpecification\",\"valueRequired\":true,\"valueName\":\"search_term_string\"}}],\"inLanguage\":\"fr-FR\"},{\"@type\":\"Person\",\"@id\":\"https:\/\/www.africa-press.net\/congo-brazzaville\/#\/schema\/person\/2b1cf3cd81a31e3cd26889ca66d677f1\",\"name\":\"cfeditorfr\"}]}<\/script>\n<!-- \/ Yoast SEO Premium plugin. -->","yoast_head_json":{"title":"Journ\u00e9e du 8 mars : des \u00e9l\u00e8ves \u00e9difi\u00e9s sur les m\u00e9faits des violences en milieu scolaire - Congo Brazzaville","description":"L\u2019Association congolaise unie pour la recherche et l\u2019e\u0301ducation a anime\u0301, le 8 mars a\u0300 Brazzaville, une confe\u0301rence-d ...","robots":{"index":"index","follow":"follow","max-snippet":"max-snippet:-1","max-image-preview":"max-image-preview:large","max-video-preview":"max-video-preview:-1"},"canonical":"https:\/\/www.africa-press.net\/congo-brazzaville\/toutes-les-actualites\/journee-du-8-mars-des-eleves-edifies-sur-les-mefaits-des-violences-en-milieu-scolaire","og_locale":"fr_FR","og_type":"article","og_title":"Journ\u00e9e du 8 mars : des \u00e9l\u00e8ves \u00e9difi\u00e9s sur les m\u00e9faits des violences en milieu scolaire","og_description":"L\u2019Association congolaise unie pour la recherche et l\u2019e\u0301ducation a anime\u0301, le 8 mars a\u0300 Brazzaville, une confe\u0301rence-d ...","og_url":"https:\/\/www.africa-press.net\/congo-brazzaville\/toutes-les-actualites\/journee-du-8-mars-des-eleves-edifies-sur-les-mefaits-des-violences-en-milieu-scolaire","og_site_name":"Congo Brazzaville","article_published_time":"2023-03-09T19:11:26+00:00","article_modified_time":"2023-03-09T20:07:54+00:00","og_image":[{"width":1080,"height":810,"url":"https:\/\/static.africa-press.net\/congo-brazzaville\/sites\/51\/2023\/03\/postQueueImg_1678376489.65.jpg","type":"image\/jpeg"}],"author":"cfeditorfr","twitter_card":"summary_large_image","twitter_misc":{"\u00c9crit par":"cfeditorfr","Dur\u00e9e de lecture estim\u00e9e":"3 minutes"},"schema":{"@context":"https:\/\/schema.org","@graph":[{"@type":"Article","@id":"https:\/\/www.africa-press.net\/congo-brazzaville\/toutes-les-actualites\/journee-du-8-mars-des-eleves-edifies-sur-les-mefaits-des-violences-en-milieu-scolaire#article","isPartOf":{"@id":"https:\/\/www.africa-press.net\/congo-brazzaville\/toutes-les-actualites\/journee-du-8-mars-des-eleves-edifies-sur-les-mefaits-des-violences-en-milieu-scolaire"},"author":{"name":"cfeditorfr","@id":"https:\/\/www.africa-press.net\/congo-brazzaville\/#\/schema\/person\/2b1cf3cd81a31e3cd26889ca66d677f1"},"headline":"Journ\u00e9e du 8 mars : des \u00e9l\u00e8ves \u00e9difi\u00e9s sur les m\u00e9faits des violences en milieu scolaire","datePublished":"2023-03-09T19:11:26+00:00","dateModified":"2023-03-09T20:07:54+00:00","mainEntityOfPage":{"@id":"https:\/\/www.africa-press.net\/congo-brazzaville\/toutes-les-actualites\/journee-du-8-mars-des-eleves-edifies-sur-les-mefaits-des-violences-en-milieu-scolaire"},"wordCount":540,"commentCount":0,"image":{"@id":"https:\/\/www.africa-press.net\/congo-brazzaville\/toutes-les-actualites\/journee-du-8-mars-des-eleves-edifies-sur-les-mefaits-des-violences-en-milieu-scolaire#primaryimage"},"thumbnailUrl":"https:\/\/static.africa-press.net\/congo-brazzaville\/sites\/51\/2023\/03\/postQueueImg_1678376489.65.jpg","keywords":["Africa Press","Africa Press-Congo Brazzaville","Congo Brazzaville"],"articleSection":["Communaut\u00e9","Toutes les actualit\u00e9s"],"inLanguage":"fr-FR","potentialAction":[{"@type":"CommentAction","name":"Comment","target":["https:\/\/www.africa-press.net\/congo-brazzaville\/toutes-les-actualites\/journee-du-8-mars-des-eleves-edifies-sur-les-mefaits-des-violences-en-milieu-scolaire#respond"]}]},{"@type":"WebPage","@id":"https:\/\/www.africa-press.net\/congo-brazzaville\/toutes-les-actualites\/journee-du-8-mars-des-eleves-edifies-sur-les-mefaits-des-violences-en-milieu-scolaire","url":"https:\/\/www.africa-press.net\/congo-brazzaville\/toutes-les-actualites\/journee-du-8-mars-des-eleves-edifies-sur-les-mefaits-des-violences-en-milieu-scolaire","name":"Journ\u00e9e du 8 mars : des \u00e9l\u00e8ves \u00e9difi\u00e9s sur les m\u00e9faits des violences en milieu scolaire - Congo Brazzaville","isPartOf":{"@id":"https:\/\/www.africa-press.net\/congo-brazzaville\/#website"},"primaryImageOfPage":{"@id":"https:\/\/www.africa-press.net\/congo-brazzaville\/toutes-les-actualites\/journee-du-8-mars-des-eleves-edifies-sur-les-mefaits-des-violences-en-milieu-scolaire#primaryimage"},"image":{"@id":"https:\/\/www.africa-press.net\/congo-brazzaville\/toutes-les-actualites\/journee-du-8-mars-des-eleves-edifies-sur-les-mefaits-des-violences-en-milieu-scolaire#primaryimage"},"thumbnailUrl":"https:\/\/static.africa-press.net\/congo-brazzaville\/sites\/51\/2023\/03\/postQueueImg_1678376489.65.jpg","datePublished":"2023-03-09T19:11:26+00:00","dateModified":"2023-03-09T20:07:54+00:00","author":{"@id":"https:\/\/www.africa-press.net\/congo-brazzaville\/#\/schema\/person\/2b1cf3cd81a31e3cd26889ca66d677f1"},"description":"L\u2019Association congolaise unie pour la recherche et l\u2019e\u0301ducation a anime\u0301, le 8 mars a\u0300 Brazzaville, une confe\u0301rence-d ...","breadcrumb":{"@id":"https:\/\/www.africa-press.net\/congo-brazzaville\/toutes-les-actualites\/journee-du-8-mars-des-eleves-edifies-sur-les-mefaits-des-violences-en-milieu-scolaire#breadcrumb"},"inLanguage":"fr-FR","potentialAction":[{"@type":"ReadAction","target":["https:\/\/www.africa-press.net\/congo-brazzaville\/toutes-les-actualites\/journee-du-8-mars-des-eleves-edifies-sur-les-mefaits-des-violences-en-milieu-scolaire"]}]},{"@type":"ImageObject","inLanguage":"fr-FR","@id":"https:\/\/www.africa-press.net\/congo-brazzaville\/toutes-les-actualites\/journee-du-8-mars-des-eleves-edifies-sur-les-mefaits-des-violences-en-milieu-scolaire#primaryimage","url":"https:\/\/static.africa-press.net\/congo-brazzaville\/sites\/51\/2023\/03\/postQueueImg_1678376489.65.jpg","contentUrl":"https:\/\/static.africa-press.net\/congo-brazzaville\/sites\/51\/2023\/03\/postQueueImg_1678376489.65.jpg","width":1080,"height":810,"caption":"Journ\u00e9e du 8 mars : des \u00e9l\u00e8ves \u00e9difi\u00e9s sur les m\u00e9faits des violences en milieu scolaire"},{"@type":"BreadcrumbList","@id":"https:\/\/www.africa-press.net\/congo-brazzaville\/toutes-les-actualites\/journee-du-8-mars-des-eleves-edifies-sur-les-mefaits-des-violences-en-milieu-scolaire#breadcrumb","itemListElement":[{"@type":"ListItem","position":1,"name":"Accueil","item":"https:\/\/www.africa-press.net\/congo-brazzaville\/"},{"@type":"ListItem","position":2,"name":"Journ\u00e9e du 8 mars : des \u00e9l\u00e8ves \u00e9difi\u00e9s sur les m\u00e9faits des violences en milieu scolaire"}]},{"@type":"WebSite","@id":"https:\/\/www.africa-press.net\/congo-brazzaville\/#website","url":"https:\/\/www.africa-press.net\/congo-brazzaville\/","name":"Congo Brazzaville","description":"Just another Africa News Agency Sites site","potentialAction":[{"@type":"SearchAction","target":{"@type":"EntryPoint","urlTemplate":"https:\/\/www.africa-press.net\/congo-brazzaville\/?s={search_term_string}"},"query-input":{"@type":"PropertyValueSpecification","valueRequired":true,"valueName":"search_term_string"}}],"inLanguage":"fr-FR"},{"@type":"Person","@id":"https:\/\/www.africa-press.net\/congo-brazzaville\/#\/schema\/person\/2b1cf3cd81a31e3cd26889ca66d677f1","name":"cfeditorfr"}]}},"_links":{"self":[{"href":"https:\/\/www.africa-press.net\/congo-brazzaville\/wp-json\/wp\/v2\/posts\/15433","targetHints":{"allow":["GET"]}}],"collection":[{"href":"https:\/\/www.africa-press.net\/congo-brazzaville\/wp-json\/wp\/v2\/posts"}],"about":[{"href":"https:\/\/www.africa-press.net\/congo-brazzaville\/wp-json\/wp\/v2\/types\/post"}],"author":[{"embeddable":true,"href":"https:\/\/www.africa-press.net\/congo-brazzaville\/wp-json\/wp\/v2\/users\/82"}],"replies":[{"embeddable":true,"href":"https:\/\/www.africa-press.net\/congo-brazzaville\/wp-json\/wp\/v2\/comments?post=15433"}],"version-history":[{"count":0,"href":"https:\/\/www.africa-press.net\/congo-brazzaville\/wp-json\/wp\/v2\/posts\/15433\/revisions"}],"wp:featuredmedia":[{"embeddable":true,"href":"https:\/\/www.africa-press.net\/congo-brazzaville\/wp-json\/wp\/v2\/media\/15431"}],"wp:attachment":[{"href":"https:\/\/www.africa-press.net\/congo-brazzaville\/wp-json\/wp\/v2\/media?parent=15433"}],"wp:term":[{"taxonomy":"category","embeddable":true,"href":"https:\/\/www.africa-press.net\/congo-brazzaville\/wp-json\/wp\/v2\/categories?post=15433"},{"taxonomy":"post_tag","embeddable":true,"href":"https:\/\/www.africa-press.net\/congo-brazzaville\/wp-json\/wp\/v2\/tags?post=15433"}],"curies":[{"name":"wp","href":"https:\/\/api.w.org\/{rel}","templated":true}]}}