{"id":15441,"date":"2023-03-09T19:11:48","date_gmt":"2023-03-09T19:11:48","guid":{"rendered":"https:\/\/www.africa-press.net\/congo-brazzaville\/politique\/industrie-le-centre-brazza-bois-dote-dune-machine-a-secher"},"modified":"2023-03-09T20:09:12","modified_gmt":"2023-03-09T20:09:12","slug":"industrie-le-centre-brazza-bois-dote-dune-machine-a-secher","status":"publish","type":"post","link":"https:\/\/www.africa-press.net\/congo-brazzaville\/photo\/industrie-le-centre-brazza-bois-dote-dune-machine-a-secher","title":{"rendered":"Industrie : le centre Brazza-bois dot\u00e9 d\u2019une machine \u00e0 s\u00e9cher"},"content":{"rendered":"<p><span style=\"color: #ff6600\"><strong>Africa-Press &#8211; Congo Brazzaville. <\/strong><\/span><b>Le Centre de ressource professionnelle (CRP) des me\u0301tiers du bois de Brazzaville, \u00ab Brazza-bois \u00bb, vient de be\u0301ne\u0301ficier d\u2019un se\u0301choir a\u0300 bois menuiserie et d\u2019autres e\u0301quipements modernes octroye\u0301s par l\u2019Union europe\u0301enne(UE). L\u2019atelier peut siller et se\u0301cher plus de 1400 m3 de bois par an, contribuant a\u0300 l\u2019essor de l\u2019industrie locale du bois. <\/b><\/p>\n<p>Le CRP des me\u0301tiers du bois, situe\u0301 a\u0300 Ouenze\u0301, le cinquie\u0300me arrondissement de la capitale, a ouvert ses portes lors de la visite de la de\u0301le\u0301gation des membres du Conseil de l\u2019UE. Cette forte de\u0301le\u0301gation e\u0301tait venue inspecter la re\u0301alisation des projets communautaires finance\u0301s par l\u2019UE au Congo, y compris e\u0301changer avec les be\u0301ne\u0301ficiaires et identifier les secteurs prioritaires en vue de faciliter l\u2019intervention de l\u2019institution.<\/p>\n<p>L\u2019atelier Brazza-bois est l\u2019un des trois clusters bois-menuiserie du Programme de renforcement des capacite\u0301s commerciales et entrepreneuriales (PRCCE II) finance\u0301 par l\u2019UE. L\u2019entreprise continue sa monte\u0301e en puissance, avec l\u2019extension de l\u2019atelier et l\u2019installation des e\u0301quipements a\u0300 la pointe de la technologie. Sa particularite\u0301 est qu\u2019elle offre un seul service du bois se\u0301che\u0301 et sille\u0301, a explique\u0301 le pre\u0301sident du cluster, Joe\u0308l Kikadidi. Les nouveaux e\u0301quipements permettent de mieux siller et se\u0301cher le bois, en respectant le volume qui peut aller soit a\u0300 la charpente ou aux travaux de menuiserie.<\/p>\n<p>Plus qu\u2019un groupement d\u2019ouvriers du bois, le centre fonctionne en chai\u0302ne de valeur, avec la capacite\u0301 de parame\u0301trer la coupe de bois, le sillage et le cou\u0302t de transport. \u00ab Nous faisons de la formation et la production. Nous formons en produisant et produisons en formant. Le centre entend valoriser les varie\u0301te\u0301s d\u2019essences que regorge le bassin forestier national. Le centre ne produit pas des produits finis, nous re\u0301alisons des semi-finis qui sont destine\u0301s aux artisans. Nous aurons de\u0301sormais de bois de bonne qualite\u0301 avec un prix adapte\u0301 au pouvoir d\u2019achat des me\u0301nages \u00bb, a de\u0301taille\u0301 Joe\u0308l Kikadidi.<\/p>\n<p>Le centre est restructure\u0301 en socie\u0301te\u0301 d\u2019artisans avec des actionnaires. Les membres du groupement rec\u0327oivent actuellement des formations pratiques en vue d\u2019assurer la gestion du se\u0301choir a\u0300 bois menuiserie. Les menuisiers vont de\u0301sormais utiliser du bois se\u0301che\u0301 artificiel mieux adapte\u0301 a\u0300 la demande. Le CRP de Brazzaville travaille en collaboration avec des artisans forestiers de la Le\u0301koumou et ceux de Pointe-Noire.<\/p>\n<p>Selon le responsable de ce cluster, le centre est en capacite\u0301 de transformer 120m3 de bois par mois, soit plus de 1400 m3 par an ; tandis que la consommation annuelle a\u0300 Brazzaville repre\u0301sente environ 26 000 m3. Le Congo doit transformer davantage le bois pour pouvoir ope\u0301rationnaliser la mesure d\u2019interdiction de bois brut, selon Aime\u0301 Blaise Nitoumbi, le directeur ge\u0301ne\u0301ral du partenariat au de\u0301veloppement au ministe\u0300re du Plan. \u00ab Le soutien de l\u2019UE est indispensable pour le de\u0301veloppement de la filie\u0300re bois et l\u2019ame\u0301lioration des conditions de travail des artisans. Il contribue a\u0300 la cre\u0301ation de l\u2019industrie locale \u00bb, a-t- il ajoute\u0301.<\/p>\n<p>L\u2019UE va continuer d&rsquo;accompagner le Congo dans ses efforts vers la diversification e\u0301conomique, a assure\u0301 l\u2019ambassadeur Giacomo Durazzo. Le soutien du Brazzza-bois, be\u0301ne\u0301ficiaire du PRCCE II, s\u2019inscrit dans le cadre du onzie\u0300me Fonds europe\u0301en de de\u0301veloppement.<\/p>\n\r\n                <style type=\"text\/css\">\r\n                    \r\n                    #td_uid_1_69f241e00d2c9  .td-doubleSlider-2 .td-item1 {\r\n                        background: url(https:\/\/static.africa-press.net\/congo-brazzaville\/sites\/51\/2023\/03\/postMediaimg_69_1-80x60.jpg) 0 0 no-repeat;\r\n                    }\r\n                    #td_uid_1_69f241e00d2c9  .td-doubleSlider-2 .td-item2 {\r\n                        background: url(https:\/\/static.africa-press.net\/congo-brazzaville\/sites\/51\/2023\/03\/postMediaimg_69_2-80x60.jpg) 0 0 no-repeat;\r\n                    }\r\n                <\/style>\r\n\r\n                <div id=\"td_uid_1_69f241e00d2c9\" class=\"td-gallery td-slide-on-2-columns\">\r\n                    <div class=\"post_td_gallery\">\r\n                        <div class=\"td-gallery-slide-top\">\r\n                           <div class=\"td-gallery-title\"><\/div>\r\n\r\n                            <div class=\"td-gallery-controls-wrapper\">\r\n                                <div class=\"td-gallery-slide-count\"><span class=\"td-gallery-slide-item-focus\">1<\/span> de 2<\/div>\r\n                                <div class=\"td-gallery-slide-prev-next-but\">\r\n                                    <i class = \"td-icon-left doubleSliderPrevButton\"><\/i>\r\n                                    <i class = \"td-icon-right doubleSliderNextButton\"><\/i>\r\n                                <\/div>\r\n                            <\/div>\r\n                        <\/div>\r\n\r\n                        <div class = \"td-doubleSlider-1 \">\r\n                            <div class = \"td-slider\">\r\n                                \r\n                    <div class = \"td-slide-item td-item1\">\r\n                        <figure class=\"td-slide-galery-figure td-slide-popup-gallery\">\r\n                            <a class=\"slide-gallery-image-link\" href=\"https:\/\/static.africa-press.net\/congo-brazzaville\/sites\/51\/2023\/03\/postMediaimg_69_1.jpg\" title=\"postMediaimg_69_1\"  data-caption=\"\"  data-description=\"\">\r\n                                <img decoding=\"async\" src=\"https:\/\/static.africa-press.net\/congo-brazzaville\/sites\/51\/2023\/03\/postMediaimg_69_1.jpg\" srcset=\"https:\/\/static.africa-press.net\/congo-brazzaville\/sites\/51\/2023\/03\/postMediaimg_69_1.jpg 1706w, https:\/\/static.africa-press.net\/congo-brazzaville\/sites\/51\/2023\/03\/postMediaimg_69_1-300x135.jpg 300w, https:\/\/static.africa-press.net\/congo-brazzaville\/sites\/51\/2023\/03\/postMediaimg_69_1-1024x461.jpg 1024w, https:\/\/static.africa-press.net\/congo-brazzaville\/sites\/51\/2023\/03\/postMediaimg_69_1-768x346.jpg 768w, https:\/\/static.africa-press.net\/congo-brazzaville\/sites\/51\/2023\/03\/postMediaimg_69_1-1536x691.jpg 1536w\" sizes=\"(max-width: 1706px) 100vw, 1706px\" alt=\"\">\r\n                            <\/a>\r\n                            \r\n                        <\/figure>\r\n                    <\/div>\r\n                    <div class = \"td-slide-item td-item2\">\r\n                        <figure class=\"td-slide-galery-figure td-slide-popup-gallery\">\r\n                            <a class=\"slide-gallery-image-link\" href=\"https:\/\/static.africa-press.net\/congo-brazzaville\/sites\/51\/2023\/03\/postMediaimg_69_2.jpg\" title=\"postMediaimg_69_2\"  data-caption=\"\"  data-description=\"\">\r\n                                <img decoding=\"async\" src=\"https:\/\/static.africa-press.net\/congo-brazzaville\/sites\/51\/2023\/03\/postMediaimg_69_2.jpg\" srcset=\"https:\/\/static.africa-press.net\/congo-brazzaville\/sites\/51\/2023\/03\/postMediaimg_69_2.jpg 1706w, https:\/\/static.africa-press.net\/congo-brazzaville\/sites\/51\/2023\/03\/postMediaimg_69_2-300x135.jpg 300w, https:\/\/static.africa-press.net\/congo-brazzaville\/sites\/51\/2023\/03\/postMediaimg_69_2-1024x461.jpg 1024w, https:\/\/static.africa-press.net\/congo-brazzaville\/sites\/51\/2023\/03\/postMediaimg_69_2-768x346.jpg 768w, https:\/\/static.africa-press.net\/congo-brazzaville\/sites\/51\/2023\/03\/postMediaimg_69_2-1536x691.jpg 1536w\" sizes=\"(max-width: 1706px) 100vw, 1706px\" alt=\"\">\r\n                            <\/a>\r\n                            \r\n                        <\/figure>\r\n                    <\/div>\r\n                            <\/div>\r\n                        <\/div>\r\n\r\n                        <div class = \"td-doubleSlider-2\">\r\n                            <div class = \"td-slider\">\r\n                                \r\n                    <div class = \"td-button td-item1\">\r\n                        <div class = \"td-border\"><\/div>\r\n                    <\/div>\r\n                    <div class = \"td-button td-item2\">\r\n                        <div class = \"td-border\"><\/div>\r\n                    <\/div>\r\n                            <\/div>\r\n                        <\/div>\r\n\r\n                    <\/div>\r\n\r\n                <\/div>\r\n                \n<p><strong>Pour plus d&rsquo;informations et d&rsquo;analyses sur la <a href=\"https:\/\/www.africa-press.net\/congo-brazzaville\">Congo Brazzaville<\/a>, suivez <a href=\"https:\/\/www.africa-press.net\/\">Africa-Press<\/a><\/strong><\/p>\n","protected":false},"excerpt":{"rendered":"<p>Africa-Press &#8211; Congo Brazzaville. Le Centre de ressource professionnelle (CRP) des me\u0301tiers du bois de Brazzaville, \u00ab Brazza-bois \u00bb, vient de be\u0301ne\u0301ficier d\u2019un se\u0301choir a\u0300 bois menuiserie et d\u2019autres e\u0301quipements modernes octroye\u0301s par l\u2019Union europe\u0301enne(UE). L\u2019atelier peut siller et se\u0301cher plus de 1400 m3 de bois par an, contribuant a\u0300 l\u2019essor de l\u2019industrie locale du [&hellip;]<\/p>\n","protected":false},"author":82,"featured_media":15440,"comment_status":"open","ping_status":"closed","sticky":false,"template":"","format":"standard","meta":{"footnotes":""},"categories":[21,8,10],"tags":[36,47,46],"class_list":["post-15441","post","type-post","status-publish","format-standard","has-post-thumbnail","hentry","category-communaute","category-photo","category-toutes-les-actualites","tag-africa-press","tag-africa-press-congo-brazzaville","tag-congo-brazzaville"],"yoast_head":"<!-- This site is optimized with the Yoast SEO Premium plugin v26.1 (Yoast SEO v27.0) - https:\/\/yoast.com\/product\/yoast-seo-premium-wordpress\/ -->\n<title>Industrie : le centre Brazza-bois dot\u00e9 d\u2019une machine \u00e0 s\u00e9cher - Congo Brazzaville<\/title>\n<meta name=\"description\" content=\"Le Centre de ressource professionnelle (CRP) des me\u0301tiers du bois de Brazzaville, \u00ab Brazza-bois \u00bb, vient de be\u0301ne\u0301fic ...\" \/>\n<meta name=\"robots\" content=\"index, follow, max-snippet:-1, max-image-preview:large, max-video-preview:-1\" \/>\n<link rel=\"canonical\" href=\"https:\/\/www.africa-press.net\/congo-brazzaville\/photo\/industrie-le-centre-brazza-bois-dote-dune-machine-a-secher\" \/>\n<meta property=\"og:locale\" content=\"fr_FR\" \/>\n<meta property=\"og:type\" content=\"article\" \/>\n<meta property=\"og:title\" content=\"Industrie : le centre Brazza-bois dot\u00e9 d\u2019une machine \u00e0 s\u00e9cher\" \/>\n<meta property=\"og:description\" content=\"Le Centre de ressource professionnelle (CRP) des me\u0301tiers du bois de Brazzaville, \u00ab Brazza-bois \u00bb, vient de be\u0301ne\u0301fic ...\" \/>\n<meta property=\"og:url\" content=\"https:\/\/www.africa-press.net\/congo-brazzaville\/photo\/industrie-le-centre-brazza-bois-dote-dune-machine-a-secher\" \/>\n<meta property=\"og:site_name\" content=\"Congo Brazzaville\" \/>\n<meta property=\"article:published_time\" content=\"2023-03-09T19:11:48+00:00\" \/>\n<meta property=\"article:modified_time\" content=\"2023-03-09T20:09:12+00:00\" \/>\n<meta property=\"og:image\" content=\"https:\/\/static.africa-press.net\/congo-brazzaville\/sites\/51\/2023\/03\/postQueueImg_1678376514.87.jpg\" \/>\n\t<meta property=\"og:image:width\" content=\"1706\" \/>\n\t<meta property=\"og:image:height\" content=\"768\" \/>\n\t<meta property=\"og:image:type\" content=\"image\/jpeg\" \/>\n<meta name=\"author\" content=\"cfeditorfr\" \/>\n<meta name=\"twitter:card\" content=\"summary_large_image\" \/>\n<meta name=\"twitter:label1\" content=\"\u00c9crit par\" \/>\n\t<meta name=\"twitter:data1\" content=\"cfeditorfr\" \/>\n\t<meta name=\"twitter:label2\" content=\"Dur\u00e9e de lecture estim\u00e9e\" \/>\n\t<meta name=\"twitter:data2\" content=\"3 minutes\" \/>\n<script type=\"application\/ld+json\" class=\"yoast-schema-graph\">{\"@context\":\"https:\/\/schema.org\",\"@graph\":[{\"@type\":\"Article\",\"@id\":\"https:\/\/www.africa-press.net\/congo-brazzaville\/photo\/industrie-le-centre-brazza-bois-dote-dune-machine-a-secher#article\",\"isPartOf\":{\"@id\":\"https:\/\/www.africa-press.net\/congo-brazzaville\/photo\/industrie-le-centre-brazza-bois-dote-dune-machine-a-secher\"},\"author\":{\"name\":\"cfeditorfr\",\"@id\":\"https:\/\/www.africa-press.net\/congo-brazzaville\/#\/schema\/person\/2b1cf3cd81a31e3cd26889ca66d677f1\"},\"headline\":\"Industrie : le centre Brazza-bois dot\u00e9 d\u2019une machine \u00e0 s\u00e9cher\",\"datePublished\":\"2023-03-09T19:11:48+00:00\",\"dateModified\":\"2023-03-09T20:09:12+00:00\",\"mainEntityOfPage\":{\"@id\":\"https:\/\/www.africa-press.net\/congo-brazzaville\/photo\/industrie-le-centre-brazza-bois-dote-dune-machine-a-secher\"},\"wordCount\":626,\"commentCount\":0,\"image\":{\"@id\":\"https:\/\/www.africa-press.net\/congo-brazzaville\/photo\/industrie-le-centre-brazza-bois-dote-dune-machine-a-secher#primaryimage\"},\"thumbnailUrl\":\"https:\/\/static.africa-press.net\/congo-brazzaville\/sites\/51\/2023\/03\/postQueueImg_1678376514.87.jpg\",\"keywords\":[\"Africa Press\",\"Africa Press-Congo Brazzaville\",\"Congo Brazzaville\"],\"articleSection\":[\"Communaut\u00e9\",\"Photo\",\"Toutes les actualit\u00e9s\"],\"inLanguage\":\"fr-FR\",\"potentialAction\":[{\"@type\":\"CommentAction\",\"name\":\"Comment\",\"target\":[\"https:\/\/www.africa-press.net\/congo-brazzaville\/photo\/industrie-le-centre-brazza-bois-dote-dune-machine-a-secher#respond\"]}]},{\"@type\":\"WebPage\",\"@id\":\"https:\/\/www.africa-press.net\/congo-brazzaville\/photo\/industrie-le-centre-brazza-bois-dote-dune-machine-a-secher\",\"url\":\"https:\/\/www.africa-press.net\/congo-brazzaville\/photo\/industrie-le-centre-brazza-bois-dote-dune-machine-a-secher\",\"name\":\"Industrie : le centre Brazza-bois dot\u00e9 d\u2019une machine \u00e0 s\u00e9cher - Congo Brazzaville\",\"isPartOf\":{\"@id\":\"https:\/\/www.africa-press.net\/congo-brazzaville\/#website\"},\"primaryImageOfPage\":{\"@id\":\"https:\/\/www.africa-press.net\/congo-brazzaville\/photo\/industrie-le-centre-brazza-bois-dote-dune-machine-a-secher#primaryimage\"},\"image\":{\"@id\":\"https:\/\/www.africa-press.net\/congo-brazzaville\/photo\/industrie-le-centre-brazza-bois-dote-dune-machine-a-secher#primaryimage\"},\"thumbnailUrl\":\"https:\/\/static.africa-press.net\/congo-brazzaville\/sites\/51\/2023\/03\/postQueueImg_1678376514.87.jpg\",\"datePublished\":\"2023-03-09T19:11:48+00:00\",\"dateModified\":\"2023-03-09T20:09:12+00:00\",\"author\":{\"@id\":\"https:\/\/www.africa-press.net\/congo-brazzaville\/#\/schema\/person\/2b1cf3cd81a31e3cd26889ca66d677f1\"},\"description\":\"Le Centre de ressource professionnelle (CRP) des me\u0301tiers du bois de Brazzaville, \u00ab Brazza-bois \u00bb, vient de be\u0301ne\u0301fic ...\",\"breadcrumb\":{\"@id\":\"https:\/\/www.africa-press.net\/congo-brazzaville\/photo\/industrie-le-centre-brazza-bois-dote-dune-machine-a-secher#breadcrumb\"},\"inLanguage\":\"fr-FR\",\"potentialAction\":[{\"@type\":\"ReadAction\",\"target\":[\"https:\/\/www.africa-press.net\/congo-brazzaville\/photo\/industrie-le-centre-brazza-bois-dote-dune-machine-a-secher\"]}]},{\"@type\":\"ImageObject\",\"inLanguage\":\"fr-FR\",\"@id\":\"https:\/\/www.africa-press.net\/congo-brazzaville\/photo\/industrie-le-centre-brazza-bois-dote-dune-machine-a-secher#primaryimage\",\"url\":\"https:\/\/static.africa-press.net\/congo-brazzaville\/sites\/51\/2023\/03\/postQueueImg_1678376514.87.jpg\",\"contentUrl\":\"https:\/\/static.africa-press.net\/congo-brazzaville\/sites\/51\/2023\/03\/postQueueImg_1678376514.87.jpg\",\"width\":1706,\"height\":768,\"caption\":\"Industrie : le centre Brazza-bois dot\u00e9 d\u2019une machine \u00e0 s\u00e9cher\"},{\"@type\":\"BreadcrumbList\",\"@id\":\"https:\/\/www.africa-press.net\/congo-brazzaville\/photo\/industrie-le-centre-brazza-bois-dote-dune-machine-a-secher#breadcrumb\",\"itemListElement\":[{\"@type\":\"ListItem\",\"position\":1,\"name\":\"Accueil\",\"item\":\"https:\/\/www.africa-press.net\/congo-brazzaville\/\"},{\"@type\":\"ListItem\",\"position\":2,\"name\":\"Industrie : le centre Brazza-bois dot\u00e9 d\u2019une machine \u00e0 s\u00e9cher\"}]},{\"@type\":\"WebSite\",\"@id\":\"https:\/\/www.africa-press.net\/congo-brazzaville\/#website\",\"url\":\"https:\/\/www.africa-press.net\/congo-brazzaville\/\",\"name\":\"Congo Brazzaville\",\"description\":\"Just another Africa News Agency Sites site\",\"potentialAction\":[{\"@type\":\"SearchAction\",\"target\":{\"@type\":\"EntryPoint\",\"urlTemplate\":\"https:\/\/www.africa-press.net\/congo-brazzaville\/?s={search_term_string}\"},\"query-input\":{\"@type\":\"PropertyValueSpecification\",\"valueRequired\":true,\"valueName\":\"search_term_string\"}}],\"inLanguage\":\"fr-FR\"},{\"@type\":\"Person\",\"@id\":\"https:\/\/www.africa-press.net\/congo-brazzaville\/#\/schema\/person\/2b1cf3cd81a31e3cd26889ca66d677f1\",\"name\":\"cfeditorfr\"}]}<\/script>\n<!-- \/ Yoast SEO Premium plugin. -->","yoast_head_json":{"title":"Industrie : le centre Brazza-bois dot\u00e9 d\u2019une machine \u00e0 s\u00e9cher - Congo Brazzaville","description":"Le Centre de ressource professionnelle (CRP) des me\u0301tiers du bois de Brazzaville, \u00ab Brazza-bois \u00bb, vient de be\u0301ne\u0301fic ...","robots":{"index":"index","follow":"follow","max-snippet":"max-snippet:-1","max-image-preview":"max-image-preview:large","max-video-preview":"max-video-preview:-1"},"canonical":"https:\/\/www.africa-press.net\/congo-brazzaville\/photo\/industrie-le-centre-brazza-bois-dote-dune-machine-a-secher","og_locale":"fr_FR","og_type":"article","og_title":"Industrie : le centre Brazza-bois dot\u00e9 d\u2019une machine \u00e0 s\u00e9cher","og_description":"Le Centre de ressource professionnelle (CRP) des me\u0301tiers du bois de Brazzaville, \u00ab Brazza-bois \u00bb, vient de be\u0301ne\u0301fic ...","og_url":"https:\/\/www.africa-press.net\/congo-brazzaville\/photo\/industrie-le-centre-brazza-bois-dote-dune-machine-a-secher","og_site_name":"Congo Brazzaville","article_published_time":"2023-03-09T19:11:48+00:00","article_modified_time":"2023-03-09T20:09:12+00:00","og_image":[{"width":1706,"height":768,"url":"https:\/\/static.africa-press.net\/congo-brazzaville\/sites\/51\/2023\/03\/postQueueImg_1678376514.87.jpg","type":"image\/jpeg"}],"author":"cfeditorfr","twitter_card":"summary_large_image","twitter_misc":{"\u00c9crit par":"cfeditorfr","Dur\u00e9e de lecture estim\u00e9e":"3 minutes"},"schema":{"@context":"https:\/\/schema.org","@graph":[{"@type":"Article","@id":"https:\/\/www.africa-press.net\/congo-brazzaville\/photo\/industrie-le-centre-brazza-bois-dote-dune-machine-a-secher#article","isPartOf":{"@id":"https:\/\/www.africa-press.net\/congo-brazzaville\/photo\/industrie-le-centre-brazza-bois-dote-dune-machine-a-secher"},"author":{"name":"cfeditorfr","@id":"https:\/\/www.africa-press.net\/congo-brazzaville\/#\/schema\/person\/2b1cf3cd81a31e3cd26889ca66d677f1"},"headline":"Industrie : le centre Brazza-bois dot\u00e9 d\u2019une machine \u00e0 s\u00e9cher","datePublished":"2023-03-09T19:11:48+00:00","dateModified":"2023-03-09T20:09:12+00:00","mainEntityOfPage":{"@id":"https:\/\/www.africa-press.net\/congo-brazzaville\/photo\/industrie-le-centre-brazza-bois-dote-dune-machine-a-secher"},"wordCount":626,"commentCount":0,"image":{"@id":"https:\/\/www.africa-press.net\/congo-brazzaville\/photo\/industrie-le-centre-brazza-bois-dote-dune-machine-a-secher#primaryimage"},"thumbnailUrl":"https:\/\/static.africa-press.net\/congo-brazzaville\/sites\/51\/2023\/03\/postQueueImg_1678376514.87.jpg","keywords":["Africa Press","Africa Press-Congo Brazzaville","Congo Brazzaville"],"articleSection":["Communaut\u00e9","Photo","Toutes les actualit\u00e9s"],"inLanguage":"fr-FR","potentialAction":[{"@type":"CommentAction","name":"Comment","target":["https:\/\/www.africa-press.net\/congo-brazzaville\/photo\/industrie-le-centre-brazza-bois-dote-dune-machine-a-secher#respond"]}]},{"@type":"WebPage","@id":"https:\/\/www.africa-press.net\/congo-brazzaville\/photo\/industrie-le-centre-brazza-bois-dote-dune-machine-a-secher","url":"https:\/\/www.africa-press.net\/congo-brazzaville\/photo\/industrie-le-centre-brazza-bois-dote-dune-machine-a-secher","name":"Industrie : le centre Brazza-bois dot\u00e9 d\u2019une machine \u00e0 s\u00e9cher - Congo Brazzaville","isPartOf":{"@id":"https:\/\/www.africa-press.net\/congo-brazzaville\/#website"},"primaryImageOfPage":{"@id":"https:\/\/www.africa-press.net\/congo-brazzaville\/photo\/industrie-le-centre-brazza-bois-dote-dune-machine-a-secher#primaryimage"},"image":{"@id":"https:\/\/www.africa-press.net\/congo-brazzaville\/photo\/industrie-le-centre-brazza-bois-dote-dune-machine-a-secher#primaryimage"},"thumbnailUrl":"https:\/\/static.africa-press.net\/congo-brazzaville\/sites\/51\/2023\/03\/postQueueImg_1678376514.87.jpg","datePublished":"2023-03-09T19:11:48+00:00","dateModified":"2023-03-09T20:09:12+00:00","author":{"@id":"https:\/\/www.africa-press.net\/congo-brazzaville\/#\/schema\/person\/2b1cf3cd81a31e3cd26889ca66d677f1"},"description":"Le Centre de ressource professionnelle (CRP) des me\u0301tiers du bois de Brazzaville, \u00ab Brazza-bois \u00bb, vient de be\u0301ne\u0301fic ...","breadcrumb":{"@id":"https:\/\/www.africa-press.net\/congo-brazzaville\/photo\/industrie-le-centre-brazza-bois-dote-dune-machine-a-secher#breadcrumb"},"inLanguage":"fr-FR","potentialAction":[{"@type":"ReadAction","target":["https:\/\/www.africa-press.net\/congo-brazzaville\/photo\/industrie-le-centre-brazza-bois-dote-dune-machine-a-secher"]}]},{"@type":"ImageObject","inLanguage":"fr-FR","@id":"https:\/\/www.africa-press.net\/congo-brazzaville\/photo\/industrie-le-centre-brazza-bois-dote-dune-machine-a-secher#primaryimage","url":"https:\/\/static.africa-press.net\/congo-brazzaville\/sites\/51\/2023\/03\/postQueueImg_1678376514.87.jpg","contentUrl":"https:\/\/static.africa-press.net\/congo-brazzaville\/sites\/51\/2023\/03\/postQueueImg_1678376514.87.jpg","width":1706,"height":768,"caption":"Industrie : le centre Brazza-bois dot\u00e9 d\u2019une machine \u00e0 s\u00e9cher"},{"@type":"BreadcrumbList","@id":"https:\/\/www.africa-press.net\/congo-brazzaville\/photo\/industrie-le-centre-brazza-bois-dote-dune-machine-a-secher#breadcrumb","itemListElement":[{"@type":"ListItem","position":1,"name":"Accueil","item":"https:\/\/www.africa-press.net\/congo-brazzaville\/"},{"@type":"ListItem","position":2,"name":"Industrie : le centre Brazza-bois dot\u00e9 d\u2019une machine \u00e0 s\u00e9cher"}]},{"@type":"WebSite","@id":"https:\/\/www.africa-press.net\/congo-brazzaville\/#website","url":"https:\/\/www.africa-press.net\/congo-brazzaville\/","name":"Congo Brazzaville","description":"Just another Africa News Agency Sites site","potentialAction":[{"@type":"SearchAction","target":{"@type":"EntryPoint","urlTemplate":"https:\/\/www.africa-press.net\/congo-brazzaville\/?s={search_term_string}"},"query-input":{"@type":"PropertyValueSpecification","valueRequired":true,"valueName":"search_term_string"}}],"inLanguage":"fr-FR"},{"@type":"Person","@id":"https:\/\/www.africa-press.net\/congo-brazzaville\/#\/schema\/person\/2b1cf3cd81a31e3cd26889ca66d677f1","name":"cfeditorfr"}]}},"_links":{"self":[{"href":"https:\/\/www.africa-press.net\/congo-brazzaville\/wp-json\/wp\/v2\/posts\/15441","targetHints":{"allow":["GET"]}}],"collection":[{"href":"https:\/\/www.africa-press.net\/congo-brazzaville\/wp-json\/wp\/v2\/posts"}],"about":[{"href":"https:\/\/www.africa-press.net\/congo-brazzaville\/wp-json\/wp\/v2\/types\/post"}],"author":[{"embeddable":true,"href":"https:\/\/www.africa-press.net\/congo-brazzaville\/wp-json\/wp\/v2\/users\/82"}],"replies":[{"embeddable":true,"href":"https:\/\/www.africa-press.net\/congo-brazzaville\/wp-json\/wp\/v2\/comments?post=15441"}],"version-history":[{"count":0,"href":"https:\/\/www.africa-press.net\/congo-brazzaville\/wp-json\/wp\/v2\/posts\/15441\/revisions"}],"wp:featuredmedia":[{"embeddable":true,"href":"https:\/\/www.africa-press.net\/congo-brazzaville\/wp-json\/wp\/v2\/media\/15440"}],"wp:attachment":[{"href":"https:\/\/www.africa-press.net\/congo-brazzaville\/wp-json\/wp\/v2\/media?parent=15441"}],"wp:term":[{"taxonomy":"category","embeddable":true,"href":"https:\/\/www.africa-press.net\/congo-brazzaville\/wp-json\/wp\/v2\/categories?post=15441"},{"taxonomy":"post_tag","embeddable":true,"href":"https:\/\/www.africa-press.net\/congo-brazzaville\/wp-json\/wp\/v2\/tags?post=15441"}],"curies":[{"name":"wp","href":"https:\/\/api.w.org\/{rel}","templated":true}]}}