{"id":15444,"date":"2023-03-09T19:11:58","date_gmt":"2023-03-09T19:11:58","guid":{"rendered":"https:\/\/www.africa-press.net\/congo-brazzaville\/politique\/education-les-acteurs-du-groupe-ma-famille-encouragent-les-eleves-de-camara-laye"},"modified":"2023-03-09T20:09:38","modified_gmt":"2023-03-09T20:09:38","slug":"education-les-acteurs-du-groupe-ma-famille-encouragent-les-eleves-de-camara-laye","status":"publish","type":"post","link":"https:\/\/www.africa-press.net\/congo-brazzaville\/culture-et-art\/education-les-acteurs-du-groupe-ma-famille-encouragent-les-eleves-de-camara-laye","title":{"rendered":"Education : les acteurs du groupe \u201cMa famille\u201d encouragent les \u00e9l\u00e8ves de Camara Laye"},"content":{"rendered":"<p><span style=\"color: #ff6600\"><strong>Africa-Press &#8211; Congo Brazzaville. <\/strong><\/span><b>En se\u0301jour au Congo pour une se\u0301rie de prestations a\u0300 Brazzaville et Pointe-Noire les 8 et 9 mars, les acteurs de la troupe \u201cMa famille\u201d de la co\u0302te d&rsquo;Ivoire ont exhorte\u0301 les e\u0301le\u0300ves du complexe scolaire Camara Laye a\u0300 se mettre re\u0301solument au travail. <\/b><\/p>\n<p>En marge de la ce\u0301le\u0301bration du mois de la femme, Cle\u0301mentine Papouet, Gohou Michel et Digbeu cravate ont prodigue\u0301 quelques conseils aux e\u0301le\u0300ves de Camara Laye et particulie\u0300rement aux jeunes filles. Si ces acteurs sont connus pour leurs prestations sce\u0301niques, cette fois-ci , ils ont pluto\u0302t joue\u0301 le ro\u0302le de ve\u0301ritables parents.<\/p>\n<p>Prenant la parole a\u0300 tour de ro\u0302le, les trois acteurs de Ma famille ont invite\u0301 les e\u0301le\u0300ves a\u0300 fournir plus d\u2019efforts afin d\u2019e\u0302tre utiles demain pour la nation, car ils sont l\u2019avenir de demain. \u00ab Si vous voulez que les hommes vous respectent, commencez a\u0300 vous imposer par le travail. D\u2019abord a\u0300 l\u2019e\u0301cole, travaillez durement. Placez les e\u0301tudes au premier plan et travaillez sans cesse. C\u2019est le travail qui va assurer votre inde\u0301pendance. C\u2019est parce que vous e\u0302tes brillantes, imposantes, travailleuses que les hommes auront du respect pour vous \u00bb, a de\u0301clare\u0301 Cle\u0301mentine Papouet.<\/p>\n<p>Me\u0302me son de cloche pour Gohou Michel et Digbeu cravate, qui ont encourage\u0301 les enfants au travail car, parmi eux, il peut sortir un pre\u0301sident de la Re\u0301publique ou des ministres. Tre\u0300s admiratifs des acteurs, les e\u0301le\u0300ves ont suivi attentivement les conseils qui leur ont e\u0301te\u0301 prodigue\u0301s.<\/p>\n<p>Profitant de cette occasion, le promoteur de ce complexe, Laurent Koy, a fe\u0301licite\u0301 les enseignants et les e\u0301le\u0300ves, car l\u2019anne\u0301e scolaire 2021-2022 leur a laisse\u0301 un tableau satisfaisant au regard de brillants re\u0301sultats aux diffe\u0301rents examens d\u2019E\u0301tat. Pour les examens a\u0300 venir dont il a communique\u0301 les dates, Laurent Koy a invite\u0301 ses e\u0301le\u0300ves a\u0300 bien se comporter.<\/p>\n<p><strong>Pour plus d&rsquo;informations et d&rsquo;analyses sur la <a href=\"https:\/\/www.africa-press.net\/congo-brazzaville\">Congo Brazzaville<\/a>, suivez <a href=\"https:\/\/www.africa-press.net\/\">Africa-Press<\/a><\/strong><\/p>\n","protected":false},"excerpt":{"rendered":"<p>Africa-Press &#8211; Congo Brazzaville. En se\u0301jour au Congo pour une se\u0301rie de prestations a\u0300 Brazzaville et Pointe-Noire les 8 et 9 mars, les acteurs de la troupe \u201cMa famille\u201d de la co\u0302te d&rsquo;Ivoire ont exhorte\u0301 les e\u0301le\u0300ves du complexe scolaire Camara Laye a\u0300 se mettre re\u0301solument au travail. En marge de la ce\u0301le\u0301bration du mois [&hellip;]<\/p>\n","protected":false},"author":82,"featured_media":15442,"comment_status":"open","ping_status":"closed","sticky":false,"template":"","format":"standard","meta":{"footnotes":""},"categories":[5,10],"tags":[36,47,46],"class_list":["post-15444","post","type-post","status-publish","format-standard","has-post-thumbnail","hentry","category-culture-et-art","category-toutes-les-actualites","tag-africa-press","tag-africa-press-congo-brazzaville","tag-congo-brazzaville"],"yoast_head":"<!-- This site is optimized with the Yoast SEO Premium plugin v26.1 (Yoast SEO v27.0) - https:\/\/yoast.com\/product\/yoast-seo-premium-wordpress\/ -->\n<title>Education : les acteurs du groupe \u201cMa famille\u201d encouragent les \u00e9l\u00e8ves de Camara Laye - Congo Brazzaville<\/title>\n<meta name=\"description\" content=\"En se\u0301jour au Congo pour une se\u0301rie de prestations a\u0300 Brazzaville et Pointe-Noire les 8 et 9 mars, les acteurs de la ...\" \/>\n<meta name=\"robots\" content=\"index, follow, max-snippet:-1, max-image-preview:large, max-video-preview:-1\" \/>\n<link rel=\"canonical\" href=\"https:\/\/www.africa-press.net\/congo-brazzaville\/culture-et-art\/education-les-acteurs-du-groupe-ma-famille-encouragent-les-eleves-de-camara-laye\" \/>\n<meta property=\"og:locale\" content=\"fr_FR\" \/>\n<meta property=\"og:type\" content=\"article\" \/>\n<meta property=\"og:title\" content=\"Education : les acteurs du groupe \u201cMa famille\u201d encouragent les \u00e9l\u00e8ves de Camara Laye\" \/>\n<meta property=\"og:description\" content=\"En se\u0301jour au Congo pour une se\u0301rie de prestations a\u0300 Brazzaville et Pointe-Noire les 8 et 9 mars, les acteurs de la ...\" \/>\n<meta property=\"og:url\" content=\"https:\/\/www.africa-press.net\/congo-brazzaville\/culture-et-art\/education-les-acteurs-du-groupe-ma-famille-encouragent-les-eleves-de-camara-laye\" \/>\n<meta property=\"og:site_name\" content=\"Congo Brazzaville\" \/>\n<meta property=\"article:published_time\" content=\"2023-03-09T19:11:58+00:00\" \/>\n<meta property=\"article:modified_time\" content=\"2023-03-09T20:09:38+00:00\" \/>\n<meta property=\"og:image\" content=\"https:\/\/static.africa-press.net\/congo-brazzaville\/sites\/51\/2023\/03\/postQueueImg_1678376521.57.jpg\" \/>\n\t<meta property=\"og:image:width\" content=\"925\" \/>\n\t<meta property=\"og:image:height\" content=\"653\" \/>\n\t<meta property=\"og:image:type\" content=\"image\/jpeg\" \/>\n<meta name=\"author\" content=\"cfeditorfr\" \/>\n<meta name=\"twitter:card\" content=\"summary_large_image\" \/>\n<meta name=\"twitter:label1\" content=\"\u00c9crit par\" \/>\n\t<meta name=\"twitter:data1\" content=\"cfeditorfr\" \/>\n\t<meta name=\"twitter:label2\" content=\"Dur\u00e9e de lecture estim\u00e9e\" \/>\n\t<meta name=\"twitter:data2\" content=\"2 minutes\" \/>\n<script type=\"application\/ld+json\" class=\"yoast-schema-graph\">{\"@context\":\"https:\/\/schema.org\",\"@graph\":[{\"@type\":\"Article\",\"@id\":\"https:\/\/www.africa-press.net\/congo-brazzaville\/culture-et-art\/education-les-acteurs-du-groupe-ma-famille-encouragent-les-eleves-de-camara-laye#article\",\"isPartOf\":{\"@id\":\"https:\/\/www.africa-press.net\/congo-brazzaville\/culture-et-art\/education-les-acteurs-du-groupe-ma-famille-encouragent-les-eleves-de-camara-laye\"},\"author\":{\"name\":\"cfeditorfr\",\"@id\":\"https:\/\/www.africa-press.net\/congo-brazzaville\/#\/schema\/person\/2b1cf3cd81a31e3cd26889ca66d677f1\"},\"headline\":\"Education : les acteurs du groupe \u201cMa famille\u201d encouragent les \u00e9l\u00e8ves de Camara Laye\",\"datePublished\":\"2023-03-09T19:11:58+00:00\",\"dateModified\":\"2023-03-09T20:09:38+00:00\",\"mainEntityOfPage\":{\"@id\":\"https:\/\/www.africa-press.net\/congo-brazzaville\/culture-et-art\/education-les-acteurs-du-groupe-ma-famille-encouragent-les-eleves-de-camara-laye\"},\"wordCount\":374,\"commentCount\":0,\"image\":{\"@id\":\"https:\/\/www.africa-press.net\/congo-brazzaville\/culture-et-art\/education-les-acteurs-du-groupe-ma-famille-encouragent-les-eleves-de-camara-laye#primaryimage\"},\"thumbnailUrl\":\"https:\/\/static.africa-press.net\/congo-brazzaville\/sites\/51\/2023\/03\/postQueueImg_1678376521.57.jpg\",\"keywords\":[\"Africa Press\",\"Africa Press-Congo Brazzaville\",\"Congo Brazzaville\"],\"articleSection\":[\"Culture et Art\",\"Toutes les actualit\u00e9s\"],\"inLanguage\":\"fr-FR\",\"potentialAction\":[{\"@type\":\"CommentAction\",\"name\":\"Comment\",\"target\":[\"https:\/\/www.africa-press.net\/congo-brazzaville\/culture-et-art\/education-les-acteurs-du-groupe-ma-famille-encouragent-les-eleves-de-camara-laye#respond\"]}]},{\"@type\":\"WebPage\",\"@id\":\"https:\/\/www.africa-press.net\/congo-brazzaville\/culture-et-art\/education-les-acteurs-du-groupe-ma-famille-encouragent-les-eleves-de-camara-laye\",\"url\":\"https:\/\/www.africa-press.net\/congo-brazzaville\/culture-et-art\/education-les-acteurs-du-groupe-ma-famille-encouragent-les-eleves-de-camara-laye\",\"name\":\"Education : les acteurs du groupe \u201cMa famille\u201d encouragent les \u00e9l\u00e8ves de Camara Laye - Congo Brazzaville\",\"isPartOf\":{\"@id\":\"https:\/\/www.africa-press.net\/congo-brazzaville\/#website\"},\"primaryImageOfPage\":{\"@id\":\"https:\/\/www.africa-press.net\/congo-brazzaville\/culture-et-art\/education-les-acteurs-du-groupe-ma-famille-encouragent-les-eleves-de-camara-laye#primaryimage\"},\"image\":{\"@id\":\"https:\/\/www.africa-press.net\/congo-brazzaville\/culture-et-art\/education-les-acteurs-du-groupe-ma-famille-encouragent-les-eleves-de-camara-laye#primaryimage\"},\"thumbnailUrl\":\"https:\/\/static.africa-press.net\/congo-brazzaville\/sites\/51\/2023\/03\/postQueueImg_1678376521.57.jpg\",\"datePublished\":\"2023-03-09T19:11:58+00:00\",\"dateModified\":\"2023-03-09T20:09:38+00:00\",\"author\":{\"@id\":\"https:\/\/www.africa-press.net\/congo-brazzaville\/#\/schema\/person\/2b1cf3cd81a31e3cd26889ca66d677f1\"},\"description\":\"En se\u0301jour au Congo pour une se\u0301rie de prestations a\u0300 Brazzaville et Pointe-Noire les 8 et 9 mars, les acteurs de la ...\",\"breadcrumb\":{\"@id\":\"https:\/\/www.africa-press.net\/congo-brazzaville\/culture-et-art\/education-les-acteurs-du-groupe-ma-famille-encouragent-les-eleves-de-camara-laye#breadcrumb\"},\"inLanguage\":\"fr-FR\",\"potentialAction\":[{\"@type\":\"ReadAction\",\"target\":[\"https:\/\/www.africa-press.net\/congo-brazzaville\/culture-et-art\/education-les-acteurs-du-groupe-ma-famille-encouragent-les-eleves-de-camara-laye\"]}]},{\"@type\":\"ImageObject\",\"inLanguage\":\"fr-FR\",\"@id\":\"https:\/\/www.africa-press.net\/congo-brazzaville\/culture-et-art\/education-les-acteurs-du-groupe-ma-famille-encouragent-les-eleves-de-camara-laye#primaryimage\",\"url\":\"https:\/\/static.africa-press.net\/congo-brazzaville\/sites\/51\/2023\/03\/postQueueImg_1678376521.57.jpg\",\"contentUrl\":\"https:\/\/static.africa-press.net\/congo-brazzaville\/sites\/51\/2023\/03\/postQueueImg_1678376521.57.jpg\",\"width\":925,\"height\":653,\"caption\":\"Education : les acteurs du groupe \u201cMa famille\u201d encouragent les \u00e9l\u00e8ves de Camara Laye\"},{\"@type\":\"BreadcrumbList\",\"@id\":\"https:\/\/www.africa-press.net\/congo-brazzaville\/culture-et-art\/education-les-acteurs-du-groupe-ma-famille-encouragent-les-eleves-de-camara-laye#breadcrumb\",\"itemListElement\":[{\"@type\":\"ListItem\",\"position\":1,\"name\":\"Accueil\",\"item\":\"https:\/\/www.africa-press.net\/congo-brazzaville\/\"},{\"@type\":\"ListItem\",\"position\":2,\"name\":\"Education : les acteurs du groupe \u201cMa famille\u201d encouragent les \u00e9l\u00e8ves de Camara Laye\"}]},{\"@type\":\"WebSite\",\"@id\":\"https:\/\/www.africa-press.net\/congo-brazzaville\/#website\",\"url\":\"https:\/\/www.africa-press.net\/congo-brazzaville\/\",\"name\":\"Congo Brazzaville\",\"description\":\"Just another Africa News Agency Sites site\",\"potentialAction\":[{\"@type\":\"SearchAction\",\"target\":{\"@type\":\"EntryPoint\",\"urlTemplate\":\"https:\/\/www.africa-press.net\/congo-brazzaville\/?s={search_term_string}\"},\"query-input\":{\"@type\":\"PropertyValueSpecification\",\"valueRequired\":true,\"valueName\":\"search_term_string\"}}],\"inLanguage\":\"fr-FR\"},{\"@type\":\"Person\",\"@id\":\"https:\/\/www.africa-press.net\/congo-brazzaville\/#\/schema\/person\/2b1cf3cd81a31e3cd26889ca66d677f1\",\"name\":\"cfeditorfr\"}]}<\/script>\n<!-- \/ Yoast SEO Premium plugin. -->","yoast_head_json":{"title":"Education : les acteurs du groupe \u201cMa famille\u201d encouragent les \u00e9l\u00e8ves de Camara Laye - Congo Brazzaville","description":"En se\u0301jour au Congo pour une se\u0301rie de prestations a\u0300 Brazzaville et Pointe-Noire les 8 et 9 mars, les acteurs de la ...","robots":{"index":"index","follow":"follow","max-snippet":"max-snippet:-1","max-image-preview":"max-image-preview:large","max-video-preview":"max-video-preview:-1"},"canonical":"https:\/\/www.africa-press.net\/congo-brazzaville\/culture-et-art\/education-les-acteurs-du-groupe-ma-famille-encouragent-les-eleves-de-camara-laye","og_locale":"fr_FR","og_type":"article","og_title":"Education : les acteurs du groupe \u201cMa famille\u201d encouragent les \u00e9l\u00e8ves de Camara Laye","og_description":"En se\u0301jour au Congo pour une se\u0301rie de prestations a\u0300 Brazzaville et Pointe-Noire les 8 et 9 mars, les acteurs de la ...","og_url":"https:\/\/www.africa-press.net\/congo-brazzaville\/culture-et-art\/education-les-acteurs-du-groupe-ma-famille-encouragent-les-eleves-de-camara-laye","og_site_name":"Congo Brazzaville","article_published_time":"2023-03-09T19:11:58+00:00","article_modified_time":"2023-03-09T20:09:38+00:00","og_image":[{"width":925,"height":653,"url":"https:\/\/static.africa-press.net\/congo-brazzaville\/sites\/51\/2023\/03\/postQueueImg_1678376521.57.jpg","type":"image\/jpeg"}],"author":"cfeditorfr","twitter_card":"summary_large_image","twitter_misc":{"\u00c9crit par":"cfeditorfr","Dur\u00e9e de lecture estim\u00e9e":"2 minutes"},"schema":{"@context":"https:\/\/schema.org","@graph":[{"@type":"Article","@id":"https:\/\/www.africa-press.net\/congo-brazzaville\/culture-et-art\/education-les-acteurs-du-groupe-ma-famille-encouragent-les-eleves-de-camara-laye#article","isPartOf":{"@id":"https:\/\/www.africa-press.net\/congo-brazzaville\/culture-et-art\/education-les-acteurs-du-groupe-ma-famille-encouragent-les-eleves-de-camara-laye"},"author":{"name":"cfeditorfr","@id":"https:\/\/www.africa-press.net\/congo-brazzaville\/#\/schema\/person\/2b1cf3cd81a31e3cd26889ca66d677f1"},"headline":"Education : les acteurs du groupe \u201cMa famille\u201d encouragent les \u00e9l\u00e8ves de Camara Laye","datePublished":"2023-03-09T19:11:58+00:00","dateModified":"2023-03-09T20:09:38+00:00","mainEntityOfPage":{"@id":"https:\/\/www.africa-press.net\/congo-brazzaville\/culture-et-art\/education-les-acteurs-du-groupe-ma-famille-encouragent-les-eleves-de-camara-laye"},"wordCount":374,"commentCount":0,"image":{"@id":"https:\/\/www.africa-press.net\/congo-brazzaville\/culture-et-art\/education-les-acteurs-du-groupe-ma-famille-encouragent-les-eleves-de-camara-laye#primaryimage"},"thumbnailUrl":"https:\/\/static.africa-press.net\/congo-brazzaville\/sites\/51\/2023\/03\/postQueueImg_1678376521.57.jpg","keywords":["Africa Press","Africa Press-Congo Brazzaville","Congo Brazzaville"],"articleSection":["Culture et Art","Toutes les actualit\u00e9s"],"inLanguage":"fr-FR","potentialAction":[{"@type":"CommentAction","name":"Comment","target":["https:\/\/www.africa-press.net\/congo-brazzaville\/culture-et-art\/education-les-acteurs-du-groupe-ma-famille-encouragent-les-eleves-de-camara-laye#respond"]}]},{"@type":"WebPage","@id":"https:\/\/www.africa-press.net\/congo-brazzaville\/culture-et-art\/education-les-acteurs-du-groupe-ma-famille-encouragent-les-eleves-de-camara-laye","url":"https:\/\/www.africa-press.net\/congo-brazzaville\/culture-et-art\/education-les-acteurs-du-groupe-ma-famille-encouragent-les-eleves-de-camara-laye","name":"Education : les acteurs du groupe \u201cMa famille\u201d encouragent les \u00e9l\u00e8ves de Camara Laye - Congo Brazzaville","isPartOf":{"@id":"https:\/\/www.africa-press.net\/congo-brazzaville\/#website"},"primaryImageOfPage":{"@id":"https:\/\/www.africa-press.net\/congo-brazzaville\/culture-et-art\/education-les-acteurs-du-groupe-ma-famille-encouragent-les-eleves-de-camara-laye#primaryimage"},"image":{"@id":"https:\/\/www.africa-press.net\/congo-brazzaville\/culture-et-art\/education-les-acteurs-du-groupe-ma-famille-encouragent-les-eleves-de-camara-laye#primaryimage"},"thumbnailUrl":"https:\/\/static.africa-press.net\/congo-brazzaville\/sites\/51\/2023\/03\/postQueueImg_1678376521.57.jpg","datePublished":"2023-03-09T19:11:58+00:00","dateModified":"2023-03-09T20:09:38+00:00","author":{"@id":"https:\/\/www.africa-press.net\/congo-brazzaville\/#\/schema\/person\/2b1cf3cd81a31e3cd26889ca66d677f1"},"description":"En se\u0301jour au Congo pour une se\u0301rie de prestations a\u0300 Brazzaville et Pointe-Noire les 8 et 9 mars, les acteurs de la ...","breadcrumb":{"@id":"https:\/\/www.africa-press.net\/congo-brazzaville\/culture-et-art\/education-les-acteurs-du-groupe-ma-famille-encouragent-les-eleves-de-camara-laye#breadcrumb"},"inLanguage":"fr-FR","potentialAction":[{"@type":"ReadAction","target":["https:\/\/www.africa-press.net\/congo-brazzaville\/culture-et-art\/education-les-acteurs-du-groupe-ma-famille-encouragent-les-eleves-de-camara-laye"]}]},{"@type":"ImageObject","inLanguage":"fr-FR","@id":"https:\/\/www.africa-press.net\/congo-brazzaville\/culture-et-art\/education-les-acteurs-du-groupe-ma-famille-encouragent-les-eleves-de-camara-laye#primaryimage","url":"https:\/\/static.africa-press.net\/congo-brazzaville\/sites\/51\/2023\/03\/postQueueImg_1678376521.57.jpg","contentUrl":"https:\/\/static.africa-press.net\/congo-brazzaville\/sites\/51\/2023\/03\/postQueueImg_1678376521.57.jpg","width":925,"height":653,"caption":"Education : les acteurs du groupe \u201cMa famille\u201d encouragent les \u00e9l\u00e8ves de Camara Laye"},{"@type":"BreadcrumbList","@id":"https:\/\/www.africa-press.net\/congo-brazzaville\/culture-et-art\/education-les-acteurs-du-groupe-ma-famille-encouragent-les-eleves-de-camara-laye#breadcrumb","itemListElement":[{"@type":"ListItem","position":1,"name":"Accueil","item":"https:\/\/www.africa-press.net\/congo-brazzaville\/"},{"@type":"ListItem","position":2,"name":"Education : les acteurs du groupe \u201cMa famille\u201d encouragent les \u00e9l\u00e8ves de Camara Laye"}]},{"@type":"WebSite","@id":"https:\/\/www.africa-press.net\/congo-brazzaville\/#website","url":"https:\/\/www.africa-press.net\/congo-brazzaville\/","name":"Congo Brazzaville","description":"Just another Africa News Agency Sites site","potentialAction":[{"@type":"SearchAction","target":{"@type":"EntryPoint","urlTemplate":"https:\/\/www.africa-press.net\/congo-brazzaville\/?s={search_term_string}"},"query-input":{"@type":"PropertyValueSpecification","valueRequired":true,"valueName":"search_term_string"}}],"inLanguage":"fr-FR"},{"@type":"Person","@id":"https:\/\/www.africa-press.net\/congo-brazzaville\/#\/schema\/person\/2b1cf3cd81a31e3cd26889ca66d677f1","name":"cfeditorfr"}]}},"_links":{"self":[{"href":"https:\/\/www.africa-press.net\/congo-brazzaville\/wp-json\/wp\/v2\/posts\/15444","targetHints":{"allow":["GET"]}}],"collection":[{"href":"https:\/\/www.africa-press.net\/congo-brazzaville\/wp-json\/wp\/v2\/posts"}],"about":[{"href":"https:\/\/www.africa-press.net\/congo-brazzaville\/wp-json\/wp\/v2\/types\/post"}],"author":[{"embeddable":true,"href":"https:\/\/www.africa-press.net\/congo-brazzaville\/wp-json\/wp\/v2\/users\/82"}],"replies":[{"embeddable":true,"href":"https:\/\/www.africa-press.net\/congo-brazzaville\/wp-json\/wp\/v2\/comments?post=15444"}],"version-history":[{"count":0,"href":"https:\/\/www.africa-press.net\/congo-brazzaville\/wp-json\/wp\/v2\/posts\/15444\/revisions"}],"wp:featuredmedia":[{"embeddable":true,"href":"https:\/\/www.africa-press.net\/congo-brazzaville\/wp-json\/wp\/v2\/media\/15442"}],"wp:attachment":[{"href":"https:\/\/www.africa-press.net\/congo-brazzaville\/wp-json\/wp\/v2\/media?parent=15444"}],"wp:term":[{"taxonomy":"category","embeddable":true,"href":"https:\/\/www.africa-press.net\/congo-brazzaville\/wp-json\/wp\/v2\/categories?post=15444"},{"taxonomy":"post_tag","embeddable":true,"href":"https:\/\/www.africa-press.net\/congo-brazzaville\/wp-json\/wp\/v2\/tags?post=15444"}],"curies":[{"name":"wp","href":"https:\/\/api.w.org\/{rel}","templated":true}]}}