{"id":15452,"date":"2023-03-09T19:12:16","date_gmt":"2023-03-09T19:12:16","guid":{"rendered":"https:\/\/www.africa-press.net\/congo-brazzaville\/politique\/journee-du-8-mars-debat-autour-des-questions-liees-aux-jeunes-filles"},"modified":"2023-03-09T20:11:00","modified_gmt":"2023-03-09T20:11:00","slug":"journee-du-8-mars-debat-autour-des-questions-liees-aux-jeunes-filles","status":"publish","type":"post","link":"https:\/\/www.africa-press.net\/congo-brazzaville\/photo\/journee-du-8-mars-debat-autour-des-questions-liees-aux-jeunes-filles","title":{"rendered":"Journ\u00e9e du 8 mars : d\u00e9bat autour des questions li\u00e9es aux jeunes filles"},"content":{"rendered":"<p><span style=\"color: #ff6600\"><strong>Africa-Press &#8211; Congo Brazzaville. <\/strong><\/span><b>La vulne\u0301rabilite\u0301 des jeunes filles face a\u0300 la pre\u0301carite\u0301 menstruelle a fait, le 8 fe\u0301vrier, l\u2019objet d\u2019un de\u0301bat dans l\u2019amphithe\u0301a\u0302tre du lyce\u0301e de la Re\u0301volution, dans le cinquie\u0300me arrondissement de Brazzaville, Ouenze\u0301. <\/b><\/p>\n<p>Organise\u0301e par l\u2019Association femmes sans frontie\u0300res d\u2019Afrique, la rencontre a eu un double objet. D\u2019abord pre\u0301senter son approche conceptuelle, notamment les principales causes de la pre\u0301carite\u0301 menstruelle. Ensuite pre\u0301senter aux jeunes filles et aux femmes les difficulte\u0301s qu\u2019elles rencontrent chaque jour pour ge\u0301rer leurs menstruations dans les bonnes conditions.<\/p>\n<p>Regroupant un parterre d\u2019e\u0301le\u0300ves et enseignantes issues du CEG et lyce\u0301e de la Re\u0301volution, la confe\u0301rence-de\u0301bat a e\u0301te\u0301 anime\u0301e par le Dr Horge Tshidele N\u2019Ziembanou. Abordant la the\u0301matique visant a\u0300 mettre en avant les raisons de la vulne\u0301rabilite\u0301 des jeunes filles face a\u0300 la pre\u0301carite\u0301, il a indique\u0301, entre autres, qu\u2019en France en milieu scolaire 1,7 million de filles en 2020 contre 2 millions de filles en 2021 ont e\u0301te\u0301 victimes de la pre\u0301carite\u0301 menstruelle ; 83% des jeunes femmes sont inquie\u0300tes en classe pendant leurs pe\u0301riodes de re\u0300gles ; 10% de filles ne vont pas a\u0300 l\u2019e\u0301cole pendant la pe\u0301riode de menstruation en Afrique subsaharienne ; ce qui repre\u0301sente 20% de l\u2019anne\u0301e scolaire.<\/p>\n<p>Le Dr Horge Tshidele N\u2019Ziembanou a aussi souligne\u0301 que pour la socie\u0301te\u0301, les menstruations sont devenues comme une sorte de tabous. Il a pre\u0301sente\u0301 plusieurs notions des tabous : ne pas en parler devant les gens ou en famille ; de\u0301shonorant, ne cuisine pas pour la plupart, utilisation des sacs noirs pour acheter les serviettes hygie\u0301niques, les re\u0300gles sont sales et que c\u2019est une maladie&#8230;En religion, la femme ne prie pas pendant les re\u0300gles (chez les musulmans) et la femme ne peut pas conduire une prie\u0300re pendant les re\u0300gles (chez les chre\u0301tiens).<\/p>\n<p><b>Un processus naturel<\/b><\/p>\n<p>Il a poursuivi en indiquant que la menstruation est un processus naturel et sain chez les filles et femmes en a\u0302ge de procre\u0301er. C\u2019est un processus au cours duquel l\u2019ute\u0301rus e\u0301vacue du sang et de tissus par le vagin. Cela dure ge\u0301ne\u0301ralement trois a\u0300 six jours et varie d\u2019une personne a\u0300 une autre. Lorsqu\u2019une femme a ses premie\u0300res re\u0300gles, on appelle cela la me\u0301narche. L\u2019a\u0302ge de la me\u0301narche est souvent entre 11 et 14 ans bien qu\u2019il peut aussi e\u0302tre variable d\u2019une personne a\u0300 une autre (&#8230;).<\/p>\n<p>Conscient du fait que les conse\u0301quences de la pre\u0301carite\u0301 menstruelle sont devenues comme une sorte de tableau chez la jeune femme et fille, le Dr Horge Tshidele N\u2019Ziembanou a pre\u0301sente\u0301 plusieurs facteurs psychosociaux qu\u2019elles entrai\u0302nent chez les femmes, notamment l\u2019absente\u0301isme, un sentiment fort de mal-e\u0302tre, perte de confiance en soi et difficulte\u0301s de socialisation.<\/p>\n<p>Il a, par ailleurs, indique\u0301 qu\u2019aujourd\u2019hui, la pre\u0301carite\u0301 menstruelle est un proble\u0300me sanitaires et social ancre\u0301 dans l\u2019ine\u0301galite\u0301 des guerres. Les jeunes filles et les femmes ou filles sans abri sont les personnes les plus touche\u0301es par la pre\u0301carite\u0301 menstruelle. Les serviettes re\u0301utilisables sont beaucoup utilise\u0301es dans les zones rurales en Afrique. Elles sont moins toxiques et e\u0301cologiques. L\u2019acce\u0300s a\u0300 l\u2019eau et la mise en place des installations sanitaires ade\u0301quates peuvent re\u0301duire l\u2019absente\u0301isme des jeunes pendant leurs menstruations.<\/p>\n<p>En conclusion, pour pouvoir e\u0301viter plusieurs chocs toxiques pouvant entrai\u0302ner moins de complications, notamment des allergies et des irritations, l\u2019orateur a invite\u0301 toutes les participantes a\u0300 ne pas utiliser comme protection du papier toilette, l\u2019essuie-tout, les torchons, les chiffons de pagne et a\u0300 coudre du coton dans des draps.<\/p>\n<p>Notons que cette rencontre a e\u0301te\u0301 sanctionne\u0301e par le partage des serviettes hygie\u0301niques a\u0300 toutes les participantes.<\/p>\n\r\n                <style type=\"text\/css\">\r\n                    \r\n                    #td_uid_1_69f24105599ae  .td-doubleSlider-2 .td-item1 {\r\n                        background: url(https:\/\/static.africa-press.net\/congo-brazzaville\/sites\/51\/2023\/03\/postMediaimg_72_1-80x60.jpg) 0 0 no-repeat;\r\n                    }\r\n                    #td_uid_1_69f24105599ae  .td-doubleSlider-2 .td-item2 {\r\n                        background: url(https:\/\/static.africa-press.net\/congo-brazzaville\/sites\/51\/2023\/03\/postMediaimg_72_2-80x60.jpg) 0 0 no-repeat;\r\n                    }\r\n                <\/style>\r\n\r\n                <div id=\"td_uid_1_69f24105599ae\" class=\"td-gallery td-slide-on-2-columns\">\r\n                    <div class=\"post_td_gallery\">\r\n                        <div class=\"td-gallery-slide-top\">\r\n                           <div class=\"td-gallery-title\"><\/div>\r\n\r\n                            <div class=\"td-gallery-controls-wrapper\">\r\n                                <div class=\"td-gallery-slide-count\"><span class=\"td-gallery-slide-item-focus\">1<\/span> de 2<\/div>\r\n                                <div class=\"td-gallery-slide-prev-next-but\">\r\n                                    <i class = \"td-icon-left doubleSliderPrevButton\"><\/i>\r\n                                    <i class = \"td-icon-right doubleSliderNextButton\"><\/i>\r\n                                <\/div>\r\n                            <\/div>\r\n                        <\/div>\r\n\r\n                        <div class = \"td-doubleSlider-1 \">\r\n                            <div class = \"td-slider\">\r\n                                \r\n                    <div class = \"td-slide-item td-item1\">\r\n                        <figure class=\"td-slide-galery-figure td-slide-popup-gallery\">\r\n                            <a class=\"slide-gallery-image-link\" href=\"https:\/\/static.africa-press.net\/congo-brazzaville\/sites\/51\/2023\/03\/postMediaimg_72_1.jpg\" title=\"postMediaimg_72_1\"  data-caption=\"\"  data-description=\"\">\r\n                                <img decoding=\"async\" src=\"https:\/\/static.africa-press.net\/congo-brazzaville\/sites\/51\/2023\/03\/postMediaimg_72_1.jpg\" srcset=\"https:\/\/static.africa-press.net\/congo-brazzaville\/sites\/51\/2023\/03\/postMediaimg_72_1.jpg 1080w, https:\/\/static.africa-press.net\/congo-brazzaville\/sites\/51\/2023\/03\/postMediaimg_72_1-300x225.jpg 300w, https:\/\/static.africa-press.net\/congo-brazzaville\/sites\/51\/2023\/03\/postMediaimg_72_1-1024x768.jpg 1024w, https:\/\/static.africa-press.net\/congo-brazzaville\/sites\/51\/2023\/03\/postMediaimg_72_1-768x576.jpg 768w, https:\/\/static.africa-press.net\/congo-brazzaville\/sites\/51\/2023\/03\/postMediaimg_72_1-80x60.jpg 80w\" sizes=\"(max-width: 1080px) 100vw, 1080px\" alt=\"\">\r\n                            <\/a>\r\n                            \r\n                        <\/figure>\r\n                    <\/div>\r\n                    <div class = \"td-slide-item td-item2\">\r\n                        <figure class=\"td-slide-galery-figure td-slide-popup-gallery\">\r\n                            <a class=\"slide-gallery-image-link\" href=\"https:\/\/static.africa-press.net\/congo-brazzaville\/sites\/51\/2023\/03\/postMediaimg_72_2.jpg\" title=\"postMediaimg_72_2\"  data-caption=\"\"  data-description=\"\">\r\n                                <img decoding=\"async\" src=\"https:\/\/static.africa-press.net\/congo-brazzaville\/sites\/51\/2023\/03\/postMediaimg_72_2.jpg\" srcset=\"https:\/\/static.africa-press.net\/congo-brazzaville\/sites\/51\/2023\/03\/postMediaimg_72_2.jpg 1080w, https:\/\/static.africa-press.net\/congo-brazzaville\/sites\/51\/2023\/03\/postMediaimg_72_2-300x225.jpg 300w, https:\/\/static.africa-press.net\/congo-brazzaville\/sites\/51\/2023\/03\/postMediaimg_72_2-1024x768.jpg 1024w, https:\/\/static.africa-press.net\/congo-brazzaville\/sites\/51\/2023\/03\/postMediaimg_72_2-768x576.jpg 768w, https:\/\/static.africa-press.net\/congo-brazzaville\/sites\/51\/2023\/03\/postMediaimg_72_2-80x60.jpg 80w\" sizes=\"(max-width: 1080px) 100vw, 1080px\" alt=\"\">\r\n                            <\/a>\r\n                            \r\n                        <\/figure>\r\n                    <\/div>\r\n                            <\/div>\r\n                        <\/div>\r\n\r\n                        <div class = \"td-doubleSlider-2\">\r\n                            <div class = \"td-slider\">\r\n                                \r\n                    <div class = \"td-button td-item1\">\r\n                        <div class = \"td-border\"><\/div>\r\n                    <\/div>\r\n                    <div class = \"td-button td-item2\">\r\n                        <div class = \"td-border\"><\/div>\r\n                    <\/div>\r\n                            <\/div>\r\n                        <\/div>\r\n\r\n                    <\/div>\r\n\r\n                <\/div>\r\n                \n<p><strong>Pour plus d&rsquo;informations et d&rsquo;analyses sur la <a href=\"https:\/\/www.africa-press.net\/congo-brazzaville\">Congo Brazzaville<\/a>, suivez <a href=\"https:\/\/www.africa-press.net\/\">Africa-Press<\/a><\/strong><\/p>\n","protected":false},"excerpt":{"rendered":"<p>Africa-Press &#8211; Congo Brazzaville. La vulne\u0301rabilite\u0301 des jeunes filles face a\u0300 la pre\u0301carite\u0301 menstruelle a fait, le 8 fe\u0301vrier, l\u2019objet d\u2019un de\u0301bat dans l\u2019amphithe\u0301a\u0302tre du lyce\u0301e de la Re\u0301volution, dans le cinquie\u0300me arrondissement de Brazzaville, Ouenze\u0301. Organise\u0301e par l\u2019Association femmes sans frontie\u0300res d\u2019Afrique, la rencontre a eu un double objet. D\u2019abord pre\u0301senter son approche conceptuelle, [&hellip;]<\/p>\n","protected":false},"author":82,"featured_media":15451,"comment_status":"open","ping_status":"closed","sticky":false,"template":"","format":"standard","meta":{"footnotes":""},"categories":[21,8,10],"tags":[36,47,46],"class_list":["post-15452","post","type-post","status-publish","format-standard","has-post-thumbnail","hentry","category-communaute","category-photo","category-toutes-les-actualites","tag-africa-press","tag-africa-press-congo-brazzaville","tag-congo-brazzaville"],"yoast_head":"<!-- This site is optimized with the Yoast SEO Premium plugin v26.1 (Yoast SEO v27.0) - https:\/\/yoast.com\/product\/yoast-seo-premium-wordpress\/ -->\n<title>Journ\u00e9e du 8 mars : d\u00e9bat autour des questions li\u00e9es aux jeunes filles - Congo Brazzaville<\/title>\n<meta name=\"description\" content=\"La vulne\u0301rabilite\u0301 des jeunes filles face a\u0300 la pre\u0301carite\u0301 menstruelle a fait, le 8 fe\u0301vrier, l\u2019objet d\u2019un de\u0301bat da ...\" \/>\n<meta name=\"robots\" content=\"index, follow, max-snippet:-1, max-image-preview:large, max-video-preview:-1\" \/>\n<link rel=\"canonical\" href=\"https:\/\/www.africa-press.net\/congo-brazzaville\/photo\/journee-du-8-mars-debat-autour-des-questions-liees-aux-jeunes-filles\" \/>\n<meta property=\"og:locale\" content=\"fr_FR\" \/>\n<meta property=\"og:type\" content=\"article\" \/>\n<meta property=\"og:title\" content=\"Journ\u00e9e du 8 mars : d\u00e9bat autour des questions li\u00e9es aux jeunes filles\" \/>\n<meta property=\"og:description\" content=\"La vulne\u0301rabilite\u0301 des jeunes filles face a\u0300 la pre\u0301carite\u0301 menstruelle a fait, le 8 fe\u0301vrier, l\u2019objet d\u2019un de\u0301bat da ...\" \/>\n<meta property=\"og:url\" content=\"https:\/\/www.africa-press.net\/congo-brazzaville\/photo\/journee-du-8-mars-debat-autour-des-questions-liees-aux-jeunes-filles\" \/>\n<meta property=\"og:site_name\" content=\"Congo Brazzaville\" \/>\n<meta property=\"article:published_time\" content=\"2023-03-09T19:12:16+00:00\" \/>\n<meta property=\"article:modified_time\" content=\"2023-03-09T20:11:00+00:00\" \/>\n<meta property=\"og:image\" content=\"https:\/\/static.africa-press.net\/congo-brazzaville\/sites\/51\/2023\/03\/postQueueImg_1678376541.16.jpg\" \/>\n\t<meta property=\"og:image:width\" content=\"1080\" \/>\n\t<meta property=\"og:image:height\" content=\"810\" \/>\n\t<meta property=\"og:image:type\" content=\"image\/jpeg\" \/>\n<meta name=\"author\" content=\"cfeditorfr\" \/>\n<meta name=\"twitter:card\" content=\"summary_large_image\" \/>\n<meta name=\"twitter:label1\" content=\"\u00c9crit par\" \/>\n\t<meta name=\"twitter:data1\" content=\"cfeditorfr\" \/>\n\t<meta name=\"twitter:label2\" content=\"Dur\u00e9e de lecture estim\u00e9e\" \/>\n\t<meta name=\"twitter:data2\" content=\"4 minutes\" \/>\n<script type=\"application\/ld+json\" class=\"yoast-schema-graph\">{\"@context\":\"https:\/\/schema.org\",\"@graph\":[{\"@type\":\"Article\",\"@id\":\"https:\/\/www.africa-press.net\/congo-brazzaville\/photo\/journee-du-8-mars-debat-autour-des-questions-liees-aux-jeunes-filles#article\",\"isPartOf\":{\"@id\":\"https:\/\/www.africa-press.net\/congo-brazzaville\/photo\/journee-du-8-mars-debat-autour-des-questions-liees-aux-jeunes-filles\"},\"author\":{\"name\":\"cfeditorfr\",\"@id\":\"https:\/\/www.africa-press.net\/congo-brazzaville\/#\/schema\/person\/2b1cf3cd81a31e3cd26889ca66d677f1\"},\"headline\":\"Journ\u00e9e du 8 mars : d\u00e9bat autour des questions li\u00e9es aux jeunes filles\",\"datePublished\":\"2023-03-09T19:12:16+00:00\",\"dateModified\":\"2023-03-09T20:11:00+00:00\",\"mainEntityOfPage\":{\"@id\":\"https:\/\/www.africa-press.net\/congo-brazzaville\/photo\/journee-du-8-mars-debat-autour-des-questions-liees-aux-jeunes-filles\"},\"wordCount\":714,\"commentCount\":0,\"image\":{\"@id\":\"https:\/\/www.africa-press.net\/congo-brazzaville\/photo\/journee-du-8-mars-debat-autour-des-questions-liees-aux-jeunes-filles#primaryimage\"},\"thumbnailUrl\":\"https:\/\/static.africa-press.net\/congo-brazzaville\/sites\/51\/2023\/03\/postQueueImg_1678376541.16.jpg\",\"keywords\":[\"Africa Press\",\"Africa Press-Congo Brazzaville\",\"Congo Brazzaville\"],\"articleSection\":[\"Communaut\u00e9\",\"Photo\",\"Toutes les actualit\u00e9s\"],\"inLanguage\":\"fr-FR\",\"potentialAction\":[{\"@type\":\"CommentAction\",\"name\":\"Comment\",\"target\":[\"https:\/\/www.africa-press.net\/congo-brazzaville\/photo\/journee-du-8-mars-debat-autour-des-questions-liees-aux-jeunes-filles#respond\"]}]},{\"@type\":\"WebPage\",\"@id\":\"https:\/\/www.africa-press.net\/congo-brazzaville\/photo\/journee-du-8-mars-debat-autour-des-questions-liees-aux-jeunes-filles\",\"url\":\"https:\/\/www.africa-press.net\/congo-brazzaville\/photo\/journee-du-8-mars-debat-autour-des-questions-liees-aux-jeunes-filles\",\"name\":\"Journ\u00e9e du 8 mars : d\u00e9bat autour des questions li\u00e9es aux jeunes filles - Congo Brazzaville\",\"isPartOf\":{\"@id\":\"https:\/\/www.africa-press.net\/congo-brazzaville\/#website\"},\"primaryImageOfPage\":{\"@id\":\"https:\/\/www.africa-press.net\/congo-brazzaville\/photo\/journee-du-8-mars-debat-autour-des-questions-liees-aux-jeunes-filles#primaryimage\"},\"image\":{\"@id\":\"https:\/\/www.africa-press.net\/congo-brazzaville\/photo\/journee-du-8-mars-debat-autour-des-questions-liees-aux-jeunes-filles#primaryimage\"},\"thumbnailUrl\":\"https:\/\/static.africa-press.net\/congo-brazzaville\/sites\/51\/2023\/03\/postQueueImg_1678376541.16.jpg\",\"datePublished\":\"2023-03-09T19:12:16+00:00\",\"dateModified\":\"2023-03-09T20:11:00+00:00\",\"author\":{\"@id\":\"https:\/\/www.africa-press.net\/congo-brazzaville\/#\/schema\/person\/2b1cf3cd81a31e3cd26889ca66d677f1\"},\"description\":\"La vulne\u0301rabilite\u0301 des jeunes filles face a\u0300 la pre\u0301carite\u0301 menstruelle a fait, le 8 fe\u0301vrier, l\u2019objet d\u2019un de\u0301bat da ...\",\"breadcrumb\":{\"@id\":\"https:\/\/www.africa-press.net\/congo-brazzaville\/photo\/journee-du-8-mars-debat-autour-des-questions-liees-aux-jeunes-filles#breadcrumb\"},\"inLanguage\":\"fr-FR\",\"potentialAction\":[{\"@type\":\"ReadAction\",\"target\":[\"https:\/\/www.africa-press.net\/congo-brazzaville\/photo\/journee-du-8-mars-debat-autour-des-questions-liees-aux-jeunes-filles\"]}]},{\"@type\":\"ImageObject\",\"inLanguage\":\"fr-FR\",\"@id\":\"https:\/\/www.africa-press.net\/congo-brazzaville\/photo\/journee-du-8-mars-debat-autour-des-questions-liees-aux-jeunes-filles#primaryimage\",\"url\":\"https:\/\/static.africa-press.net\/congo-brazzaville\/sites\/51\/2023\/03\/postQueueImg_1678376541.16.jpg\",\"contentUrl\":\"https:\/\/static.africa-press.net\/congo-brazzaville\/sites\/51\/2023\/03\/postQueueImg_1678376541.16.jpg\",\"width\":1080,\"height\":810,\"caption\":\"Journ\u00e9e du 8 mars : d\u00e9bat autour des questions li\u00e9es aux jeunes filles\"},{\"@type\":\"BreadcrumbList\",\"@id\":\"https:\/\/www.africa-press.net\/congo-brazzaville\/photo\/journee-du-8-mars-debat-autour-des-questions-liees-aux-jeunes-filles#breadcrumb\",\"itemListElement\":[{\"@type\":\"ListItem\",\"position\":1,\"name\":\"Accueil\",\"item\":\"https:\/\/www.africa-press.net\/congo-brazzaville\/\"},{\"@type\":\"ListItem\",\"position\":2,\"name\":\"Journ\u00e9e du 8 mars : d\u00e9bat autour des questions li\u00e9es aux jeunes filles\"}]},{\"@type\":\"WebSite\",\"@id\":\"https:\/\/www.africa-press.net\/congo-brazzaville\/#website\",\"url\":\"https:\/\/www.africa-press.net\/congo-brazzaville\/\",\"name\":\"Congo Brazzaville\",\"description\":\"Just another Africa News Agency Sites site\",\"potentialAction\":[{\"@type\":\"SearchAction\",\"target\":{\"@type\":\"EntryPoint\",\"urlTemplate\":\"https:\/\/www.africa-press.net\/congo-brazzaville\/?s={search_term_string}\"},\"query-input\":{\"@type\":\"PropertyValueSpecification\",\"valueRequired\":true,\"valueName\":\"search_term_string\"}}],\"inLanguage\":\"fr-FR\"},{\"@type\":\"Person\",\"@id\":\"https:\/\/www.africa-press.net\/congo-brazzaville\/#\/schema\/person\/2b1cf3cd81a31e3cd26889ca66d677f1\",\"name\":\"cfeditorfr\"}]}<\/script>\n<!-- \/ Yoast SEO Premium plugin. -->","yoast_head_json":{"title":"Journ\u00e9e du 8 mars : d\u00e9bat autour des questions li\u00e9es aux jeunes filles - Congo Brazzaville","description":"La vulne\u0301rabilite\u0301 des jeunes filles face a\u0300 la pre\u0301carite\u0301 menstruelle a fait, le 8 fe\u0301vrier, l\u2019objet d\u2019un de\u0301bat da ...","robots":{"index":"index","follow":"follow","max-snippet":"max-snippet:-1","max-image-preview":"max-image-preview:large","max-video-preview":"max-video-preview:-1"},"canonical":"https:\/\/www.africa-press.net\/congo-brazzaville\/photo\/journee-du-8-mars-debat-autour-des-questions-liees-aux-jeunes-filles","og_locale":"fr_FR","og_type":"article","og_title":"Journ\u00e9e du 8 mars : d\u00e9bat autour des questions li\u00e9es aux jeunes filles","og_description":"La vulne\u0301rabilite\u0301 des jeunes filles face a\u0300 la pre\u0301carite\u0301 menstruelle a fait, le 8 fe\u0301vrier, l\u2019objet d\u2019un de\u0301bat da ...","og_url":"https:\/\/www.africa-press.net\/congo-brazzaville\/photo\/journee-du-8-mars-debat-autour-des-questions-liees-aux-jeunes-filles","og_site_name":"Congo Brazzaville","article_published_time":"2023-03-09T19:12:16+00:00","article_modified_time":"2023-03-09T20:11:00+00:00","og_image":[{"width":1080,"height":810,"url":"https:\/\/static.africa-press.net\/congo-brazzaville\/sites\/51\/2023\/03\/postQueueImg_1678376541.16.jpg","type":"image\/jpeg"}],"author":"cfeditorfr","twitter_card":"summary_large_image","twitter_misc":{"\u00c9crit par":"cfeditorfr","Dur\u00e9e de lecture estim\u00e9e":"4 minutes"},"schema":{"@context":"https:\/\/schema.org","@graph":[{"@type":"Article","@id":"https:\/\/www.africa-press.net\/congo-brazzaville\/photo\/journee-du-8-mars-debat-autour-des-questions-liees-aux-jeunes-filles#article","isPartOf":{"@id":"https:\/\/www.africa-press.net\/congo-brazzaville\/photo\/journee-du-8-mars-debat-autour-des-questions-liees-aux-jeunes-filles"},"author":{"name":"cfeditorfr","@id":"https:\/\/www.africa-press.net\/congo-brazzaville\/#\/schema\/person\/2b1cf3cd81a31e3cd26889ca66d677f1"},"headline":"Journ\u00e9e du 8 mars : d\u00e9bat autour des questions li\u00e9es aux jeunes filles","datePublished":"2023-03-09T19:12:16+00:00","dateModified":"2023-03-09T20:11:00+00:00","mainEntityOfPage":{"@id":"https:\/\/www.africa-press.net\/congo-brazzaville\/photo\/journee-du-8-mars-debat-autour-des-questions-liees-aux-jeunes-filles"},"wordCount":714,"commentCount":0,"image":{"@id":"https:\/\/www.africa-press.net\/congo-brazzaville\/photo\/journee-du-8-mars-debat-autour-des-questions-liees-aux-jeunes-filles#primaryimage"},"thumbnailUrl":"https:\/\/static.africa-press.net\/congo-brazzaville\/sites\/51\/2023\/03\/postQueueImg_1678376541.16.jpg","keywords":["Africa Press","Africa Press-Congo Brazzaville","Congo Brazzaville"],"articleSection":["Communaut\u00e9","Photo","Toutes les actualit\u00e9s"],"inLanguage":"fr-FR","potentialAction":[{"@type":"CommentAction","name":"Comment","target":["https:\/\/www.africa-press.net\/congo-brazzaville\/photo\/journee-du-8-mars-debat-autour-des-questions-liees-aux-jeunes-filles#respond"]}]},{"@type":"WebPage","@id":"https:\/\/www.africa-press.net\/congo-brazzaville\/photo\/journee-du-8-mars-debat-autour-des-questions-liees-aux-jeunes-filles","url":"https:\/\/www.africa-press.net\/congo-brazzaville\/photo\/journee-du-8-mars-debat-autour-des-questions-liees-aux-jeunes-filles","name":"Journ\u00e9e du 8 mars : d\u00e9bat autour des questions li\u00e9es aux jeunes filles - Congo Brazzaville","isPartOf":{"@id":"https:\/\/www.africa-press.net\/congo-brazzaville\/#website"},"primaryImageOfPage":{"@id":"https:\/\/www.africa-press.net\/congo-brazzaville\/photo\/journee-du-8-mars-debat-autour-des-questions-liees-aux-jeunes-filles#primaryimage"},"image":{"@id":"https:\/\/www.africa-press.net\/congo-brazzaville\/photo\/journee-du-8-mars-debat-autour-des-questions-liees-aux-jeunes-filles#primaryimage"},"thumbnailUrl":"https:\/\/static.africa-press.net\/congo-brazzaville\/sites\/51\/2023\/03\/postQueueImg_1678376541.16.jpg","datePublished":"2023-03-09T19:12:16+00:00","dateModified":"2023-03-09T20:11:00+00:00","author":{"@id":"https:\/\/www.africa-press.net\/congo-brazzaville\/#\/schema\/person\/2b1cf3cd81a31e3cd26889ca66d677f1"},"description":"La vulne\u0301rabilite\u0301 des jeunes filles face a\u0300 la pre\u0301carite\u0301 menstruelle a fait, le 8 fe\u0301vrier, l\u2019objet d\u2019un de\u0301bat da ...","breadcrumb":{"@id":"https:\/\/www.africa-press.net\/congo-brazzaville\/photo\/journee-du-8-mars-debat-autour-des-questions-liees-aux-jeunes-filles#breadcrumb"},"inLanguage":"fr-FR","potentialAction":[{"@type":"ReadAction","target":["https:\/\/www.africa-press.net\/congo-brazzaville\/photo\/journee-du-8-mars-debat-autour-des-questions-liees-aux-jeunes-filles"]}]},{"@type":"ImageObject","inLanguage":"fr-FR","@id":"https:\/\/www.africa-press.net\/congo-brazzaville\/photo\/journee-du-8-mars-debat-autour-des-questions-liees-aux-jeunes-filles#primaryimage","url":"https:\/\/static.africa-press.net\/congo-brazzaville\/sites\/51\/2023\/03\/postQueueImg_1678376541.16.jpg","contentUrl":"https:\/\/static.africa-press.net\/congo-brazzaville\/sites\/51\/2023\/03\/postQueueImg_1678376541.16.jpg","width":1080,"height":810,"caption":"Journ\u00e9e du 8 mars : d\u00e9bat autour des questions li\u00e9es aux jeunes filles"},{"@type":"BreadcrumbList","@id":"https:\/\/www.africa-press.net\/congo-brazzaville\/photo\/journee-du-8-mars-debat-autour-des-questions-liees-aux-jeunes-filles#breadcrumb","itemListElement":[{"@type":"ListItem","position":1,"name":"Accueil","item":"https:\/\/www.africa-press.net\/congo-brazzaville\/"},{"@type":"ListItem","position":2,"name":"Journ\u00e9e du 8 mars : d\u00e9bat autour des questions li\u00e9es aux jeunes filles"}]},{"@type":"WebSite","@id":"https:\/\/www.africa-press.net\/congo-brazzaville\/#website","url":"https:\/\/www.africa-press.net\/congo-brazzaville\/","name":"Congo Brazzaville","description":"Just another Africa News Agency Sites site","potentialAction":[{"@type":"SearchAction","target":{"@type":"EntryPoint","urlTemplate":"https:\/\/www.africa-press.net\/congo-brazzaville\/?s={search_term_string}"},"query-input":{"@type":"PropertyValueSpecification","valueRequired":true,"valueName":"search_term_string"}}],"inLanguage":"fr-FR"},{"@type":"Person","@id":"https:\/\/www.africa-press.net\/congo-brazzaville\/#\/schema\/person\/2b1cf3cd81a31e3cd26889ca66d677f1","name":"cfeditorfr"}]}},"_links":{"self":[{"href":"https:\/\/www.africa-press.net\/congo-brazzaville\/wp-json\/wp\/v2\/posts\/15452","targetHints":{"allow":["GET"]}}],"collection":[{"href":"https:\/\/www.africa-press.net\/congo-brazzaville\/wp-json\/wp\/v2\/posts"}],"about":[{"href":"https:\/\/www.africa-press.net\/congo-brazzaville\/wp-json\/wp\/v2\/types\/post"}],"author":[{"embeddable":true,"href":"https:\/\/www.africa-press.net\/congo-brazzaville\/wp-json\/wp\/v2\/users\/82"}],"replies":[{"embeddable":true,"href":"https:\/\/www.africa-press.net\/congo-brazzaville\/wp-json\/wp\/v2\/comments?post=15452"}],"version-history":[{"count":0,"href":"https:\/\/www.africa-press.net\/congo-brazzaville\/wp-json\/wp\/v2\/posts\/15452\/revisions"}],"wp:featuredmedia":[{"embeddable":true,"href":"https:\/\/www.africa-press.net\/congo-brazzaville\/wp-json\/wp\/v2\/media\/15451"}],"wp:attachment":[{"href":"https:\/\/www.africa-press.net\/congo-brazzaville\/wp-json\/wp\/v2\/media?parent=15452"}],"wp:term":[{"taxonomy":"category","embeddable":true,"href":"https:\/\/www.africa-press.net\/congo-brazzaville\/wp-json\/wp\/v2\/categories?post=15452"},{"taxonomy":"post_tag","embeddable":true,"href":"https:\/\/www.africa-press.net\/congo-brazzaville\/wp-json\/wp\/v2\/tags?post=15452"}],"curies":[{"name":"wp","href":"https:\/\/api.w.org\/{rel}","templated":true}]}}