{"id":15455,"date":"2023-03-09T19:12:25","date_gmt":"2023-03-09T19:12:25","guid":{"rendered":"https:\/\/www.africa-press.net\/congo-brazzaville\/politique\/journee-du-8-mars-debat-sur-lautonomisation-de-la-femme"},"modified":"2023-03-09T20:11:30","modified_gmt":"2023-03-09T20:11:30","slug":"journee-du-8-mars-debat-sur-lautonomisation-de-la-femme","status":"publish","type":"post","link":"https:\/\/www.africa-press.net\/congo-brazzaville\/politique\/journee-du-8-mars-debat-sur-lautonomisation-de-la-femme","title":{"rendered":"Journ\u00e9e  du 8 mars : d\u00e9bat sur l\u2019autonomisation de la femme"},"content":{"rendered":"<p><span style=\"color: #ff6600\"><strong>Africa-Press &#8211; Congo Brazzaville. <\/strong><\/span><b>Le Congo, comme d\u2019autres pays a\u0300 travers le monde, a comme\u0301more\u0301 le 8 mars la Journe\u0301e internationale des droits des femmes. A Ignie\u0301, dans le Pool, une confe\u0301rence-de\u0301bat a\u0300 valeur de sensibilisation a\u0300 l\u2019autonomisation de la femme a e\u0301te\u0301 a\u0300 l&rsquo;ordre du jour. <\/b><\/p>\n<p>Plusieurs dizaines de femmes venues des villages environnants, Massa, Embimi, Maty, Nkouo et Ignie\u0301 centre, ont participe\u0301 au focus organise\u0301 a\u0300 l\u2019initiative du de\u0301pute\u0301 de cette circonscription e\u0301lectorale, Ernest Vianney Enko Mbalawa.<\/p>\n<p>Trois sous-the\u0300mes y ont e\u0301te\u0301 de\u0301veloppe\u0301s, tire\u0301s du the\u0300me central intitule\u0301 \u00ab Femmes, prote\u0301geons-nous contre les violences en ligne avec la loi Mouebara \u00bb. De\u0301veloppant le premier expose\u0301 \u00ab Promouvoir l\u2019inte\u0301gration de la femme au de\u0301veloppement par la pratique des activite\u0301s ge\u0301ne\u0301ratrices de revenus \u00bb, l\u2019orateur, Jean Raymond, a fait savoir qu&rsquo;\u00ab une femme doit entreprendre quelque chose pour devenir autonome vis-a\u0300-vis de son mari. C\u2019est gra\u0302ce a\u0300 cette inde\u0301pendance que l\u2019homme va vous devoir du respect et de la conside\u0301ration \u00bb.<\/p>\n<p>Dans les de\u0301tails, l\u2019expert a exhorte\u0301 les femmes a\u0300 travailler en re\u0301seau ou en coope\u0301rative afin d&rsquo;attirer l\u2019attention du gouvernement pour espe\u0301rer be\u0301ne\u0301ficier d&rsquo;un appui conse\u0301quent, capable de les propulser plus loin dans leurs activite\u0301s lucratives.<\/p>\n<p>Exposant sur le sous-the\u0300me \u00ab Place de la loi Mouebara dans la lutte contre les violences en ligne \u00bb, une femme spe\u0301cialiste a rappele\u0301 a\u0300 l\u2019assistance que cette loi a e\u0301te\u0301 vote\u0301e pour se\u0301curiser la femme. Elle a ainsi invite\u0301 les femmes qui subiront de\u0301sormais toutes formes de violences a\u0300 de\u0301noncer leurs auteurs afin qu&rsquo;ils soient punis conforme\u0301ment aux dispositions contenues dans cette loi.<\/p>\n<p>Pour sa part, le de\u0301pute\u0301 d\u2019Ignie\u0301 s\u2019est re\u0301joui d\u2019avoir organise\u0301 cette rencontre qui a permis aux femmes de Nkouo d\u2019e\u0302tre sensibilise\u0301es a\u0300 la loi Mouebara.<\/p>\n<p>\u00ab Nombreuses femmes sont ignorantes de l\u2019existence de la loi Mouebara qui les prote\u0300ge. Il e\u0301tait donc ne\u0301cessaire, a\u0300 l\u2019occasion de cette e\u0301nie\u0300me e\u0301dition de la Journe\u0301e internationale des droits des femmes, que nous leur expliquions qu\u2019elles sont de\u0301sormais prote\u0301ge\u0301es par une loi contre toutes les formes de violences et ne doivent plus s\u2019inquie\u0301ter \u00bb, a indique\u0301 Ernest Vianney Enko Mbalawa.<\/p>\n<p><strong>Pour plus d&rsquo;informations et d&rsquo;analyses sur la <a href=\"https:\/\/www.africa-press.net\/congo-brazzaville\">Congo Brazzaville<\/a>, suivez <a href=\"https:\/\/www.africa-press.net\/\">Africa-Press<\/a><\/strong><\/p>\n","protected":false},"excerpt":{"rendered":"<p>Africa-Press &#8211; Congo Brazzaville. Le Congo, comme d\u2019autres pays a\u0300 travers le monde, a comme\u0301more\u0301 le 8 mars la Journe\u0301e internationale des droits des femmes. A Ignie\u0301, dans le Pool, une confe\u0301rence-de\u0301bat a\u0300 valeur de sensibilisation a\u0300 l\u2019autonomisation de la femme a e\u0301te\u0301 a\u0300 l&rsquo;ordre du jour. Plusieurs dizaines de femmes venues des villages environnants, [&hellip;]<\/p>\n","protected":false},"author":82,"featured_media":15453,"comment_status":"open","ping_status":"closed","sticky":false,"template":"","format":"standard","meta":{"footnotes":""},"categories":[2,10],"tags":[36,47,46],"class_list":["post-15455","post","type-post","status-publish","format-standard","has-post-thumbnail","hentry","category-politique","category-toutes-les-actualites","tag-africa-press","tag-africa-press-congo-brazzaville","tag-congo-brazzaville"],"yoast_head":"<!-- This site is optimized with the Yoast SEO Premium plugin v26.1 (Yoast SEO v27.0) - https:\/\/yoast.com\/product\/yoast-seo-premium-wordpress\/ -->\n<title>Journ\u00e9e du 8 mars : d\u00e9bat sur l\u2019autonomisation de la femme - Congo Brazzaville<\/title>\n<meta name=\"description\" content=\"Le Congo, comme d\u2019autres pays a\u0300 travers le monde, a comme\u0301more\u0301 le 8 mars la Journe\u0301e internationale des droits des ...\" \/>\n<meta name=\"robots\" content=\"index, follow, max-snippet:-1, max-image-preview:large, max-video-preview:-1\" \/>\n<link rel=\"canonical\" href=\"https:\/\/www.africa-press.net\/congo-brazzaville\/politique\/journee-du-8-mars-debat-sur-lautonomisation-de-la-femme\" \/>\n<meta property=\"og:locale\" content=\"fr_FR\" \/>\n<meta property=\"og:type\" content=\"article\" \/>\n<meta property=\"og:title\" content=\"Journ\u00e9e du 8 mars : d\u00e9bat sur l\u2019autonomisation de la femme\" \/>\n<meta property=\"og:description\" content=\"Le Congo, comme d\u2019autres pays a\u0300 travers le monde, a comme\u0301more\u0301 le 8 mars la Journe\u0301e internationale des droits des ...\" \/>\n<meta property=\"og:url\" content=\"https:\/\/www.africa-press.net\/congo-brazzaville\/politique\/journee-du-8-mars-debat-sur-lautonomisation-de-la-femme\" \/>\n<meta property=\"og:site_name\" content=\"Congo Brazzaville\" \/>\n<meta property=\"article:published_time\" content=\"2023-03-09T19:12:25+00:00\" \/>\n<meta property=\"article:modified_time\" content=\"2023-03-09T20:11:30+00:00\" \/>\n<meta property=\"og:image\" content=\"https:\/\/static.africa-press.net\/congo-brazzaville\/sites\/51\/2023\/03\/postQueueImg_1678376559.76.jpg\" \/>\n\t<meta property=\"og:image:width\" content=\"1668\" \/>\n\t<meta property=\"og:image:height\" content=\"768\" \/>\n\t<meta property=\"og:image:type\" content=\"image\/jpeg\" \/>\n<meta name=\"author\" content=\"cfeditorfr\" \/>\n<meta name=\"twitter:card\" content=\"summary_large_image\" \/>\n<meta name=\"twitter:label1\" content=\"\u00c9crit par\" \/>\n\t<meta name=\"twitter:data1\" content=\"cfeditorfr\" \/>\n\t<meta name=\"twitter:label2\" content=\"Dur\u00e9e de lecture estim\u00e9e\" \/>\n\t<meta name=\"twitter:data2\" content=\"2 minutes\" \/>\n<script type=\"application\/ld+json\" class=\"yoast-schema-graph\">{\"@context\":\"https:\/\/schema.org\",\"@graph\":[{\"@type\":\"Article\",\"@id\":\"https:\/\/www.africa-press.net\/congo-brazzaville\/politique\/journee-du-8-mars-debat-sur-lautonomisation-de-la-femme#article\",\"isPartOf\":{\"@id\":\"https:\/\/www.africa-press.net\/congo-brazzaville\/politique\/journee-du-8-mars-debat-sur-lautonomisation-de-la-femme\"},\"author\":{\"name\":\"cfeditorfr\",\"@id\":\"https:\/\/www.africa-press.net\/congo-brazzaville\/#\/schema\/person\/2b1cf3cd81a31e3cd26889ca66d677f1\"},\"headline\":\"Journ\u00e9e du 8 mars : d\u00e9bat sur l\u2019autonomisation de la femme\",\"datePublished\":\"2023-03-09T19:12:25+00:00\",\"dateModified\":\"2023-03-09T20:11:30+00:00\",\"mainEntityOfPage\":{\"@id\":\"https:\/\/www.africa-press.net\/congo-brazzaville\/politique\/journee-du-8-mars-debat-sur-lautonomisation-de-la-femme\"},\"wordCount\":439,\"commentCount\":0,\"image\":{\"@id\":\"https:\/\/www.africa-press.net\/congo-brazzaville\/politique\/journee-du-8-mars-debat-sur-lautonomisation-de-la-femme#primaryimage\"},\"thumbnailUrl\":\"https:\/\/static.africa-press.net\/congo-brazzaville\/sites\/51\/2023\/03\/postQueueImg_1678376559.76.jpg\",\"keywords\":[\"Africa Press\",\"Africa Press-Congo Brazzaville\",\"Congo Brazzaville\"],\"articleSection\":[\"Politique\",\"Toutes les actualit\u00e9s\"],\"inLanguage\":\"fr-FR\",\"potentialAction\":[{\"@type\":\"CommentAction\",\"name\":\"Comment\",\"target\":[\"https:\/\/www.africa-press.net\/congo-brazzaville\/politique\/journee-du-8-mars-debat-sur-lautonomisation-de-la-femme#respond\"]}]},{\"@type\":\"WebPage\",\"@id\":\"https:\/\/www.africa-press.net\/congo-brazzaville\/politique\/journee-du-8-mars-debat-sur-lautonomisation-de-la-femme\",\"url\":\"https:\/\/www.africa-press.net\/congo-brazzaville\/politique\/journee-du-8-mars-debat-sur-lautonomisation-de-la-femme\",\"name\":\"Journ\u00e9e du 8 mars : d\u00e9bat sur l\u2019autonomisation de la femme - Congo Brazzaville\",\"isPartOf\":{\"@id\":\"https:\/\/www.africa-press.net\/congo-brazzaville\/#website\"},\"primaryImageOfPage\":{\"@id\":\"https:\/\/www.africa-press.net\/congo-brazzaville\/politique\/journee-du-8-mars-debat-sur-lautonomisation-de-la-femme#primaryimage\"},\"image\":{\"@id\":\"https:\/\/www.africa-press.net\/congo-brazzaville\/politique\/journee-du-8-mars-debat-sur-lautonomisation-de-la-femme#primaryimage\"},\"thumbnailUrl\":\"https:\/\/static.africa-press.net\/congo-brazzaville\/sites\/51\/2023\/03\/postQueueImg_1678376559.76.jpg\",\"datePublished\":\"2023-03-09T19:12:25+00:00\",\"dateModified\":\"2023-03-09T20:11:30+00:00\",\"author\":{\"@id\":\"https:\/\/www.africa-press.net\/congo-brazzaville\/#\/schema\/person\/2b1cf3cd81a31e3cd26889ca66d677f1\"},\"description\":\"Le Congo, comme d\u2019autres pays a\u0300 travers le monde, a comme\u0301more\u0301 le 8 mars la Journe\u0301e internationale des droits des ...\",\"breadcrumb\":{\"@id\":\"https:\/\/www.africa-press.net\/congo-brazzaville\/politique\/journee-du-8-mars-debat-sur-lautonomisation-de-la-femme#breadcrumb\"},\"inLanguage\":\"fr-FR\",\"potentialAction\":[{\"@type\":\"ReadAction\",\"target\":[\"https:\/\/www.africa-press.net\/congo-brazzaville\/politique\/journee-du-8-mars-debat-sur-lautonomisation-de-la-femme\"]}]},{\"@type\":\"ImageObject\",\"inLanguage\":\"fr-FR\",\"@id\":\"https:\/\/www.africa-press.net\/congo-brazzaville\/politique\/journee-du-8-mars-debat-sur-lautonomisation-de-la-femme#primaryimage\",\"url\":\"https:\/\/static.africa-press.net\/congo-brazzaville\/sites\/51\/2023\/03\/postQueueImg_1678376559.76.jpg\",\"contentUrl\":\"https:\/\/static.africa-press.net\/congo-brazzaville\/sites\/51\/2023\/03\/postQueueImg_1678376559.76.jpg\",\"width\":1668,\"height\":768,\"caption\":\"Journ\u00e9e du 8 mars : d\u00e9bat sur l\u2019autonomisation de la femme\"},{\"@type\":\"BreadcrumbList\",\"@id\":\"https:\/\/www.africa-press.net\/congo-brazzaville\/politique\/journee-du-8-mars-debat-sur-lautonomisation-de-la-femme#breadcrumb\",\"itemListElement\":[{\"@type\":\"ListItem\",\"position\":1,\"name\":\"Accueil\",\"item\":\"https:\/\/www.africa-press.net\/congo-brazzaville\/\"},{\"@type\":\"ListItem\",\"position\":2,\"name\":\"Journ\u00e9e du 8 mars : d\u00e9bat sur l\u2019autonomisation de la femme\"}]},{\"@type\":\"WebSite\",\"@id\":\"https:\/\/www.africa-press.net\/congo-brazzaville\/#website\",\"url\":\"https:\/\/www.africa-press.net\/congo-brazzaville\/\",\"name\":\"Congo Brazzaville\",\"description\":\"Just another Africa News Agency Sites site\",\"potentialAction\":[{\"@type\":\"SearchAction\",\"target\":{\"@type\":\"EntryPoint\",\"urlTemplate\":\"https:\/\/www.africa-press.net\/congo-brazzaville\/?s={search_term_string}\"},\"query-input\":{\"@type\":\"PropertyValueSpecification\",\"valueRequired\":true,\"valueName\":\"search_term_string\"}}],\"inLanguage\":\"fr-FR\"},{\"@type\":\"Person\",\"@id\":\"https:\/\/www.africa-press.net\/congo-brazzaville\/#\/schema\/person\/2b1cf3cd81a31e3cd26889ca66d677f1\",\"name\":\"cfeditorfr\"}]}<\/script>\n<!-- \/ Yoast SEO Premium plugin. -->","yoast_head_json":{"title":"Journ\u00e9e du 8 mars : d\u00e9bat sur l\u2019autonomisation de la femme - Congo Brazzaville","description":"Le Congo, comme d\u2019autres pays a\u0300 travers le monde, a comme\u0301more\u0301 le 8 mars la Journe\u0301e internationale des droits des ...","robots":{"index":"index","follow":"follow","max-snippet":"max-snippet:-1","max-image-preview":"max-image-preview:large","max-video-preview":"max-video-preview:-1"},"canonical":"https:\/\/www.africa-press.net\/congo-brazzaville\/politique\/journee-du-8-mars-debat-sur-lautonomisation-de-la-femme","og_locale":"fr_FR","og_type":"article","og_title":"Journ\u00e9e du 8 mars : d\u00e9bat sur l\u2019autonomisation de la femme","og_description":"Le Congo, comme d\u2019autres pays a\u0300 travers le monde, a comme\u0301more\u0301 le 8 mars la Journe\u0301e internationale des droits des ...","og_url":"https:\/\/www.africa-press.net\/congo-brazzaville\/politique\/journee-du-8-mars-debat-sur-lautonomisation-de-la-femme","og_site_name":"Congo Brazzaville","article_published_time":"2023-03-09T19:12:25+00:00","article_modified_time":"2023-03-09T20:11:30+00:00","og_image":[{"width":1668,"height":768,"url":"https:\/\/static.africa-press.net\/congo-brazzaville\/sites\/51\/2023\/03\/postQueueImg_1678376559.76.jpg","type":"image\/jpeg"}],"author":"cfeditorfr","twitter_card":"summary_large_image","twitter_misc":{"\u00c9crit par":"cfeditorfr","Dur\u00e9e de lecture estim\u00e9e":"2 minutes"},"schema":{"@context":"https:\/\/schema.org","@graph":[{"@type":"Article","@id":"https:\/\/www.africa-press.net\/congo-brazzaville\/politique\/journee-du-8-mars-debat-sur-lautonomisation-de-la-femme#article","isPartOf":{"@id":"https:\/\/www.africa-press.net\/congo-brazzaville\/politique\/journee-du-8-mars-debat-sur-lautonomisation-de-la-femme"},"author":{"name":"cfeditorfr","@id":"https:\/\/www.africa-press.net\/congo-brazzaville\/#\/schema\/person\/2b1cf3cd81a31e3cd26889ca66d677f1"},"headline":"Journ\u00e9e du 8 mars : d\u00e9bat sur l\u2019autonomisation de la femme","datePublished":"2023-03-09T19:12:25+00:00","dateModified":"2023-03-09T20:11:30+00:00","mainEntityOfPage":{"@id":"https:\/\/www.africa-press.net\/congo-brazzaville\/politique\/journee-du-8-mars-debat-sur-lautonomisation-de-la-femme"},"wordCount":439,"commentCount":0,"image":{"@id":"https:\/\/www.africa-press.net\/congo-brazzaville\/politique\/journee-du-8-mars-debat-sur-lautonomisation-de-la-femme#primaryimage"},"thumbnailUrl":"https:\/\/static.africa-press.net\/congo-brazzaville\/sites\/51\/2023\/03\/postQueueImg_1678376559.76.jpg","keywords":["Africa Press","Africa Press-Congo Brazzaville","Congo Brazzaville"],"articleSection":["Politique","Toutes les actualit\u00e9s"],"inLanguage":"fr-FR","potentialAction":[{"@type":"CommentAction","name":"Comment","target":["https:\/\/www.africa-press.net\/congo-brazzaville\/politique\/journee-du-8-mars-debat-sur-lautonomisation-de-la-femme#respond"]}]},{"@type":"WebPage","@id":"https:\/\/www.africa-press.net\/congo-brazzaville\/politique\/journee-du-8-mars-debat-sur-lautonomisation-de-la-femme","url":"https:\/\/www.africa-press.net\/congo-brazzaville\/politique\/journee-du-8-mars-debat-sur-lautonomisation-de-la-femme","name":"Journ\u00e9e du 8 mars : d\u00e9bat sur l\u2019autonomisation de la femme - Congo Brazzaville","isPartOf":{"@id":"https:\/\/www.africa-press.net\/congo-brazzaville\/#website"},"primaryImageOfPage":{"@id":"https:\/\/www.africa-press.net\/congo-brazzaville\/politique\/journee-du-8-mars-debat-sur-lautonomisation-de-la-femme#primaryimage"},"image":{"@id":"https:\/\/www.africa-press.net\/congo-brazzaville\/politique\/journee-du-8-mars-debat-sur-lautonomisation-de-la-femme#primaryimage"},"thumbnailUrl":"https:\/\/static.africa-press.net\/congo-brazzaville\/sites\/51\/2023\/03\/postQueueImg_1678376559.76.jpg","datePublished":"2023-03-09T19:12:25+00:00","dateModified":"2023-03-09T20:11:30+00:00","author":{"@id":"https:\/\/www.africa-press.net\/congo-brazzaville\/#\/schema\/person\/2b1cf3cd81a31e3cd26889ca66d677f1"},"description":"Le Congo, comme d\u2019autres pays a\u0300 travers le monde, a comme\u0301more\u0301 le 8 mars la Journe\u0301e internationale des droits des ...","breadcrumb":{"@id":"https:\/\/www.africa-press.net\/congo-brazzaville\/politique\/journee-du-8-mars-debat-sur-lautonomisation-de-la-femme#breadcrumb"},"inLanguage":"fr-FR","potentialAction":[{"@type":"ReadAction","target":["https:\/\/www.africa-press.net\/congo-brazzaville\/politique\/journee-du-8-mars-debat-sur-lautonomisation-de-la-femme"]}]},{"@type":"ImageObject","inLanguage":"fr-FR","@id":"https:\/\/www.africa-press.net\/congo-brazzaville\/politique\/journee-du-8-mars-debat-sur-lautonomisation-de-la-femme#primaryimage","url":"https:\/\/static.africa-press.net\/congo-brazzaville\/sites\/51\/2023\/03\/postQueueImg_1678376559.76.jpg","contentUrl":"https:\/\/static.africa-press.net\/congo-brazzaville\/sites\/51\/2023\/03\/postQueueImg_1678376559.76.jpg","width":1668,"height":768,"caption":"Journ\u00e9e du 8 mars : d\u00e9bat sur l\u2019autonomisation de la femme"},{"@type":"BreadcrumbList","@id":"https:\/\/www.africa-press.net\/congo-brazzaville\/politique\/journee-du-8-mars-debat-sur-lautonomisation-de-la-femme#breadcrumb","itemListElement":[{"@type":"ListItem","position":1,"name":"Accueil","item":"https:\/\/www.africa-press.net\/congo-brazzaville\/"},{"@type":"ListItem","position":2,"name":"Journ\u00e9e du 8 mars : d\u00e9bat sur l\u2019autonomisation de la femme"}]},{"@type":"WebSite","@id":"https:\/\/www.africa-press.net\/congo-brazzaville\/#website","url":"https:\/\/www.africa-press.net\/congo-brazzaville\/","name":"Congo Brazzaville","description":"Just another Africa News Agency Sites site","potentialAction":[{"@type":"SearchAction","target":{"@type":"EntryPoint","urlTemplate":"https:\/\/www.africa-press.net\/congo-brazzaville\/?s={search_term_string}"},"query-input":{"@type":"PropertyValueSpecification","valueRequired":true,"valueName":"search_term_string"}}],"inLanguage":"fr-FR"},{"@type":"Person","@id":"https:\/\/www.africa-press.net\/congo-brazzaville\/#\/schema\/person\/2b1cf3cd81a31e3cd26889ca66d677f1","name":"cfeditorfr"}]}},"_links":{"self":[{"href":"https:\/\/www.africa-press.net\/congo-brazzaville\/wp-json\/wp\/v2\/posts\/15455","targetHints":{"allow":["GET"]}}],"collection":[{"href":"https:\/\/www.africa-press.net\/congo-brazzaville\/wp-json\/wp\/v2\/posts"}],"about":[{"href":"https:\/\/www.africa-press.net\/congo-brazzaville\/wp-json\/wp\/v2\/types\/post"}],"author":[{"embeddable":true,"href":"https:\/\/www.africa-press.net\/congo-brazzaville\/wp-json\/wp\/v2\/users\/82"}],"replies":[{"embeddable":true,"href":"https:\/\/www.africa-press.net\/congo-brazzaville\/wp-json\/wp\/v2\/comments?post=15455"}],"version-history":[{"count":0,"href":"https:\/\/www.africa-press.net\/congo-brazzaville\/wp-json\/wp\/v2\/posts\/15455\/revisions"}],"wp:featuredmedia":[{"embeddable":true,"href":"https:\/\/www.africa-press.net\/congo-brazzaville\/wp-json\/wp\/v2\/media\/15453"}],"wp:attachment":[{"href":"https:\/\/www.africa-press.net\/congo-brazzaville\/wp-json\/wp\/v2\/media?parent=15455"}],"wp:term":[{"taxonomy":"category","embeddable":true,"href":"https:\/\/www.africa-press.net\/congo-brazzaville\/wp-json\/wp\/v2\/categories?post=15455"},{"taxonomy":"post_tag","embeddable":true,"href":"https:\/\/www.africa-press.net\/congo-brazzaville\/wp-json\/wp\/v2\/tags?post=15455"}],"curies":[{"name":"wp","href":"https:\/\/api.w.org\/{rel}","templated":true}]}}