{"id":15463,"date":"2023-03-10T18:22:11","date_gmt":"2023-03-10T18:22:11","guid":{"rendered":"https:\/\/www.africa-press.net\/congo-brazzaville\/politique\/genre-les-femmes-journalistes-sapproprient-leur-place-dans-les-medias"},"modified":"2023-03-10T19:19:08","modified_gmt":"2023-03-10T19:19:08","slug":"genre-les-femmes-journalistes-sapproprient-leur-place-dans-les-medias","status":"publish","type":"post","link":"https:\/\/www.africa-press.net\/congo-brazzaville\/photo\/genre-les-femmes-journalistes-sapproprient-leur-place-dans-les-medias","title":{"rendered":"Genre : les femmes journalistes s\u2019approprient leur place dans les m\u00e9dias"},"content":{"rendered":"<p><span style=\"color: #ff6600\"><strong>Africa-Press &#8211; Congo Brazzaville. <\/strong><\/span><b>Quelques grandes figures fe\u0301minines de la presse congolaise ont participe\u0301 et e\u0301change\u0301, le 9 mars a\u0300 l&rsquo;Institut franc\u0327ais du Congo (IFC), a\u0300 un e\u0301change sur le ro\u0302le et la place de la femme journaliste dans les me\u0301dias congolais. <\/b><\/p>\n<p>Des femmes issues de plusieurs me\u0301dias du Congo ont mis en exergue, au cours de la confe\u0301rence-de\u0301bat organise\u0301e par l&rsquo;ambassade de France et la de\u0301le\u0301gation de l&rsquo;Union europe\u0301enne, leur utilite\u0301, leur dynamisme, leur engouement, leur compe\u0301tence et leur bravoure dans l&rsquo;exercice du me\u0301tier de journaliste au sein des me\u0301dias audiovisuels et de la presse e\u0301crite.<\/p>\n<p>Elles e\u0301taient cinq a\u0300 intervenir, critiquant et e\u0301mettant des avis sur la the\u0301matique de la place des femmes dans les me\u0301dias au Congo. Il s&rsquo;agissait d\u2019Aline France Etokabeka de \u00ab\u00a0Te\u0301le\u0301 Congo\u00a0\u00bb, Rachel Berniche Kinzonza de la \u00ab\u00a0Radio Mucodec\u00a0\u00bb, Yvette Reine Nzaba des \u00ab\u00a0De\u0301pe\u0302ches de Brazzaville\u00a0\u00bb, Cristelle Noe\u0308lle Essongo, journaliste militaire, et Rosie Pioth, correspondante de \u00ab\u00a0France 24\u00a0\u00bb, qui ont lance\u0301, a\u0300 travers cette confe\u0301rence-de\u0301bat, la se\u0301rie d&rsquo;activite\u0301s sur le droit des femmes qui auront lieu a\u0300 l&rsquo;IFC durant tout ce mois de mars.<\/p>\n<p>Plusieurs sous-the\u0300mes ont e\u0301te\u0301 de\u0301veloppe\u0301s, notamment la place de la femme journaliste dans l\u2019espace me\u0301diatique congolais, les conditions de travail au quotidien pour les femmes journalistes au Congo, l\u2019historique de la femme congolaise dans les me\u0301dias.<\/p>\n<p>Chacune des intervenantes, selon sa spe\u0301cialite\u0301, a pre\u0301sente\u0301 le sujet via un angle donne\u0301. L&rsquo;historique de la femme journaliste dans les me\u0301dias au Congo a e\u0301te\u0301 e\u0301voque\u0301 par Aline France Etokabeka. Elle a de\u0301taille\u0301 la grande et merveilleuse aventure des femmes journalistes dans le pays. Selon elle, la toute premie\u0300re journaliste s&rsquo;appelle Safou Safouesse. La directrice de programmes de \u00ab\u00a0Te\u0301le\u0301 Congo\u00a0\u00bb a de\u0301taille\u0301 le dynamisme, l&rsquo;engouement, le professionnalisme et le savoir-faire des femmes dans les me\u0301dias.<\/p>\n<p>Quant a\u0300 la place qu&rsquo;occupe la femme dans l&rsquo;espace me\u0301diatique, le sujet a e\u0301te\u0301 de\u0301veloppe\u0301 par la journaliste de \u00ab\u00a0Radio Mucodec\u00a0\u00bb. Rachel Berniche Kinzonza a vante\u0301 le ro\u0302le majeur des femmes dans l&rsquo;expansion des me\u0301dias en Re\u0301publique du Congo. Elle a rappele\u0301, par la me\u0302me occasion, que sur le plan professionnel, la femme joue le me\u0302me ro\u0302le que l&rsquo;homme dans l&rsquo;exercice de sa profession.<\/p>\n<p>Pour sa part, Yvette Reine Nzaba a expose\u0301 sur les conditions de travail des femmes journalistes au Congo. La cheffe de service Afrique Monde aux \u00ab\u00a0De\u0301pe\u0302ches de Brazzaville\u00a0\u00bb a soutenu, sans langue de bois, les diffe\u0301rentes formes de violences dont sont souvent victimes les femmes journalistes.<\/p>\n<p>Pour elle, il existe encore des pre\u0301juge\u0301s qui de\u0301valorisent les femmes. Elle a, par ailleurs, salue\u0301 l&rsquo;engagement et l&rsquo;activisme de certains hommes et de certaines femmes qui militent pour l&rsquo;insertion de ces dernie\u0300res dans les me\u0301dias. Prenant le cas de la re\u0301daction des \u00ab\u00a0De\u0301pe\u0302ches de Brazzaville\u00a0\u00bb ou\u0300 elle e\u0301volue, Yvette Reine Nzaba a explique\u0301 les diffe\u0301rentes avance\u0301es dans la responsabilisation des femmes en rappelant le respect et l\u2019accompagnement de sa hie\u0301rarchie a\u0300 l\u2019e\u0301gard des femmes.<\/p>\n<p>\u00ab La fe\u0301minisation dans la presse est re\u0301elle mais elle ne signifie pas e\u0301galite\u0301. La femme doit s&rsquo;imposer par le travail. Elle doit se bousculer pour valoriser sa compe\u0301tence afin de faire valoir son savoir-faire tout en garantissant la symbiose avec l&rsquo;homme. Rien n&rsquo;est facile mais il faut rester droit dans ses bottes. Surtout, cultivons-nous et apprenons au quotidien. Chez nous aux \u00ab\u00a0De\u0301pe\u0302ches de Brazzaville\u00a0\u00bb, par exemple, nos chefs, notamment le directeur des publications, Emile Gankama, donnent beaucoup d\u2019importance aux femmes. Ils nous poussent toujours a\u0300 mieux faire \u00bb, a te\u0301moigne\u0301 Yvette Reine Nzaba.<\/p>\n<p>Elle a ajoute\u0301 que la place de la femme dans les me\u0301dias au Congo reste encore un combat de longue haleine. Car, dans certains me\u0301dias, elle fait face a\u0300 beaucoup de contraintes qui limitent sa capacite\u0301 de bien exercer sa profession, notamment les contraintes familiales et la marginalisation dans certaines re\u0301dactions pour la couverture de grands sujets relatifs a\u0300 la politique et a\u0300 l\u2019e\u0301conomie. Juste apre\u0300s, l&rsquo;une des premie\u0300res femmes militaires journalistes, Christelle Noe\u0308lle Essongo, a esquisse\u0301 le ro\u0302le de la femme journaliste dans les Forces arme\u0301es congolaises.<\/p>\n<p>L&rsquo;ambassadeur de France au Congo, Franc\u0327ois Barrateau, s&rsquo;est associe\u0301 aux de\u0301fenseurs des droits des femmes, en ge\u0301ne\u0301ral, et des femmes journalistes, en particulier, pour confirmer l\u2019utilite\u0301 des femmes dans les me\u0301dias. \u00ab Les femmes journalistes restent confronte\u0301es aux violences ayant pour base le genre. Heureusement que le gouvernement s\u2019engage a\u0300 bannir ce phe\u0301nome\u0300ne a\u0300 travers la \u00ab\u00a0loi Mouebara\u00a0\u00bb. La France reste aux co\u0302te\u0301s du Congo en soutenant les associations qui militent pour les droits des femmes \u00bb, a indique\u0301 Franc\u0327ois Barrateau.<\/p>\n<p>En tout cas, lors de cette confe\u0301rence-de\u0301bat, les e\u0301changes ont permis de faire jaillir la lumie\u0300re sur la question de la place des femmes dans les me\u0301dias au Congo. Certains participants ont de\u0301plore\u0301 le manque de dynamisme et le mutisme de certaines femmes qui ne veulent toujours pas s\u2019affirmer dans leur re\u0301daction respective.<\/p>\n\r\n                <style type=\"text\/css\">\r\n                    \r\n                    #td_uid_1_69f253b263020  .td-doubleSlider-2 .td-item1 {\r\n                        background: url(https:\/\/static.africa-press.net\/congo-brazzaville\/sites\/51\/2023\/03\/postMediaimg_57_1-80x60.jpg) 0 0 no-repeat;\r\n                    }\r\n                    #td_uid_1_69f253b263020  .td-doubleSlider-2 .td-item2 {\r\n                        background: url(https:\/\/static.africa-press.net\/congo-brazzaville\/sites\/51\/2023\/03\/postMediaimg_57_2-640b821994870-80x60.jpg) 0 0 no-repeat;\r\n                    }\r\n                <\/style>\r\n\r\n                <div id=\"td_uid_1_69f253b263020\" class=\"td-gallery td-slide-on-2-columns\">\r\n                    <div class=\"post_td_gallery\">\r\n                        <div class=\"td-gallery-slide-top\">\r\n                           <div class=\"td-gallery-title\"><\/div>\r\n\r\n                            <div class=\"td-gallery-controls-wrapper\">\r\n                                <div class=\"td-gallery-slide-count\"><span class=\"td-gallery-slide-item-focus\">1<\/span> de 2<\/div>\r\n                                <div class=\"td-gallery-slide-prev-next-but\">\r\n                                    <i class = \"td-icon-left doubleSliderPrevButton\"><\/i>\r\n                                    <i class = \"td-icon-right doubleSliderNextButton\"><\/i>\r\n                                <\/div>\r\n                            <\/div>\r\n                        <\/div>\r\n\r\n                        <div class = \"td-doubleSlider-1 \">\r\n                            <div class = \"td-slider\">\r\n                                \r\n                    <div class = \"td-slide-item td-item1\">\r\n                        <figure class=\"td-slide-galery-figure td-slide-popup-gallery\">\r\n                            <a class=\"slide-gallery-image-link\" href=\"https:\/\/static.africa-press.net\/congo-brazzaville\/sites\/51\/2023\/03\/postMediaimg_57_1.jpg\" title=\"postMediaimg_57_1\"  data-caption=\"\"  data-description=\"\">\r\n                                <img decoding=\"async\" src=\"https:\/\/static.africa-press.net\/congo-brazzaville\/sites\/51\/2023\/03\/postMediaimg_57_1.jpg\" srcset=\"https:\/\/static.africa-press.net\/congo-brazzaville\/sites\/51\/2023\/03\/postMediaimg_57_1.jpg 1155w, https:\/\/static.africa-press.net\/congo-brazzaville\/sites\/51\/2023\/03\/postMediaimg_57_1-300x199.jpg 300w, https:\/\/static.africa-press.net\/congo-brazzaville\/sites\/51\/2023\/03\/postMediaimg_57_1-1024x681.jpg 1024w, https:\/\/static.africa-press.net\/congo-brazzaville\/sites\/51\/2023\/03\/postMediaimg_57_1-768x511.jpg 768w\" sizes=\"(max-width: 1155px) 100vw, 1155px\" alt=\"\">\r\n                            <\/a>\r\n                            \r\n                        <\/figure>\r\n                    <\/div>\r\n                    <div class = \"td-slide-item td-item2\">\r\n                        <figure class=\"td-slide-galery-figure td-slide-popup-gallery\">\r\n                            <a class=\"slide-gallery-image-link\" href=\"https:\/\/static.africa-press.net\/congo-brazzaville\/sites\/51\/2023\/03\/postMediaimg_57_2-640b821994870.jpg\" title=\"postMediaimg_57_2-640b821994870\"  data-caption=\"\"  data-description=\"\">\r\n                                <img decoding=\"async\" src=\"https:\/\/static.africa-press.net\/congo-brazzaville\/sites\/51\/2023\/03\/postMediaimg_57_2-640b821994870.jpg\" srcset=\"https:\/\/static.africa-press.net\/congo-brazzaville\/sites\/51\/2023\/03\/postMediaimg_57_2-640b821994870.jpg 1155w, https:\/\/static.africa-press.net\/congo-brazzaville\/sites\/51\/2023\/03\/postMediaimg_57_2-640b821994870-300x199.jpg 300w, https:\/\/static.africa-press.net\/congo-brazzaville\/sites\/51\/2023\/03\/postMediaimg_57_2-640b821994870-1024x681.jpg 1024w, https:\/\/static.africa-press.net\/congo-brazzaville\/sites\/51\/2023\/03\/postMediaimg_57_2-640b821994870-768x511.jpg 768w\" sizes=\"(max-width: 1155px) 100vw, 1155px\" alt=\"\">\r\n                            <\/a>\r\n                            \r\n                        <\/figure>\r\n                    <\/div>\r\n                            <\/div>\r\n                        <\/div>\r\n\r\n                        <div class = \"td-doubleSlider-2\">\r\n                            <div class = \"td-slider\">\r\n                                \r\n                    <div class = \"td-button td-item1\">\r\n                        <div class = \"td-border\"><\/div>\r\n                    <\/div>\r\n                    <div class = \"td-button td-item2\">\r\n                        <div class = \"td-border\"><\/div>\r\n                    <\/div>\r\n                            <\/div>\r\n                        <\/div>\r\n\r\n                    <\/div>\r\n\r\n                <\/div>\r\n                \n<p><strong>Pour plus d&rsquo;informations et d&rsquo;analyses sur la <a href=\"https:\/\/www.africa-press.net\/congo-brazzaville\">Congo Brazzaville<\/a>, suivez <a href=\"https:\/\/www.africa-press.net\/\">Africa-Press<\/a><\/strong><\/p>\n","protected":false},"excerpt":{"rendered":"<p>Africa-Press &#8211; Congo Brazzaville. Quelques grandes figures fe\u0301minines de la presse congolaise ont participe\u0301 et e\u0301change\u0301, le 9 mars a\u0300 l&rsquo;Institut franc\u0327ais du Congo (IFC), a\u0300 un e\u0301change sur le ro\u0302le et la place de la femme journaliste dans les me\u0301dias congolais. Des femmes issues de plusieurs me\u0301dias du Congo ont mis en exergue, au [&hellip;]<\/p>\n","protected":false},"author":82,"featured_media":15462,"comment_status":"open","ping_status":"closed","sticky":false,"template":"","format":"standard","meta":{"footnotes":""},"categories":[21,8,10],"tags":[36,47,46],"class_list":["post-15463","post","type-post","status-publish","format-standard","has-post-thumbnail","hentry","category-communaute","category-photo","category-toutes-les-actualites","tag-africa-press","tag-africa-press-congo-brazzaville","tag-congo-brazzaville"],"yoast_head":"<!-- This site is optimized with the Yoast SEO Premium plugin v26.1 (Yoast SEO v27.0) - https:\/\/yoast.com\/product\/yoast-seo-premium-wordpress\/ -->\n<title>Genre : les femmes journalistes s\u2019approprient leur place dans les m\u00e9dias - Congo Brazzaville<\/title>\n<meta name=\"description\" content=\"Quelques grandes figures fe\u0301minines de la presse congolaise ont participe\u0301 et e\u0301change\u0301, le 9 mars a\u0300 l&#039;Institut fran ...\" \/>\n<meta name=\"robots\" content=\"index, follow, max-snippet:-1, max-image-preview:large, max-video-preview:-1\" \/>\n<link rel=\"canonical\" href=\"https:\/\/www.africa-press.net\/congo-brazzaville\/photo\/genre-les-femmes-journalistes-sapproprient-leur-place-dans-les-medias\" \/>\n<meta property=\"og:locale\" content=\"fr_FR\" \/>\n<meta property=\"og:type\" content=\"article\" \/>\n<meta property=\"og:title\" content=\"Genre : les femmes journalistes s\u2019approprient leur place dans les m\u00e9dias\" \/>\n<meta property=\"og:description\" content=\"Quelques grandes figures fe\u0301minines de la presse congolaise ont participe\u0301 et e\u0301change\u0301, le 9 mars a\u0300 l&#039;Institut fran ...\" \/>\n<meta property=\"og:url\" content=\"https:\/\/www.africa-press.net\/congo-brazzaville\/photo\/genre-les-femmes-journalistes-sapproprient-leur-place-dans-les-medias\" \/>\n<meta property=\"og:site_name\" content=\"Congo Brazzaville\" \/>\n<meta property=\"article:published_time\" content=\"2023-03-10T18:22:11+00:00\" \/>\n<meta property=\"article:modified_time\" content=\"2023-03-10T19:19:08+00:00\" \/>\n<meta property=\"og:image\" content=\"https:\/\/static.africa-press.net\/congo-brazzaville\/sites\/51\/2023\/03\/postQueueImg_1678459985.18.jpg\" \/>\n\t<meta property=\"og:image:width\" content=\"1155\" \/>\n\t<meta property=\"og:image:height\" content=\"768\" \/>\n\t<meta property=\"og:image:type\" content=\"image\/jpeg\" \/>\n<meta name=\"author\" content=\"cfeditorfr\" \/>\n<meta name=\"twitter:card\" content=\"summary_large_image\" \/>\n<meta name=\"twitter:label1\" content=\"\u00c9crit par\" \/>\n\t<meta name=\"twitter:data1\" content=\"cfeditorfr\" \/>\n\t<meta name=\"twitter:label2\" content=\"Dur\u00e9e de lecture estim\u00e9e\" \/>\n\t<meta name=\"twitter:data2\" content=\"5 minutes\" \/>\n<script type=\"application\/ld+json\" class=\"yoast-schema-graph\">{\"@context\":\"https:\/\/schema.org\",\"@graph\":[{\"@type\":\"Article\",\"@id\":\"https:\/\/www.africa-press.net\/congo-brazzaville\/photo\/genre-les-femmes-journalistes-sapproprient-leur-place-dans-les-medias#article\",\"isPartOf\":{\"@id\":\"https:\/\/www.africa-press.net\/congo-brazzaville\/photo\/genre-les-femmes-journalistes-sapproprient-leur-place-dans-les-medias\"},\"author\":{\"name\":\"cfeditorfr\",\"@id\":\"https:\/\/www.africa-press.net\/congo-brazzaville\/#\/schema\/person\/2b1cf3cd81a31e3cd26889ca66d677f1\"},\"headline\":\"Genre : les femmes journalistes s\u2019approprient leur place dans les m\u00e9dias\",\"datePublished\":\"2023-03-10T18:22:11+00:00\",\"dateModified\":\"2023-03-10T19:19:08+00:00\",\"mainEntityOfPage\":{\"@id\":\"https:\/\/www.africa-press.net\/congo-brazzaville\/photo\/genre-les-femmes-journalistes-sapproprient-leur-place-dans-les-medias\"},\"wordCount\":960,\"commentCount\":0,\"image\":{\"@id\":\"https:\/\/www.africa-press.net\/congo-brazzaville\/photo\/genre-les-femmes-journalistes-sapproprient-leur-place-dans-les-medias#primaryimage\"},\"thumbnailUrl\":\"https:\/\/static.africa-press.net\/congo-brazzaville\/sites\/51\/2023\/03\/postQueueImg_1678459985.18.jpg\",\"keywords\":[\"Africa Press\",\"Africa Press-Congo Brazzaville\",\"Congo Brazzaville\"],\"articleSection\":[\"Communaut\u00e9\",\"Photo\",\"Toutes les actualit\u00e9s\"],\"inLanguage\":\"fr-FR\",\"potentialAction\":[{\"@type\":\"CommentAction\",\"name\":\"Comment\",\"target\":[\"https:\/\/www.africa-press.net\/congo-brazzaville\/photo\/genre-les-femmes-journalistes-sapproprient-leur-place-dans-les-medias#respond\"]}]},{\"@type\":\"WebPage\",\"@id\":\"https:\/\/www.africa-press.net\/congo-brazzaville\/photo\/genre-les-femmes-journalistes-sapproprient-leur-place-dans-les-medias\",\"url\":\"https:\/\/www.africa-press.net\/congo-brazzaville\/photo\/genre-les-femmes-journalistes-sapproprient-leur-place-dans-les-medias\",\"name\":\"Genre : les femmes journalistes s\u2019approprient leur place dans les m\u00e9dias - Congo Brazzaville\",\"isPartOf\":{\"@id\":\"https:\/\/www.africa-press.net\/congo-brazzaville\/#website\"},\"primaryImageOfPage\":{\"@id\":\"https:\/\/www.africa-press.net\/congo-brazzaville\/photo\/genre-les-femmes-journalistes-sapproprient-leur-place-dans-les-medias#primaryimage\"},\"image\":{\"@id\":\"https:\/\/www.africa-press.net\/congo-brazzaville\/photo\/genre-les-femmes-journalistes-sapproprient-leur-place-dans-les-medias#primaryimage\"},\"thumbnailUrl\":\"https:\/\/static.africa-press.net\/congo-brazzaville\/sites\/51\/2023\/03\/postQueueImg_1678459985.18.jpg\",\"datePublished\":\"2023-03-10T18:22:11+00:00\",\"dateModified\":\"2023-03-10T19:19:08+00:00\",\"author\":{\"@id\":\"https:\/\/www.africa-press.net\/congo-brazzaville\/#\/schema\/person\/2b1cf3cd81a31e3cd26889ca66d677f1\"},\"description\":\"Quelques grandes figures fe\u0301minines de la presse congolaise ont participe\u0301 et e\u0301change\u0301, le 9 mars a\u0300 l'Institut fran ...\",\"breadcrumb\":{\"@id\":\"https:\/\/www.africa-press.net\/congo-brazzaville\/photo\/genre-les-femmes-journalistes-sapproprient-leur-place-dans-les-medias#breadcrumb\"},\"inLanguage\":\"fr-FR\",\"potentialAction\":[{\"@type\":\"ReadAction\",\"target\":[\"https:\/\/www.africa-press.net\/congo-brazzaville\/photo\/genre-les-femmes-journalistes-sapproprient-leur-place-dans-les-medias\"]}]},{\"@type\":\"ImageObject\",\"inLanguage\":\"fr-FR\",\"@id\":\"https:\/\/www.africa-press.net\/congo-brazzaville\/photo\/genre-les-femmes-journalistes-sapproprient-leur-place-dans-les-medias#primaryimage\",\"url\":\"https:\/\/static.africa-press.net\/congo-brazzaville\/sites\/51\/2023\/03\/postQueueImg_1678459985.18.jpg\",\"contentUrl\":\"https:\/\/static.africa-press.net\/congo-brazzaville\/sites\/51\/2023\/03\/postQueueImg_1678459985.18.jpg\",\"width\":1155,\"height\":768,\"caption\":\"Genre : les femmes journalistes s\u2019approprient leur place dans les m\u00e9dias\"},{\"@type\":\"BreadcrumbList\",\"@id\":\"https:\/\/www.africa-press.net\/congo-brazzaville\/photo\/genre-les-femmes-journalistes-sapproprient-leur-place-dans-les-medias#breadcrumb\",\"itemListElement\":[{\"@type\":\"ListItem\",\"position\":1,\"name\":\"Accueil\",\"item\":\"https:\/\/www.africa-press.net\/congo-brazzaville\/\"},{\"@type\":\"ListItem\",\"position\":2,\"name\":\"Genre : les femmes journalistes s\u2019approprient leur place dans les m\u00e9dias\"}]},{\"@type\":\"WebSite\",\"@id\":\"https:\/\/www.africa-press.net\/congo-brazzaville\/#website\",\"url\":\"https:\/\/www.africa-press.net\/congo-brazzaville\/\",\"name\":\"Congo Brazzaville\",\"description\":\"Just another Africa News Agency Sites site\",\"potentialAction\":[{\"@type\":\"SearchAction\",\"target\":{\"@type\":\"EntryPoint\",\"urlTemplate\":\"https:\/\/www.africa-press.net\/congo-brazzaville\/?s={search_term_string}\"},\"query-input\":{\"@type\":\"PropertyValueSpecification\",\"valueRequired\":true,\"valueName\":\"search_term_string\"}}],\"inLanguage\":\"fr-FR\"},{\"@type\":\"Person\",\"@id\":\"https:\/\/www.africa-press.net\/congo-brazzaville\/#\/schema\/person\/2b1cf3cd81a31e3cd26889ca66d677f1\",\"name\":\"cfeditorfr\"}]}<\/script>\n<!-- \/ Yoast SEO Premium plugin. -->","yoast_head_json":{"title":"Genre : les femmes journalistes s\u2019approprient leur place dans les m\u00e9dias - Congo Brazzaville","description":"Quelques grandes figures fe\u0301minines de la presse congolaise ont participe\u0301 et e\u0301change\u0301, le 9 mars a\u0300 l'Institut fran ...","robots":{"index":"index","follow":"follow","max-snippet":"max-snippet:-1","max-image-preview":"max-image-preview:large","max-video-preview":"max-video-preview:-1"},"canonical":"https:\/\/www.africa-press.net\/congo-brazzaville\/photo\/genre-les-femmes-journalistes-sapproprient-leur-place-dans-les-medias","og_locale":"fr_FR","og_type":"article","og_title":"Genre : les femmes journalistes s\u2019approprient leur place dans les m\u00e9dias","og_description":"Quelques grandes figures fe\u0301minines de la presse congolaise ont participe\u0301 et e\u0301change\u0301, le 9 mars a\u0300 l'Institut fran ...","og_url":"https:\/\/www.africa-press.net\/congo-brazzaville\/photo\/genre-les-femmes-journalistes-sapproprient-leur-place-dans-les-medias","og_site_name":"Congo Brazzaville","article_published_time":"2023-03-10T18:22:11+00:00","article_modified_time":"2023-03-10T19:19:08+00:00","og_image":[{"width":1155,"height":768,"url":"https:\/\/static.africa-press.net\/congo-brazzaville\/sites\/51\/2023\/03\/postQueueImg_1678459985.18.jpg","type":"image\/jpeg"}],"author":"cfeditorfr","twitter_card":"summary_large_image","twitter_misc":{"\u00c9crit par":"cfeditorfr","Dur\u00e9e de lecture estim\u00e9e":"5 minutes"},"schema":{"@context":"https:\/\/schema.org","@graph":[{"@type":"Article","@id":"https:\/\/www.africa-press.net\/congo-brazzaville\/photo\/genre-les-femmes-journalistes-sapproprient-leur-place-dans-les-medias#article","isPartOf":{"@id":"https:\/\/www.africa-press.net\/congo-brazzaville\/photo\/genre-les-femmes-journalistes-sapproprient-leur-place-dans-les-medias"},"author":{"name":"cfeditorfr","@id":"https:\/\/www.africa-press.net\/congo-brazzaville\/#\/schema\/person\/2b1cf3cd81a31e3cd26889ca66d677f1"},"headline":"Genre : les femmes journalistes s\u2019approprient leur place dans les m\u00e9dias","datePublished":"2023-03-10T18:22:11+00:00","dateModified":"2023-03-10T19:19:08+00:00","mainEntityOfPage":{"@id":"https:\/\/www.africa-press.net\/congo-brazzaville\/photo\/genre-les-femmes-journalistes-sapproprient-leur-place-dans-les-medias"},"wordCount":960,"commentCount":0,"image":{"@id":"https:\/\/www.africa-press.net\/congo-brazzaville\/photo\/genre-les-femmes-journalistes-sapproprient-leur-place-dans-les-medias#primaryimage"},"thumbnailUrl":"https:\/\/static.africa-press.net\/congo-brazzaville\/sites\/51\/2023\/03\/postQueueImg_1678459985.18.jpg","keywords":["Africa Press","Africa Press-Congo Brazzaville","Congo Brazzaville"],"articleSection":["Communaut\u00e9","Photo","Toutes les actualit\u00e9s"],"inLanguage":"fr-FR","potentialAction":[{"@type":"CommentAction","name":"Comment","target":["https:\/\/www.africa-press.net\/congo-brazzaville\/photo\/genre-les-femmes-journalistes-sapproprient-leur-place-dans-les-medias#respond"]}]},{"@type":"WebPage","@id":"https:\/\/www.africa-press.net\/congo-brazzaville\/photo\/genre-les-femmes-journalistes-sapproprient-leur-place-dans-les-medias","url":"https:\/\/www.africa-press.net\/congo-brazzaville\/photo\/genre-les-femmes-journalistes-sapproprient-leur-place-dans-les-medias","name":"Genre : les femmes journalistes s\u2019approprient leur place dans les m\u00e9dias - Congo Brazzaville","isPartOf":{"@id":"https:\/\/www.africa-press.net\/congo-brazzaville\/#website"},"primaryImageOfPage":{"@id":"https:\/\/www.africa-press.net\/congo-brazzaville\/photo\/genre-les-femmes-journalistes-sapproprient-leur-place-dans-les-medias#primaryimage"},"image":{"@id":"https:\/\/www.africa-press.net\/congo-brazzaville\/photo\/genre-les-femmes-journalistes-sapproprient-leur-place-dans-les-medias#primaryimage"},"thumbnailUrl":"https:\/\/static.africa-press.net\/congo-brazzaville\/sites\/51\/2023\/03\/postQueueImg_1678459985.18.jpg","datePublished":"2023-03-10T18:22:11+00:00","dateModified":"2023-03-10T19:19:08+00:00","author":{"@id":"https:\/\/www.africa-press.net\/congo-brazzaville\/#\/schema\/person\/2b1cf3cd81a31e3cd26889ca66d677f1"},"description":"Quelques grandes figures fe\u0301minines de la presse congolaise ont participe\u0301 et e\u0301change\u0301, le 9 mars a\u0300 l'Institut fran ...","breadcrumb":{"@id":"https:\/\/www.africa-press.net\/congo-brazzaville\/photo\/genre-les-femmes-journalistes-sapproprient-leur-place-dans-les-medias#breadcrumb"},"inLanguage":"fr-FR","potentialAction":[{"@type":"ReadAction","target":["https:\/\/www.africa-press.net\/congo-brazzaville\/photo\/genre-les-femmes-journalistes-sapproprient-leur-place-dans-les-medias"]}]},{"@type":"ImageObject","inLanguage":"fr-FR","@id":"https:\/\/www.africa-press.net\/congo-brazzaville\/photo\/genre-les-femmes-journalistes-sapproprient-leur-place-dans-les-medias#primaryimage","url":"https:\/\/static.africa-press.net\/congo-brazzaville\/sites\/51\/2023\/03\/postQueueImg_1678459985.18.jpg","contentUrl":"https:\/\/static.africa-press.net\/congo-brazzaville\/sites\/51\/2023\/03\/postQueueImg_1678459985.18.jpg","width":1155,"height":768,"caption":"Genre : les femmes journalistes s\u2019approprient leur place dans les m\u00e9dias"},{"@type":"BreadcrumbList","@id":"https:\/\/www.africa-press.net\/congo-brazzaville\/photo\/genre-les-femmes-journalistes-sapproprient-leur-place-dans-les-medias#breadcrumb","itemListElement":[{"@type":"ListItem","position":1,"name":"Accueil","item":"https:\/\/www.africa-press.net\/congo-brazzaville\/"},{"@type":"ListItem","position":2,"name":"Genre : les femmes journalistes s\u2019approprient leur place dans les m\u00e9dias"}]},{"@type":"WebSite","@id":"https:\/\/www.africa-press.net\/congo-brazzaville\/#website","url":"https:\/\/www.africa-press.net\/congo-brazzaville\/","name":"Congo Brazzaville","description":"Just another Africa News Agency Sites site","potentialAction":[{"@type":"SearchAction","target":{"@type":"EntryPoint","urlTemplate":"https:\/\/www.africa-press.net\/congo-brazzaville\/?s={search_term_string}"},"query-input":{"@type":"PropertyValueSpecification","valueRequired":true,"valueName":"search_term_string"}}],"inLanguage":"fr-FR"},{"@type":"Person","@id":"https:\/\/www.africa-press.net\/congo-brazzaville\/#\/schema\/person\/2b1cf3cd81a31e3cd26889ca66d677f1","name":"cfeditorfr"}]}},"_links":{"self":[{"href":"https:\/\/www.africa-press.net\/congo-brazzaville\/wp-json\/wp\/v2\/posts\/15463","targetHints":{"allow":["GET"]}}],"collection":[{"href":"https:\/\/www.africa-press.net\/congo-brazzaville\/wp-json\/wp\/v2\/posts"}],"about":[{"href":"https:\/\/www.africa-press.net\/congo-brazzaville\/wp-json\/wp\/v2\/types\/post"}],"author":[{"embeddable":true,"href":"https:\/\/www.africa-press.net\/congo-brazzaville\/wp-json\/wp\/v2\/users\/82"}],"replies":[{"embeddable":true,"href":"https:\/\/www.africa-press.net\/congo-brazzaville\/wp-json\/wp\/v2\/comments?post=15463"}],"version-history":[{"count":0,"href":"https:\/\/www.africa-press.net\/congo-brazzaville\/wp-json\/wp\/v2\/posts\/15463\/revisions"}],"wp:featuredmedia":[{"embeddable":true,"href":"https:\/\/www.africa-press.net\/congo-brazzaville\/wp-json\/wp\/v2\/media\/15462"}],"wp:attachment":[{"href":"https:\/\/www.africa-press.net\/congo-brazzaville\/wp-json\/wp\/v2\/media?parent=15463"}],"wp:term":[{"taxonomy":"category","embeddable":true,"href":"https:\/\/www.africa-press.net\/congo-brazzaville\/wp-json\/wp\/v2\/categories?post=15463"},{"taxonomy":"post_tag","embeddable":true,"href":"https:\/\/www.africa-press.net\/congo-brazzaville\/wp-json\/wp\/v2\/tags?post=15463"}],"curies":[{"name":"wp","href":"https:\/\/api.w.org\/{rel}","templated":true}]}}