{"id":15465,"date":"2023-03-10T18:22:22","date_gmt":"2023-03-10T18:22:22","guid":{"rendered":"https:\/\/www.africa-press.net\/congo-brazzaville\/politique\/bien-etre-voiture-avion-bateau-pourquoi-les-enfants-ont-ils-le-mal-des-transports"},"modified":"2023-03-10T19:19:45","modified_gmt":"2023-03-10T19:19:45","slug":"bien-etre-voiture-avion-bateau-pourquoi-les-enfants-ont-ils-le-mal-des-transports","status":"publish","type":"post","link":"https:\/\/www.africa-press.net\/congo-brazzaville\/toutes-les-actualites\/bien-etre-voiture-avion-bateau-pourquoi-les-enfants-ont-ils-le-mal-des-transports","title":{"rendered":"Bien-\u00eatre : voiture, avion, bateau\u2026, pourquoi les enfants ont-ils le mal des transports ?"},"content":{"rendered":"<p><span style=\"color: #ff6600\"><strong>Africa-Press &#8211; Congo Brazzaville. <\/strong><\/span><b>Particulie\u0300rement fre\u0301quente chez les enfants, la cine\u0301tose, l\u2019autre nom du mal des transports, provoque vertiges, nause\u0301es et parfois vomissements. Peut-on la pre\u0301venir ? Comment la soigner ?<\/b><\/p>\n<p>C\u2019est entre les a\u0302ges de 2 et 12 ans que le mal des transports est ge\u0301ne\u0301ralement a\u0300 son paroxysme chez les enfants. Chez les nourrissons, il est extre\u0302mement rare. Et s\u2019il a tendance a\u0300 diminuer apre\u0300s l\u2019adolescence, il peut persister chez certains, et surtout certaines, notamment durant les re\u0300gles ou la grossesse. Les patients migraineux y sont e\u0301galement davantage sujets.<\/p>\n<p>Mais quelle en est la cause ? Pourquoi un simple trajet en voiture, en avion ou en bateau peut tourner au cauchemar pour certains d\u2019entre nous ? \u00ab Le mal des transports se de\u0301veloppe lorsque les parties de l\u2019oreille interne qui aident a\u0300 conserver l\u2019e\u0301quilibre (notamment les canaux semi-circulaires ou labyrinthes) sont trop stimule\u0301es, comme cela peut se produire en cas de mouvement excessif \u00bb, indique le Manuel Merck.<\/p>\n<p>\u00ab Il peut e\u0301galement se manifester lorsque le cerveau rec\u0327oit des informations contradictoires de ses capteurs de mouvement, a\u0300 savoir les yeux, les canaux semi-circulaires et les muscles capteurs (terminaisons nerveuses dans les muscles et les articulations qui fournissent des renseignements sur la position du corps) \u00bb. En clair, les yeux discernent un mouvement mais l\u2019oreille interne enregistre une impression contraire. L\u2019organisme est perturbe\u0301, il ne peut pas s\u2019adapter au mouvement.<\/p>\n<p><b>Pa\u0302leur, nause\u0301es&#8230;<\/b><\/p>\n<p>Le mal des transports est pour le moins courant. Et si ses manifestations sont de\u0301sagre\u0301ables, elles restent cependant sans gravite\u0301, indique l\u2019Assurance-maladie. Chez le jeune enfant, tout commence ge\u0301ne\u0301ralement avec des pleurs, une agitation et des ba\u0302illements. S\u2019il est en a\u0302ge de parler, il peut e\u0301galement se plaindre d\u2019avoir mal au c\u0153ur. Comprendre : il a la nause\u0301e.<\/p>\n<p>Parmi les autres sympto\u0302mes habituels, on peut citer la pa\u0302leur, les sueurs froides, l\u2019hypersalivation, les vertiges, les maux de te\u0302te&#8230; et les vomissements. \u00ab En ge\u0301ne\u0301ral, ces sympto\u0302mes disparaissent a\u0300 l\u2019arre\u0302t, quelques minutes apre\u0300s la sortie du ve\u0301hicule \u00bb.<\/p>\n<p><b>Pre\u0301venir le mal des transports<\/b><\/p>\n<p>Pour e\u0301viter ces sympto\u0302mes de\u0301sagre\u0301ables, il est possible d\u2019agir en amont du trajet. Il est ainsi conseille\u0301 de donner a\u0300 manger a\u0300 votre enfant, de la nourriture solide et non pas liquide. Si vous voyagez en voiture, placez-le a\u0300 l\u2019arrie\u0300re, au milieu, et laissez passer un filet d\u2019air. Essayez de partir lorsque la circulation est fluide : la conduite par a\u0300-coups majore le risque de nause\u0301es. Si le voyage a lieu en train, en bateau ou en avion, privile\u0301giez les places au centre, celles ou\u0300 le mouvement est le moins important.<\/p>\n<p>Certains me\u0301dicaments peuvent aider a\u0300 diminuer ces sensations de\u0301sagre\u0301ables. La me\u0301topimazine est en acce\u0300s libre et limite les vomissements (a\u0300 absorber une demi-heure a\u0300 une heure avant le de\u0301part). Certains antihistaminiques peuvent e\u0301galement contribuer a\u0300 limiter les nause\u0301es (demandez conseil a\u0300 votre me\u0301decin). Les patchs de scopolamine, que l\u2019on applique derrie\u0300re l\u2019oreille, sont eux a\u0300 re\u0301server aux adolescents des plus de 15 ans.<\/p>\n<p><strong>Pour plus d&rsquo;informations et d&rsquo;analyses sur la <a href=\"https:\/\/www.africa-press.net\/congo-brazzaville\">Congo Brazzaville<\/a>, suivez <a href=\"https:\/\/www.africa-press.net\/\">Africa-Press<\/a><\/strong><\/p>\n","protected":false},"excerpt":{"rendered":"<p>Africa-Press &#8211; Congo Brazzaville. Particulie\u0300rement fre\u0301quente chez les enfants, la cine\u0301tose, l\u2019autre nom du mal des transports, provoque vertiges, nause\u0301es et parfois vomissements. Peut-on la pre\u0301venir ? Comment la soigner ? C\u2019est entre les a\u0302ges de 2 et 12 ans que le mal des transports est ge\u0301ne\u0301ralement a\u0300 son paroxysme chez les enfants. Chez les [&hellip;]<\/p>\n","protected":false},"author":82,"featured_media":15464,"comment_status":"open","ping_status":"closed","sticky":false,"template":"","format":"standard","meta":{"footnotes":""},"categories":[21,10],"tags":[36,47,46],"class_list":["post-15465","post","type-post","status-publish","format-standard","has-post-thumbnail","hentry","category-communaute","category-toutes-les-actualites","tag-africa-press","tag-africa-press-congo-brazzaville","tag-congo-brazzaville"],"yoast_head":"<!-- This site is optimized with the Yoast SEO Premium plugin v26.1 (Yoast SEO v27.0) - https:\/\/yoast.com\/product\/yoast-seo-premium-wordpress\/ -->\n<title>Bien-\u00eatre : voiture, avion, bateau\u2026, pourquoi les enfants ont-ils le mal des transports ? - Congo Brazzaville<\/title>\n<meta name=\"description\" content=\"Particulie\u0300rement fre\u0301quente chez les enfants, la cine\u0301tose, l\u2019autre nom du mal des transports, provoque vertiges, na ...\" \/>\n<meta name=\"robots\" content=\"index, follow, max-snippet:-1, max-image-preview:large, max-video-preview:-1\" \/>\n<link rel=\"canonical\" href=\"https:\/\/www.africa-press.net\/congo-brazzaville\/toutes-les-actualites\/bien-etre-voiture-avion-bateau-pourquoi-les-enfants-ont-ils-le-mal-des-transports\" \/>\n<meta property=\"og:locale\" content=\"fr_FR\" \/>\n<meta property=\"og:type\" content=\"article\" \/>\n<meta property=\"og:title\" content=\"Bien-\u00eatre : voiture, avion, bateau\u2026, pourquoi les enfants ont-ils le mal des transports ?\" \/>\n<meta property=\"og:description\" content=\"Particulie\u0300rement fre\u0301quente chez les enfants, la cine\u0301tose, l\u2019autre nom du mal des transports, provoque vertiges, na ...\" \/>\n<meta property=\"og:url\" content=\"https:\/\/www.africa-press.net\/congo-brazzaville\/toutes-les-actualites\/bien-etre-voiture-avion-bateau-pourquoi-les-enfants-ont-ils-le-mal-des-transports\" \/>\n<meta property=\"og:site_name\" content=\"Congo Brazzaville\" \/>\n<meta property=\"article:published_time\" content=\"2023-03-10T18:22:22+00:00\" \/>\n<meta property=\"article:modified_time\" content=\"2023-03-10T19:19:45+00:00\" \/>\n<meta property=\"og:image\" content=\"https:\/\/static.africa-press.net\/congo-brazzaville\/sites\/51\/2023\/03\/postQueueImg_1678459978.75.jpg\" \/>\n\t<meta property=\"og:image:width\" content=\"800\" \/>\n\t<meta property=\"og:image:height\" content=\"533\" \/>\n\t<meta property=\"og:image:type\" content=\"image\/jpeg\" \/>\n<meta name=\"author\" content=\"cfeditorfr\" \/>\n<meta name=\"twitter:card\" content=\"summary_large_image\" \/>\n<meta name=\"twitter:label1\" content=\"\u00c9crit par\" \/>\n\t<meta name=\"twitter:data1\" content=\"cfeditorfr\" \/>\n\t<meta name=\"twitter:label2\" content=\"Dur\u00e9e de lecture estim\u00e9e\" \/>\n\t<meta name=\"twitter:data2\" content=\"3 minutes\" \/>\n<script type=\"application\/ld+json\" class=\"yoast-schema-graph\">{\"@context\":\"https:\/\/schema.org\",\"@graph\":[{\"@type\":\"Article\",\"@id\":\"https:\/\/www.africa-press.net\/congo-brazzaville\/toutes-les-actualites\/bien-etre-voiture-avion-bateau-pourquoi-les-enfants-ont-ils-le-mal-des-transports#article\",\"isPartOf\":{\"@id\":\"https:\/\/www.africa-press.net\/congo-brazzaville\/toutes-les-actualites\/bien-etre-voiture-avion-bateau-pourquoi-les-enfants-ont-ils-le-mal-des-transports\"},\"author\":{\"name\":\"cfeditorfr\",\"@id\":\"https:\/\/www.africa-press.net\/congo-brazzaville\/#\/schema\/person\/2b1cf3cd81a31e3cd26889ca66d677f1\"},\"headline\":\"Bien-\u00eatre : voiture, avion, bateau\u2026, pourquoi les enfants ont-ils le mal des transports ?\",\"datePublished\":\"2023-03-10T18:22:22+00:00\",\"dateModified\":\"2023-03-10T19:19:45+00:00\",\"mainEntityOfPage\":{\"@id\":\"https:\/\/www.africa-press.net\/congo-brazzaville\/toutes-les-actualites\/bien-etre-voiture-avion-bateau-pourquoi-les-enfants-ont-ils-le-mal-des-transports\"},\"wordCount\":577,\"commentCount\":0,\"image\":{\"@id\":\"https:\/\/www.africa-press.net\/congo-brazzaville\/toutes-les-actualites\/bien-etre-voiture-avion-bateau-pourquoi-les-enfants-ont-ils-le-mal-des-transports#primaryimage\"},\"thumbnailUrl\":\"https:\/\/static.africa-press.net\/congo-brazzaville\/sites\/51\/2023\/03\/postQueueImg_1678459978.75.jpg\",\"keywords\":[\"Africa Press\",\"Africa Press-Congo Brazzaville\",\"Congo Brazzaville\"],\"articleSection\":[\"Communaut\u00e9\",\"Toutes les actualit\u00e9s\"],\"inLanguage\":\"fr-FR\",\"potentialAction\":[{\"@type\":\"CommentAction\",\"name\":\"Comment\",\"target\":[\"https:\/\/www.africa-press.net\/congo-brazzaville\/toutes-les-actualites\/bien-etre-voiture-avion-bateau-pourquoi-les-enfants-ont-ils-le-mal-des-transports#respond\"]}]},{\"@type\":\"WebPage\",\"@id\":\"https:\/\/www.africa-press.net\/congo-brazzaville\/toutes-les-actualites\/bien-etre-voiture-avion-bateau-pourquoi-les-enfants-ont-ils-le-mal-des-transports\",\"url\":\"https:\/\/www.africa-press.net\/congo-brazzaville\/toutes-les-actualites\/bien-etre-voiture-avion-bateau-pourquoi-les-enfants-ont-ils-le-mal-des-transports\",\"name\":\"Bien-\u00eatre : voiture, avion, bateau\u2026, pourquoi les enfants ont-ils le mal des transports ? - Congo Brazzaville\",\"isPartOf\":{\"@id\":\"https:\/\/www.africa-press.net\/congo-brazzaville\/#website\"},\"primaryImageOfPage\":{\"@id\":\"https:\/\/www.africa-press.net\/congo-brazzaville\/toutes-les-actualites\/bien-etre-voiture-avion-bateau-pourquoi-les-enfants-ont-ils-le-mal-des-transports#primaryimage\"},\"image\":{\"@id\":\"https:\/\/www.africa-press.net\/congo-brazzaville\/toutes-les-actualites\/bien-etre-voiture-avion-bateau-pourquoi-les-enfants-ont-ils-le-mal-des-transports#primaryimage\"},\"thumbnailUrl\":\"https:\/\/static.africa-press.net\/congo-brazzaville\/sites\/51\/2023\/03\/postQueueImg_1678459978.75.jpg\",\"datePublished\":\"2023-03-10T18:22:22+00:00\",\"dateModified\":\"2023-03-10T19:19:45+00:00\",\"author\":{\"@id\":\"https:\/\/www.africa-press.net\/congo-brazzaville\/#\/schema\/person\/2b1cf3cd81a31e3cd26889ca66d677f1\"},\"description\":\"Particulie\u0300rement fre\u0301quente chez les enfants, la cine\u0301tose, l\u2019autre nom du mal des transports, provoque vertiges, na ...\",\"breadcrumb\":{\"@id\":\"https:\/\/www.africa-press.net\/congo-brazzaville\/toutes-les-actualites\/bien-etre-voiture-avion-bateau-pourquoi-les-enfants-ont-ils-le-mal-des-transports#breadcrumb\"},\"inLanguage\":\"fr-FR\",\"potentialAction\":[{\"@type\":\"ReadAction\",\"target\":[\"https:\/\/www.africa-press.net\/congo-brazzaville\/toutes-les-actualites\/bien-etre-voiture-avion-bateau-pourquoi-les-enfants-ont-ils-le-mal-des-transports\"]}]},{\"@type\":\"ImageObject\",\"inLanguage\":\"fr-FR\",\"@id\":\"https:\/\/www.africa-press.net\/congo-brazzaville\/toutes-les-actualites\/bien-etre-voiture-avion-bateau-pourquoi-les-enfants-ont-ils-le-mal-des-transports#primaryimage\",\"url\":\"https:\/\/static.africa-press.net\/congo-brazzaville\/sites\/51\/2023\/03\/postQueueImg_1678459978.75.jpg\",\"contentUrl\":\"https:\/\/static.africa-press.net\/congo-brazzaville\/sites\/51\/2023\/03\/postQueueImg_1678459978.75.jpg\",\"width\":800,\"height\":533,\"caption\":\"Bien-\u00eatre : voiture, avion, bateau\u2026, pourquoi les enfants ont-ils le mal des transports ?\"},{\"@type\":\"BreadcrumbList\",\"@id\":\"https:\/\/www.africa-press.net\/congo-brazzaville\/toutes-les-actualites\/bien-etre-voiture-avion-bateau-pourquoi-les-enfants-ont-ils-le-mal-des-transports#breadcrumb\",\"itemListElement\":[{\"@type\":\"ListItem\",\"position\":1,\"name\":\"Accueil\",\"item\":\"https:\/\/www.africa-press.net\/congo-brazzaville\/\"},{\"@type\":\"ListItem\",\"position\":2,\"name\":\"Bien-\u00eatre : voiture, avion, bateau\u2026, pourquoi les enfants ont-ils le mal des transports ?\"}]},{\"@type\":\"WebSite\",\"@id\":\"https:\/\/www.africa-press.net\/congo-brazzaville\/#website\",\"url\":\"https:\/\/www.africa-press.net\/congo-brazzaville\/\",\"name\":\"Congo Brazzaville\",\"description\":\"Just another Africa News Agency Sites site\",\"potentialAction\":[{\"@type\":\"SearchAction\",\"target\":{\"@type\":\"EntryPoint\",\"urlTemplate\":\"https:\/\/www.africa-press.net\/congo-brazzaville\/?s={search_term_string}\"},\"query-input\":{\"@type\":\"PropertyValueSpecification\",\"valueRequired\":true,\"valueName\":\"search_term_string\"}}],\"inLanguage\":\"fr-FR\"},{\"@type\":\"Person\",\"@id\":\"https:\/\/www.africa-press.net\/congo-brazzaville\/#\/schema\/person\/2b1cf3cd81a31e3cd26889ca66d677f1\",\"name\":\"cfeditorfr\"}]}<\/script>\n<!-- \/ Yoast SEO Premium plugin. -->","yoast_head_json":{"title":"Bien-\u00eatre : voiture, avion, bateau\u2026, pourquoi les enfants ont-ils le mal des transports ? - Congo Brazzaville","description":"Particulie\u0300rement fre\u0301quente chez les enfants, la cine\u0301tose, l\u2019autre nom du mal des transports, provoque vertiges, na ...","robots":{"index":"index","follow":"follow","max-snippet":"max-snippet:-1","max-image-preview":"max-image-preview:large","max-video-preview":"max-video-preview:-1"},"canonical":"https:\/\/www.africa-press.net\/congo-brazzaville\/toutes-les-actualites\/bien-etre-voiture-avion-bateau-pourquoi-les-enfants-ont-ils-le-mal-des-transports","og_locale":"fr_FR","og_type":"article","og_title":"Bien-\u00eatre : voiture, avion, bateau\u2026, pourquoi les enfants ont-ils le mal des transports ?","og_description":"Particulie\u0300rement fre\u0301quente chez les enfants, la cine\u0301tose, l\u2019autre nom du mal des transports, provoque vertiges, na ...","og_url":"https:\/\/www.africa-press.net\/congo-brazzaville\/toutes-les-actualites\/bien-etre-voiture-avion-bateau-pourquoi-les-enfants-ont-ils-le-mal-des-transports","og_site_name":"Congo Brazzaville","article_published_time":"2023-03-10T18:22:22+00:00","article_modified_time":"2023-03-10T19:19:45+00:00","og_image":[{"width":800,"height":533,"url":"https:\/\/static.africa-press.net\/congo-brazzaville\/sites\/51\/2023\/03\/postQueueImg_1678459978.75.jpg","type":"image\/jpeg"}],"author":"cfeditorfr","twitter_card":"summary_large_image","twitter_misc":{"\u00c9crit par":"cfeditorfr","Dur\u00e9e de lecture estim\u00e9e":"3 minutes"},"schema":{"@context":"https:\/\/schema.org","@graph":[{"@type":"Article","@id":"https:\/\/www.africa-press.net\/congo-brazzaville\/toutes-les-actualites\/bien-etre-voiture-avion-bateau-pourquoi-les-enfants-ont-ils-le-mal-des-transports#article","isPartOf":{"@id":"https:\/\/www.africa-press.net\/congo-brazzaville\/toutes-les-actualites\/bien-etre-voiture-avion-bateau-pourquoi-les-enfants-ont-ils-le-mal-des-transports"},"author":{"name":"cfeditorfr","@id":"https:\/\/www.africa-press.net\/congo-brazzaville\/#\/schema\/person\/2b1cf3cd81a31e3cd26889ca66d677f1"},"headline":"Bien-\u00eatre : voiture, avion, bateau\u2026, pourquoi les enfants ont-ils le mal des transports ?","datePublished":"2023-03-10T18:22:22+00:00","dateModified":"2023-03-10T19:19:45+00:00","mainEntityOfPage":{"@id":"https:\/\/www.africa-press.net\/congo-brazzaville\/toutes-les-actualites\/bien-etre-voiture-avion-bateau-pourquoi-les-enfants-ont-ils-le-mal-des-transports"},"wordCount":577,"commentCount":0,"image":{"@id":"https:\/\/www.africa-press.net\/congo-brazzaville\/toutes-les-actualites\/bien-etre-voiture-avion-bateau-pourquoi-les-enfants-ont-ils-le-mal-des-transports#primaryimage"},"thumbnailUrl":"https:\/\/static.africa-press.net\/congo-brazzaville\/sites\/51\/2023\/03\/postQueueImg_1678459978.75.jpg","keywords":["Africa Press","Africa Press-Congo Brazzaville","Congo Brazzaville"],"articleSection":["Communaut\u00e9","Toutes les actualit\u00e9s"],"inLanguage":"fr-FR","potentialAction":[{"@type":"CommentAction","name":"Comment","target":["https:\/\/www.africa-press.net\/congo-brazzaville\/toutes-les-actualites\/bien-etre-voiture-avion-bateau-pourquoi-les-enfants-ont-ils-le-mal-des-transports#respond"]}]},{"@type":"WebPage","@id":"https:\/\/www.africa-press.net\/congo-brazzaville\/toutes-les-actualites\/bien-etre-voiture-avion-bateau-pourquoi-les-enfants-ont-ils-le-mal-des-transports","url":"https:\/\/www.africa-press.net\/congo-brazzaville\/toutes-les-actualites\/bien-etre-voiture-avion-bateau-pourquoi-les-enfants-ont-ils-le-mal-des-transports","name":"Bien-\u00eatre : voiture, avion, bateau\u2026, pourquoi les enfants ont-ils le mal des transports ? - Congo Brazzaville","isPartOf":{"@id":"https:\/\/www.africa-press.net\/congo-brazzaville\/#website"},"primaryImageOfPage":{"@id":"https:\/\/www.africa-press.net\/congo-brazzaville\/toutes-les-actualites\/bien-etre-voiture-avion-bateau-pourquoi-les-enfants-ont-ils-le-mal-des-transports#primaryimage"},"image":{"@id":"https:\/\/www.africa-press.net\/congo-brazzaville\/toutes-les-actualites\/bien-etre-voiture-avion-bateau-pourquoi-les-enfants-ont-ils-le-mal-des-transports#primaryimage"},"thumbnailUrl":"https:\/\/static.africa-press.net\/congo-brazzaville\/sites\/51\/2023\/03\/postQueueImg_1678459978.75.jpg","datePublished":"2023-03-10T18:22:22+00:00","dateModified":"2023-03-10T19:19:45+00:00","author":{"@id":"https:\/\/www.africa-press.net\/congo-brazzaville\/#\/schema\/person\/2b1cf3cd81a31e3cd26889ca66d677f1"},"description":"Particulie\u0300rement fre\u0301quente chez les enfants, la cine\u0301tose, l\u2019autre nom du mal des transports, provoque vertiges, na ...","breadcrumb":{"@id":"https:\/\/www.africa-press.net\/congo-brazzaville\/toutes-les-actualites\/bien-etre-voiture-avion-bateau-pourquoi-les-enfants-ont-ils-le-mal-des-transports#breadcrumb"},"inLanguage":"fr-FR","potentialAction":[{"@type":"ReadAction","target":["https:\/\/www.africa-press.net\/congo-brazzaville\/toutes-les-actualites\/bien-etre-voiture-avion-bateau-pourquoi-les-enfants-ont-ils-le-mal-des-transports"]}]},{"@type":"ImageObject","inLanguage":"fr-FR","@id":"https:\/\/www.africa-press.net\/congo-brazzaville\/toutes-les-actualites\/bien-etre-voiture-avion-bateau-pourquoi-les-enfants-ont-ils-le-mal-des-transports#primaryimage","url":"https:\/\/static.africa-press.net\/congo-brazzaville\/sites\/51\/2023\/03\/postQueueImg_1678459978.75.jpg","contentUrl":"https:\/\/static.africa-press.net\/congo-brazzaville\/sites\/51\/2023\/03\/postQueueImg_1678459978.75.jpg","width":800,"height":533,"caption":"Bien-\u00eatre : voiture, avion, bateau\u2026, pourquoi les enfants ont-ils le mal des transports ?"},{"@type":"BreadcrumbList","@id":"https:\/\/www.africa-press.net\/congo-brazzaville\/toutes-les-actualites\/bien-etre-voiture-avion-bateau-pourquoi-les-enfants-ont-ils-le-mal-des-transports#breadcrumb","itemListElement":[{"@type":"ListItem","position":1,"name":"Accueil","item":"https:\/\/www.africa-press.net\/congo-brazzaville\/"},{"@type":"ListItem","position":2,"name":"Bien-\u00eatre : voiture, avion, bateau\u2026, pourquoi les enfants ont-ils le mal des transports ?"}]},{"@type":"WebSite","@id":"https:\/\/www.africa-press.net\/congo-brazzaville\/#website","url":"https:\/\/www.africa-press.net\/congo-brazzaville\/","name":"Congo Brazzaville","description":"Just another Africa News Agency Sites site","potentialAction":[{"@type":"SearchAction","target":{"@type":"EntryPoint","urlTemplate":"https:\/\/www.africa-press.net\/congo-brazzaville\/?s={search_term_string}"},"query-input":{"@type":"PropertyValueSpecification","valueRequired":true,"valueName":"search_term_string"}}],"inLanguage":"fr-FR"},{"@type":"Person","@id":"https:\/\/www.africa-press.net\/congo-brazzaville\/#\/schema\/person\/2b1cf3cd81a31e3cd26889ca66d677f1","name":"cfeditorfr"}]}},"_links":{"self":[{"href":"https:\/\/www.africa-press.net\/congo-brazzaville\/wp-json\/wp\/v2\/posts\/15465","targetHints":{"allow":["GET"]}}],"collection":[{"href":"https:\/\/www.africa-press.net\/congo-brazzaville\/wp-json\/wp\/v2\/posts"}],"about":[{"href":"https:\/\/www.africa-press.net\/congo-brazzaville\/wp-json\/wp\/v2\/types\/post"}],"author":[{"embeddable":true,"href":"https:\/\/www.africa-press.net\/congo-brazzaville\/wp-json\/wp\/v2\/users\/82"}],"replies":[{"embeddable":true,"href":"https:\/\/www.africa-press.net\/congo-brazzaville\/wp-json\/wp\/v2\/comments?post=15465"}],"version-history":[{"count":0,"href":"https:\/\/www.africa-press.net\/congo-brazzaville\/wp-json\/wp\/v2\/posts\/15465\/revisions"}],"wp:featuredmedia":[{"embeddable":true,"href":"https:\/\/www.africa-press.net\/congo-brazzaville\/wp-json\/wp\/v2\/media\/15464"}],"wp:attachment":[{"href":"https:\/\/www.africa-press.net\/congo-brazzaville\/wp-json\/wp\/v2\/media?parent=15465"}],"wp:term":[{"taxonomy":"category","embeddable":true,"href":"https:\/\/www.africa-press.net\/congo-brazzaville\/wp-json\/wp\/v2\/categories?post=15465"},{"taxonomy":"post_tag","embeddable":true,"href":"https:\/\/www.africa-press.net\/congo-brazzaville\/wp-json\/wp\/v2\/tags?post=15465"}],"curies":[{"name":"wp","href":"https:\/\/api.w.org\/{rel}","templated":true}]}}