{"id":15474,"date":"2023-03-10T18:22:44","date_gmt":"2023-03-10T18:22:44","guid":{"rendered":"https:\/\/www.africa-press.net\/congo-brazzaville\/politique\/bagarres-recurrentes-entre-les-lycees-poaty-bernard-et-victor-augagneur-la-delocalisation-de-lun-des-etablissements-souhaitee"},"modified":"2023-03-10T19:24:37","modified_gmt":"2023-03-10T19:24:37","slug":"bagarres-recurrentes-entre-les-lycees-poaty-bernard-et-victor-augagneur-la-delocalisation-de-lun-des-etablissements-souhaitee","status":"publish","type":"post","link":"https:\/\/www.africa-press.net\/congo-brazzaville\/photo\/bagarres-recurrentes-entre-les-lycees-poaty-bernard-et-victor-augagneur-la-delocalisation-de-lun-des-etablissements-souhaitee","title":{"rendered":"Bagarres r\u00e9currentes entre les lyc\u00e9es Poaty-Bernard et Victor-Augagneur: la d\u00e9localisation de l\u2019un des \u00e9tablissements souhait\u00e9e"},"content":{"rendered":"<p><span style=\"color: #ff6600\"><strong>Africa-Press &#8211; Congo Brazzaville. <\/strong><\/span><b>Les bagarres range\u0301es et les jets de projectiles entre les e\u0301le\u0300ves du lyce\u0301e technique Poaty-Bernard et ceux du lyce\u0301e d\u2019enseignement ge\u0301ne\u0301ral Victor-Augagneur, la semaine dernie\u0300re, continuent de susciter de nombreux commentaires a\u0300 Pointe-Noire. Nombreux sont les parents qui ont maintenant peur d\u2019inscrire leurs enfants dans l\u2019un de ces e\u0301tablissements. <\/b><\/p>\n<p>Une angoisse a totalement gagne\u0301 les Pontene\u0301grins face aux bagarres qui surviennent a\u0300 tout moment entre les e\u0301le\u0300ves du lyce\u0301e technique Poaty-Bernard et ceux du lyce\u0301e d\u2019enseignement ge\u0301ne\u0301ral Victor-Augagneur, ainsi que d&rsquo;autres e\u0301tablissements d&rsquo;enseignement scondaire du deuxie\u0300me arrondissement, Mvou-Mvou. Le conflit qui oppose les deux lyce\u0301es ne date pas d&rsquo;aujourd&rsquo;hui et a de\u0301ja\u0300 cause\u0301 des pre\u0301judices chez de nombreux e\u0301le\u0300ves du genre traumatisme cra\u0302nien et autres.<\/p>\n<p>Tre\u0300s inquiet par la persistance de cette crise au fil des anne\u0301es scolaires, l&rsquo;un des directeurs des e\u0301tudes a de\u0301clare\u0301: \u00ab La force de l\u2019ordre est devenue comme la cible de ces enfants qui n\u2019ont plus peur de rien. Selon moi, pour mettre de\u0301finitivement fin a\u0300 cette situation persistante qui revient presque chaque anne\u0301e, il est souhaitable de de\u0301localiser l\u2019un de ces deux lyce\u0301es car, toutes les propositions de solutions que l\u2019on a pu mettre en place jusqu\u2019alors ne sont que provisoires \u00bb.<\/p>\n<p>Le pire se rapproche chaque jour dans ces deux lyce\u0301es aussi longtemps que la hie\u0301rarchie ne prendra pas une de\u0301cision radicale. Se\u0301raphin Olebali, un parent d&rsquo;e\u0301le\u0300ves, a sugge\u0301re\u0301: \u00ab En plus du de\u0301ja\u0300 entendu, il serait souhaitable que les parents de chaque enfant saisi la main dans le sac par la force de l\u2019ordre, une fois conduit au commissariat central, payent une forte somme au-dela\u0300 de 300 000 FCFA. Cela disciplinera sans doute ces e\u0301le\u0300ves qui se croient au dessus des parents ainsi que des autorite\u0301s scolaires et de la force publique \u00bb.<\/p>\n<p>La situation d&rsquo;inse\u0301curite\u0301 dans ces deux grands e\u0301tablissements de Pointe-Noire se de\u0301grade davantage. Il est temps que les autorite\u0301s e\u0301radiquent le mal a\u0300 la racine.<\/p>\n\r\n                <style type=\"text\/css\">\r\n                    \r\n                    #td_uid_1_69f252e817127  .td-doubleSlider-2 .td-item1 {\r\n                        background: url(https:\/\/static.africa-press.net\/congo-brazzaville\/sites\/51\/2023\/03\/postMediaimg_60_1-80x60.jpg) 0 0 no-repeat;\r\n                    }\r\n                    #td_uid_1_69f252e817127  .td-doubleSlider-2 .td-item2 {\r\n                        background: url(https:\/\/static.africa-press.net\/congo-brazzaville\/sites\/51\/2023\/03\/postMediaimg_60_2-80x60.jpg) 0 0 no-repeat;\r\n                    }\r\n                <\/style>\r\n\r\n                <div id=\"td_uid_1_69f252e817127\" class=\"td-gallery td-slide-on-2-columns\">\r\n                    <div class=\"post_td_gallery\">\r\n                        <div class=\"td-gallery-slide-top\">\r\n                           <div class=\"td-gallery-title\"><\/div>\r\n\r\n                            <div class=\"td-gallery-controls-wrapper\">\r\n                                <div class=\"td-gallery-slide-count\"><span class=\"td-gallery-slide-item-focus\">1<\/span> de 2<\/div>\r\n                                <div class=\"td-gallery-slide-prev-next-but\">\r\n                                    <i class = \"td-icon-left doubleSliderPrevButton\"><\/i>\r\n                                    <i class = \"td-icon-right doubleSliderNextButton\"><\/i>\r\n                                <\/div>\r\n                            <\/div>\r\n                        <\/div>\r\n\r\n                        <div class = \"td-doubleSlider-1 \">\r\n                            <div class = \"td-slider\">\r\n                                \r\n                    <div class = \"td-slide-item td-item1\">\r\n                        <figure class=\"td-slide-galery-figure td-slide-popup-gallery\">\r\n                            <a class=\"slide-gallery-image-link\" href=\"https:\/\/static.africa-press.net\/congo-brazzaville\/sites\/51\/2023\/03\/postMediaimg_60_1.jpg\" title=\"postMediaimg_60_1\"  data-caption=\"\"  data-description=\"\">\r\n                                <img decoding=\"async\" src=\"https:\/\/static.africa-press.net\/congo-brazzaville\/sites\/51\/2023\/03\/postMediaimg_60_1.jpg\" srcset=\"https:\/\/static.africa-press.net\/congo-brazzaville\/sites\/51\/2023\/03\/postMediaimg_60_1.jpg 259w, https:\/\/static.africa-press.net\/congo-brazzaville\/sites\/51\/2023\/03\/postMediaimg_60_1-80x60.jpg 80w\" sizes=\"(max-width: 259px) 100vw, 259px\" alt=\"\">\r\n                            <\/a>\r\n                            \r\n                        <\/figure>\r\n                    <\/div>\r\n                    <div class = \"td-slide-item td-item2\">\r\n                        <figure class=\"td-slide-galery-figure td-slide-popup-gallery\">\r\n                            <a class=\"slide-gallery-image-link\" href=\"https:\/\/static.africa-press.net\/congo-brazzaville\/sites\/51\/2023\/03\/postMediaimg_60_2.jpg\" title=\"postMediaimg_60_2\"  data-caption=\"\"  data-description=\"\">\r\n                                <img decoding=\"async\" src=\"https:\/\/static.africa-press.net\/congo-brazzaville\/sites\/51\/2023\/03\/postMediaimg_60_2.jpg\" srcset=\"https:\/\/static.africa-press.net\/congo-brazzaville\/sites\/51\/2023\/03\/postMediaimg_60_2.jpg 1080w, https:\/\/static.africa-press.net\/congo-brazzaville\/sites\/51\/2023\/03\/postMediaimg_60_2-300x175.jpg 300w, https:\/\/static.africa-press.net\/congo-brazzaville\/sites\/51\/2023\/03\/postMediaimg_60_2-1024x598.jpg 1024w, https:\/\/static.africa-press.net\/congo-brazzaville\/sites\/51\/2023\/03\/postMediaimg_60_2-768x449.jpg 768w\" sizes=\"(max-width: 1080px) 100vw, 1080px\" alt=\"\">\r\n                            <\/a>\r\n                            \r\n                        <\/figure>\r\n                    <\/div>\r\n                            <\/div>\r\n                        <\/div>\r\n\r\n                        <div class = \"td-doubleSlider-2\">\r\n                            <div class = \"td-slider\">\r\n                                \r\n                    <div class = \"td-button td-item1\">\r\n                        <div class = \"td-border\"><\/div>\r\n                    <\/div>\r\n                    <div class = \"td-button td-item2\">\r\n                        <div class = \"td-border\"><\/div>\r\n                    <\/div>\r\n                            <\/div>\r\n                        <\/div>\r\n\r\n                    <\/div>\r\n\r\n                <\/div>\r\n                \n<p><strong>Pour plus d&rsquo;informations et d&rsquo;analyses sur la <a href=\"https:\/\/www.africa-press.net\/congo-brazzaville\">Congo Brazzaville<\/a>, suivez <a href=\"https:\/\/www.africa-press.net\/\">Africa-Press<\/a><\/strong><\/p>\n","protected":false},"excerpt":{"rendered":"<p>Africa-Press &#8211; Congo Brazzaville. Les bagarres range\u0301es et les jets de projectiles entre les e\u0301le\u0300ves du lyce\u0301e technique Poaty-Bernard et ceux du lyce\u0301e d\u2019enseignement ge\u0301ne\u0301ral Victor-Augagneur, la semaine dernie\u0300re, continuent de susciter de nombreux commentaires a\u0300 Pointe-Noire. Nombreux sont les parents qui ont maintenant peur d\u2019inscrire leurs enfants dans l\u2019un de ces e\u0301tablissements. Une angoisse [&hellip;]<\/p>\n","protected":false},"author":82,"featured_media":15472,"comment_status":"open","ping_status":"closed","sticky":false,"template":"","format":"standard","meta":{"footnotes":""},"categories":[21,8,10],"tags":[36,47,46],"class_list":["post-15474","post","type-post","status-publish","format-standard","has-post-thumbnail","hentry","category-communaute","category-photo","category-toutes-les-actualites","tag-africa-press","tag-africa-press-congo-brazzaville","tag-congo-brazzaville"],"yoast_head":"<!-- This site is optimized with the Yoast SEO Premium plugin v26.1 (Yoast SEO v27.0) - https:\/\/yoast.com\/product\/yoast-seo-premium-wordpress\/ -->\n<title>Bagarres r\u00e9currentes entre les lyc\u00e9es Poaty-Bernard et Victor-Augagneur: la d\u00e9localisation de l\u2019un des \u00e9tablissements souhait\u00e9e - Congo Brazzaville<\/title>\n<meta name=\"description\" content=\"Les bagarres range\u0301es et les jets de projectiles entre les e\u0301le\u0300ves du lyce\u0301e technique Poaty-Bernard et ceux du lyce ...\" \/>\n<meta name=\"robots\" content=\"index, follow, max-snippet:-1, max-image-preview:large, max-video-preview:-1\" \/>\n<link rel=\"canonical\" href=\"https:\/\/www.africa-press.net\/congo-brazzaville\/photo\/bagarres-recurrentes-entre-les-lycees-poaty-bernard-et-victor-augagneur-la-delocalisation-de-lun-des-etablissements-souhaitee\" \/>\n<meta property=\"og:locale\" content=\"fr_FR\" \/>\n<meta property=\"og:type\" content=\"article\" \/>\n<meta property=\"og:title\" content=\"Bagarres r\u00e9currentes entre les lyc\u00e9es Poaty-Bernard et Victor-Augagneur: la d\u00e9localisation de l\u2019un des \u00e9tablissements souhait\u00e9e\" \/>\n<meta property=\"og:description\" content=\"Les bagarres range\u0301es et les jets de projectiles entre les e\u0301le\u0300ves du lyce\u0301e technique Poaty-Bernard et ceux du lyce ...\" \/>\n<meta property=\"og:url\" content=\"https:\/\/www.africa-press.net\/congo-brazzaville\/photo\/bagarres-recurrentes-entre-les-lycees-poaty-bernard-et-victor-augagneur-la-delocalisation-de-lun-des-etablissements-souhaitee\" \/>\n<meta property=\"og:site_name\" content=\"Congo Brazzaville\" \/>\n<meta property=\"article:published_time\" content=\"2023-03-10T18:22:44+00:00\" \/>\n<meta property=\"article:modified_time\" content=\"2023-03-10T19:24:37+00:00\" \/>\n<meta property=\"og:image\" content=\"https:\/\/static.africa-press.net\/congo-brazzaville\/sites\/51\/2023\/03\/postQueueImg_1678459972.32.jpg\" \/>\n\t<meta property=\"og:image:width\" content=\"720\" \/>\n\t<meta property=\"og:image:height\" content=\"539\" \/>\n\t<meta property=\"og:image:type\" content=\"image\/jpeg\" \/>\n<meta name=\"author\" content=\"cfeditorfr\" \/>\n<meta name=\"twitter:card\" content=\"summary_large_image\" \/>\n<meta name=\"twitter:label1\" content=\"\u00c9crit par\" \/>\n\t<meta name=\"twitter:data1\" content=\"cfeditorfr\" \/>\n\t<meta name=\"twitter:label2\" content=\"Dur\u00e9e de lecture estim\u00e9e\" \/>\n\t<meta name=\"twitter:data2\" content=\"2 minutes\" \/>\n<script type=\"application\/ld+json\" class=\"yoast-schema-graph\">{\"@context\":\"https:\/\/schema.org\",\"@graph\":[{\"@type\":\"Article\",\"@id\":\"https:\/\/www.africa-press.net\/congo-brazzaville\/photo\/bagarres-recurrentes-entre-les-lycees-poaty-bernard-et-victor-augagneur-la-delocalisation-de-lun-des-etablissements-souhaitee#article\",\"isPartOf\":{\"@id\":\"https:\/\/www.africa-press.net\/congo-brazzaville\/photo\/bagarres-recurrentes-entre-les-lycees-poaty-bernard-et-victor-augagneur-la-delocalisation-de-lun-des-etablissements-souhaitee\"},\"author\":{\"name\":\"cfeditorfr\",\"@id\":\"https:\/\/www.africa-press.net\/congo-brazzaville\/#\/schema\/person\/2b1cf3cd81a31e3cd26889ca66d677f1\"},\"headline\":\"Bagarres r\u00e9currentes entre les lyc\u00e9es Poaty-Bernard et Victor-Augagneur: la d\u00e9localisation de l\u2019un des \u00e9tablissements souhait\u00e9e\",\"datePublished\":\"2023-03-10T18:22:44+00:00\",\"dateModified\":\"2023-03-10T19:24:37+00:00\",\"mainEntityOfPage\":{\"@id\":\"https:\/\/www.africa-press.net\/congo-brazzaville\/photo\/bagarres-recurrentes-entre-les-lycees-poaty-bernard-et-victor-augagneur-la-delocalisation-de-lun-des-etablissements-souhaitee\"},\"wordCount\":422,\"commentCount\":0,\"image\":{\"@id\":\"https:\/\/www.africa-press.net\/congo-brazzaville\/photo\/bagarres-recurrentes-entre-les-lycees-poaty-bernard-et-victor-augagneur-la-delocalisation-de-lun-des-etablissements-souhaitee#primaryimage\"},\"thumbnailUrl\":\"https:\/\/static.africa-press.net\/congo-brazzaville\/sites\/51\/2023\/03\/postQueueImg_1678459972.32.jpg\",\"keywords\":[\"Africa Press\",\"Africa Press-Congo Brazzaville\",\"Congo Brazzaville\"],\"articleSection\":[\"Communaut\u00e9\",\"Photo\",\"Toutes les actualit\u00e9s\"],\"inLanguage\":\"fr-FR\",\"potentialAction\":[{\"@type\":\"CommentAction\",\"name\":\"Comment\",\"target\":[\"https:\/\/www.africa-press.net\/congo-brazzaville\/photo\/bagarres-recurrentes-entre-les-lycees-poaty-bernard-et-victor-augagneur-la-delocalisation-de-lun-des-etablissements-souhaitee#respond\"]}]},{\"@type\":\"WebPage\",\"@id\":\"https:\/\/www.africa-press.net\/congo-brazzaville\/photo\/bagarres-recurrentes-entre-les-lycees-poaty-bernard-et-victor-augagneur-la-delocalisation-de-lun-des-etablissements-souhaitee\",\"url\":\"https:\/\/www.africa-press.net\/congo-brazzaville\/photo\/bagarres-recurrentes-entre-les-lycees-poaty-bernard-et-victor-augagneur-la-delocalisation-de-lun-des-etablissements-souhaitee\",\"name\":\"Bagarres r\u00e9currentes entre les lyc\u00e9es Poaty-Bernard et Victor-Augagneur: la d\u00e9localisation de l\u2019un des \u00e9tablissements souhait\u00e9e - Congo Brazzaville\",\"isPartOf\":{\"@id\":\"https:\/\/www.africa-press.net\/congo-brazzaville\/#website\"},\"primaryImageOfPage\":{\"@id\":\"https:\/\/www.africa-press.net\/congo-brazzaville\/photo\/bagarres-recurrentes-entre-les-lycees-poaty-bernard-et-victor-augagneur-la-delocalisation-de-lun-des-etablissements-souhaitee#primaryimage\"},\"image\":{\"@id\":\"https:\/\/www.africa-press.net\/congo-brazzaville\/photo\/bagarres-recurrentes-entre-les-lycees-poaty-bernard-et-victor-augagneur-la-delocalisation-de-lun-des-etablissements-souhaitee#primaryimage\"},\"thumbnailUrl\":\"https:\/\/static.africa-press.net\/congo-brazzaville\/sites\/51\/2023\/03\/postQueueImg_1678459972.32.jpg\",\"datePublished\":\"2023-03-10T18:22:44+00:00\",\"dateModified\":\"2023-03-10T19:24:37+00:00\",\"author\":{\"@id\":\"https:\/\/www.africa-press.net\/congo-brazzaville\/#\/schema\/person\/2b1cf3cd81a31e3cd26889ca66d677f1\"},\"description\":\"Les bagarres range\u0301es et les jets de projectiles entre les e\u0301le\u0300ves du lyce\u0301e technique Poaty-Bernard et ceux du lyce ...\",\"breadcrumb\":{\"@id\":\"https:\/\/www.africa-press.net\/congo-brazzaville\/photo\/bagarres-recurrentes-entre-les-lycees-poaty-bernard-et-victor-augagneur-la-delocalisation-de-lun-des-etablissements-souhaitee#breadcrumb\"},\"inLanguage\":\"fr-FR\",\"potentialAction\":[{\"@type\":\"ReadAction\",\"target\":[\"https:\/\/www.africa-press.net\/congo-brazzaville\/photo\/bagarres-recurrentes-entre-les-lycees-poaty-bernard-et-victor-augagneur-la-delocalisation-de-lun-des-etablissements-souhaitee\"]}]},{\"@type\":\"ImageObject\",\"inLanguage\":\"fr-FR\",\"@id\":\"https:\/\/www.africa-press.net\/congo-brazzaville\/photo\/bagarres-recurrentes-entre-les-lycees-poaty-bernard-et-victor-augagneur-la-delocalisation-de-lun-des-etablissements-souhaitee#primaryimage\",\"url\":\"https:\/\/static.africa-press.net\/congo-brazzaville\/sites\/51\/2023\/03\/postQueueImg_1678459972.32.jpg\",\"contentUrl\":\"https:\/\/static.africa-press.net\/congo-brazzaville\/sites\/51\/2023\/03\/postQueueImg_1678459972.32.jpg\",\"width\":720,\"height\":539,\"caption\":\"Bagarres r\u00e9currentes entre les lyc\u00e9es Poaty-Bernard et Victor-Augagneur: la d\u00e9localisation de l\u2019un des \u00e9tablissements souhait\u00e9e\"},{\"@type\":\"BreadcrumbList\",\"@id\":\"https:\/\/www.africa-press.net\/congo-brazzaville\/photo\/bagarres-recurrentes-entre-les-lycees-poaty-bernard-et-victor-augagneur-la-delocalisation-de-lun-des-etablissements-souhaitee#breadcrumb\",\"itemListElement\":[{\"@type\":\"ListItem\",\"position\":1,\"name\":\"Accueil\",\"item\":\"https:\/\/www.africa-press.net\/congo-brazzaville\/\"},{\"@type\":\"ListItem\",\"position\":2,\"name\":\"Bagarres r\u00e9currentes entre les lyc\u00e9es Poaty-Bernard et Victor-Augagneur: la d\u00e9localisation de l\u2019un des \u00e9tablissements souhait\u00e9e\"}]},{\"@type\":\"WebSite\",\"@id\":\"https:\/\/www.africa-press.net\/congo-brazzaville\/#website\",\"url\":\"https:\/\/www.africa-press.net\/congo-brazzaville\/\",\"name\":\"Congo Brazzaville\",\"description\":\"Just another Africa News Agency Sites site\",\"potentialAction\":[{\"@type\":\"SearchAction\",\"target\":{\"@type\":\"EntryPoint\",\"urlTemplate\":\"https:\/\/www.africa-press.net\/congo-brazzaville\/?s={search_term_string}\"},\"query-input\":{\"@type\":\"PropertyValueSpecification\",\"valueRequired\":true,\"valueName\":\"search_term_string\"}}],\"inLanguage\":\"fr-FR\"},{\"@type\":\"Person\",\"@id\":\"https:\/\/www.africa-press.net\/congo-brazzaville\/#\/schema\/person\/2b1cf3cd81a31e3cd26889ca66d677f1\",\"name\":\"cfeditorfr\"}]}<\/script>\n<!-- \/ Yoast SEO Premium plugin. -->","yoast_head_json":{"title":"Bagarres r\u00e9currentes entre les lyc\u00e9es Poaty-Bernard et Victor-Augagneur: la d\u00e9localisation de l\u2019un des \u00e9tablissements souhait\u00e9e - Congo Brazzaville","description":"Les bagarres range\u0301es et les jets de projectiles entre les e\u0301le\u0300ves du lyce\u0301e technique Poaty-Bernard et ceux du lyce ...","robots":{"index":"index","follow":"follow","max-snippet":"max-snippet:-1","max-image-preview":"max-image-preview:large","max-video-preview":"max-video-preview:-1"},"canonical":"https:\/\/www.africa-press.net\/congo-brazzaville\/photo\/bagarres-recurrentes-entre-les-lycees-poaty-bernard-et-victor-augagneur-la-delocalisation-de-lun-des-etablissements-souhaitee","og_locale":"fr_FR","og_type":"article","og_title":"Bagarres r\u00e9currentes entre les lyc\u00e9es Poaty-Bernard et Victor-Augagneur: la d\u00e9localisation de l\u2019un des \u00e9tablissements souhait\u00e9e","og_description":"Les bagarres range\u0301es et les jets de projectiles entre les e\u0301le\u0300ves du lyce\u0301e technique Poaty-Bernard et ceux du lyce ...","og_url":"https:\/\/www.africa-press.net\/congo-brazzaville\/photo\/bagarres-recurrentes-entre-les-lycees-poaty-bernard-et-victor-augagneur-la-delocalisation-de-lun-des-etablissements-souhaitee","og_site_name":"Congo Brazzaville","article_published_time":"2023-03-10T18:22:44+00:00","article_modified_time":"2023-03-10T19:24:37+00:00","og_image":[{"width":720,"height":539,"url":"https:\/\/static.africa-press.net\/congo-brazzaville\/sites\/51\/2023\/03\/postQueueImg_1678459972.32.jpg","type":"image\/jpeg"}],"author":"cfeditorfr","twitter_card":"summary_large_image","twitter_misc":{"\u00c9crit par":"cfeditorfr","Dur\u00e9e de lecture estim\u00e9e":"2 minutes"},"schema":{"@context":"https:\/\/schema.org","@graph":[{"@type":"Article","@id":"https:\/\/www.africa-press.net\/congo-brazzaville\/photo\/bagarres-recurrentes-entre-les-lycees-poaty-bernard-et-victor-augagneur-la-delocalisation-de-lun-des-etablissements-souhaitee#article","isPartOf":{"@id":"https:\/\/www.africa-press.net\/congo-brazzaville\/photo\/bagarres-recurrentes-entre-les-lycees-poaty-bernard-et-victor-augagneur-la-delocalisation-de-lun-des-etablissements-souhaitee"},"author":{"name":"cfeditorfr","@id":"https:\/\/www.africa-press.net\/congo-brazzaville\/#\/schema\/person\/2b1cf3cd81a31e3cd26889ca66d677f1"},"headline":"Bagarres r\u00e9currentes entre les lyc\u00e9es Poaty-Bernard et Victor-Augagneur: la d\u00e9localisation de l\u2019un des \u00e9tablissements souhait\u00e9e","datePublished":"2023-03-10T18:22:44+00:00","dateModified":"2023-03-10T19:24:37+00:00","mainEntityOfPage":{"@id":"https:\/\/www.africa-press.net\/congo-brazzaville\/photo\/bagarres-recurrentes-entre-les-lycees-poaty-bernard-et-victor-augagneur-la-delocalisation-de-lun-des-etablissements-souhaitee"},"wordCount":422,"commentCount":0,"image":{"@id":"https:\/\/www.africa-press.net\/congo-brazzaville\/photo\/bagarres-recurrentes-entre-les-lycees-poaty-bernard-et-victor-augagneur-la-delocalisation-de-lun-des-etablissements-souhaitee#primaryimage"},"thumbnailUrl":"https:\/\/static.africa-press.net\/congo-brazzaville\/sites\/51\/2023\/03\/postQueueImg_1678459972.32.jpg","keywords":["Africa Press","Africa Press-Congo Brazzaville","Congo Brazzaville"],"articleSection":["Communaut\u00e9","Photo","Toutes les actualit\u00e9s"],"inLanguage":"fr-FR","potentialAction":[{"@type":"CommentAction","name":"Comment","target":["https:\/\/www.africa-press.net\/congo-brazzaville\/photo\/bagarres-recurrentes-entre-les-lycees-poaty-bernard-et-victor-augagneur-la-delocalisation-de-lun-des-etablissements-souhaitee#respond"]}]},{"@type":"WebPage","@id":"https:\/\/www.africa-press.net\/congo-brazzaville\/photo\/bagarres-recurrentes-entre-les-lycees-poaty-bernard-et-victor-augagneur-la-delocalisation-de-lun-des-etablissements-souhaitee","url":"https:\/\/www.africa-press.net\/congo-brazzaville\/photo\/bagarres-recurrentes-entre-les-lycees-poaty-bernard-et-victor-augagneur-la-delocalisation-de-lun-des-etablissements-souhaitee","name":"Bagarres r\u00e9currentes entre les lyc\u00e9es Poaty-Bernard et Victor-Augagneur: la d\u00e9localisation de l\u2019un des \u00e9tablissements souhait\u00e9e - Congo Brazzaville","isPartOf":{"@id":"https:\/\/www.africa-press.net\/congo-brazzaville\/#website"},"primaryImageOfPage":{"@id":"https:\/\/www.africa-press.net\/congo-brazzaville\/photo\/bagarres-recurrentes-entre-les-lycees-poaty-bernard-et-victor-augagneur-la-delocalisation-de-lun-des-etablissements-souhaitee#primaryimage"},"image":{"@id":"https:\/\/www.africa-press.net\/congo-brazzaville\/photo\/bagarres-recurrentes-entre-les-lycees-poaty-bernard-et-victor-augagneur-la-delocalisation-de-lun-des-etablissements-souhaitee#primaryimage"},"thumbnailUrl":"https:\/\/static.africa-press.net\/congo-brazzaville\/sites\/51\/2023\/03\/postQueueImg_1678459972.32.jpg","datePublished":"2023-03-10T18:22:44+00:00","dateModified":"2023-03-10T19:24:37+00:00","author":{"@id":"https:\/\/www.africa-press.net\/congo-brazzaville\/#\/schema\/person\/2b1cf3cd81a31e3cd26889ca66d677f1"},"description":"Les bagarres range\u0301es et les jets de projectiles entre les e\u0301le\u0300ves du lyce\u0301e technique Poaty-Bernard et ceux du lyce ...","breadcrumb":{"@id":"https:\/\/www.africa-press.net\/congo-brazzaville\/photo\/bagarres-recurrentes-entre-les-lycees-poaty-bernard-et-victor-augagneur-la-delocalisation-de-lun-des-etablissements-souhaitee#breadcrumb"},"inLanguage":"fr-FR","potentialAction":[{"@type":"ReadAction","target":["https:\/\/www.africa-press.net\/congo-brazzaville\/photo\/bagarres-recurrentes-entre-les-lycees-poaty-bernard-et-victor-augagneur-la-delocalisation-de-lun-des-etablissements-souhaitee"]}]},{"@type":"ImageObject","inLanguage":"fr-FR","@id":"https:\/\/www.africa-press.net\/congo-brazzaville\/photo\/bagarres-recurrentes-entre-les-lycees-poaty-bernard-et-victor-augagneur-la-delocalisation-de-lun-des-etablissements-souhaitee#primaryimage","url":"https:\/\/static.africa-press.net\/congo-brazzaville\/sites\/51\/2023\/03\/postQueueImg_1678459972.32.jpg","contentUrl":"https:\/\/static.africa-press.net\/congo-brazzaville\/sites\/51\/2023\/03\/postQueueImg_1678459972.32.jpg","width":720,"height":539,"caption":"Bagarres r\u00e9currentes entre les lyc\u00e9es Poaty-Bernard et Victor-Augagneur: la d\u00e9localisation de l\u2019un des \u00e9tablissements souhait\u00e9e"},{"@type":"BreadcrumbList","@id":"https:\/\/www.africa-press.net\/congo-brazzaville\/photo\/bagarres-recurrentes-entre-les-lycees-poaty-bernard-et-victor-augagneur-la-delocalisation-de-lun-des-etablissements-souhaitee#breadcrumb","itemListElement":[{"@type":"ListItem","position":1,"name":"Accueil","item":"https:\/\/www.africa-press.net\/congo-brazzaville\/"},{"@type":"ListItem","position":2,"name":"Bagarres r\u00e9currentes entre les lyc\u00e9es Poaty-Bernard et Victor-Augagneur: la d\u00e9localisation de l\u2019un des \u00e9tablissements souhait\u00e9e"}]},{"@type":"WebSite","@id":"https:\/\/www.africa-press.net\/congo-brazzaville\/#website","url":"https:\/\/www.africa-press.net\/congo-brazzaville\/","name":"Congo Brazzaville","description":"Just another Africa News Agency Sites site","potentialAction":[{"@type":"SearchAction","target":{"@type":"EntryPoint","urlTemplate":"https:\/\/www.africa-press.net\/congo-brazzaville\/?s={search_term_string}"},"query-input":{"@type":"PropertyValueSpecification","valueRequired":true,"valueName":"search_term_string"}}],"inLanguage":"fr-FR"},{"@type":"Person","@id":"https:\/\/www.africa-press.net\/congo-brazzaville\/#\/schema\/person\/2b1cf3cd81a31e3cd26889ca66d677f1","name":"cfeditorfr"}]}},"_links":{"self":[{"href":"https:\/\/www.africa-press.net\/congo-brazzaville\/wp-json\/wp\/v2\/posts\/15474","targetHints":{"allow":["GET"]}}],"collection":[{"href":"https:\/\/www.africa-press.net\/congo-brazzaville\/wp-json\/wp\/v2\/posts"}],"about":[{"href":"https:\/\/www.africa-press.net\/congo-brazzaville\/wp-json\/wp\/v2\/types\/post"}],"author":[{"embeddable":true,"href":"https:\/\/www.africa-press.net\/congo-brazzaville\/wp-json\/wp\/v2\/users\/82"}],"replies":[{"embeddable":true,"href":"https:\/\/www.africa-press.net\/congo-brazzaville\/wp-json\/wp\/v2\/comments?post=15474"}],"version-history":[{"count":0,"href":"https:\/\/www.africa-press.net\/congo-brazzaville\/wp-json\/wp\/v2\/posts\/15474\/revisions"}],"wp:featuredmedia":[{"embeddable":true,"href":"https:\/\/www.africa-press.net\/congo-brazzaville\/wp-json\/wp\/v2\/media\/15472"}],"wp:attachment":[{"href":"https:\/\/www.africa-press.net\/congo-brazzaville\/wp-json\/wp\/v2\/media?parent=15474"}],"wp:term":[{"taxonomy":"category","embeddable":true,"href":"https:\/\/www.africa-press.net\/congo-brazzaville\/wp-json\/wp\/v2\/categories?post=15474"},{"taxonomy":"post_tag","embeddable":true,"href":"https:\/\/www.africa-press.net\/congo-brazzaville\/wp-json\/wp\/v2\/tags?post=15474"}],"curies":[{"name":"wp","href":"https:\/\/api.w.org\/{rel}","templated":true}]}}