{"id":15476,"date":"2023-03-10T18:25:05","date_gmt":"2023-03-10T18:25:05","guid":{"rendered":"https:\/\/www.africa-press.net\/congo-brazzaville\/politique\/necessite-daccompagner-la-cicos-dans-ses-batailles-a-venir"},"modified":"2023-03-10T19:25:23","modified_gmt":"2023-03-10T19:25:23","slug":"necessite-daccompagner-la-cicos-dans-ses-batailles-a-venir","status":"publish","type":"post","link":"https:\/\/www.africa-press.net\/congo-brazzaville\/toutes-les-actualites\/necessite-daccompagner-la-cicos-dans-ses-batailles-a-venir","title":{"rendered":"n\u00e9cessit\u00e9 d\u2019accompagner la cicos dans ses batailles \u00e0\u00a0venir"},"content":{"rendered":"<p><span style=\"color: #ff6600\"><strong>Africa-Press &#8211; Congo Brazzaville. <\/strong><\/span>Le Secre\u0301taire permanent du comite\u0301 interministe\u0301riel de l\u2019action de l\u2019Etat en mer et dans les eaux continentales (SEPCIM-AEMEC), Eric Olivier Se\u0301bastien Dibas-Franck, a rassure\u0301 le 9 mars a\u0300 Brazzaville, la Secre\u0301taire ge\u0301ne\u0301rale de la Commission Internationale du Bassin Congo-Oubangui-Sangha (CICOS), Marie The\u0301re\u0300se Itongo, de toute la disponibilite\u0301 de sa Structure de l\u2019accompagner dans ses batailles a\u0300 venir.<\/p>\n<p>\u00ab Pour notre part, nous sommes entie\u0300rement a\u0300 votre disposition, pour que nous nous soutenions mutuellement, car nous avons l\u2019obligation de traduire en actes la volonte\u0301 politique clairement exprime\u0301e par le Chef de l\u2019Etat, Denis Sassou-N\u2019Guesso\u00bb, a-t-il de\u0301clare\u0301 lors de l\u2019audience qu\u2019il a eue avec Marie The\u0301re\u0300se Itongo.<\/p>\n<p>La pre\u0301sence du Chef de l\u2019Etat au Sommet \u00ab One Forest Summit \u00bb, consacre\u0301 aux enjeux forestiers et surtout au Bassin du Congo, les 1er et 2 mars derniers, a\u0300 Libreville au Gabon, conjointement avec la France, montre l\u2019inte\u0301re\u0302t qu\u2019il apporte a\u0300 ces questions qui sont pour lui, de grande importance et de constante actualite\u0301, a fait savoir E\u0301ric Olivier Se\u0301bastien Dibas-Franck.<\/p>\n<p>Dans ce cadre, la ministre de l\u2019Environnement, du de\u0301veloppement durable et du Bassin du Congo, Arlette Soudan Nonault, pre\u0301sente a\u0300 Libreville, est a\u0300 pied d\u2019\u0153uvre pour la pre\u0301paration du Sommet des Trois Bassins du Congo pre\u0301vu en juin a\u0300 Brazzaville. \u00abVous arrivez a\u0300 point nomme\u0301 a\u0300 Brazzaville et nous sommes heureux que cela coi\u0308ncide avec votre installation\u00bb, a pre\u0301cise\u0301 le Secre\u0301taire permanent.<\/p>\n<p>Par ailleurs, il a fait part a\u0300 son ho\u0302te de la prise en compte a\u0300 Kinshasa a\u0300 la premie\u0300re confe\u0301rence maritime de la Communaute\u0301 Economique des Etats de l\u2019Afrique Centrale (CEEAC) du concept \u2018\u2019Eaux continentales partage\u0301es \u00bb. \u00ab A Pointe-Noire comme a\u0300 Brazzaville on ne parle pas beaucoup de la CICOS et nous espe\u0301rons que vous allez donner un second souffle a\u0300 cette Institution\u00bb, a-t-il souligne\u0301.<\/p>\n<p>Pour sa part, la Secre\u0301taire ge\u0301ne\u0301rale de la CICOS s\u2019est dit fie\u0300re de son appartenance a\u0300 la nationalite\u0301 CICOS qui re\u0301unit les six Etats africains qui, selon elle bannit les frontie\u0300res, \u00ab nous sommes de nationalite\u0301 Cicos. L\u2019inte\u0301gration fait partie de nous \u00bb.<\/p>\n<p>En outre, Marie The\u0301re\u0300se Itongo a e\u0301te\u0301 touche\u0301e par le fait que le SEPCIM-AEMEc soit entoure\u0301 de femmes lors de cette audience. A cet effet, elle l\u2019a remercie\u0301 d\u2019avoir pris en compte les compe\u0301tences des femmes, tout en exprimant sa satisfaction pour ce premier rendez-vous re\u0301ussi, et aussi pour l\u2019e\u0301vocation de leurs aventures communes par E\u0301ric Olivier Se\u0301bastien Dibas-Franck.<\/p>\n<p>Marie The\u0301re\u0300se Itongo a mis en relief le paralle\u0301lisme de leurs missions, et a e\u0301mis le souhait de mutualiser leurs travaux pour aller de l\u2019avant et de faire connai\u0302tre la CICOS plus largement au Congo a\u0300 travers le renforcement de la coope\u0301ration entre le Secre\u0301tariat permanent et cette Institution.<\/p>\n<p>De nationalite\u0301 gabonaise, Marie The\u0301re\u0300se Itongo a e\u0301te\u0301 e\u0301lue le 16 de\u0301cembre 2022, moins de 100 jours apre\u0300s son installation par le ministre congolais de l\u2019Energie et de l\u2019hydraulique, Emile Ouosso, en charge de la pre\u0301sidence du Conseil des ministres de la CICOS. Au total, six pays font partie de cette Institution. Il s\u2019agit du Congo, de la Re\u0301publique De\u0301mocratique du Congo, du Cameroun, de la Re\u0301publique Centrafricaine, du Gabon et de l\u2019Angola. La CICOS a e\u0301te\u0301 cre\u0301e\u0301e le 6 novembre 1999 a\u0300 Brazzaville.<\/p>\n<p><strong>Pour plus d&rsquo;informations et d&rsquo;analyses sur la <a href=\"https:\/\/www.africa-press.net\/congo-brazzaville\">Congo Brazzaville<\/a>, suivez <a href=\"https:\/\/www.africa-press.net\/\">Africa-Press<\/a><\/strong><\/p>\n","protected":false},"excerpt":{"rendered":"<p>Africa-Press &#8211; Congo Brazzaville. Le Secre\u0301taire permanent du comite\u0301 interministe\u0301riel de l\u2019action de l\u2019Etat en mer et dans les eaux continentales (SEPCIM-AEMEC), Eric Olivier Se\u0301bastien Dibas-Franck, a rassure\u0301 le 9 mars a\u0300 Brazzaville, la Secre\u0301taire ge\u0301ne\u0301rale de la Commission Internationale du Bassin Congo-Oubangui-Sangha (CICOS), Marie The\u0301re\u0300se Itongo, de toute la disponibilite\u0301 de sa Structure de [&hellip;]<\/p>\n","protected":false},"author":82,"featured_media":15475,"comment_status":"open","ping_status":"closed","sticky":false,"template":"","format":"standard","meta":{"footnotes":""},"categories":[21,10],"tags":[36,47,46],"class_list":["post-15476","post","type-post","status-publish","format-standard","has-post-thumbnail","hentry","category-communaute","category-toutes-les-actualites","tag-africa-press","tag-africa-press-congo-brazzaville","tag-congo-brazzaville"],"yoast_head":"<!-- This site is optimized with the Yoast SEO Premium plugin v26.1 (Yoast SEO v27.0) - https:\/\/yoast.com\/product\/yoast-seo-premium-wordpress\/ -->\n<title>n\u00e9cessit\u00e9 d\u2019accompagner la cicos dans ses batailles \u00e0\u00a0venir - Congo Brazzaville<\/title>\n<meta name=\"description\" content=\"Le Secre\u0301taire permanent du comite\u0301 interministe\u0301riel de l\u2019action de l\u2019Etat en mer et dans les eaux continentales (SEPCI ...\" \/>\n<meta name=\"robots\" content=\"index, follow, max-snippet:-1, max-image-preview:large, max-video-preview:-1\" \/>\n<link rel=\"canonical\" href=\"https:\/\/www.africa-press.net\/congo-brazzaville\/toutes-les-actualites\/necessite-daccompagner-la-cicos-dans-ses-batailles-a-venir\" \/>\n<meta property=\"og:locale\" content=\"fr_FR\" \/>\n<meta property=\"og:type\" content=\"article\" \/>\n<meta property=\"og:title\" content=\"n\u00e9cessit\u00e9 d\u2019accompagner la cicos dans ses batailles \u00e0\u00a0venir\" \/>\n<meta property=\"og:description\" content=\"Le Secre\u0301taire permanent du comite\u0301 interministe\u0301riel de l\u2019action de l\u2019Etat en mer et dans les eaux continentales (SEPCI ...\" \/>\n<meta property=\"og:url\" content=\"https:\/\/www.africa-press.net\/congo-brazzaville\/toutes-les-actualites\/necessite-daccompagner-la-cicos-dans-ses-batailles-a-venir\" \/>\n<meta property=\"og:site_name\" content=\"Congo Brazzaville\" \/>\n<meta property=\"article:published_time\" content=\"2023-03-10T18:25:05+00:00\" \/>\n<meta property=\"article:modified_time\" content=\"2023-03-10T19:25:23+00:00\" \/>\n<meta property=\"og:image\" content=\"https:\/\/static.africa-press.net\/congo-brazzaville\/sites\/51\/2023\/03\/postQueueImg_1678460116.32.jpg\" \/>\n\t<meta property=\"og:image:width\" content=\"933\" \/>\n\t<meta property=\"og:image:height\" content=\"445\" \/>\n\t<meta property=\"og:image:type\" content=\"image\/jpeg\" \/>\n<meta name=\"author\" content=\"cfeditorfr\" \/>\n<meta name=\"twitter:card\" content=\"summary_large_image\" \/>\n<meta name=\"twitter:label1\" content=\"\u00c9crit par\" \/>\n\t<meta name=\"twitter:data1\" content=\"cfeditorfr\" \/>\n\t<meta name=\"twitter:label2\" content=\"Dur\u00e9e de lecture estim\u00e9e\" \/>\n\t<meta name=\"twitter:data2\" content=\"3 minutes\" \/>\n<script type=\"application\/ld+json\" class=\"yoast-schema-graph\">{\"@context\":\"https:\/\/schema.org\",\"@graph\":[{\"@type\":\"Article\",\"@id\":\"https:\/\/www.africa-press.net\/congo-brazzaville\/toutes-les-actualites\/necessite-daccompagner-la-cicos-dans-ses-batailles-a-venir#article\",\"isPartOf\":{\"@id\":\"https:\/\/www.africa-press.net\/congo-brazzaville\/toutes-les-actualites\/necessite-daccompagner-la-cicos-dans-ses-batailles-a-venir\"},\"author\":{\"name\":\"cfeditorfr\",\"@id\":\"https:\/\/www.africa-press.net\/congo-brazzaville\/#\/schema\/person\/2b1cf3cd81a31e3cd26889ca66d677f1\"},\"headline\":\"n\u00e9cessit\u00e9 d\u2019accompagner la cicos dans ses batailles \u00e0\u00a0venir\",\"datePublished\":\"2023-03-10T18:25:05+00:00\",\"dateModified\":\"2023-03-10T19:25:23+00:00\",\"mainEntityOfPage\":{\"@id\":\"https:\/\/www.africa-press.net\/congo-brazzaville\/toutes-les-actualites\/necessite-daccompagner-la-cicos-dans-ses-batailles-a-venir\"},\"wordCount\":633,\"commentCount\":0,\"image\":{\"@id\":\"https:\/\/www.africa-press.net\/congo-brazzaville\/toutes-les-actualites\/necessite-daccompagner-la-cicos-dans-ses-batailles-a-venir#primaryimage\"},\"thumbnailUrl\":\"https:\/\/static.africa-press.net\/congo-brazzaville\/sites\/51\/2023\/03\/postQueueImg_1678460116.32.jpg\",\"keywords\":[\"Africa Press\",\"Africa Press-Congo Brazzaville\",\"Congo Brazzaville\"],\"articleSection\":[\"Communaut\u00e9\",\"Toutes les actualit\u00e9s\"],\"inLanguage\":\"fr-FR\",\"potentialAction\":[{\"@type\":\"CommentAction\",\"name\":\"Comment\",\"target\":[\"https:\/\/www.africa-press.net\/congo-brazzaville\/toutes-les-actualites\/necessite-daccompagner-la-cicos-dans-ses-batailles-a-venir#respond\"]}]},{\"@type\":\"WebPage\",\"@id\":\"https:\/\/www.africa-press.net\/congo-brazzaville\/toutes-les-actualites\/necessite-daccompagner-la-cicos-dans-ses-batailles-a-venir\",\"url\":\"https:\/\/www.africa-press.net\/congo-brazzaville\/toutes-les-actualites\/necessite-daccompagner-la-cicos-dans-ses-batailles-a-venir\",\"name\":\"n\u00e9cessit\u00e9 d\u2019accompagner la cicos dans ses batailles \u00e0\u00a0venir - Congo Brazzaville\",\"isPartOf\":{\"@id\":\"https:\/\/www.africa-press.net\/congo-brazzaville\/#website\"},\"primaryImageOfPage\":{\"@id\":\"https:\/\/www.africa-press.net\/congo-brazzaville\/toutes-les-actualites\/necessite-daccompagner-la-cicos-dans-ses-batailles-a-venir#primaryimage\"},\"image\":{\"@id\":\"https:\/\/www.africa-press.net\/congo-brazzaville\/toutes-les-actualites\/necessite-daccompagner-la-cicos-dans-ses-batailles-a-venir#primaryimage\"},\"thumbnailUrl\":\"https:\/\/static.africa-press.net\/congo-brazzaville\/sites\/51\/2023\/03\/postQueueImg_1678460116.32.jpg\",\"datePublished\":\"2023-03-10T18:25:05+00:00\",\"dateModified\":\"2023-03-10T19:25:23+00:00\",\"author\":{\"@id\":\"https:\/\/www.africa-press.net\/congo-brazzaville\/#\/schema\/person\/2b1cf3cd81a31e3cd26889ca66d677f1\"},\"description\":\"Le Secre\u0301taire permanent du comite\u0301 interministe\u0301riel de l\u2019action de l\u2019Etat en mer et dans les eaux continentales (SEPCI ...\",\"breadcrumb\":{\"@id\":\"https:\/\/www.africa-press.net\/congo-brazzaville\/toutes-les-actualites\/necessite-daccompagner-la-cicos-dans-ses-batailles-a-venir#breadcrumb\"},\"inLanguage\":\"fr-FR\",\"potentialAction\":[{\"@type\":\"ReadAction\",\"target\":[\"https:\/\/www.africa-press.net\/congo-brazzaville\/toutes-les-actualites\/necessite-daccompagner-la-cicos-dans-ses-batailles-a-venir\"]}]},{\"@type\":\"ImageObject\",\"inLanguage\":\"fr-FR\",\"@id\":\"https:\/\/www.africa-press.net\/congo-brazzaville\/toutes-les-actualites\/necessite-daccompagner-la-cicos-dans-ses-batailles-a-venir#primaryimage\",\"url\":\"https:\/\/static.africa-press.net\/congo-brazzaville\/sites\/51\/2023\/03\/postQueueImg_1678460116.32.jpg\",\"contentUrl\":\"https:\/\/static.africa-press.net\/congo-brazzaville\/sites\/51\/2023\/03\/postQueueImg_1678460116.32.jpg\",\"width\":933,\"height\":445,\"caption\":\"n\u00e9cessit\u00e9 d\u2019accompagner la cicos dans ses batailles \u00e0\u00a0venir\"},{\"@type\":\"BreadcrumbList\",\"@id\":\"https:\/\/www.africa-press.net\/congo-brazzaville\/toutes-les-actualites\/necessite-daccompagner-la-cicos-dans-ses-batailles-a-venir#breadcrumb\",\"itemListElement\":[{\"@type\":\"ListItem\",\"position\":1,\"name\":\"Accueil\",\"item\":\"https:\/\/www.africa-press.net\/congo-brazzaville\/\"},{\"@type\":\"ListItem\",\"position\":2,\"name\":\"n\u00e9cessit\u00e9 d\u2019accompagner la cicos dans ses batailles \u00e0\u00a0venir\"}]},{\"@type\":\"WebSite\",\"@id\":\"https:\/\/www.africa-press.net\/congo-brazzaville\/#website\",\"url\":\"https:\/\/www.africa-press.net\/congo-brazzaville\/\",\"name\":\"Congo Brazzaville\",\"description\":\"Just another Africa News Agency Sites site\",\"potentialAction\":[{\"@type\":\"SearchAction\",\"target\":{\"@type\":\"EntryPoint\",\"urlTemplate\":\"https:\/\/www.africa-press.net\/congo-brazzaville\/?s={search_term_string}\"},\"query-input\":{\"@type\":\"PropertyValueSpecification\",\"valueRequired\":true,\"valueName\":\"search_term_string\"}}],\"inLanguage\":\"fr-FR\"},{\"@type\":\"Person\",\"@id\":\"https:\/\/www.africa-press.net\/congo-brazzaville\/#\/schema\/person\/2b1cf3cd81a31e3cd26889ca66d677f1\",\"name\":\"cfeditorfr\"}]}<\/script>\n<!-- \/ Yoast SEO Premium plugin. -->","yoast_head_json":{"title":"n\u00e9cessit\u00e9 d\u2019accompagner la cicos dans ses batailles \u00e0\u00a0venir - Congo Brazzaville","description":"Le Secre\u0301taire permanent du comite\u0301 interministe\u0301riel de l\u2019action de l\u2019Etat en mer et dans les eaux continentales (SEPCI ...","robots":{"index":"index","follow":"follow","max-snippet":"max-snippet:-1","max-image-preview":"max-image-preview:large","max-video-preview":"max-video-preview:-1"},"canonical":"https:\/\/www.africa-press.net\/congo-brazzaville\/toutes-les-actualites\/necessite-daccompagner-la-cicos-dans-ses-batailles-a-venir","og_locale":"fr_FR","og_type":"article","og_title":"n\u00e9cessit\u00e9 d\u2019accompagner la cicos dans ses batailles \u00e0\u00a0venir","og_description":"Le Secre\u0301taire permanent du comite\u0301 interministe\u0301riel de l\u2019action de l\u2019Etat en mer et dans les eaux continentales (SEPCI ...","og_url":"https:\/\/www.africa-press.net\/congo-brazzaville\/toutes-les-actualites\/necessite-daccompagner-la-cicos-dans-ses-batailles-a-venir","og_site_name":"Congo Brazzaville","article_published_time":"2023-03-10T18:25:05+00:00","article_modified_time":"2023-03-10T19:25:23+00:00","og_image":[{"width":933,"height":445,"url":"https:\/\/static.africa-press.net\/congo-brazzaville\/sites\/51\/2023\/03\/postQueueImg_1678460116.32.jpg","type":"image\/jpeg"}],"author":"cfeditorfr","twitter_card":"summary_large_image","twitter_misc":{"\u00c9crit par":"cfeditorfr","Dur\u00e9e de lecture estim\u00e9e":"3 minutes"},"schema":{"@context":"https:\/\/schema.org","@graph":[{"@type":"Article","@id":"https:\/\/www.africa-press.net\/congo-brazzaville\/toutes-les-actualites\/necessite-daccompagner-la-cicos-dans-ses-batailles-a-venir#article","isPartOf":{"@id":"https:\/\/www.africa-press.net\/congo-brazzaville\/toutes-les-actualites\/necessite-daccompagner-la-cicos-dans-ses-batailles-a-venir"},"author":{"name":"cfeditorfr","@id":"https:\/\/www.africa-press.net\/congo-brazzaville\/#\/schema\/person\/2b1cf3cd81a31e3cd26889ca66d677f1"},"headline":"n\u00e9cessit\u00e9 d\u2019accompagner la cicos dans ses batailles \u00e0\u00a0venir","datePublished":"2023-03-10T18:25:05+00:00","dateModified":"2023-03-10T19:25:23+00:00","mainEntityOfPage":{"@id":"https:\/\/www.africa-press.net\/congo-brazzaville\/toutes-les-actualites\/necessite-daccompagner-la-cicos-dans-ses-batailles-a-venir"},"wordCount":633,"commentCount":0,"image":{"@id":"https:\/\/www.africa-press.net\/congo-brazzaville\/toutes-les-actualites\/necessite-daccompagner-la-cicos-dans-ses-batailles-a-venir#primaryimage"},"thumbnailUrl":"https:\/\/static.africa-press.net\/congo-brazzaville\/sites\/51\/2023\/03\/postQueueImg_1678460116.32.jpg","keywords":["Africa Press","Africa Press-Congo Brazzaville","Congo Brazzaville"],"articleSection":["Communaut\u00e9","Toutes les actualit\u00e9s"],"inLanguage":"fr-FR","potentialAction":[{"@type":"CommentAction","name":"Comment","target":["https:\/\/www.africa-press.net\/congo-brazzaville\/toutes-les-actualites\/necessite-daccompagner-la-cicos-dans-ses-batailles-a-venir#respond"]}]},{"@type":"WebPage","@id":"https:\/\/www.africa-press.net\/congo-brazzaville\/toutes-les-actualites\/necessite-daccompagner-la-cicos-dans-ses-batailles-a-venir","url":"https:\/\/www.africa-press.net\/congo-brazzaville\/toutes-les-actualites\/necessite-daccompagner-la-cicos-dans-ses-batailles-a-venir","name":"n\u00e9cessit\u00e9 d\u2019accompagner la cicos dans ses batailles \u00e0\u00a0venir - Congo Brazzaville","isPartOf":{"@id":"https:\/\/www.africa-press.net\/congo-brazzaville\/#website"},"primaryImageOfPage":{"@id":"https:\/\/www.africa-press.net\/congo-brazzaville\/toutes-les-actualites\/necessite-daccompagner-la-cicos-dans-ses-batailles-a-venir#primaryimage"},"image":{"@id":"https:\/\/www.africa-press.net\/congo-brazzaville\/toutes-les-actualites\/necessite-daccompagner-la-cicos-dans-ses-batailles-a-venir#primaryimage"},"thumbnailUrl":"https:\/\/static.africa-press.net\/congo-brazzaville\/sites\/51\/2023\/03\/postQueueImg_1678460116.32.jpg","datePublished":"2023-03-10T18:25:05+00:00","dateModified":"2023-03-10T19:25:23+00:00","author":{"@id":"https:\/\/www.africa-press.net\/congo-brazzaville\/#\/schema\/person\/2b1cf3cd81a31e3cd26889ca66d677f1"},"description":"Le Secre\u0301taire permanent du comite\u0301 interministe\u0301riel de l\u2019action de l\u2019Etat en mer et dans les eaux continentales (SEPCI ...","breadcrumb":{"@id":"https:\/\/www.africa-press.net\/congo-brazzaville\/toutes-les-actualites\/necessite-daccompagner-la-cicos-dans-ses-batailles-a-venir#breadcrumb"},"inLanguage":"fr-FR","potentialAction":[{"@type":"ReadAction","target":["https:\/\/www.africa-press.net\/congo-brazzaville\/toutes-les-actualites\/necessite-daccompagner-la-cicos-dans-ses-batailles-a-venir"]}]},{"@type":"ImageObject","inLanguage":"fr-FR","@id":"https:\/\/www.africa-press.net\/congo-brazzaville\/toutes-les-actualites\/necessite-daccompagner-la-cicos-dans-ses-batailles-a-venir#primaryimage","url":"https:\/\/static.africa-press.net\/congo-brazzaville\/sites\/51\/2023\/03\/postQueueImg_1678460116.32.jpg","contentUrl":"https:\/\/static.africa-press.net\/congo-brazzaville\/sites\/51\/2023\/03\/postQueueImg_1678460116.32.jpg","width":933,"height":445,"caption":"n\u00e9cessit\u00e9 d\u2019accompagner la cicos dans ses batailles \u00e0\u00a0venir"},{"@type":"BreadcrumbList","@id":"https:\/\/www.africa-press.net\/congo-brazzaville\/toutes-les-actualites\/necessite-daccompagner-la-cicos-dans-ses-batailles-a-venir#breadcrumb","itemListElement":[{"@type":"ListItem","position":1,"name":"Accueil","item":"https:\/\/www.africa-press.net\/congo-brazzaville\/"},{"@type":"ListItem","position":2,"name":"n\u00e9cessit\u00e9 d\u2019accompagner la cicos dans ses batailles \u00e0\u00a0venir"}]},{"@type":"WebSite","@id":"https:\/\/www.africa-press.net\/congo-brazzaville\/#website","url":"https:\/\/www.africa-press.net\/congo-brazzaville\/","name":"Congo Brazzaville","description":"Just another Africa News Agency Sites site","potentialAction":[{"@type":"SearchAction","target":{"@type":"EntryPoint","urlTemplate":"https:\/\/www.africa-press.net\/congo-brazzaville\/?s={search_term_string}"},"query-input":{"@type":"PropertyValueSpecification","valueRequired":true,"valueName":"search_term_string"}}],"inLanguage":"fr-FR"},{"@type":"Person","@id":"https:\/\/www.africa-press.net\/congo-brazzaville\/#\/schema\/person\/2b1cf3cd81a31e3cd26889ca66d677f1","name":"cfeditorfr"}]}},"_links":{"self":[{"href":"https:\/\/www.africa-press.net\/congo-brazzaville\/wp-json\/wp\/v2\/posts\/15476","targetHints":{"allow":["GET"]}}],"collection":[{"href":"https:\/\/www.africa-press.net\/congo-brazzaville\/wp-json\/wp\/v2\/posts"}],"about":[{"href":"https:\/\/www.africa-press.net\/congo-brazzaville\/wp-json\/wp\/v2\/types\/post"}],"author":[{"embeddable":true,"href":"https:\/\/www.africa-press.net\/congo-brazzaville\/wp-json\/wp\/v2\/users\/82"}],"replies":[{"embeddable":true,"href":"https:\/\/www.africa-press.net\/congo-brazzaville\/wp-json\/wp\/v2\/comments?post=15476"}],"version-history":[{"count":0,"href":"https:\/\/www.africa-press.net\/congo-brazzaville\/wp-json\/wp\/v2\/posts\/15476\/revisions"}],"wp:featuredmedia":[{"embeddable":true,"href":"https:\/\/www.africa-press.net\/congo-brazzaville\/wp-json\/wp\/v2\/media\/15475"}],"wp:attachment":[{"href":"https:\/\/www.africa-press.net\/congo-brazzaville\/wp-json\/wp\/v2\/media?parent=15476"}],"wp:term":[{"taxonomy":"category","embeddable":true,"href":"https:\/\/www.africa-press.net\/congo-brazzaville\/wp-json\/wp\/v2\/categories?post=15476"},{"taxonomy":"post_tag","embeddable":true,"href":"https:\/\/www.africa-press.net\/congo-brazzaville\/wp-json\/wp\/v2\/tags?post=15476"}],"curies":[{"name":"wp","href":"https:\/\/api.w.org\/{rel}","templated":true}]}}