{"id":15478,"date":"2023-03-10T18:25:21","date_gmt":"2023-03-10T18:25:21","guid":{"rendered":"https:\/\/www.africa-press.net\/congo-brazzaville\/politique\/le-plan-strategique-de-lutte-contre-le-cancer-est-en-cours-dadoption"},"modified":"2023-03-10T19:25:55","modified_gmt":"2023-03-10T19:25:55","slug":"le-plan-strategique-de-lutte-contre-le-cancer-est-en-cours-dadoption","status":"publish","type":"post","link":"https:\/\/www.africa-press.net\/congo-brazzaville\/toutes-les-actualites\/le-plan-strategique-de-lutte-contre-le-cancer-est-en-cours-dadoption","title":{"rendered":"le plan strat\u00e9gique de lutte contre le cancer est en cours d\u2019adoption"},"content":{"rendered":"<p><span style=\"color: #ff6600\"><strong>Africa-Press &#8211; Congo Brazzaville. <\/strong><\/span><b>Le Directeur de cabinet du ministre de la sante\u0301 et de la population, Ignace Tende\u0301le\u0301 a releve\u0301 le 9 mars a\u0300 Brazzaville que, le plan strate\u0301gique national de lutte contre le cancer permettra au Congo de re\u0301duire la morbidite\u0301 et la mortalite\u0301 lie\u0301s aux diffe\u0301rentes formes de cette pathologie. <\/b><\/p>\n<p>\u00ab Le plan strate\u0301gique de lutte contre le cancer qui sera valide\u0301 le 10 mars a plusieurs axes : organiser les activite\u0301s pre\u0301ventives de lutte contre le cancer, informer et sensibiliser les populations en ge\u0301ne\u0301ral et les personnes a\u0300 risques en particulier, promouvoir l\u2019acce\u0300s aux me\u0301dicaments et aux traitements anti cance\u0301reux, et d\u2019e\u0301mettre les recommandations de bonnes pratiques pour la prise en charge optimale des cas de cancer \u00bb, a indique\u0301 Ignace Te\u0301nde\u0301le\u0301 a\u0300 l\u2019ouverture de l\u2019atelier de la validation ce plan strate\u0301gique.<\/p>\n<p>\u00ab J\u2019exhorte les experts en la matie\u0300re d\u2019apporter leur contribution afin que ce document soit consensuel et une re\u0301fe\u0301rence pour toutes les interventions en lien avec la lutte contre le cancer au Congo. La population congolaise e\u0301tant encore tre\u0300s peu informe\u0301e sur les facteurs de risques des cancers, j\u2019appelle de ce fait les organisations de la socie\u0301te\u0301 civile a\u0300 travailler avec les interventions de base afin de les amener a\u0300 adopter des bonnes pratiques pour pre\u0301venir cette maladie \u00bb, a-t-il poursuivi.<\/p>\n<p>Le De\u0301le\u0301gue\u0301 de l\u2019Organisation Mondiale de la Sante\u0301 (OMS), Serge Patrick Dzabatou a pour sa part te\u0301moigner la volonte\u0301 de cette institution a\u0300 accompagner le Congo dans la lutte contre cette pathologie, l\u2019OMS ne mobilisera aucun effort pour inciter les agences du syste\u0300me des Nations Unies ainsi que les partenaires techniques et financiers a\u0300 soutenir constamment la mise en \u0153uvre du plan strate\u0301gique national de lutte contre le cancer , a-t-il affirme\u0301.<\/p>\n<p>En 2020, le Congo a enregistre\u0301 2478 cas de cancer pour 1595 de\u0301ce\u0300s, soit 125 enfants de moins de 14 ans touche\u0301s, a laisse\u0301 entendre la directrice du programme national de lutte contre le cancer, Judith Nsonde\u0301 Malanda.<\/p>\n<p><strong>Pour plus d&rsquo;informations et d&rsquo;analyses sur la <a href=\"https:\/\/www.africa-press.net\/congo-brazzaville\">Congo Brazzaville<\/a>, suivez <a href=\"https:\/\/www.africa-press.net\/\">Africa-Press<\/a><\/strong><\/p>\n","protected":false},"excerpt":{"rendered":"<p>Africa-Press &#8211; Congo Brazzaville. Le Directeur de cabinet du ministre de la sante\u0301 et de la population, Ignace Tende\u0301le\u0301 a releve\u0301 le 9 mars a\u0300 Brazzaville que, le plan strate\u0301gique national de lutte contre le cancer permettra au Congo de re\u0301duire la morbidite\u0301 et la mortalite\u0301 lie\u0301s aux diffe\u0301rentes formes de cette pathologie. \u00ab Le [&hellip;]<\/p>\n","protected":false},"author":82,"featured_media":15477,"comment_status":"open","ping_status":"closed","sticky":false,"template":"","format":"standard","meta":{"footnotes":""},"categories":[21,10],"tags":[36,47,46],"class_list":["post-15478","post","type-post","status-publish","format-standard","has-post-thumbnail","hentry","category-communaute","category-toutes-les-actualites","tag-africa-press","tag-africa-press-congo-brazzaville","tag-congo-brazzaville"],"yoast_head":"<!-- This site is optimized with the Yoast SEO Premium plugin v26.1 (Yoast SEO v27.0) - https:\/\/yoast.com\/product\/yoast-seo-premium-wordpress\/ -->\n<title>le plan strat\u00e9gique de lutte contre le cancer est en cours d\u2019adoption - Congo Brazzaville<\/title>\n<meta name=\"description\" content=\"Le Directeur de cabinet du ministre de la sante\u0301 et de la population, Ignace Tende\u0301le\u0301 a releve\u0301 le 9 mars a\u0300 Brazzav ...\" \/>\n<meta name=\"robots\" content=\"index, follow, max-snippet:-1, max-image-preview:large, max-video-preview:-1\" \/>\n<link rel=\"canonical\" href=\"https:\/\/www.africa-press.net\/congo-brazzaville\/toutes-les-actualites\/le-plan-strategique-de-lutte-contre-le-cancer-est-en-cours-dadoption\" \/>\n<meta property=\"og:locale\" content=\"fr_FR\" \/>\n<meta property=\"og:type\" content=\"article\" \/>\n<meta property=\"og:title\" content=\"le plan strat\u00e9gique de lutte contre le cancer est en cours d\u2019adoption\" \/>\n<meta property=\"og:description\" content=\"Le Directeur de cabinet du ministre de la sante\u0301 et de la population, Ignace Tende\u0301le\u0301 a releve\u0301 le 9 mars a\u0300 Brazzav ...\" \/>\n<meta property=\"og:url\" content=\"https:\/\/www.africa-press.net\/congo-brazzaville\/toutes-les-actualites\/le-plan-strategique-de-lutte-contre-le-cancer-est-en-cours-dadoption\" \/>\n<meta property=\"og:site_name\" content=\"Congo Brazzaville\" \/>\n<meta property=\"article:published_time\" content=\"2023-03-10T18:25:21+00:00\" \/>\n<meta property=\"article:modified_time\" content=\"2023-03-10T19:25:55+00:00\" \/>\n<meta property=\"og:image\" content=\"https:\/\/static.africa-press.net\/congo-brazzaville\/sites\/51\/2023\/03\/postQueueImg_1678460148.38.jpg\" \/>\n\t<meta property=\"og:image:width\" content=\"933\" \/>\n\t<meta property=\"og:image:height\" content=\"445\" \/>\n\t<meta property=\"og:image:type\" content=\"image\/jpeg\" \/>\n<meta name=\"author\" content=\"cfeditorfr\" \/>\n<meta name=\"twitter:card\" content=\"summary_large_image\" \/>\n<meta name=\"twitter:label1\" content=\"\u00c9crit par\" \/>\n\t<meta name=\"twitter:data1\" content=\"cfeditorfr\" \/>\n\t<meta name=\"twitter:label2\" content=\"Dur\u00e9e de lecture estim\u00e9e\" \/>\n\t<meta name=\"twitter:data2\" content=\"2 minutes\" \/>\n<script type=\"application\/ld+json\" class=\"yoast-schema-graph\">{\"@context\":\"https:\/\/schema.org\",\"@graph\":[{\"@type\":\"Article\",\"@id\":\"https:\/\/www.africa-press.net\/congo-brazzaville\/toutes-les-actualites\/le-plan-strategique-de-lutte-contre-le-cancer-est-en-cours-dadoption#article\",\"isPartOf\":{\"@id\":\"https:\/\/www.africa-press.net\/congo-brazzaville\/toutes-les-actualites\/le-plan-strategique-de-lutte-contre-le-cancer-est-en-cours-dadoption\"},\"author\":{\"name\":\"cfeditorfr\",\"@id\":\"https:\/\/www.africa-press.net\/congo-brazzaville\/#\/schema\/person\/2b1cf3cd81a31e3cd26889ca66d677f1\"},\"headline\":\"le plan strat\u00e9gique de lutte contre le cancer est en cours d\u2019adoption\",\"datePublished\":\"2023-03-10T18:25:21+00:00\",\"dateModified\":\"2023-03-10T19:25:55+00:00\",\"mainEntityOfPage\":{\"@id\":\"https:\/\/www.africa-press.net\/congo-brazzaville\/toutes-les-actualites\/le-plan-strategique-de-lutte-contre-le-cancer-est-en-cours-dadoption\"},\"wordCount\":383,\"commentCount\":0,\"image\":{\"@id\":\"https:\/\/www.africa-press.net\/congo-brazzaville\/toutes-les-actualites\/le-plan-strategique-de-lutte-contre-le-cancer-est-en-cours-dadoption#primaryimage\"},\"thumbnailUrl\":\"https:\/\/static.africa-press.net\/congo-brazzaville\/sites\/51\/2023\/03\/postQueueImg_1678460148.38.jpg\",\"keywords\":[\"Africa Press\",\"Africa Press-Congo Brazzaville\",\"Congo Brazzaville\"],\"articleSection\":[\"Communaut\u00e9\",\"Toutes les actualit\u00e9s\"],\"inLanguage\":\"fr-FR\",\"potentialAction\":[{\"@type\":\"CommentAction\",\"name\":\"Comment\",\"target\":[\"https:\/\/www.africa-press.net\/congo-brazzaville\/toutes-les-actualites\/le-plan-strategique-de-lutte-contre-le-cancer-est-en-cours-dadoption#respond\"]}]},{\"@type\":\"WebPage\",\"@id\":\"https:\/\/www.africa-press.net\/congo-brazzaville\/toutes-les-actualites\/le-plan-strategique-de-lutte-contre-le-cancer-est-en-cours-dadoption\",\"url\":\"https:\/\/www.africa-press.net\/congo-brazzaville\/toutes-les-actualites\/le-plan-strategique-de-lutte-contre-le-cancer-est-en-cours-dadoption\",\"name\":\"le plan strat\u00e9gique de lutte contre le cancer est en cours d\u2019adoption - Congo Brazzaville\",\"isPartOf\":{\"@id\":\"https:\/\/www.africa-press.net\/congo-brazzaville\/#website\"},\"primaryImageOfPage\":{\"@id\":\"https:\/\/www.africa-press.net\/congo-brazzaville\/toutes-les-actualites\/le-plan-strategique-de-lutte-contre-le-cancer-est-en-cours-dadoption#primaryimage\"},\"image\":{\"@id\":\"https:\/\/www.africa-press.net\/congo-brazzaville\/toutes-les-actualites\/le-plan-strategique-de-lutte-contre-le-cancer-est-en-cours-dadoption#primaryimage\"},\"thumbnailUrl\":\"https:\/\/static.africa-press.net\/congo-brazzaville\/sites\/51\/2023\/03\/postQueueImg_1678460148.38.jpg\",\"datePublished\":\"2023-03-10T18:25:21+00:00\",\"dateModified\":\"2023-03-10T19:25:55+00:00\",\"author\":{\"@id\":\"https:\/\/www.africa-press.net\/congo-brazzaville\/#\/schema\/person\/2b1cf3cd81a31e3cd26889ca66d677f1\"},\"description\":\"Le Directeur de cabinet du ministre de la sante\u0301 et de la population, Ignace Tende\u0301le\u0301 a releve\u0301 le 9 mars a\u0300 Brazzav ...\",\"breadcrumb\":{\"@id\":\"https:\/\/www.africa-press.net\/congo-brazzaville\/toutes-les-actualites\/le-plan-strategique-de-lutte-contre-le-cancer-est-en-cours-dadoption#breadcrumb\"},\"inLanguage\":\"fr-FR\",\"potentialAction\":[{\"@type\":\"ReadAction\",\"target\":[\"https:\/\/www.africa-press.net\/congo-brazzaville\/toutes-les-actualites\/le-plan-strategique-de-lutte-contre-le-cancer-est-en-cours-dadoption\"]}]},{\"@type\":\"ImageObject\",\"inLanguage\":\"fr-FR\",\"@id\":\"https:\/\/www.africa-press.net\/congo-brazzaville\/toutes-les-actualites\/le-plan-strategique-de-lutte-contre-le-cancer-est-en-cours-dadoption#primaryimage\",\"url\":\"https:\/\/static.africa-press.net\/congo-brazzaville\/sites\/51\/2023\/03\/postQueueImg_1678460148.38.jpg\",\"contentUrl\":\"https:\/\/static.africa-press.net\/congo-brazzaville\/sites\/51\/2023\/03\/postQueueImg_1678460148.38.jpg\",\"width\":933,\"height\":445,\"caption\":\"le plan strat\u00e9gique de lutte contre le cancer est en cours d\u2019adoption\"},{\"@type\":\"BreadcrumbList\",\"@id\":\"https:\/\/www.africa-press.net\/congo-brazzaville\/toutes-les-actualites\/le-plan-strategique-de-lutte-contre-le-cancer-est-en-cours-dadoption#breadcrumb\",\"itemListElement\":[{\"@type\":\"ListItem\",\"position\":1,\"name\":\"Accueil\",\"item\":\"https:\/\/www.africa-press.net\/congo-brazzaville\/\"},{\"@type\":\"ListItem\",\"position\":2,\"name\":\"le plan strat\u00e9gique de lutte contre le cancer est en cours d\u2019adoption\"}]},{\"@type\":\"WebSite\",\"@id\":\"https:\/\/www.africa-press.net\/congo-brazzaville\/#website\",\"url\":\"https:\/\/www.africa-press.net\/congo-brazzaville\/\",\"name\":\"Congo Brazzaville\",\"description\":\"Just another Africa News Agency Sites site\",\"potentialAction\":[{\"@type\":\"SearchAction\",\"target\":{\"@type\":\"EntryPoint\",\"urlTemplate\":\"https:\/\/www.africa-press.net\/congo-brazzaville\/?s={search_term_string}\"},\"query-input\":{\"@type\":\"PropertyValueSpecification\",\"valueRequired\":true,\"valueName\":\"search_term_string\"}}],\"inLanguage\":\"fr-FR\"},{\"@type\":\"Person\",\"@id\":\"https:\/\/www.africa-press.net\/congo-brazzaville\/#\/schema\/person\/2b1cf3cd81a31e3cd26889ca66d677f1\",\"name\":\"cfeditorfr\"}]}<\/script>\n<!-- \/ Yoast SEO Premium plugin. -->","yoast_head_json":{"title":"le plan strat\u00e9gique de lutte contre le cancer est en cours d\u2019adoption - Congo Brazzaville","description":"Le Directeur de cabinet du ministre de la sante\u0301 et de la population, Ignace Tende\u0301le\u0301 a releve\u0301 le 9 mars a\u0300 Brazzav ...","robots":{"index":"index","follow":"follow","max-snippet":"max-snippet:-1","max-image-preview":"max-image-preview:large","max-video-preview":"max-video-preview:-1"},"canonical":"https:\/\/www.africa-press.net\/congo-brazzaville\/toutes-les-actualites\/le-plan-strategique-de-lutte-contre-le-cancer-est-en-cours-dadoption","og_locale":"fr_FR","og_type":"article","og_title":"le plan strat\u00e9gique de lutte contre le cancer est en cours d\u2019adoption","og_description":"Le Directeur de cabinet du ministre de la sante\u0301 et de la population, Ignace Tende\u0301le\u0301 a releve\u0301 le 9 mars a\u0300 Brazzav ...","og_url":"https:\/\/www.africa-press.net\/congo-brazzaville\/toutes-les-actualites\/le-plan-strategique-de-lutte-contre-le-cancer-est-en-cours-dadoption","og_site_name":"Congo Brazzaville","article_published_time":"2023-03-10T18:25:21+00:00","article_modified_time":"2023-03-10T19:25:55+00:00","og_image":[{"width":933,"height":445,"url":"https:\/\/static.africa-press.net\/congo-brazzaville\/sites\/51\/2023\/03\/postQueueImg_1678460148.38.jpg","type":"image\/jpeg"}],"author":"cfeditorfr","twitter_card":"summary_large_image","twitter_misc":{"\u00c9crit par":"cfeditorfr","Dur\u00e9e de lecture estim\u00e9e":"2 minutes"},"schema":{"@context":"https:\/\/schema.org","@graph":[{"@type":"Article","@id":"https:\/\/www.africa-press.net\/congo-brazzaville\/toutes-les-actualites\/le-plan-strategique-de-lutte-contre-le-cancer-est-en-cours-dadoption#article","isPartOf":{"@id":"https:\/\/www.africa-press.net\/congo-brazzaville\/toutes-les-actualites\/le-plan-strategique-de-lutte-contre-le-cancer-est-en-cours-dadoption"},"author":{"name":"cfeditorfr","@id":"https:\/\/www.africa-press.net\/congo-brazzaville\/#\/schema\/person\/2b1cf3cd81a31e3cd26889ca66d677f1"},"headline":"le plan strat\u00e9gique de lutte contre le cancer est en cours d\u2019adoption","datePublished":"2023-03-10T18:25:21+00:00","dateModified":"2023-03-10T19:25:55+00:00","mainEntityOfPage":{"@id":"https:\/\/www.africa-press.net\/congo-brazzaville\/toutes-les-actualites\/le-plan-strategique-de-lutte-contre-le-cancer-est-en-cours-dadoption"},"wordCount":383,"commentCount":0,"image":{"@id":"https:\/\/www.africa-press.net\/congo-brazzaville\/toutes-les-actualites\/le-plan-strategique-de-lutte-contre-le-cancer-est-en-cours-dadoption#primaryimage"},"thumbnailUrl":"https:\/\/static.africa-press.net\/congo-brazzaville\/sites\/51\/2023\/03\/postQueueImg_1678460148.38.jpg","keywords":["Africa Press","Africa Press-Congo Brazzaville","Congo Brazzaville"],"articleSection":["Communaut\u00e9","Toutes les actualit\u00e9s"],"inLanguage":"fr-FR","potentialAction":[{"@type":"CommentAction","name":"Comment","target":["https:\/\/www.africa-press.net\/congo-brazzaville\/toutes-les-actualites\/le-plan-strategique-de-lutte-contre-le-cancer-est-en-cours-dadoption#respond"]}]},{"@type":"WebPage","@id":"https:\/\/www.africa-press.net\/congo-brazzaville\/toutes-les-actualites\/le-plan-strategique-de-lutte-contre-le-cancer-est-en-cours-dadoption","url":"https:\/\/www.africa-press.net\/congo-brazzaville\/toutes-les-actualites\/le-plan-strategique-de-lutte-contre-le-cancer-est-en-cours-dadoption","name":"le plan strat\u00e9gique de lutte contre le cancer est en cours d\u2019adoption - Congo Brazzaville","isPartOf":{"@id":"https:\/\/www.africa-press.net\/congo-brazzaville\/#website"},"primaryImageOfPage":{"@id":"https:\/\/www.africa-press.net\/congo-brazzaville\/toutes-les-actualites\/le-plan-strategique-de-lutte-contre-le-cancer-est-en-cours-dadoption#primaryimage"},"image":{"@id":"https:\/\/www.africa-press.net\/congo-brazzaville\/toutes-les-actualites\/le-plan-strategique-de-lutte-contre-le-cancer-est-en-cours-dadoption#primaryimage"},"thumbnailUrl":"https:\/\/static.africa-press.net\/congo-brazzaville\/sites\/51\/2023\/03\/postQueueImg_1678460148.38.jpg","datePublished":"2023-03-10T18:25:21+00:00","dateModified":"2023-03-10T19:25:55+00:00","author":{"@id":"https:\/\/www.africa-press.net\/congo-brazzaville\/#\/schema\/person\/2b1cf3cd81a31e3cd26889ca66d677f1"},"description":"Le Directeur de cabinet du ministre de la sante\u0301 et de la population, Ignace Tende\u0301le\u0301 a releve\u0301 le 9 mars a\u0300 Brazzav ...","breadcrumb":{"@id":"https:\/\/www.africa-press.net\/congo-brazzaville\/toutes-les-actualites\/le-plan-strategique-de-lutte-contre-le-cancer-est-en-cours-dadoption#breadcrumb"},"inLanguage":"fr-FR","potentialAction":[{"@type":"ReadAction","target":["https:\/\/www.africa-press.net\/congo-brazzaville\/toutes-les-actualites\/le-plan-strategique-de-lutte-contre-le-cancer-est-en-cours-dadoption"]}]},{"@type":"ImageObject","inLanguage":"fr-FR","@id":"https:\/\/www.africa-press.net\/congo-brazzaville\/toutes-les-actualites\/le-plan-strategique-de-lutte-contre-le-cancer-est-en-cours-dadoption#primaryimage","url":"https:\/\/static.africa-press.net\/congo-brazzaville\/sites\/51\/2023\/03\/postQueueImg_1678460148.38.jpg","contentUrl":"https:\/\/static.africa-press.net\/congo-brazzaville\/sites\/51\/2023\/03\/postQueueImg_1678460148.38.jpg","width":933,"height":445,"caption":"le plan strat\u00e9gique de lutte contre le cancer est en cours d\u2019adoption"},{"@type":"BreadcrumbList","@id":"https:\/\/www.africa-press.net\/congo-brazzaville\/toutes-les-actualites\/le-plan-strategique-de-lutte-contre-le-cancer-est-en-cours-dadoption#breadcrumb","itemListElement":[{"@type":"ListItem","position":1,"name":"Accueil","item":"https:\/\/www.africa-press.net\/congo-brazzaville\/"},{"@type":"ListItem","position":2,"name":"le plan strat\u00e9gique de lutte contre le cancer est en cours d\u2019adoption"}]},{"@type":"WebSite","@id":"https:\/\/www.africa-press.net\/congo-brazzaville\/#website","url":"https:\/\/www.africa-press.net\/congo-brazzaville\/","name":"Congo Brazzaville","description":"Just another Africa News Agency Sites site","potentialAction":[{"@type":"SearchAction","target":{"@type":"EntryPoint","urlTemplate":"https:\/\/www.africa-press.net\/congo-brazzaville\/?s={search_term_string}"},"query-input":{"@type":"PropertyValueSpecification","valueRequired":true,"valueName":"search_term_string"}}],"inLanguage":"fr-FR"},{"@type":"Person","@id":"https:\/\/www.africa-press.net\/congo-brazzaville\/#\/schema\/person\/2b1cf3cd81a31e3cd26889ca66d677f1","name":"cfeditorfr"}]}},"_links":{"self":[{"href":"https:\/\/www.africa-press.net\/congo-brazzaville\/wp-json\/wp\/v2\/posts\/15478","targetHints":{"allow":["GET"]}}],"collection":[{"href":"https:\/\/www.africa-press.net\/congo-brazzaville\/wp-json\/wp\/v2\/posts"}],"about":[{"href":"https:\/\/www.africa-press.net\/congo-brazzaville\/wp-json\/wp\/v2\/types\/post"}],"author":[{"embeddable":true,"href":"https:\/\/www.africa-press.net\/congo-brazzaville\/wp-json\/wp\/v2\/users\/82"}],"replies":[{"embeddable":true,"href":"https:\/\/www.africa-press.net\/congo-brazzaville\/wp-json\/wp\/v2\/comments?post=15478"}],"version-history":[{"count":0,"href":"https:\/\/www.africa-press.net\/congo-brazzaville\/wp-json\/wp\/v2\/posts\/15478\/revisions"}],"wp:featuredmedia":[{"embeddable":true,"href":"https:\/\/www.africa-press.net\/congo-brazzaville\/wp-json\/wp\/v2\/media\/15477"}],"wp:attachment":[{"href":"https:\/\/www.africa-press.net\/congo-brazzaville\/wp-json\/wp\/v2\/media?parent=15478"}],"wp:term":[{"taxonomy":"category","embeddable":true,"href":"https:\/\/www.africa-press.net\/congo-brazzaville\/wp-json\/wp\/v2\/categories?post=15478"},{"taxonomy":"post_tag","embeddable":true,"href":"https:\/\/www.africa-press.net\/congo-brazzaville\/wp-json\/wp\/v2\/tags?post=15478"}],"curies":[{"name":"wp","href":"https:\/\/api.w.org\/{rel}","templated":true}]}}