{"id":15487,"date":"2023-03-11T12:58:05","date_gmt":"2023-03-11T12:58:05","guid":{"rendered":"https:\/\/www.africa-press.net\/congo-brazzaville\/politique\/rencontre-lassociation-des-juristes-de-lachat-public-organise-un-colloque-a-paris"},"modified":"2023-03-11T12:59:49","modified_gmt":"2023-03-11T12:59:49","slug":"rencontre-lassociation-des-juristes-de-lachat-public-organise-un-colloque-a-paris","status":"publish","type":"post","link":"https:\/\/www.africa-press.net\/congo-brazzaville\/politique\/rencontre-lassociation-des-juristes-de-lachat-public-organise-un-colloque-a-paris","title":{"rendered":"Rencontre: l\u2019Association des juristes de l&rsquo;achat public organise un colloque \u00e0 Paris"},"content":{"rendered":"<p><span style=\"color: #ff6600\"><strong>Africa-Press &#8211; Congo Brazzaville. <\/strong><\/span><b>Dans le cadre du master 2 Achat public du de\u0301partement universitaire, dirige\u0301 par Jean-Marc Peyrical, l\u2019Association des juristes de l&rsquo;achat public a organise\u0301 son colloque annuel sur le the\u0300me \u00ab\u00a0Regards croise\u0301s sur les e\u0301volutions des cadres juridiques en Afrique : focus PPP et marche\u0301s publics\u00a0\u00bb.<\/b><\/p>\n<p>Les juristes du domaine de l\u2019achat public se sont retrouve\u0301s, le 9 mars de 8 h 30 a\u0300 13h, pour des de\u0301bats mode\u0301re\u0301s par Me Lewis Nsalou Nkoua, dans l\u2019enceinte de l\u2019amphithe\u0301a\u0302tre Vedel de l\u2019universite\u0301 Paris-Saclay.<\/p>\n<p>Parmi les the\u0301matiques du jour, les intervenants ont aborde\u0301 la loi de partenariat public-prive\u0301 (PPP) re\u0301cemment adopte\u0301e au Congo, dite \u00ab Loi du 30 de\u0301cembre 2022 \u00bb. A\u0300 l&rsquo;occasion de l\u2019e\u0301clairage sur cette loi, les juristes ont note\u0301 qu\u2019elle fixe un cadre juridique et institutionnel inte\u0301ressant dont certaines modalite\u0301s devront e\u0302tre pre\u0301cise\u0301es par de\u0301cret.<\/p>\n<p>Ce cas de travaux pratiques a permis de mettre en lumie\u0300re la passation du contrat PPP soumise aux principes de liberte\u0301 d\u2019acce\u0300s, d\u2019e\u0301galite\u0301 de traitement, d\u2019objectivite\u0301, de concurrence, de transparence et du respect des re\u0300gles de bonne gouvernance.<\/p>\n<p>L\u2019e\u0301tude approfondie de\u0301montre que cette nouvelle loi fixe a\u0300 son article 26 la liste des clauses devant figurer dans un contrat PPP. Les juristes en ont de\u0301duit qu\u2019il s\u2019agit d\u2019un ve\u0301ritable outil au service du de\u0301veloppement socio-e\u0301conomique du Congo. Ne\u0301anmoins, ils ont releve\u0301 l\u2019absence de clarification en matie\u0300re de contentieux de la passation et de l\u2019exe\u0301cution. La voie de re\u0300glement amiable semble e\u0302tre privile\u0301gie\u0301e, ont-ils conclu. Dans la lance\u0301e, les re\u0301gimes juridiques des PPP de la Tunisie et du Maroc ont e\u0301te\u0301 e\u0301galement analyse\u0301s.<\/p>\n<p>A\u0300 la fin des travaux, les participants ont e\u0301change\u0301 sur la nouvelle directive PPP de l\u2019Union e\u0301conomique et mone\u0301taire ouest-africaine qui impose un cadre juridique aux E\u0301tats membres de cette organisation en matie\u0300re de PPP. Les E\u0301tats ont trois ans pour transposer cette directive.<\/p>\n<p>Soulignons que ce cycle de colloques s\u2019inscrit dans le cadre du se\u0301minaire \u00ab\u00a0Contrats publics compare\u0301s\u00a0\u00bb assure\u0301 par l\u2019avocat Franco-Congolais Me Lewis Nsalou Nkoua, enseignant a\u0300 l\u2019universite\u0301 Paris-Saclay.<\/p>\n<p><strong>Pour plus d&rsquo;informations et d&rsquo;analyses sur la <a href=\"https:\/\/www.africa-press.net\/congo-brazzaville\">Congo Brazzaville<\/a>, suivez <a href=\"https:\/\/www.africa-press.net\/\">Africa-Press<\/a><\/strong><\/p>\n","protected":false},"excerpt":{"rendered":"<p>Africa-Press &#8211; Congo Brazzaville. Dans le cadre du master 2 Achat public du de\u0301partement universitaire, dirige\u0301 par Jean-Marc Peyrical, l\u2019Association des juristes de l&rsquo;achat public a organise\u0301 son colloque annuel sur le the\u0300me \u00ab\u00a0Regards croise\u0301s sur les e\u0301volutions des cadres juridiques en Afrique : focus PPP et marche\u0301s publics\u00a0\u00bb. Les juristes du domaine de l\u2019achat [&hellip;]<\/p>\n","protected":false},"author":82,"featured_media":15486,"comment_status":"open","ping_status":"closed","sticky":false,"template":"","format":"standard","meta":{"footnotes":""},"categories":[2,10],"tags":[36,47,46],"class_list":["post-15487","post","type-post","status-publish","format-standard","has-post-thumbnail","hentry","category-politique","category-toutes-les-actualites","tag-africa-press","tag-africa-press-congo-brazzaville","tag-congo-brazzaville"],"yoast_head":"<!-- This site is optimized with the Yoast SEO Premium plugin v26.1 (Yoast SEO v27.0) - https:\/\/yoast.com\/product\/yoast-seo-premium-wordpress\/ -->\n<title>Rencontre: l\u2019Association des juristes de l&#039;achat public organise un colloque \u00e0 Paris - Congo Brazzaville<\/title>\n<meta name=\"description\" content=\"Dans le cadre du master 2 Achat public du de\u0301partement universitaire, dirige\u0301 par Jean-Marc Peyrical, l\u2019Association d ...\" \/>\n<meta name=\"robots\" content=\"index, follow, max-snippet:-1, max-image-preview:large, max-video-preview:-1\" \/>\n<link rel=\"canonical\" href=\"https:\/\/www.africa-press.net\/congo-brazzaville\/politique\/rencontre-lassociation-des-juristes-de-lachat-public-organise-un-colloque-a-paris\" \/>\n<meta property=\"og:locale\" content=\"fr_FR\" \/>\n<meta property=\"og:type\" content=\"article\" \/>\n<meta property=\"og:title\" content=\"Rencontre: l\u2019Association des juristes de l&#039;achat public organise un colloque \u00e0 Paris\" \/>\n<meta property=\"og:description\" content=\"Dans le cadre du master 2 Achat public du de\u0301partement universitaire, dirige\u0301 par Jean-Marc Peyrical, l\u2019Association d ...\" \/>\n<meta property=\"og:url\" content=\"https:\/\/www.africa-press.net\/congo-brazzaville\/politique\/rencontre-lassociation-des-juristes-de-lachat-public-organise-un-colloque-a-paris\" \/>\n<meta property=\"og:site_name\" content=\"Congo Brazzaville\" \/>\n<meta property=\"article:published_time\" content=\"2023-03-11T12:58:05+00:00\" \/>\n<meta property=\"article:modified_time\" content=\"2023-03-11T12:59:49+00:00\" \/>\n<meta property=\"og:image\" content=\"https:\/\/static.africa-press.net\/congo-brazzaville\/sites\/51\/2023\/03\/postQueueImg_1678526889.77.jpg\" \/>\n\t<meta property=\"og:image:width\" content=\"800\" \/>\n\t<meta property=\"og:image:height\" content=\"267\" \/>\n\t<meta property=\"og:image:type\" content=\"image\/jpeg\" \/>\n<meta name=\"author\" content=\"cfeditorfr\" \/>\n<meta name=\"twitter:card\" content=\"summary_large_image\" \/>\n<meta name=\"twitter:label1\" content=\"\u00c9crit par\" \/>\n\t<meta name=\"twitter:data1\" content=\"cfeditorfr\" \/>\n\t<meta name=\"twitter:label2\" content=\"Dur\u00e9e de lecture estim\u00e9e\" \/>\n\t<meta name=\"twitter:data2\" content=\"2 minutes\" \/>\n<script type=\"application\/ld+json\" class=\"yoast-schema-graph\">{\"@context\":\"https:\/\/schema.org\",\"@graph\":[{\"@type\":\"Article\",\"@id\":\"https:\/\/www.africa-press.net\/congo-brazzaville\/politique\/rencontre-lassociation-des-juristes-de-lachat-public-organise-un-colloque-a-paris#article\",\"isPartOf\":{\"@id\":\"https:\/\/www.africa-press.net\/congo-brazzaville\/politique\/rencontre-lassociation-des-juristes-de-lachat-public-organise-un-colloque-a-paris\"},\"author\":{\"name\":\"cfeditorfr\",\"@id\":\"https:\/\/www.africa-press.net\/congo-brazzaville\/#\/schema\/person\/2b1cf3cd81a31e3cd26889ca66d677f1\"},\"headline\":\"Rencontre: l\u2019Association des juristes de l&rsquo;achat public organise un colloque \u00e0 Paris\",\"datePublished\":\"2023-03-11T12:58:05+00:00\",\"dateModified\":\"2023-03-11T12:59:49+00:00\",\"mainEntityOfPage\":{\"@id\":\"https:\/\/www.africa-press.net\/congo-brazzaville\/politique\/rencontre-lassociation-des-juristes-de-lachat-public-organise-un-colloque-a-paris\"},\"wordCount\":422,\"commentCount\":0,\"image\":{\"@id\":\"https:\/\/www.africa-press.net\/congo-brazzaville\/politique\/rencontre-lassociation-des-juristes-de-lachat-public-organise-un-colloque-a-paris#primaryimage\"},\"thumbnailUrl\":\"https:\/\/static.africa-press.net\/congo-brazzaville\/sites\/51\/2023\/03\/postQueueImg_1678526889.77.jpg\",\"keywords\":[\"Africa Press\",\"Africa Press-Congo Brazzaville\",\"Congo Brazzaville\"],\"articleSection\":[\"Politique\",\"Toutes les actualit\u00e9s\"],\"inLanguage\":\"fr-FR\",\"potentialAction\":[{\"@type\":\"CommentAction\",\"name\":\"Comment\",\"target\":[\"https:\/\/www.africa-press.net\/congo-brazzaville\/politique\/rencontre-lassociation-des-juristes-de-lachat-public-organise-un-colloque-a-paris#respond\"]}]},{\"@type\":\"WebPage\",\"@id\":\"https:\/\/www.africa-press.net\/congo-brazzaville\/politique\/rencontre-lassociation-des-juristes-de-lachat-public-organise-un-colloque-a-paris\",\"url\":\"https:\/\/www.africa-press.net\/congo-brazzaville\/politique\/rencontre-lassociation-des-juristes-de-lachat-public-organise-un-colloque-a-paris\",\"name\":\"Rencontre: l\u2019Association des juristes de l'achat public organise un colloque \u00e0 Paris - Congo Brazzaville\",\"isPartOf\":{\"@id\":\"https:\/\/www.africa-press.net\/congo-brazzaville\/#website\"},\"primaryImageOfPage\":{\"@id\":\"https:\/\/www.africa-press.net\/congo-brazzaville\/politique\/rencontre-lassociation-des-juristes-de-lachat-public-organise-un-colloque-a-paris#primaryimage\"},\"image\":{\"@id\":\"https:\/\/www.africa-press.net\/congo-brazzaville\/politique\/rencontre-lassociation-des-juristes-de-lachat-public-organise-un-colloque-a-paris#primaryimage\"},\"thumbnailUrl\":\"https:\/\/static.africa-press.net\/congo-brazzaville\/sites\/51\/2023\/03\/postQueueImg_1678526889.77.jpg\",\"datePublished\":\"2023-03-11T12:58:05+00:00\",\"dateModified\":\"2023-03-11T12:59:49+00:00\",\"author\":{\"@id\":\"https:\/\/www.africa-press.net\/congo-brazzaville\/#\/schema\/person\/2b1cf3cd81a31e3cd26889ca66d677f1\"},\"description\":\"Dans le cadre du master 2 Achat public du de\u0301partement universitaire, dirige\u0301 par Jean-Marc Peyrical, l\u2019Association d ...\",\"breadcrumb\":{\"@id\":\"https:\/\/www.africa-press.net\/congo-brazzaville\/politique\/rencontre-lassociation-des-juristes-de-lachat-public-organise-un-colloque-a-paris#breadcrumb\"},\"inLanguage\":\"fr-FR\",\"potentialAction\":[{\"@type\":\"ReadAction\",\"target\":[\"https:\/\/www.africa-press.net\/congo-brazzaville\/politique\/rencontre-lassociation-des-juristes-de-lachat-public-organise-un-colloque-a-paris\"]}]},{\"@type\":\"ImageObject\",\"inLanguage\":\"fr-FR\",\"@id\":\"https:\/\/www.africa-press.net\/congo-brazzaville\/politique\/rencontre-lassociation-des-juristes-de-lachat-public-organise-un-colloque-a-paris#primaryimage\",\"url\":\"https:\/\/static.africa-press.net\/congo-brazzaville\/sites\/51\/2023\/03\/postQueueImg_1678526889.77.jpg\",\"contentUrl\":\"https:\/\/static.africa-press.net\/congo-brazzaville\/sites\/51\/2023\/03\/postQueueImg_1678526889.77.jpg\",\"width\":800,\"height\":267,\"caption\":\"Rencontre: l\u2019Association des juristes de l'achat public organise un colloque \u00e0 Paris\"},{\"@type\":\"BreadcrumbList\",\"@id\":\"https:\/\/www.africa-press.net\/congo-brazzaville\/politique\/rencontre-lassociation-des-juristes-de-lachat-public-organise-un-colloque-a-paris#breadcrumb\",\"itemListElement\":[{\"@type\":\"ListItem\",\"position\":1,\"name\":\"Accueil\",\"item\":\"https:\/\/www.africa-press.net\/congo-brazzaville\/\"},{\"@type\":\"ListItem\",\"position\":2,\"name\":\"Rencontre: l\u2019Association des juristes de l&rsquo;achat public organise un colloque \u00e0 Paris\"}]},{\"@type\":\"WebSite\",\"@id\":\"https:\/\/www.africa-press.net\/congo-brazzaville\/#website\",\"url\":\"https:\/\/www.africa-press.net\/congo-brazzaville\/\",\"name\":\"Congo Brazzaville\",\"description\":\"Just another Africa News Agency Sites site\",\"potentialAction\":[{\"@type\":\"SearchAction\",\"target\":{\"@type\":\"EntryPoint\",\"urlTemplate\":\"https:\/\/www.africa-press.net\/congo-brazzaville\/?s={search_term_string}\"},\"query-input\":{\"@type\":\"PropertyValueSpecification\",\"valueRequired\":true,\"valueName\":\"search_term_string\"}}],\"inLanguage\":\"fr-FR\"},{\"@type\":\"Person\",\"@id\":\"https:\/\/www.africa-press.net\/congo-brazzaville\/#\/schema\/person\/2b1cf3cd81a31e3cd26889ca66d677f1\",\"name\":\"cfeditorfr\"}]}<\/script>\n<!-- \/ Yoast SEO Premium plugin. -->","yoast_head_json":{"title":"Rencontre: l\u2019Association des juristes de l'achat public organise un colloque \u00e0 Paris - Congo Brazzaville","description":"Dans le cadre du master 2 Achat public du de\u0301partement universitaire, dirige\u0301 par Jean-Marc Peyrical, l\u2019Association d ...","robots":{"index":"index","follow":"follow","max-snippet":"max-snippet:-1","max-image-preview":"max-image-preview:large","max-video-preview":"max-video-preview:-1"},"canonical":"https:\/\/www.africa-press.net\/congo-brazzaville\/politique\/rencontre-lassociation-des-juristes-de-lachat-public-organise-un-colloque-a-paris","og_locale":"fr_FR","og_type":"article","og_title":"Rencontre: l\u2019Association des juristes de l'achat public organise un colloque \u00e0 Paris","og_description":"Dans le cadre du master 2 Achat public du de\u0301partement universitaire, dirige\u0301 par Jean-Marc Peyrical, l\u2019Association d ...","og_url":"https:\/\/www.africa-press.net\/congo-brazzaville\/politique\/rencontre-lassociation-des-juristes-de-lachat-public-organise-un-colloque-a-paris","og_site_name":"Congo Brazzaville","article_published_time":"2023-03-11T12:58:05+00:00","article_modified_time":"2023-03-11T12:59:49+00:00","og_image":[{"width":800,"height":267,"url":"https:\/\/static.africa-press.net\/congo-brazzaville\/sites\/51\/2023\/03\/postQueueImg_1678526889.77.jpg","type":"image\/jpeg"}],"author":"cfeditorfr","twitter_card":"summary_large_image","twitter_misc":{"\u00c9crit par":"cfeditorfr","Dur\u00e9e de lecture estim\u00e9e":"2 minutes"},"schema":{"@context":"https:\/\/schema.org","@graph":[{"@type":"Article","@id":"https:\/\/www.africa-press.net\/congo-brazzaville\/politique\/rencontre-lassociation-des-juristes-de-lachat-public-organise-un-colloque-a-paris#article","isPartOf":{"@id":"https:\/\/www.africa-press.net\/congo-brazzaville\/politique\/rencontre-lassociation-des-juristes-de-lachat-public-organise-un-colloque-a-paris"},"author":{"name":"cfeditorfr","@id":"https:\/\/www.africa-press.net\/congo-brazzaville\/#\/schema\/person\/2b1cf3cd81a31e3cd26889ca66d677f1"},"headline":"Rencontre: l\u2019Association des juristes de l&rsquo;achat public organise un colloque \u00e0 Paris","datePublished":"2023-03-11T12:58:05+00:00","dateModified":"2023-03-11T12:59:49+00:00","mainEntityOfPage":{"@id":"https:\/\/www.africa-press.net\/congo-brazzaville\/politique\/rencontre-lassociation-des-juristes-de-lachat-public-organise-un-colloque-a-paris"},"wordCount":422,"commentCount":0,"image":{"@id":"https:\/\/www.africa-press.net\/congo-brazzaville\/politique\/rencontre-lassociation-des-juristes-de-lachat-public-organise-un-colloque-a-paris#primaryimage"},"thumbnailUrl":"https:\/\/static.africa-press.net\/congo-brazzaville\/sites\/51\/2023\/03\/postQueueImg_1678526889.77.jpg","keywords":["Africa Press","Africa Press-Congo Brazzaville","Congo Brazzaville"],"articleSection":["Politique","Toutes les actualit\u00e9s"],"inLanguage":"fr-FR","potentialAction":[{"@type":"CommentAction","name":"Comment","target":["https:\/\/www.africa-press.net\/congo-brazzaville\/politique\/rencontre-lassociation-des-juristes-de-lachat-public-organise-un-colloque-a-paris#respond"]}]},{"@type":"WebPage","@id":"https:\/\/www.africa-press.net\/congo-brazzaville\/politique\/rencontre-lassociation-des-juristes-de-lachat-public-organise-un-colloque-a-paris","url":"https:\/\/www.africa-press.net\/congo-brazzaville\/politique\/rencontre-lassociation-des-juristes-de-lachat-public-organise-un-colloque-a-paris","name":"Rencontre: l\u2019Association des juristes de l'achat public organise un colloque \u00e0 Paris - Congo Brazzaville","isPartOf":{"@id":"https:\/\/www.africa-press.net\/congo-brazzaville\/#website"},"primaryImageOfPage":{"@id":"https:\/\/www.africa-press.net\/congo-brazzaville\/politique\/rencontre-lassociation-des-juristes-de-lachat-public-organise-un-colloque-a-paris#primaryimage"},"image":{"@id":"https:\/\/www.africa-press.net\/congo-brazzaville\/politique\/rencontre-lassociation-des-juristes-de-lachat-public-organise-un-colloque-a-paris#primaryimage"},"thumbnailUrl":"https:\/\/static.africa-press.net\/congo-brazzaville\/sites\/51\/2023\/03\/postQueueImg_1678526889.77.jpg","datePublished":"2023-03-11T12:58:05+00:00","dateModified":"2023-03-11T12:59:49+00:00","author":{"@id":"https:\/\/www.africa-press.net\/congo-brazzaville\/#\/schema\/person\/2b1cf3cd81a31e3cd26889ca66d677f1"},"description":"Dans le cadre du master 2 Achat public du de\u0301partement universitaire, dirige\u0301 par Jean-Marc Peyrical, l\u2019Association d ...","breadcrumb":{"@id":"https:\/\/www.africa-press.net\/congo-brazzaville\/politique\/rencontre-lassociation-des-juristes-de-lachat-public-organise-un-colloque-a-paris#breadcrumb"},"inLanguage":"fr-FR","potentialAction":[{"@type":"ReadAction","target":["https:\/\/www.africa-press.net\/congo-brazzaville\/politique\/rencontre-lassociation-des-juristes-de-lachat-public-organise-un-colloque-a-paris"]}]},{"@type":"ImageObject","inLanguage":"fr-FR","@id":"https:\/\/www.africa-press.net\/congo-brazzaville\/politique\/rencontre-lassociation-des-juristes-de-lachat-public-organise-un-colloque-a-paris#primaryimage","url":"https:\/\/static.africa-press.net\/congo-brazzaville\/sites\/51\/2023\/03\/postQueueImg_1678526889.77.jpg","contentUrl":"https:\/\/static.africa-press.net\/congo-brazzaville\/sites\/51\/2023\/03\/postQueueImg_1678526889.77.jpg","width":800,"height":267,"caption":"Rencontre: l\u2019Association des juristes de l'achat public organise un colloque \u00e0 Paris"},{"@type":"BreadcrumbList","@id":"https:\/\/www.africa-press.net\/congo-brazzaville\/politique\/rencontre-lassociation-des-juristes-de-lachat-public-organise-un-colloque-a-paris#breadcrumb","itemListElement":[{"@type":"ListItem","position":1,"name":"Accueil","item":"https:\/\/www.africa-press.net\/congo-brazzaville\/"},{"@type":"ListItem","position":2,"name":"Rencontre: l\u2019Association des juristes de l&rsquo;achat public organise un colloque \u00e0 Paris"}]},{"@type":"WebSite","@id":"https:\/\/www.africa-press.net\/congo-brazzaville\/#website","url":"https:\/\/www.africa-press.net\/congo-brazzaville\/","name":"Congo Brazzaville","description":"Just another Africa News Agency Sites site","potentialAction":[{"@type":"SearchAction","target":{"@type":"EntryPoint","urlTemplate":"https:\/\/www.africa-press.net\/congo-brazzaville\/?s={search_term_string}"},"query-input":{"@type":"PropertyValueSpecification","valueRequired":true,"valueName":"search_term_string"}}],"inLanguage":"fr-FR"},{"@type":"Person","@id":"https:\/\/www.africa-press.net\/congo-brazzaville\/#\/schema\/person\/2b1cf3cd81a31e3cd26889ca66d677f1","name":"cfeditorfr"}]}},"_links":{"self":[{"href":"https:\/\/www.africa-press.net\/congo-brazzaville\/wp-json\/wp\/v2\/posts\/15487","targetHints":{"allow":["GET"]}}],"collection":[{"href":"https:\/\/www.africa-press.net\/congo-brazzaville\/wp-json\/wp\/v2\/posts"}],"about":[{"href":"https:\/\/www.africa-press.net\/congo-brazzaville\/wp-json\/wp\/v2\/types\/post"}],"author":[{"embeddable":true,"href":"https:\/\/www.africa-press.net\/congo-brazzaville\/wp-json\/wp\/v2\/users\/82"}],"replies":[{"embeddable":true,"href":"https:\/\/www.africa-press.net\/congo-brazzaville\/wp-json\/wp\/v2\/comments?post=15487"}],"version-history":[{"count":0,"href":"https:\/\/www.africa-press.net\/congo-brazzaville\/wp-json\/wp\/v2\/posts\/15487\/revisions"}],"wp:featuredmedia":[{"embeddable":true,"href":"https:\/\/www.africa-press.net\/congo-brazzaville\/wp-json\/wp\/v2\/media\/15486"}],"wp:attachment":[{"href":"https:\/\/www.africa-press.net\/congo-brazzaville\/wp-json\/wp\/v2\/media?parent=15487"}],"wp:term":[{"taxonomy":"category","embeddable":true,"href":"https:\/\/www.africa-press.net\/congo-brazzaville\/wp-json\/wp\/v2\/categories?post=15487"},{"taxonomy":"post_tag","embeddable":true,"href":"https:\/\/www.africa-press.net\/congo-brazzaville\/wp-json\/wp\/v2\/tags?post=15487"}],"curies":[{"name":"wp","href":"https:\/\/api.w.org\/{rel}","templated":true}]}}