{"id":15495,"date":"2023-03-11T12:58:30","date_gmt":"2023-03-11T12:58:30","guid":{"rendered":"https:\/\/www.africa-press.net\/congo-brazzaville\/politique\/pref-cemac-des-resultats-satisfaisants-apres-six-annees-de-reformes"},"modified":"2023-03-11T13:00:47","modified_gmt":"2023-03-11T13:00:47","slug":"pref-cemac-des-resultats-satisfaisants-apres-six-annees-de-reformes","status":"publish","type":"post","link":"https:\/\/www.africa-press.net\/congo-brazzaville\/economie\/pref-cemac-des-resultats-satisfaisants-apres-six-annees-de-reformes","title":{"rendered":"Pref-C\u00e9mac : des r\u00e9sultats satisfaisants apr\u00e8s six ann\u00e9es de r\u00e9formes"},"content":{"rendered":"<p><span style=\"color: #ff6600\"><strong>Africa-Press &#8211; Congo Brazzaville. <\/strong><\/span><b>Lance\u0301 en de\u0301cembre 2016, le Programme des re\u0301formes e\u0301conomiques et financie\u0300res de la Communaute\u0301 e\u0301conomique et mone\u0301taire de l\u2019Afrique centrale (Pref-Ce\u0301mac) a permis a\u0300 ce jour de consolider la politique mone\u0301taire communautaire, le syste\u0300me bancaire et la gestion de la Banque centrale. <\/b><\/p>\n<p>La sous-re\u0301gion Ce\u0301mac a atteint 95% d\u2019exe\u0301cution du programme, a estime\u0301 le gouverneur de la Banque des E\u0301tats de l\u2019Afrique centrale (BEAC), Abbas Mahamat Tolli. Celui-ci a fait le point de l\u2019e\u0301volution de la mise en \u0153uvre des re\u0301formes, le 9 mars a\u0300 Oyo, dans la Cuvette, au chef de l\u2019E\u0301tat, Denis Sassou N\u2019Guesso.<\/p>\n<p>\u00ab Des e\u0301volutions ont e\u0301te\u0301 enregistre\u0301es sur les plateformes de transfert de fonds dans la zone, de la fusion des marche\u0301s boursiers de la Ce\u0301mac, la mai\u0302trise de l\u2019inflation, y compris la mise en circulation d&rsquo;une nouvelle gamme de billets par la BEAC. Sur le volet de la se\u0301curisation des signes mone\u0301taires, apre\u0300s vingt ans, nous avons pu changer de gamme de billets. La nouvelle politique a fait que les nouveaux billets inte\u0300grent un e\u0301le\u0301ment d&rsquo;inte\u0301gration plus forte \u00bb, a de\u0301clare\u0301 Abbas Mahamat Tolli.<\/p>\n<p>Des avance\u0301es positives ont aussi e\u0301te\u0301 observe\u0301es en matie\u0300re du cadre ope\u0301rationnel de la politique mone\u0301taire, de la gouvernance au niveau de la Banque centrale. La zone Ce\u0301mac a fait des progre\u0300s, selon le gouverneur de la Banque centrale, sur la gestion et l\u2019exploitation de la BEAC, notamment l\u2019e\u0301volution des textes qui encadrent le fonctionnement des plateformes, du syste\u0300me financier de la Ce\u0301mac ainsi que du syste\u0300me bancaire.<\/p>\n<p>Le prochain sommet des chefs d\u2019E\u0301tat et de gouvernements de la Ce\u0301mac, pre\u0301vu le 17 mars a\u0300 Yaounde\u0301, au Cameroun, va sans doute proce\u0301der a\u0300 l\u2019e\u0301valuation des re\u0301formes amorce\u0301es jusque-la\u0300 par la sous-re\u0301gion. Il faut ajouter que le dernier comite\u0301 de pilotage du Pref-Ce\u0301mac, tenu le 27 janvier a\u0300 Douala, a recommande\u0301 le rapatriement des fonds publics de\u0301tenus a\u0300 l\u2019e\u0301tranger par les E\u0301tats et les entreprises publiques.<\/p>\n<p>La mesure vise a\u0300 contribuer a\u0300 la reconstitution des re\u0301serves de change et de soutenir le financement des e\u0301conomies nationales durement impacte\u0301es par les effets ne\u0301gatifs de la double crise e\u0301conomique et sanitaire. Le comite\u0301 a e\u0301galement sugge\u0301re\u0301 la finalisation du texte communautaire sur la mise en \u0153uvre des projets en mode partenariat public-prive\u0301 avant la fin du premier trimestre de l\u2019anne\u0301e et du processus d\u2019identification des points de construction des trois autres postes-frontie\u0300res.<\/p>\n<p>Les six pays de la Ce\u0301mac (Cameroun, Centrafrique, Congo, Gabon, Guine\u0301e e\u0301quatoriale et Tchad) ont e\u0301te\u0301 invite\u0301s a\u0300 signer la convention de gestion du compte unique du tre\u0301sor et a\u0300 maintenir l\u2019appui de la BEAC pour favoriser l\u2019application inte\u0301grale et uniforme de la re\u0300glementation de change, conforme\u0301ment aux de\u0301cisions des chefs d\u2019E\u0301tat.<\/p>\n<p><strong>Pour plus d&rsquo;informations et d&rsquo;analyses sur la <a href=\"https:\/\/www.africa-press.net\/congo-brazzaville\">Congo Brazzaville<\/a>, suivez <a href=\"https:\/\/www.africa-press.net\/\">Africa-Press<\/a><\/strong><\/p>\n","protected":false},"excerpt":{"rendered":"<p>Africa-Press &#8211; Congo Brazzaville. Lance\u0301 en de\u0301cembre 2016, le Programme des re\u0301formes e\u0301conomiques et financie\u0300res de la Communaute\u0301 e\u0301conomique et mone\u0301taire de l\u2019Afrique centrale (Pref-Ce\u0301mac) a permis a\u0300 ce jour de consolider la politique mone\u0301taire communautaire, le syste\u0300me bancaire et la gestion de la Banque centrale. La sous-re\u0301gion Ce\u0301mac a atteint 95% d\u2019exe\u0301cution du programme, [&hellip;]<\/p>\n","protected":false},"author":82,"featured_media":15493,"comment_status":"open","ping_status":"closed","sticky":false,"template":"","format":"standard","meta":{"footnotes":""},"categories":[3,10],"tags":[36,47,46],"class_list":["post-15495","post","type-post","status-publish","format-standard","has-post-thumbnail","hentry","category-economie","category-toutes-les-actualites","tag-africa-press","tag-africa-press-congo-brazzaville","tag-congo-brazzaville"],"yoast_head":"<!-- This site is optimized with the Yoast SEO Premium plugin v26.1 (Yoast SEO v27.0) - https:\/\/yoast.com\/product\/yoast-seo-premium-wordpress\/ -->\n<title>Pref-C\u00e9mac : des r\u00e9sultats satisfaisants apr\u00e8s six ann\u00e9es de r\u00e9formes - Congo Brazzaville<\/title>\n<meta name=\"description\" content=\"Lance\u0301 en de\u0301cembre 2016, le Programme des re\u0301formes e\u0301conomiques et financie\u0300res de la Communaute\u0301 e\u0301conomique et mo ...\" \/>\n<meta name=\"robots\" content=\"index, follow, max-snippet:-1, max-image-preview:large, max-video-preview:-1\" \/>\n<link rel=\"canonical\" href=\"https:\/\/www.africa-press.net\/congo-brazzaville\/economie\/pref-cemac-des-resultats-satisfaisants-apres-six-annees-de-reformes\" \/>\n<meta property=\"og:locale\" content=\"fr_FR\" \/>\n<meta property=\"og:type\" content=\"article\" \/>\n<meta property=\"og:title\" content=\"Pref-C\u00e9mac : des r\u00e9sultats satisfaisants apr\u00e8s six ann\u00e9es de r\u00e9formes\" \/>\n<meta property=\"og:description\" content=\"Lance\u0301 en de\u0301cembre 2016, le Programme des re\u0301formes e\u0301conomiques et financie\u0300res de la Communaute\u0301 e\u0301conomique et mo ...\" \/>\n<meta property=\"og:url\" content=\"https:\/\/www.africa-press.net\/congo-brazzaville\/economie\/pref-cemac-des-resultats-satisfaisants-apres-six-annees-de-reformes\" \/>\n<meta property=\"og:site_name\" content=\"Congo Brazzaville\" \/>\n<meta property=\"article:published_time\" content=\"2023-03-11T12:58:30+00:00\" \/>\n<meta property=\"article:modified_time\" content=\"2023-03-11T13:00:47+00:00\" \/>\n<meta property=\"og:image\" content=\"https:\/\/static.africa-press.net\/congo-brazzaville\/sites\/51\/2023\/03\/postQueueImg_1678526923.08.jpg\" \/>\n\t<meta property=\"og:image:width\" content=\"1280\" \/>\n\t<meta property=\"og:image:height\" content=\"720\" \/>\n\t<meta property=\"og:image:type\" content=\"image\/jpeg\" \/>\n<meta name=\"author\" content=\"cfeditorfr\" \/>\n<meta name=\"twitter:card\" content=\"summary_large_image\" \/>\n<meta name=\"twitter:label1\" content=\"\u00c9crit par\" \/>\n\t<meta name=\"twitter:data1\" content=\"cfeditorfr\" \/>\n\t<meta name=\"twitter:label2\" content=\"Dur\u00e9e de lecture estim\u00e9e\" \/>\n\t<meta name=\"twitter:data2\" content=\"3 minutes\" \/>\n<script type=\"application\/ld+json\" class=\"yoast-schema-graph\">{\"@context\":\"https:\/\/schema.org\",\"@graph\":[{\"@type\":\"Article\",\"@id\":\"https:\/\/www.africa-press.net\/congo-brazzaville\/economie\/pref-cemac-des-resultats-satisfaisants-apres-six-annees-de-reformes#article\",\"isPartOf\":{\"@id\":\"https:\/\/www.africa-press.net\/congo-brazzaville\/economie\/pref-cemac-des-resultats-satisfaisants-apres-six-annees-de-reformes\"},\"author\":{\"name\":\"cfeditorfr\",\"@id\":\"https:\/\/www.africa-press.net\/congo-brazzaville\/#\/schema\/person\/2b1cf3cd81a31e3cd26889ca66d677f1\"},\"headline\":\"Pref-C\u00e9mac : des r\u00e9sultats satisfaisants apr\u00e8s six ann\u00e9es de r\u00e9formes\",\"datePublished\":\"2023-03-11T12:58:30+00:00\",\"dateModified\":\"2023-03-11T13:00:47+00:00\",\"mainEntityOfPage\":{\"@id\":\"https:\/\/www.africa-press.net\/congo-brazzaville\/economie\/pref-cemac-des-resultats-satisfaisants-apres-six-annees-de-reformes\"},\"wordCount\":558,\"commentCount\":0,\"image\":{\"@id\":\"https:\/\/www.africa-press.net\/congo-brazzaville\/economie\/pref-cemac-des-resultats-satisfaisants-apres-six-annees-de-reformes#primaryimage\"},\"thumbnailUrl\":\"https:\/\/static.africa-press.net\/congo-brazzaville\/sites\/51\/2023\/03\/postQueueImg_1678526923.08.jpg\",\"keywords\":[\"Africa Press\",\"Africa Press-Congo Brazzaville\",\"Congo Brazzaville\"],\"articleSection\":[\"\u00c9conomie\",\"Toutes les actualit\u00e9s\"],\"inLanguage\":\"fr-FR\",\"potentialAction\":[{\"@type\":\"CommentAction\",\"name\":\"Comment\",\"target\":[\"https:\/\/www.africa-press.net\/congo-brazzaville\/economie\/pref-cemac-des-resultats-satisfaisants-apres-six-annees-de-reformes#respond\"]}]},{\"@type\":\"WebPage\",\"@id\":\"https:\/\/www.africa-press.net\/congo-brazzaville\/economie\/pref-cemac-des-resultats-satisfaisants-apres-six-annees-de-reformes\",\"url\":\"https:\/\/www.africa-press.net\/congo-brazzaville\/economie\/pref-cemac-des-resultats-satisfaisants-apres-six-annees-de-reformes\",\"name\":\"Pref-C\u00e9mac : des r\u00e9sultats satisfaisants apr\u00e8s six ann\u00e9es de r\u00e9formes - Congo Brazzaville\",\"isPartOf\":{\"@id\":\"https:\/\/www.africa-press.net\/congo-brazzaville\/#website\"},\"primaryImageOfPage\":{\"@id\":\"https:\/\/www.africa-press.net\/congo-brazzaville\/economie\/pref-cemac-des-resultats-satisfaisants-apres-six-annees-de-reformes#primaryimage\"},\"image\":{\"@id\":\"https:\/\/www.africa-press.net\/congo-brazzaville\/economie\/pref-cemac-des-resultats-satisfaisants-apres-six-annees-de-reformes#primaryimage\"},\"thumbnailUrl\":\"https:\/\/static.africa-press.net\/congo-brazzaville\/sites\/51\/2023\/03\/postQueueImg_1678526923.08.jpg\",\"datePublished\":\"2023-03-11T12:58:30+00:00\",\"dateModified\":\"2023-03-11T13:00:47+00:00\",\"author\":{\"@id\":\"https:\/\/www.africa-press.net\/congo-brazzaville\/#\/schema\/person\/2b1cf3cd81a31e3cd26889ca66d677f1\"},\"description\":\"Lance\u0301 en de\u0301cembre 2016, le Programme des re\u0301formes e\u0301conomiques et financie\u0300res de la Communaute\u0301 e\u0301conomique et mo ...\",\"breadcrumb\":{\"@id\":\"https:\/\/www.africa-press.net\/congo-brazzaville\/economie\/pref-cemac-des-resultats-satisfaisants-apres-six-annees-de-reformes#breadcrumb\"},\"inLanguage\":\"fr-FR\",\"potentialAction\":[{\"@type\":\"ReadAction\",\"target\":[\"https:\/\/www.africa-press.net\/congo-brazzaville\/economie\/pref-cemac-des-resultats-satisfaisants-apres-six-annees-de-reformes\"]}]},{\"@type\":\"ImageObject\",\"inLanguage\":\"fr-FR\",\"@id\":\"https:\/\/www.africa-press.net\/congo-brazzaville\/economie\/pref-cemac-des-resultats-satisfaisants-apres-six-annees-de-reformes#primaryimage\",\"url\":\"https:\/\/static.africa-press.net\/congo-brazzaville\/sites\/51\/2023\/03\/postQueueImg_1678526923.08.jpg\",\"contentUrl\":\"https:\/\/static.africa-press.net\/congo-brazzaville\/sites\/51\/2023\/03\/postQueueImg_1678526923.08.jpg\",\"width\":1280,\"height\":720,\"caption\":\"Pref-C\u00e9mac : des r\u00e9sultats satisfaisants apr\u00e8s six ann\u00e9es de r\u00e9formes\"},{\"@type\":\"BreadcrumbList\",\"@id\":\"https:\/\/www.africa-press.net\/congo-brazzaville\/economie\/pref-cemac-des-resultats-satisfaisants-apres-six-annees-de-reformes#breadcrumb\",\"itemListElement\":[{\"@type\":\"ListItem\",\"position\":1,\"name\":\"Accueil\",\"item\":\"https:\/\/www.africa-press.net\/congo-brazzaville\/\"},{\"@type\":\"ListItem\",\"position\":2,\"name\":\"Pref-C\u00e9mac : des r\u00e9sultats satisfaisants apr\u00e8s six ann\u00e9es de r\u00e9formes\"}]},{\"@type\":\"WebSite\",\"@id\":\"https:\/\/www.africa-press.net\/congo-brazzaville\/#website\",\"url\":\"https:\/\/www.africa-press.net\/congo-brazzaville\/\",\"name\":\"Congo Brazzaville\",\"description\":\"Just another Africa News Agency Sites site\",\"potentialAction\":[{\"@type\":\"SearchAction\",\"target\":{\"@type\":\"EntryPoint\",\"urlTemplate\":\"https:\/\/www.africa-press.net\/congo-brazzaville\/?s={search_term_string}\"},\"query-input\":{\"@type\":\"PropertyValueSpecification\",\"valueRequired\":true,\"valueName\":\"search_term_string\"}}],\"inLanguage\":\"fr-FR\"},{\"@type\":\"Person\",\"@id\":\"https:\/\/www.africa-press.net\/congo-brazzaville\/#\/schema\/person\/2b1cf3cd81a31e3cd26889ca66d677f1\",\"name\":\"cfeditorfr\"}]}<\/script>\n<!-- \/ Yoast SEO Premium plugin. -->","yoast_head_json":{"title":"Pref-C\u00e9mac : des r\u00e9sultats satisfaisants apr\u00e8s six ann\u00e9es de r\u00e9formes - Congo Brazzaville","description":"Lance\u0301 en de\u0301cembre 2016, le Programme des re\u0301formes e\u0301conomiques et financie\u0300res de la Communaute\u0301 e\u0301conomique et mo ...","robots":{"index":"index","follow":"follow","max-snippet":"max-snippet:-1","max-image-preview":"max-image-preview:large","max-video-preview":"max-video-preview:-1"},"canonical":"https:\/\/www.africa-press.net\/congo-brazzaville\/economie\/pref-cemac-des-resultats-satisfaisants-apres-six-annees-de-reformes","og_locale":"fr_FR","og_type":"article","og_title":"Pref-C\u00e9mac : des r\u00e9sultats satisfaisants apr\u00e8s six ann\u00e9es de r\u00e9formes","og_description":"Lance\u0301 en de\u0301cembre 2016, le Programme des re\u0301formes e\u0301conomiques et financie\u0300res de la Communaute\u0301 e\u0301conomique et mo ...","og_url":"https:\/\/www.africa-press.net\/congo-brazzaville\/economie\/pref-cemac-des-resultats-satisfaisants-apres-six-annees-de-reformes","og_site_name":"Congo Brazzaville","article_published_time":"2023-03-11T12:58:30+00:00","article_modified_time":"2023-03-11T13:00:47+00:00","og_image":[{"width":1280,"height":720,"url":"https:\/\/static.africa-press.net\/congo-brazzaville\/sites\/51\/2023\/03\/postQueueImg_1678526923.08.jpg","type":"image\/jpeg"}],"author":"cfeditorfr","twitter_card":"summary_large_image","twitter_misc":{"\u00c9crit par":"cfeditorfr","Dur\u00e9e de lecture estim\u00e9e":"3 minutes"},"schema":{"@context":"https:\/\/schema.org","@graph":[{"@type":"Article","@id":"https:\/\/www.africa-press.net\/congo-brazzaville\/economie\/pref-cemac-des-resultats-satisfaisants-apres-six-annees-de-reformes#article","isPartOf":{"@id":"https:\/\/www.africa-press.net\/congo-brazzaville\/economie\/pref-cemac-des-resultats-satisfaisants-apres-six-annees-de-reformes"},"author":{"name":"cfeditorfr","@id":"https:\/\/www.africa-press.net\/congo-brazzaville\/#\/schema\/person\/2b1cf3cd81a31e3cd26889ca66d677f1"},"headline":"Pref-C\u00e9mac : des r\u00e9sultats satisfaisants apr\u00e8s six ann\u00e9es de r\u00e9formes","datePublished":"2023-03-11T12:58:30+00:00","dateModified":"2023-03-11T13:00:47+00:00","mainEntityOfPage":{"@id":"https:\/\/www.africa-press.net\/congo-brazzaville\/economie\/pref-cemac-des-resultats-satisfaisants-apres-six-annees-de-reformes"},"wordCount":558,"commentCount":0,"image":{"@id":"https:\/\/www.africa-press.net\/congo-brazzaville\/economie\/pref-cemac-des-resultats-satisfaisants-apres-six-annees-de-reformes#primaryimage"},"thumbnailUrl":"https:\/\/static.africa-press.net\/congo-brazzaville\/sites\/51\/2023\/03\/postQueueImg_1678526923.08.jpg","keywords":["Africa Press","Africa Press-Congo Brazzaville","Congo Brazzaville"],"articleSection":["\u00c9conomie","Toutes les actualit\u00e9s"],"inLanguage":"fr-FR","potentialAction":[{"@type":"CommentAction","name":"Comment","target":["https:\/\/www.africa-press.net\/congo-brazzaville\/economie\/pref-cemac-des-resultats-satisfaisants-apres-six-annees-de-reformes#respond"]}]},{"@type":"WebPage","@id":"https:\/\/www.africa-press.net\/congo-brazzaville\/economie\/pref-cemac-des-resultats-satisfaisants-apres-six-annees-de-reformes","url":"https:\/\/www.africa-press.net\/congo-brazzaville\/economie\/pref-cemac-des-resultats-satisfaisants-apres-six-annees-de-reformes","name":"Pref-C\u00e9mac : des r\u00e9sultats satisfaisants apr\u00e8s six ann\u00e9es de r\u00e9formes - Congo Brazzaville","isPartOf":{"@id":"https:\/\/www.africa-press.net\/congo-brazzaville\/#website"},"primaryImageOfPage":{"@id":"https:\/\/www.africa-press.net\/congo-brazzaville\/economie\/pref-cemac-des-resultats-satisfaisants-apres-six-annees-de-reformes#primaryimage"},"image":{"@id":"https:\/\/www.africa-press.net\/congo-brazzaville\/economie\/pref-cemac-des-resultats-satisfaisants-apres-six-annees-de-reformes#primaryimage"},"thumbnailUrl":"https:\/\/static.africa-press.net\/congo-brazzaville\/sites\/51\/2023\/03\/postQueueImg_1678526923.08.jpg","datePublished":"2023-03-11T12:58:30+00:00","dateModified":"2023-03-11T13:00:47+00:00","author":{"@id":"https:\/\/www.africa-press.net\/congo-brazzaville\/#\/schema\/person\/2b1cf3cd81a31e3cd26889ca66d677f1"},"description":"Lance\u0301 en de\u0301cembre 2016, le Programme des re\u0301formes e\u0301conomiques et financie\u0300res de la Communaute\u0301 e\u0301conomique et mo ...","breadcrumb":{"@id":"https:\/\/www.africa-press.net\/congo-brazzaville\/economie\/pref-cemac-des-resultats-satisfaisants-apres-six-annees-de-reformes#breadcrumb"},"inLanguage":"fr-FR","potentialAction":[{"@type":"ReadAction","target":["https:\/\/www.africa-press.net\/congo-brazzaville\/economie\/pref-cemac-des-resultats-satisfaisants-apres-six-annees-de-reformes"]}]},{"@type":"ImageObject","inLanguage":"fr-FR","@id":"https:\/\/www.africa-press.net\/congo-brazzaville\/economie\/pref-cemac-des-resultats-satisfaisants-apres-six-annees-de-reformes#primaryimage","url":"https:\/\/static.africa-press.net\/congo-brazzaville\/sites\/51\/2023\/03\/postQueueImg_1678526923.08.jpg","contentUrl":"https:\/\/static.africa-press.net\/congo-brazzaville\/sites\/51\/2023\/03\/postQueueImg_1678526923.08.jpg","width":1280,"height":720,"caption":"Pref-C\u00e9mac : des r\u00e9sultats satisfaisants apr\u00e8s six ann\u00e9es de r\u00e9formes"},{"@type":"BreadcrumbList","@id":"https:\/\/www.africa-press.net\/congo-brazzaville\/economie\/pref-cemac-des-resultats-satisfaisants-apres-six-annees-de-reformes#breadcrumb","itemListElement":[{"@type":"ListItem","position":1,"name":"Accueil","item":"https:\/\/www.africa-press.net\/congo-brazzaville\/"},{"@type":"ListItem","position":2,"name":"Pref-C\u00e9mac : des r\u00e9sultats satisfaisants apr\u00e8s six ann\u00e9es de r\u00e9formes"}]},{"@type":"WebSite","@id":"https:\/\/www.africa-press.net\/congo-brazzaville\/#website","url":"https:\/\/www.africa-press.net\/congo-brazzaville\/","name":"Congo Brazzaville","description":"Just another Africa News Agency Sites site","potentialAction":[{"@type":"SearchAction","target":{"@type":"EntryPoint","urlTemplate":"https:\/\/www.africa-press.net\/congo-brazzaville\/?s={search_term_string}"},"query-input":{"@type":"PropertyValueSpecification","valueRequired":true,"valueName":"search_term_string"}}],"inLanguage":"fr-FR"},{"@type":"Person","@id":"https:\/\/www.africa-press.net\/congo-brazzaville\/#\/schema\/person\/2b1cf3cd81a31e3cd26889ca66d677f1","name":"cfeditorfr"}]}},"_links":{"self":[{"href":"https:\/\/www.africa-press.net\/congo-brazzaville\/wp-json\/wp\/v2\/posts\/15495","targetHints":{"allow":["GET"]}}],"collection":[{"href":"https:\/\/www.africa-press.net\/congo-brazzaville\/wp-json\/wp\/v2\/posts"}],"about":[{"href":"https:\/\/www.africa-press.net\/congo-brazzaville\/wp-json\/wp\/v2\/types\/post"}],"author":[{"embeddable":true,"href":"https:\/\/www.africa-press.net\/congo-brazzaville\/wp-json\/wp\/v2\/users\/82"}],"replies":[{"embeddable":true,"href":"https:\/\/www.africa-press.net\/congo-brazzaville\/wp-json\/wp\/v2\/comments?post=15495"}],"version-history":[{"count":0,"href":"https:\/\/www.africa-press.net\/congo-brazzaville\/wp-json\/wp\/v2\/posts\/15495\/revisions"}],"wp:featuredmedia":[{"embeddable":true,"href":"https:\/\/www.africa-press.net\/congo-brazzaville\/wp-json\/wp\/v2\/media\/15493"}],"wp:attachment":[{"href":"https:\/\/www.africa-press.net\/congo-brazzaville\/wp-json\/wp\/v2\/media?parent=15495"}],"wp:term":[{"taxonomy":"category","embeddable":true,"href":"https:\/\/www.africa-press.net\/congo-brazzaville\/wp-json\/wp\/v2\/categories?post=15495"},{"taxonomy":"post_tag","embeddable":true,"href":"https:\/\/www.africa-press.net\/congo-brazzaville\/wp-json\/wp\/v2\/tags?post=15495"}],"curies":[{"name":"wp","href":"https:\/\/api.w.org\/{rel}","templated":true}]}}