{"id":15503,"date":"2023-03-11T19:22:19","date_gmt":"2023-03-11T19:22:19","guid":{"rendered":"https:\/\/www.africa-press.net\/congo-brazzaville\/politique\/commemoration-les-10-ans-de-la-disparition-de-hugo-chavez-celebres-a-brazzaville"},"modified":"2023-03-11T19:57:46","modified_gmt":"2023-03-11T19:57:46","slug":"commemoration-les-10-ans-de-la-disparition-de-hugo-chavez-celebres-a-brazzaville","status":"publish","type":"post","link":"https:\/\/www.africa-press.net\/congo-brazzaville\/culture-et-art\/commemoration-les-10-ans-de-la-disparition-de-hugo-chavez-celebres-a-brazzaville","title":{"rendered":"Comm\u00e9moration: les 10 ans de la disparition de Hugo Ch\u00e0vez c\u00e9l\u00e9br\u00e9s \u00e0 Brazzaville"},"content":{"rendered":"<p><span style=\"color: #ff6600\"><strong>Africa-Press &#8211; Congo Brazzaville. <\/strong><\/span><b>Des jeunes apprenants de la langue espagnole latino-ame\u0301ricaine ont ce\u0301le\u0301bre\u0301, le 9 mars, les dix ans de la disparition du commandant Hugo Cha\u0300vez Frias, en pre\u0301sence de l\u2019ambassadeur de la Re\u0301publique bolivarienne du Venezuela au Congo, Anibal Jose\u0301 Marquez Munoz. <\/b><\/p>\n<p>L\u2019initiative de comme\u0301morer les dix ans de la disparition du commandant Hugo Cha\u0300vez Frias, pre\u0301sident de la Re\u0301publique bolivarienne du Venezuela, est des jeunes congolais e\u0301tudiant la langue espagnole latino-ame\u0301ricaine a\u0300 l\u2019ambassade de ce pays. La surveillante ge\u0301ne\u0301rale du lyce\u0301e Chaminade, le repre\u0301sentant de l\u2019ambassadeur de la Guine\u0301e e\u0301quatoriale et la repre\u0301sentante de la directrice de la Maison russe ont pris part a\u0300 ces festivite\u0301s. A l&rsquo;occasion, des jeunes congolais ont interpre\u0301te\u0301 et donne\u0301 lecture du discours e\u0301crit par Hugo Cha\u0300vez Frias, il y a de cela dix ans, lors du forum social Afrique-Ame\u0301rique latine, a\u0300 Malabo, en Guine\u0301e e\u0301quatoriale, et prononce\u0301 par son repre\u0301sentant, le chancelier de la Re\u0301publique bolivarienne du Venezuela, Elias Jaua Milano.<\/p>\n<p>Pre\u0301sent a\u0300 la ce\u0301re\u0301monie, le diplomate ve\u0301ne\u0301zue\u0301lien, Anibal Jose\u0301 Marquez Munoz, a rendu un hommage me\u0301rite\u0301 a\u0300 toutes les femmes du monde et du Congo en particulier a\u0300 l&rsquo;occasion de la ce\u0301le\u0301bration de la Journe\u0301e internationale des droits des femmes, tout en signifiant qu&rsquo;aujourd\u2019hui la femme congolaise a un ro\u0302le tre\u0300s important a\u0300 jouer.<\/p>\n<p>Parlant du message principal de ces retrouvailles, le diplomate ve\u0301ne\u0301zue\u0301lien a dit qu\u2019il s\u2019agissait de l\u2019union des peuples du Sud, du peuple africain et de sa souverainete\u0301. \u00ab Nous sommes satisfaits de la jeunesse congolaise qui a eu l\u2019initiative de rendre hommage a\u0300 la me\u0301moire du commandant Hugo Cha\u0300vez Frias&#8230; Je saisis cette opportunite\u0301 pour la fe\u0301liciter. C\u2019est la\u0300 ou\u0300 on signale l\u2019importance de l\u2019unite\u0301 entre l\u2019Afrique et l\u2019Ame\u0301rique latine, l\u2019unite\u0301 des peuples et de la souverainete\u0301. Parce que ce sont les deux continents les plus importants sur cette plane\u0300te. Les jeunes de ces deux continents sont bien place\u0301s pour promouvoir les inte\u0301re\u0302ts supe\u0301rieurs de nos peuples. Bref, cela confirme ce que nous disons au Venezuela : Chavez vit et la lutte continue \u00bb, a de\u0301clare\u0301 l\u2019ambassadeur Anibal Jose\u0301 Marquez Munoz.<\/p>\n<p><b>L\u2019Ame\u0301rique du sud et l\u2019Afrique, un me\u0302me peuple <\/b><\/p>\n<p>C\u2019est ce qui ressort des propos du commandant Hugo Cha\u0300vez Frias, prononce\u0301s lors du forum Afrique- Ame\u0301rique latine, a\u0300 Malabo, en 2013. Un discours de\u0301die\u0301 aux peuples d\u2019Afrique et d\u2019Ame\u0301rique latine. \u00ab Je le dis du plus haut de ma conscience, l\u2019Ame\u0301rique du Sud et l\u2019Afrique sont un me\u0302me peuple. On re\u0301ussit seulement a\u0300 comprendre la profondeur de la re\u0301alite\u0301 sociale et politique de notre continent dans les entrailles de l\u2019immense territoire africain ou\u0300, j\u2019en suis su\u0302r, l\u2019humanite\u0301 a pris naissance. De lui proviennent les codes et les e\u0301le\u0301ments qui composent le syncre\u0301tisme culturel, musical et religieux de notre Ame\u0301rique, cre\u0301ant une unite\u0301 non seulement raciale entre nos peuples mais aussi spirituelle \u00bb, avait-il e\u0301crit.<\/p>\n<p>Puis, il regrettait de ne pas e\u0302tre a\u0300 ce forum social Afrique- Ame\u0301rique latine. \u00ab Je regrette vraiment, du plus profond de mon e\u0302tre, de ne pouvoir e\u0302tre pre\u0301sent physiquement parmi vous pour vous re\u0301ite\u0301rer, par une since\u0300re accolade, mon irre\u0301vocable engagement en faveur de l\u2019unite\u0301 de nos peuples. Je suis pre\u0301sent, cependant, en la personne du chancelier de la Re\u0301publique bolivarienne du Venezuela, le camarade Elias Jaua Milano, a\u0300 qui j\u2019ai demande\u0301 de vous transmettre la plus vive expression de mon amour pour ces continents qui sont plus que fre\u0300res, unis par de solides liens historiques et destine\u0301s a\u0300 avancer ensemble vers leur re\u0301demption pleine et absolue. \u00bb Il lanc\u0327ait, pour la circonstance, cette invite : \u00ab Marchons donc vers notre union et notre inde\u0301pendance de\u0301finitive. En paraphrasant Bolivar, je dis maintenant : formons une patrie, un continent, un seul peuple, a\u0300 tout prix et tout le reste sera supportable. Vive l\u2019union sud-ame\u0301ricaine et africaine ! \u00bb.<\/p>\n<p>Rappelons que le pre\u0301sident ve\u0301ne\u0301zue\u0301lien Hugo Cha\u0300vez Frias est de\u0301ce\u0301de\u0301 le 5 mars 2013, a\u0300 l\u2019a\u0302ge de 58 ans, dans un ho\u0302pital militaire de la capitale, Caracas, des suites d\u2019un cancer.<\/p>\n\r\n                <style type=\"text\/css\">\r\n                    \r\n                    #td_uid_1_69f26523153c1  .td-doubleSlider-2 .td-item1 {\r\n                        background: url(https:\/\/static.africa-press.net\/congo-brazzaville\/sites\/51\/2023\/03\/postMediaimg_34_1-80x60.jpg) 0 0 no-repeat;\r\n                    }\r\n                    #td_uid_1_69f26523153c1  .td-doubleSlider-2 .td-item2 {\r\n                        background: url(https:\/\/static.africa-press.net\/congo-brazzaville\/sites\/51\/2023\/03\/postMediaimg_34_2-80x60.jpg) 0 0 no-repeat;\r\n                    }\r\n                <\/style>\r\n\r\n                <div id=\"td_uid_1_69f26523153c1\" class=\"td-gallery td-slide-on-2-columns\">\r\n                    <div class=\"post_td_gallery\">\r\n                        <div class=\"td-gallery-slide-top\">\r\n                           <div class=\"td-gallery-title\"><\/div>\r\n\r\n                            <div class=\"td-gallery-controls-wrapper\">\r\n                                <div class=\"td-gallery-slide-count\"><span class=\"td-gallery-slide-item-focus\">1<\/span> de 2<\/div>\r\n                                <div class=\"td-gallery-slide-prev-next-but\">\r\n                                    <i class = \"td-icon-left doubleSliderPrevButton\"><\/i>\r\n                                    <i class = \"td-icon-right doubleSliderNextButton\"><\/i>\r\n                                <\/div>\r\n                            <\/div>\r\n                        <\/div>\r\n\r\n                        <div class = \"td-doubleSlider-1 \">\r\n                            <div class = \"td-slider\">\r\n                                \r\n                    <div class = \"td-slide-item td-item1\">\r\n                        <figure class=\"td-slide-galery-figure td-slide-popup-gallery\">\r\n                            <a class=\"slide-gallery-image-link\" href=\"https:\/\/static.africa-press.net\/congo-brazzaville\/sites\/51\/2023\/03\/postMediaimg_34_1.jpg\" title=\"postMediaimg_34_1\"  data-caption=\"\"  data-description=\"\">\r\n                                <img decoding=\"async\" src=\"https:\/\/static.africa-press.net\/congo-brazzaville\/sites\/51\/2023\/03\/postMediaimg_34_1.jpg\" srcset=\"https:\/\/static.africa-press.net\/congo-brazzaville\/sites\/51\/2023\/03\/postMediaimg_34_1.jpg 1080w, https:\/\/static.africa-press.net\/congo-brazzaville\/sites\/51\/2023\/03\/postMediaimg_34_1-300x200.jpg 300w, https:\/\/static.africa-press.net\/congo-brazzaville\/sites\/51\/2023\/03\/postMediaimg_34_1-1024x684.jpg 1024w, https:\/\/static.africa-press.net\/congo-brazzaville\/sites\/51\/2023\/03\/postMediaimg_34_1-768x513.jpg 768w\" sizes=\"(max-width: 1080px) 100vw, 1080px\" alt=\"\">\r\n                            <\/a>\r\n                            \r\n                        <\/figure>\r\n                    <\/div>\r\n                    <div class = \"td-slide-item td-item2\">\r\n                        <figure class=\"td-slide-galery-figure td-slide-popup-gallery\">\r\n                            <a class=\"slide-gallery-image-link\" href=\"https:\/\/static.africa-press.net\/congo-brazzaville\/sites\/51\/2023\/03\/postMediaimg_34_2.jpg\" title=\"postMediaimg_34_2\"  data-caption=\"\"  data-description=\"\">\r\n                                <img decoding=\"async\" src=\"https:\/\/static.africa-press.net\/congo-brazzaville\/sites\/51\/2023\/03\/postMediaimg_34_2.jpg\" srcset=\"https:\/\/static.africa-press.net\/congo-brazzaville\/sites\/51\/2023\/03\/postMediaimg_34_2.jpg 875w, https:\/\/static.africa-press.net\/congo-brazzaville\/sites\/51\/2023\/03\/postMediaimg_34_2-300x140.jpg 300w, https:\/\/static.africa-press.net\/congo-brazzaville\/sites\/51\/2023\/03\/postMediaimg_34_2-768x359.jpg 768w\" sizes=\"(max-width: 875px) 100vw, 875px\" alt=\"\">\r\n                            <\/a>\r\n                            \r\n                        <\/figure>\r\n                    <\/div>\r\n                            <\/div>\r\n                        <\/div>\r\n\r\n                        <div class = \"td-doubleSlider-2\">\r\n                            <div class = \"td-slider\">\r\n                                \r\n                    <div class = \"td-button td-item1\">\r\n                        <div class = \"td-border\"><\/div>\r\n                    <\/div>\r\n                    <div class = \"td-button td-item2\">\r\n                        <div class = \"td-border\"><\/div>\r\n                    <\/div>\r\n                            <\/div>\r\n                        <\/div>\r\n\r\n                    <\/div>\r\n\r\n                <\/div>\r\n                \n<p><strong>Pour plus d&rsquo;informations et d&rsquo;analyses sur la <a href=\"https:\/\/www.africa-press.net\/congo-brazzaville\">Congo Brazzaville<\/a>, suivez <a href=\"https:\/\/www.africa-press.net\/\">Africa-Press<\/a><\/strong><\/p>\n","protected":false},"excerpt":{"rendered":"<p>Africa-Press &#8211; Congo Brazzaville. Des jeunes apprenants de la langue espagnole latino-ame\u0301ricaine ont ce\u0301le\u0301bre\u0301, le 9 mars, les dix ans de la disparition du commandant Hugo Cha\u0300vez Frias, en pre\u0301sence de l\u2019ambassadeur de la Re\u0301publique bolivarienne du Venezuela au Congo, Anibal Jose\u0301 Marquez Munoz. L\u2019initiative de comme\u0301morer les dix ans de la disparition du commandant [&hellip;]<\/p>\n","protected":false},"author":82,"featured_media":15502,"comment_status":"open","ping_status":"closed","sticky":false,"template":"","format":"standard","meta":{"footnotes":""},"categories":[5,8,10],"tags":[36,47,46],"class_list":["post-15503","post","type-post","status-publish","format-standard","has-post-thumbnail","hentry","category-culture-et-art","category-photo","category-toutes-les-actualites","tag-africa-press","tag-africa-press-congo-brazzaville","tag-congo-brazzaville"],"yoast_head":"<!-- This site is optimized with the Yoast SEO Premium plugin v26.1 (Yoast SEO v27.0) - https:\/\/yoast.com\/product\/yoast-seo-premium-wordpress\/ -->\n<title>Comm\u00e9moration: les 10 ans de la disparition de Hugo Ch\u00e0vez c\u00e9l\u00e9br\u00e9s \u00e0 Brazzaville - Congo Brazzaville<\/title>\n<meta name=\"description\" content=\"Des jeunes apprenants de la langue espagnole latino-ame\u0301ricaine ont ce\u0301le\u0301bre\u0301, le 9 mars, les dix ans de la disparit ...\" \/>\n<meta name=\"robots\" content=\"index, follow, max-snippet:-1, max-image-preview:large, max-video-preview:-1\" \/>\n<link rel=\"canonical\" href=\"https:\/\/www.africa-press.net\/congo-brazzaville\/culture-et-art\/commemoration-les-10-ans-de-la-disparition-de-hugo-chavez-celebres-a-brazzaville\" \/>\n<meta property=\"og:locale\" content=\"fr_FR\" \/>\n<meta property=\"og:type\" content=\"article\" \/>\n<meta property=\"og:title\" content=\"Comm\u00e9moration: les 10 ans de la disparition de Hugo Ch\u00e0vez c\u00e9l\u00e9br\u00e9s \u00e0 Brazzaville\" \/>\n<meta property=\"og:description\" content=\"Des jeunes apprenants de la langue espagnole latino-ame\u0301ricaine ont ce\u0301le\u0301bre\u0301, le 9 mars, les dix ans de la disparit ...\" \/>\n<meta property=\"og:url\" content=\"https:\/\/www.africa-press.net\/congo-brazzaville\/culture-et-art\/commemoration-les-10-ans-de-la-disparition-de-hugo-chavez-celebres-a-brazzaville\" \/>\n<meta property=\"og:site_name\" content=\"Congo Brazzaville\" \/>\n<meta property=\"article:published_time\" content=\"2023-03-11T19:22:19+00:00\" \/>\n<meta property=\"article:modified_time\" content=\"2023-03-11T19:57:46+00:00\" \/>\n<meta property=\"og:image\" content=\"https:\/\/static.africa-press.net\/congo-brazzaville\/sites\/51\/2023\/03\/postQueueImg_1678549945.22.jpg\" \/>\n\t<meta property=\"og:image:width\" content=\"1080\" \/>\n\t<meta property=\"og:image:height\" content=\"721\" \/>\n\t<meta property=\"og:image:type\" content=\"image\/jpeg\" \/>\n<meta name=\"author\" content=\"cfeditorfr\" \/>\n<meta name=\"twitter:card\" content=\"summary_large_image\" \/>\n<meta name=\"twitter:label1\" content=\"\u00c9crit par\" \/>\n\t<meta name=\"twitter:data1\" content=\"cfeditorfr\" \/>\n\t<meta name=\"twitter:label2\" content=\"Dur\u00e9e de lecture estim\u00e9e\" \/>\n\t<meta name=\"twitter:data2\" content=\"4 minutes\" \/>\n<script type=\"application\/ld+json\" class=\"yoast-schema-graph\">{\"@context\":\"https:\/\/schema.org\",\"@graph\":[{\"@type\":\"Article\",\"@id\":\"https:\/\/www.africa-press.net\/congo-brazzaville\/culture-et-art\/commemoration-les-10-ans-de-la-disparition-de-hugo-chavez-celebres-a-brazzaville#article\",\"isPartOf\":{\"@id\":\"https:\/\/www.africa-press.net\/congo-brazzaville\/culture-et-art\/commemoration-les-10-ans-de-la-disparition-de-hugo-chavez-celebres-a-brazzaville\"},\"author\":{\"name\":\"cfeditorfr\",\"@id\":\"https:\/\/www.africa-press.net\/congo-brazzaville\/#\/schema\/person\/2b1cf3cd81a31e3cd26889ca66d677f1\"},\"headline\":\"Comm\u00e9moration: les 10 ans de la disparition de Hugo Ch\u00e0vez c\u00e9l\u00e9br\u00e9s \u00e0 Brazzaville\",\"datePublished\":\"2023-03-11T19:22:19+00:00\",\"dateModified\":\"2023-03-11T19:57:46+00:00\",\"mainEntityOfPage\":{\"@id\":\"https:\/\/www.africa-press.net\/congo-brazzaville\/culture-et-art\/commemoration-les-10-ans-de-la-disparition-de-hugo-chavez-celebres-a-brazzaville\"},\"wordCount\":811,\"commentCount\":0,\"image\":{\"@id\":\"https:\/\/www.africa-press.net\/congo-brazzaville\/culture-et-art\/commemoration-les-10-ans-de-la-disparition-de-hugo-chavez-celebres-a-brazzaville#primaryimage\"},\"thumbnailUrl\":\"https:\/\/static.africa-press.net\/congo-brazzaville\/sites\/51\/2023\/03\/postQueueImg_1678549945.22.jpg\",\"keywords\":[\"Africa Press\",\"Africa Press-Congo Brazzaville\",\"Congo Brazzaville\"],\"articleSection\":[\"Culture et Art\",\"Photo\",\"Toutes les actualit\u00e9s\"],\"inLanguage\":\"fr-FR\",\"potentialAction\":[{\"@type\":\"CommentAction\",\"name\":\"Comment\",\"target\":[\"https:\/\/www.africa-press.net\/congo-brazzaville\/culture-et-art\/commemoration-les-10-ans-de-la-disparition-de-hugo-chavez-celebres-a-brazzaville#respond\"]}]},{\"@type\":\"WebPage\",\"@id\":\"https:\/\/www.africa-press.net\/congo-brazzaville\/culture-et-art\/commemoration-les-10-ans-de-la-disparition-de-hugo-chavez-celebres-a-brazzaville\",\"url\":\"https:\/\/www.africa-press.net\/congo-brazzaville\/culture-et-art\/commemoration-les-10-ans-de-la-disparition-de-hugo-chavez-celebres-a-brazzaville\",\"name\":\"Comm\u00e9moration: les 10 ans de la disparition de Hugo Ch\u00e0vez c\u00e9l\u00e9br\u00e9s \u00e0 Brazzaville - Congo Brazzaville\",\"isPartOf\":{\"@id\":\"https:\/\/www.africa-press.net\/congo-brazzaville\/#website\"},\"primaryImageOfPage\":{\"@id\":\"https:\/\/www.africa-press.net\/congo-brazzaville\/culture-et-art\/commemoration-les-10-ans-de-la-disparition-de-hugo-chavez-celebres-a-brazzaville#primaryimage\"},\"image\":{\"@id\":\"https:\/\/www.africa-press.net\/congo-brazzaville\/culture-et-art\/commemoration-les-10-ans-de-la-disparition-de-hugo-chavez-celebres-a-brazzaville#primaryimage\"},\"thumbnailUrl\":\"https:\/\/static.africa-press.net\/congo-brazzaville\/sites\/51\/2023\/03\/postQueueImg_1678549945.22.jpg\",\"datePublished\":\"2023-03-11T19:22:19+00:00\",\"dateModified\":\"2023-03-11T19:57:46+00:00\",\"author\":{\"@id\":\"https:\/\/www.africa-press.net\/congo-brazzaville\/#\/schema\/person\/2b1cf3cd81a31e3cd26889ca66d677f1\"},\"description\":\"Des jeunes apprenants de la langue espagnole latino-ame\u0301ricaine ont ce\u0301le\u0301bre\u0301, le 9 mars, les dix ans de la disparit ...\",\"breadcrumb\":{\"@id\":\"https:\/\/www.africa-press.net\/congo-brazzaville\/culture-et-art\/commemoration-les-10-ans-de-la-disparition-de-hugo-chavez-celebres-a-brazzaville#breadcrumb\"},\"inLanguage\":\"fr-FR\",\"potentialAction\":[{\"@type\":\"ReadAction\",\"target\":[\"https:\/\/www.africa-press.net\/congo-brazzaville\/culture-et-art\/commemoration-les-10-ans-de-la-disparition-de-hugo-chavez-celebres-a-brazzaville\"]}]},{\"@type\":\"ImageObject\",\"inLanguage\":\"fr-FR\",\"@id\":\"https:\/\/www.africa-press.net\/congo-brazzaville\/culture-et-art\/commemoration-les-10-ans-de-la-disparition-de-hugo-chavez-celebres-a-brazzaville#primaryimage\",\"url\":\"https:\/\/static.africa-press.net\/congo-brazzaville\/sites\/51\/2023\/03\/postQueueImg_1678549945.22.jpg\",\"contentUrl\":\"https:\/\/static.africa-press.net\/congo-brazzaville\/sites\/51\/2023\/03\/postQueueImg_1678549945.22.jpg\",\"width\":1080,\"height\":721,\"caption\":\"Comm\u00e9moration: les 10 ans de la disparition de Hugo Ch\u00e0vez c\u00e9l\u00e9br\u00e9s \u00e0 Brazzaville\"},{\"@type\":\"BreadcrumbList\",\"@id\":\"https:\/\/www.africa-press.net\/congo-brazzaville\/culture-et-art\/commemoration-les-10-ans-de-la-disparition-de-hugo-chavez-celebres-a-brazzaville#breadcrumb\",\"itemListElement\":[{\"@type\":\"ListItem\",\"position\":1,\"name\":\"Accueil\",\"item\":\"https:\/\/www.africa-press.net\/congo-brazzaville\/\"},{\"@type\":\"ListItem\",\"position\":2,\"name\":\"Comm\u00e9moration: les 10 ans de la disparition de Hugo Ch\u00e0vez c\u00e9l\u00e9br\u00e9s \u00e0 Brazzaville\"}]},{\"@type\":\"WebSite\",\"@id\":\"https:\/\/www.africa-press.net\/congo-brazzaville\/#website\",\"url\":\"https:\/\/www.africa-press.net\/congo-brazzaville\/\",\"name\":\"Congo Brazzaville\",\"description\":\"Just another Africa News Agency Sites site\",\"potentialAction\":[{\"@type\":\"SearchAction\",\"target\":{\"@type\":\"EntryPoint\",\"urlTemplate\":\"https:\/\/www.africa-press.net\/congo-brazzaville\/?s={search_term_string}\"},\"query-input\":{\"@type\":\"PropertyValueSpecification\",\"valueRequired\":true,\"valueName\":\"search_term_string\"}}],\"inLanguage\":\"fr-FR\"},{\"@type\":\"Person\",\"@id\":\"https:\/\/www.africa-press.net\/congo-brazzaville\/#\/schema\/person\/2b1cf3cd81a31e3cd26889ca66d677f1\",\"name\":\"cfeditorfr\"}]}<\/script>\n<!-- \/ Yoast SEO Premium plugin. -->","yoast_head_json":{"title":"Comm\u00e9moration: les 10 ans de la disparition de Hugo Ch\u00e0vez c\u00e9l\u00e9br\u00e9s \u00e0 Brazzaville - Congo Brazzaville","description":"Des jeunes apprenants de la langue espagnole latino-ame\u0301ricaine ont ce\u0301le\u0301bre\u0301, le 9 mars, les dix ans de la disparit ...","robots":{"index":"index","follow":"follow","max-snippet":"max-snippet:-1","max-image-preview":"max-image-preview:large","max-video-preview":"max-video-preview:-1"},"canonical":"https:\/\/www.africa-press.net\/congo-brazzaville\/culture-et-art\/commemoration-les-10-ans-de-la-disparition-de-hugo-chavez-celebres-a-brazzaville","og_locale":"fr_FR","og_type":"article","og_title":"Comm\u00e9moration: les 10 ans de la disparition de Hugo Ch\u00e0vez c\u00e9l\u00e9br\u00e9s \u00e0 Brazzaville","og_description":"Des jeunes apprenants de la langue espagnole latino-ame\u0301ricaine ont ce\u0301le\u0301bre\u0301, le 9 mars, les dix ans de la disparit ...","og_url":"https:\/\/www.africa-press.net\/congo-brazzaville\/culture-et-art\/commemoration-les-10-ans-de-la-disparition-de-hugo-chavez-celebres-a-brazzaville","og_site_name":"Congo Brazzaville","article_published_time":"2023-03-11T19:22:19+00:00","article_modified_time":"2023-03-11T19:57:46+00:00","og_image":[{"width":1080,"height":721,"url":"https:\/\/static.africa-press.net\/congo-brazzaville\/sites\/51\/2023\/03\/postQueueImg_1678549945.22.jpg","type":"image\/jpeg"}],"author":"cfeditorfr","twitter_card":"summary_large_image","twitter_misc":{"\u00c9crit par":"cfeditorfr","Dur\u00e9e de lecture estim\u00e9e":"4 minutes"},"schema":{"@context":"https:\/\/schema.org","@graph":[{"@type":"Article","@id":"https:\/\/www.africa-press.net\/congo-brazzaville\/culture-et-art\/commemoration-les-10-ans-de-la-disparition-de-hugo-chavez-celebres-a-brazzaville#article","isPartOf":{"@id":"https:\/\/www.africa-press.net\/congo-brazzaville\/culture-et-art\/commemoration-les-10-ans-de-la-disparition-de-hugo-chavez-celebres-a-brazzaville"},"author":{"name":"cfeditorfr","@id":"https:\/\/www.africa-press.net\/congo-brazzaville\/#\/schema\/person\/2b1cf3cd81a31e3cd26889ca66d677f1"},"headline":"Comm\u00e9moration: les 10 ans de la disparition de Hugo Ch\u00e0vez c\u00e9l\u00e9br\u00e9s \u00e0 Brazzaville","datePublished":"2023-03-11T19:22:19+00:00","dateModified":"2023-03-11T19:57:46+00:00","mainEntityOfPage":{"@id":"https:\/\/www.africa-press.net\/congo-brazzaville\/culture-et-art\/commemoration-les-10-ans-de-la-disparition-de-hugo-chavez-celebres-a-brazzaville"},"wordCount":811,"commentCount":0,"image":{"@id":"https:\/\/www.africa-press.net\/congo-brazzaville\/culture-et-art\/commemoration-les-10-ans-de-la-disparition-de-hugo-chavez-celebres-a-brazzaville#primaryimage"},"thumbnailUrl":"https:\/\/static.africa-press.net\/congo-brazzaville\/sites\/51\/2023\/03\/postQueueImg_1678549945.22.jpg","keywords":["Africa Press","Africa Press-Congo Brazzaville","Congo Brazzaville"],"articleSection":["Culture et Art","Photo","Toutes les actualit\u00e9s"],"inLanguage":"fr-FR","potentialAction":[{"@type":"CommentAction","name":"Comment","target":["https:\/\/www.africa-press.net\/congo-brazzaville\/culture-et-art\/commemoration-les-10-ans-de-la-disparition-de-hugo-chavez-celebres-a-brazzaville#respond"]}]},{"@type":"WebPage","@id":"https:\/\/www.africa-press.net\/congo-brazzaville\/culture-et-art\/commemoration-les-10-ans-de-la-disparition-de-hugo-chavez-celebres-a-brazzaville","url":"https:\/\/www.africa-press.net\/congo-brazzaville\/culture-et-art\/commemoration-les-10-ans-de-la-disparition-de-hugo-chavez-celebres-a-brazzaville","name":"Comm\u00e9moration: les 10 ans de la disparition de Hugo Ch\u00e0vez c\u00e9l\u00e9br\u00e9s \u00e0 Brazzaville - Congo Brazzaville","isPartOf":{"@id":"https:\/\/www.africa-press.net\/congo-brazzaville\/#website"},"primaryImageOfPage":{"@id":"https:\/\/www.africa-press.net\/congo-brazzaville\/culture-et-art\/commemoration-les-10-ans-de-la-disparition-de-hugo-chavez-celebres-a-brazzaville#primaryimage"},"image":{"@id":"https:\/\/www.africa-press.net\/congo-brazzaville\/culture-et-art\/commemoration-les-10-ans-de-la-disparition-de-hugo-chavez-celebres-a-brazzaville#primaryimage"},"thumbnailUrl":"https:\/\/static.africa-press.net\/congo-brazzaville\/sites\/51\/2023\/03\/postQueueImg_1678549945.22.jpg","datePublished":"2023-03-11T19:22:19+00:00","dateModified":"2023-03-11T19:57:46+00:00","author":{"@id":"https:\/\/www.africa-press.net\/congo-brazzaville\/#\/schema\/person\/2b1cf3cd81a31e3cd26889ca66d677f1"},"description":"Des jeunes apprenants de la langue espagnole latino-ame\u0301ricaine ont ce\u0301le\u0301bre\u0301, le 9 mars, les dix ans de la disparit ...","breadcrumb":{"@id":"https:\/\/www.africa-press.net\/congo-brazzaville\/culture-et-art\/commemoration-les-10-ans-de-la-disparition-de-hugo-chavez-celebres-a-brazzaville#breadcrumb"},"inLanguage":"fr-FR","potentialAction":[{"@type":"ReadAction","target":["https:\/\/www.africa-press.net\/congo-brazzaville\/culture-et-art\/commemoration-les-10-ans-de-la-disparition-de-hugo-chavez-celebres-a-brazzaville"]}]},{"@type":"ImageObject","inLanguage":"fr-FR","@id":"https:\/\/www.africa-press.net\/congo-brazzaville\/culture-et-art\/commemoration-les-10-ans-de-la-disparition-de-hugo-chavez-celebres-a-brazzaville#primaryimage","url":"https:\/\/static.africa-press.net\/congo-brazzaville\/sites\/51\/2023\/03\/postQueueImg_1678549945.22.jpg","contentUrl":"https:\/\/static.africa-press.net\/congo-brazzaville\/sites\/51\/2023\/03\/postQueueImg_1678549945.22.jpg","width":1080,"height":721,"caption":"Comm\u00e9moration: les 10 ans de la disparition de Hugo Ch\u00e0vez c\u00e9l\u00e9br\u00e9s \u00e0 Brazzaville"},{"@type":"BreadcrumbList","@id":"https:\/\/www.africa-press.net\/congo-brazzaville\/culture-et-art\/commemoration-les-10-ans-de-la-disparition-de-hugo-chavez-celebres-a-brazzaville#breadcrumb","itemListElement":[{"@type":"ListItem","position":1,"name":"Accueil","item":"https:\/\/www.africa-press.net\/congo-brazzaville\/"},{"@type":"ListItem","position":2,"name":"Comm\u00e9moration: les 10 ans de la disparition de Hugo Ch\u00e0vez c\u00e9l\u00e9br\u00e9s \u00e0 Brazzaville"}]},{"@type":"WebSite","@id":"https:\/\/www.africa-press.net\/congo-brazzaville\/#website","url":"https:\/\/www.africa-press.net\/congo-brazzaville\/","name":"Congo Brazzaville","description":"Just another Africa News Agency Sites site","potentialAction":[{"@type":"SearchAction","target":{"@type":"EntryPoint","urlTemplate":"https:\/\/www.africa-press.net\/congo-brazzaville\/?s={search_term_string}"},"query-input":{"@type":"PropertyValueSpecification","valueRequired":true,"valueName":"search_term_string"}}],"inLanguage":"fr-FR"},{"@type":"Person","@id":"https:\/\/www.africa-press.net\/congo-brazzaville\/#\/schema\/person\/2b1cf3cd81a31e3cd26889ca66d677f1","name":"cfeditorfr"}]}},"_links":{"self":[{"href":"https:\/\/www.africa-press.net\/congo-brazzaville\/wp-json\/wp\/v2\/posts\/15503","targetHints":{"allow":["GET"]}}],"collection":[{"href":"https:\/\/www.africa-press.net\/congo-brazzaville\/wp-json\/wp\/v2\/posts"}],"about":[{"href":"https:\/\/www.africa-press.net\/congo-brazzaville\/wp-json\/wp\/v2\/types\/post"}],"author":[{"embeddable":true,"href":"https:\/\/www.africa-press.net\/congo-brazzaville\/wp-json\/wp\/v2\/users\/82"}],"replies":[{"embeddable":true,"href":"https:\/\/www.africa-press.net\/congo-brazzaville\/wp-json\/wp\/v2\/comments?post=15503"}],"version-history":[{"count":0,"href":"https:\/\/www.africa-press.net\/congo-brazzaville\/wp-json\/wp\/v2\/posts\/15503\/revisions"}],"wp:featuredmedia":[{"embeddable":true,"href":"https:\/\/www.africa-press.net\/congo-brazzaville\/wp-json\/wp\/v2\/media\/15502"}],"wp:attachment":[{"href":"https:\/\/www.africa-press.net\/congo-brazzaville\/wp-json\/wp\/v2\/media?parent=15503"}],"wp:term":[{"taxonomy":"category","embeddable":true,"href":"https:\/\/www.africa-press.net\/congo-brazzaville\/wp-json\/wp\/v2\/categories?post=15503"},{"taxonomy":"post_tag","embeddable":true,"href":"https:\/\/www.africa-press.net\/congo-brazzaville\/wp-json\/wp\/v2\/tags?post=15503"}],"curies":[{"name":"wp","href":"https:\/\/api.w.org\/{rel}","templated":true}]}}