{"id":15512,"date":"2023-03-11T19:22:54","date_gmt":"2023-03-11T19:22:54","guid":{"rendered":"https:\/\/www.africa-press.net\/congo-brazzaville\/politique\/cuvette-ouest-les-femmes-dewo-edifiees-sur-leurs-droits"},"modified":"2023-03-11T19:59:52","modified_gmt":"2023-03-11T19:59:52","slug":"cuvette-ouest-les-femmes-dewo-edifiees-sur-leurs-droits","status":"publish","type":"post","link":"https:\/\/www.africa-press.net\/congo-brazzaville\/toutes-les-actualites\/cuvette-ouest-les-femmes-dewo-edifiees-sur-leurs-droits","title":{"rendered":"Cuvette-Ouest : les femmes d\u2019Ewo \u00e9difi\u00e9es sur leurs droits"},"content":{"rendered":"<p><span style=\"color: #ff6600\"><strong>Africa-Press &#8211; Congo Brazzaville. <\/strong><\/span><b>La Dynamique des jeunes d\u2019Ewo a organise\u0301, le 8 mars a\u0300 Brazzaville, une causerie-de\u0301bat a\u0300 la faveur de la Journe\u0301e internationale des droits des femmes. Cette occurrence a permis aux membres de cette organisation juve\u0301nile d\u2019e\u0301difier les femmes sur la loi Mouebara relative aux droits des femmes au Congo. <\/b><\/p>\n<p>La causerie-de\u0301bat e\u0301tait anime\u0301e par Fina Otsamigui, la secre\u0301taire charge\u0301e des questions du genre, et Audrey Ongouka. Dans son expose\u0301, Fina Otsamigui a e\u0301claire\u0301 la lanterne de ses colle\u0300gues femmes sur la the\u0301matique nationale, a\u0300 savoir \u00ab Femmes, prote\u0301geons-nous contre les violences faites en ligne avec la loi Mouebara \u00bb.<\/p>\n<p>Cette loi qui de\u0301fend la cause fe\u0301minine en Re\u0301publique du Congo, a-t-elle de\u0301clare\u0301, me\u0301rite bien d\u2019e\u0302tre vulgarise\u0301e afin que les femmes l\u2019inte\u0301riorisent. Chaque jour, a-t-elle renche\u0301ri, une femme sur cinq est victime d\u2019un harce\u0300lement physique ou moral en ligne. Et la mise en application de cette loi pourrait, a-t-elle explique\u0301, rehausser l\u2019image de la femme congolaise et la prote\u0301ger contre des abus de tous genres.<\/p>\n<p>Apre\u0300s son expose\u0301 est intervenue la phase de questions-re\u0301ponses. Pour les femmes d\u2019Ewo, la journe\u0301e du 8 mars ne doit pas e\u0302tre simplement une occasion de divertissement mais pluto\u0302t un moment de prise de conscience et de re\u0301flexion sur la condition de la femme.<\/p>\n<p>La Dynamique des Jeunes d\u2019Ewo est une association apolitique et a\u0300 but non lucratif. Elle e\u0301veille la conscience des jeunes sur leur responsabilite\u0301 et leur ro\u0302le dans la construction du district d\u2019Ewo, dans le de\u0301partement de la Cuvette-Ouest.<\/p>\n<p>Cette organisation vise e\u0301galement a\u0300 favoriser les rencontres et les e\u0301changes entre les jeunes en vue de renforcer l\u2019unite\u0301 et la cohe\u0301sion. Elle a pour pre\u0301sident d\u2019honneur le Garde des sceaux, ministre de la Justice, des Droits humains et de la Promotion des peuples autochtones, Aime\u0301 Ange Wilfrid Bininga.<\/p>\n<p><strong>Pour plus d&rsquo;informations et d&rsquo;analyses sur la <a href=\"https:\/\/www.africa-press.net\/congo-brazzaville\">Congo Brazzaville<\/a>, suivez <a href=\"https:\/\/www.africa-press.net\/\">Africa-Press<\/a><\/strong><\/p>\n","protected":false},"excerpt":{"rendered":"<p>Africa-Press &#8211; Congo Brazzaville. La Dynamique des jeunes d\u2019Ewo a organise\u0301, le 8 mars a\u0300 Brazzaville, une causerie-de\u0301bat a\u0300 la faveur de la Journe\u0301e internationale des droits des femmes. Cette occurrence a permis aux membres de cette organisation juve\u0301nile d\u2019e\u0301difier les femmes sur la loi Mouebara relative aux droits des femmes au Congo. La causerie-de\u0301bat [&hellip;]<\/p>\n","protected":false},"author":82,"featured_media":15511,"comment_status":"open","ping_status":"closed","sticky":false,"template":"","format":"standard","meta":{"footnotes":""},"categories":[21,10],"tags":[36,47,46],"class_list":["post-15512","post","type-post","status-publish","format-standard","has-post-thumbnail","hentry","category-communaute","category-toutes-les-actualites","tag-africa-press","tag-africa-press-congo-brazzaville","tag-congo-brazzaville"],"yoast_head":"<!-- This site is optimized with the Yoast SEO Premium plugin v26.1 (Yoast SEO v27.0) - https:\/\/yoast.com\/product\/yoast-seo-premium-wordpress\/ -->\n<title>Cuvette-Ouest : les femmes d\u2019Ewo \u00e9difi\u00e9es sur leurs droits - Congo Brazzaville<\/title>\n<meta name=\"description\" content=\"La Dynamique des jeunes d\u2019Ewo a organise\u0301, le 8 mars a\u0300 Brazzaville, une causerie-de\u0301bat a\u0300 la faveur de la Journe\u0301e ...\" \/>\n<meta name=\"robots\" content=\"index, follow, max-snippet:-1, max-image-preview:large, max-video-preview:-1\" \/>\n<link rel=\"canonical\" href=\"https:\/\/www.africa-press.net\/congo-brazzaville\/toutes-les-actualites\/cuvette-ouest-les-femmes-dewo-edifiees-sur-leurs-droits\" \/>\n<meta property=\"og:locale\" content=\"fr_FR\" \/>\n<meta property=\"og:type\" content=\"article\" \/>\n<meta property=\"og:title\" content=\"Cuvette-Ouest : les femmes d\u2019Ewo \u00e9difi\u00e9es sur leurs droits\" \/>\n<meta property=\"og:description\" content=\"La Dynamique des jeunes d\u2019Ewo a organise\u0301, le 8 mars a\u0300 Brazzaville, une causerie-de\u0301bat a\u0300 la faveur de la Journe\u0301e ...\" \/>\n<meta property=\"og:url\" content=\"https:\/\/www.africa-press.net\/congo-brazzaville\/toutes-les-actualites\/cuvette-ouest-les-femmes-dewo-edifiees-sur-leurs-droits\" \/>\n<meta property=\"og:site_name\" content=\"Congo Brazzaville\" \/>\n<meta property=\"article:published_time\" content=\"2023-03-11T19:22:54+00:00\" \/>\n<meta property=\"article:modified_time\" content=\"2023-03-11T19:59:52+00:00\" \/>\n<meta property=\"og:image\" content=\"https:\/\/static.africa-press.net\/congo-brazzaville\/sites\/51\/2023\/03\/postQueueImg_1678549979.09.jpg\" \/>\n\t<meta property=\"og:image:width\" content=\"1000\" \/>\n\t<meta property=\"og:image:height\" content=\"750\" \/>\n\t<meta property=\"og:image:type\" content=\"image\/jpeg\" \/>\n<meta name=\"author\" content=\"cfeditorfr\" \/>\n<meta name=\"twitter:card\" content=\"summary_large_image\" \/>\n<meta name=\"twitter:label1\" content=\"\u00c9crit par\" \/>\n\t<meta name=\"twitter:data1\" content=\"cfeditorfr\" \/>\n\t<meta name=\"twitter:label2\" content=\"Dur\u00e9e de lecture estim\u00e9e\" \/>\n\t<meta name=\"twitter:data2\" content=\"2 minutes\" \/>\n<script type=\"application\/ld+json\" class=\"yoast-schema-graph\">{\"@context\":\"https:\/\/schema.org\",\"@graph\":[{\"@type\":\"Article\",\"@id\":\"https:\/\/www.africa-press.net\/congo-brazzaville\/toutes-les-actualites\/cuvette-ouest-les-femmes-dewo-edifiees-sur-leurs-droits#article\",\"isPartOf\":{\"@id\":\"https:\/\/www.africa-press.net\/congo-brazzaville\/toutes-les-actualites\/cuvette-ouest-les-femmes-dewo-edifiees-sur-leurs-droits\"},\"author\":{\"name\":\"cfeditorfr\",\"@id\":\"https:\/\/www.africa-press.net\/congo-brazzaville\/#\/schema\/person\/2b1cf3cd81a31e3cd26889ca66d677f1\"},\"headline\":\"Cuvette-Ouest : les femmes d\u2019Ewo \u00e9difi\u00e9es sur leurs droits\",\"datePublished\":\"2023-03-11T19:22:54+00:00\",\"dateModified\":\"2023-03-11T19:59:52+00:00\",\"mainEntityOfPage\":{\"@id\":\"https:\/\/www.africa-press.net\/congo-brazzaville\/toutes-les-actualites\/cuvette-ouest-les-femmes-dewo-edifiees-sur-leurs-droits\"},\"wordCount\":366,\"commentCount\":0,\"image\":{\"@id\":\"https:\/\/www.africa-press.net\/congo-brazzaville\/toutes-les-actualites\/cuvette-ouest-les-femmes-dewo-edifiees-sur-leurs-droits#primaryimage\"},\"thumbnailUrl\":\"https:\/\/static.africa-press.net\/congo-brazzaville\/sites\/51\/2023\/03\/postQueueImg_1678549979.09.jpg\",\"keywords\":[\"Africa Press\",\"Africa Press-Congo Brazzaville\",\"Congo Brazzaville\"],\"articleSection\":[\"Communaut\u00e9\",\"Toutes les actualit\u00e9s\"],\"inLanguage\":\"fr-FR\",\"potentialAction\":[{\"@type\":\"CommentAction\",\"name\":\"Comment\",\"target\":[\"https:\/\/www.africa-press.net\/congo-brazzaville\/toutes-les-actualites\/cuvette-ouest-les-femmes-dewo-edifiees-sur-leurs-droits#respond\"]}]},{\"@type\":\"WebPage\",\"@id\":\"https:\/\/www.africa-press.net\/congo-brazzaville\/toutes-les-actualites\/cuvette-ouest-les-femmes-dewo-edifiees-sur-leurs-droits\",\"url\":\"https:\/\/www.africa-press.net\/congo-brazzaville\/toutes-les-actualites\/cuvette-ouest-les-femmes-dewo-edifiees-sur-leurs-droits\",\"name\":\"Cuvette-Ouest : les femmes d\u2019Ewo \u00e9difi\u00e9es sur leurs droits - Congo Brazzaville\",\"isPartOf\":{\"@id\":\"https:\/\/www.africa-press.net\/congo-brazzaville\/#website\"},\"primaryImageOfPage\":{\"@id\":\"https:\/\/www.africa-press.net\/congo-brazzaville\/toutes-les-actualites\/cuvette-ouest-les-femmes-dewo-edifiees-sur-leurs-droits#primaryimage\"},\"image\":{\"@id\":\"https:\/\/www.africa-press.net\/congo-brazzaville\/toutes-les-actualites\/cuvette-ouest-les-femmes-dewo-edifiees-sur-leurs-droits#primaryimage\"},\"thumbnailUrl\":\"https:\/\/static.africa-press.net\/congo-brazzaville\/sites\/51\/2023\/03\/postQueueImg_1678549979.09.jpg\",\"datePublished\":\"2023-03-11T19:22:54+00:00\",\"dateModified\":\"2023-03-11T19:59:52+00:00\",\"author\":{\"@id\":\"https:\/\/www.africa-press.net\/congo-brazzaville\/#\/schema\/person\/2b1cf3cd81a31e3cd26889ca66d677f1\"},\"description\":\"La Dynamique des jeunes d\u2019Ewo a organise\u0301, le 8 mars a\u0300 Brazzaville, une causerie-de\u0301bat a\u0300 la faveur de la Journe\u0301e ...\",\"breadcrumb\":{\"@id\":\"https:\/\/www.africa-press.net\/congo-brazzaville\/toutes-les-actualites\/cuvette-ouest-les-femmes-dewo-edifiees-sur-leurs-droits#breadcrumb\"},\"inLanguage\":\"fr-FR\",\"potentialAction\":[{\"@type\":\"ReadAction\",\"target\":[\"https:\/\/www.africa-press.net\/congo-brazzaville\/toutes-les-actualites\/cuvette-ouest-les-femmes-dewo-edifiees-sur-leurs-droits\"]}]},{\"@type\":\"ImageObject\",\"inLanguage\":\"fr-FR\",\"@id\":\"https:\/\/www.africa-press.net\/congo-brazzaville\/toutes-les-actualites\/cuvette-ouest-les-femmes-dewo-edifiees-sur-leurs-droits#primaryimage\",\"url\":\"https:\/\/static.africa-press.net\/congo-brazzaville\/sites\/51\/2023\/03\/postQueueImg_1678549979.09.jpg\",\"contentUrl\":\"https:\/\/static.africa-press.net\/congo-brazzaville\/sites\/51\/2023\/03\/postQueueImg_1678549979.09.jpg\",\"width\":1000,\"height\":750,\"caption\":\"Cuvette-Ouest : les femmes d\u2019Ewo \u00e9difi\u00e9es sur leurs droits\"},{\"@type\":\"BreadcrumbList\",\"@id\":\"https:\/\/www.africa-press.net\/congo-brazzaville\/toutes-les-actualites\/cuvette-ouest-les-femmes-dewo-edifiees-sur-leurs-droits#breadcrumb\",\"itemListElement\":[{\"@type\":\"ListItem\",\"position\":1,\"name\":\"Accueil\",\"item\":\"https:\/\/www.africa-press.net\/congo-brazzaville\/\"},{\"@type\":\"ListItem\",\"position\":2,\"name\":\"Cuvette-Ouest : les femmes d\u2019Ewo \u00e9difi\u00e9es sur leurs droits\"}]},{\"@type\":\"WebSite\",\"@id\":\"https:\/\/www.africa-press.net\/congo-brazzaville\/#website\",\"url\":\"https:\/\/www.africa-press.net\/congo-brazzaville\/\",\"name\":\"Congo Brazzaville\",\"description\":\"Just another Africa News Agency Sites site\",\"potentialAction\":[{\"@type\":\"SearchAction\",\"target\":{\"@type\":\"EntryPoint\",\"urlTemplate\":\"https:\/\/www.africa-press.net\/congo-brazzaville\/?s={search_term_string}\"},\"query-input\":{\"@type\":\"PropertyValueSpecification\",\"valueRequired\":true,\"valueName\":\"search_term_string\"}}],\"inLanguage\":\"fr-FR\"},{\"@type\":\"Person\",\"@id\":\"https:\/\/www.africa-press.net\/congo-brazzaville\/#\/schema\/person\/2b1cf3cd81a31e3cd26889ca66d677f1\",\"name\":\"cfeditorfr\"}]}<\/script>\n<!-- \/ Yoast SEO Premium plugin. -->","yoast_head_json":{"title":"Cuvette-Ouest : les femmes d\u2019Ewo \u00e9difi\u00e9es sur leurs droits - Congo Brazzaville","description":"La Dynamique des jeunes d\u2019Ewo a organise\u0301, le 8 mars a\u0300 Brazzaville, une causerie-de\u0301bat a\u0300 la faveur de la Journe\u0301e ...","robots":{"index":"index","follow":"follow","max-snippet":"max-snippet:-1","max-image-preview":"max-image-preview:large","max-video-preview":"max-video-preview:-1"},"canonical":"https:\/\/www.africa-press.net\/congo-brazzaville\/toutes-les-actualites\/cuvette-ouest-les-femmes-dewo-edifiees-sur-leurs-droits","og_locale":"fr_FR","og_type":"article","og_title":"Cuvette-Ouest : les femmes d\u2019Ewo \u00e9difi\u00e9es sur leurs droits","og_description":"La Dynamique des jeunes d\u2019Ewo a organise\u0301, le 8 mars a\u0300 Brazzaville, une causerie-de\u0301bat a\u0300 la faveur de la Journe\u0301e ...","og_url":"https:\/\/www.africa-press.net\/congo-brazzaville\/toutes-les-actualites\/cuvette-ouest-les-femmes-dewo-edifiees-sur-leurs-droits","og_site_name":"Congo Brazzaville","article_published_time":"2023-03-11T19:22:54+00:00","article_modified_time":"2023-03-11T19:59:52+00:00","og_image":[{"width":1000,"height":750,"url":"https:\/\/static.africa-press.net\/congo-brazzaville\/sites\/51\/2023\/03\/postQueueImg_1678549979.09.jpg","type":"image\/jpeg"}],"author":"cfeditorfr","twitter_card":"summary_large_image","twitter_misc":{"\u00c9crit par":"cfeditorfr","Dur\u00e9e de lecture estim\u00e9e":"2 minutes"},"schema":{"@context":"https:\/\/schema.org","@graph":[{"@type":"Article","@id":"https:\/\/www.africa-press.net\/congo-brazzaville\/toutes-les-actualites\/cuvette-ouest-les-femmes-dewo-edifiees-sur-leurs-droits#article","isPartOf":{"@id":"https:\/\/www.africa-press.net\/congo-brazzaville\/toutes-les-actualites\/cuvette-ouest-les-femmes-dewo-edifiees-sur-leurs-droits"},"author":{"name":"cfeditorfr","@id":"https:\/\/www.africa-press.net\/congo-brazzaville\/#\/schema\/person\/2b1cf3cd81a31e3cd26889ca66d677f1"},"headline":"Cuvette-Ouest : les femmes d\u2019Ewo \u00e9difi\u00e9es sur leurs droits","datePublished":"2023-03-11T19:22:54+00:00","dateModified":"2023-03-11T19:59:52+00:00","mainEntityOfPage":{"@id":"https:\/\/www.africa-press.net\/congo-brazzaville\/toutes-les-actualites\/cuvette-ouest-les-femmes-dewo-edifiees-sur-leurs-droits"},"wordCount":366,"commentCount":0,"image":{"@id":"https:\/\/www.africa-press.net\/congo-brazzaville\/toutes-les-actualites\/cuvette-ouest-les-femmes-dewo-edifiees-sur-leurs-droits#primaryimage"},"thumbnailUrl":"https:\/\/static.africa-press.net\/congo-brazzaville\/sites\/51\/2023\/03\/postQueueImg_1678549979.09.jpg","keywords":["Africa Press","Africa Press-Congo Brazzaville","Congo Brazzaville"],"articleSection":["Communaut\u00e9","Toutes les actualit\u00e9s"],"inLanguage":"fr-FR","potentialAction":[{"@type":"CommentAction","name":"Comment","target":["https:\/\/www.africa-press.net\/congo-brazzaville\/toutes-les-actualites\/cuvette-ouest-les-femmes-dewo-edifiees-sur-leurs-droits#respond"]}]},{"@type":"WebPage","@id":"https:\/\/www.africa-press.net\/congo-brazzaville\/toutes-les-actualites\/cuvette-ouest-les-femmes-dewo-edifiees-sur-leurs-droits","url":"https:\/\/www.africa-press.net\/congo-brazzaville\/toutes-les-actualites\/cuvette-ouest-les-femmes-dewo-edifiees-sur-leurs-droits","name":"Cuvette-Ouest : les femmes d\u2019Ewo \u00e9difi\u00e9es sur leurs droits - Congo Brazzaville","isPartOf":{"@id":"https:\/\/www.africa-press.net\/congo-brazzaville\/#website"},"primaryImageOfPage":{"@id":"https:\/\/www.africa-press.net\/congo-brazzaville\/toutes-les-actualites\/cuvette-ouest-les-femmes-dewo-edifiees-sur-leurs-droits#primaryimage"},"image":{"@id":"https:\/\/www.africa-press.net\/congo-brazzaville\/toutes-les-actualites\/cuvette-ouest-les-femmes-dewo-edifiees-sur-leurs-droits#primaryimage"},"thumbnailUrl":"https:\/\/static.africa-press.net\/congo-brazzaville\/sites\/51\/2023\/03\/postQueueImg_1678549979.09.jpg","datePublished":"2023-03-11T19:22:54+00:00","dateModified":"2023-03-11T19:59:52+00:00","author":{"@id":"https:\/\/www.africa-press.net\/congo-brazzaville\/#\/schema\/person\/2b1cf3cd81a31e3cd26889ca66d677f1"},"description":"La Dynamique des jeunes d\u2019Ewo a organise\u0301, le 8 mars a\u0300 Brazzaville, une causerie-de\u0301bat a\u0300 la faveur de la Journe\u0301e ...","breadcrumb":{"@id":"https:\/\/www.africa-press.net\/congo-brazzaville\/toutes-les-actualites\/cuvette-ouest-les-femmes-dewo-edifiees-sur-leurs-droits#breadcrumb"},"inLanguage":"fr-FR","potentialAction":[{"@type":"ReadAction","target":["https:\/\/www.africa-press.net\/congo-brazzaville\/toutes-les-actualites\/cuvette-ouest-les-femmes-dewo-edifiees-sur-leurs-droits"]}]},{"@type":"ImageObject","inLanguage":"fr-FR","@id":"https:\/\/www.africa-press.net\/congo-brazzaville\/toutes-les-actualites\/cuvette-ouest-les-femmes-dewo-edifiees-sur-leurs-droits#primaryimage","url":"https:\/\/static.africa-press.net\/congo-brazzaville\/sites\/51\/2023\/03\/postQueueImg_1678549979.09.jpg","contentUrl":"https:\/\/static.africa-press.net\/congo-brazzaville\/sites\/51\/2023\/03\/postQueueImg_1678549979.09.jpg","width":1000,"height":750,"caption":"Cuvette-Ouest : les femmes d\u2019Ewo \u00e9difi\u00e9es sur leurs droits"},{"@type":"BreadcrumbList","@id":"https:\/\/www.africa-press.net\/congo-brazzaville\/toutes-les-actualites\/cuvette-ouest-les-femmes-dewo-edifiees-sur-leurs-droits#breadcrumb","itemListElement":[{"@type":"ListItem","position":1,"name":"Accueil","item":"https:\/\/www.africa-press.net\/congo-brazzaville\/"},{"@type":"ListItem","position":2,"name":"Cuvette-Ouest : les femmes d\u2019Ewo \u00e9difi\u00e9es sur leurs droits"}]},{"@type":"WebSite","@id":"https:\/\/www.africa-press.net\/congo-brazzaville\/#website","url":"https:\/\/www.africa-press.net\/congo-brazzaville\/","name":"Congo Brazzaville","description":"Just another Africa News Agency Sites site","potentialAction":[{"@type":"SearchAction","target":{"@type":"EntryPoint","urlTemplate":"https:\/\/www.africa-press.net\/congo-brazzaville\/?s={search_term_string}"},"query-input":{"@type":"PropertyValueSpecification","valueRequired":true,"valueName":"search_term_string"}}],"inLanguage":"fr-FR"},{"@type":"Person","@id":"https:\/\/www.africa-press.net\/congo-brazzaville\/#\/schema\/person\/2b1cf3cd81a31e3cd26889ca66d677f1","name":"cfeditorfr"}]}},"_links":{"self":[{"href":"https:\/\/www.africa-press.net\/congo-brazzaville\/wp-json\/wp\/v2\/posts\/15512","targetHints":{"allow":["GET"]}}],"collection":[{"href":"https:\/\/www.africa-press.net\/congo-brazzaville\/wp-json\/wp\/v2\/posts"}],"about":[{"href":"https:\/\/www.africa-press.net\/congo-brazzaville\/wp-json\/wp\/v2\/types\/post"}],"author":[{"embeddable":true,"href":"https:\/\/www.africa-press.net\/congo-brazzaville\/wp-json\/wp\/v2\/users\/82"}],"replies":[{"embeddable":true,"href":"https:\/\/www.africa-press.net\/congo-brazzaville\/wp-json\/wp\/v2\/comments?post=15512"}],"version-history":[{"count":0,"href":"https:\/\/www.africa-press.net\/congo-brazzaville\/wp-json\/wp\/v2\/posts\/15512\/revisions"}],"wp:featuredmedia":[{"embeddable":true,"href":"https:\/\/www.africa-press.net\/congo-brazzaville\/wp-json\/wp\/v2\/media\/15511"}],"wp:attachment":[{"href":"https:\/\/www.africa-press.net\/congo-brazzaville\/wp-json\/wp\/v2\/media?parent=15512"}],"wp:term":[{"taxonomy":"category","embeddable":true,"href":"https:\/\/www.africa-press.net\/congo-brazzaville\/wp-json\/wp\/v2\/categories?post=15512"},{"taxonomy":"post_tag","embeddable":true,"href":"https:\/\/www.africa-press.net\/congo-brazzaville\/wp-json\/wp\/v2\/tags?post=15512"}],"curies":[{"name":"wp","href":"https:\/\/api.w.org\/{rel}","templated":true}]}}