{"id":15518,"date":"2023-03-11T19:23:17","date_gmt":"2023-03-11T19:23:17","guid":{"rendered":"https:\/\/www.africa-press.net\/congo-brazzaville\/politique\/lutte-contre-les-epidemies-le-pev-sensibilise-aux-dangers-de-la-variole-du-singe"},"modified":"2023-03-11T20:02:15","modified_gmt":"2023-03-11T20:02:15","slug":"lutte-contre-les-epidemies-le-pev-sensibilise-aux-dangers-de-la-variole-du-singe","status":"publish","type":"post","link":"https:\/\/www.africa-press.net\/congo-brazzaville\/toutes-les-actualites\/lutte-contre-les-epidemies-le-pev-sensibilise-aux-dangers-de-la-variole-du-singe","title":{"rendered":"Lutte contre les \u00e9pid\u00e9mies : le PEV sensibilise aux dangers de la variole du singe"},"content":{"rendered":"<p><span style=\"color: #ff6600\"><strong>Africa-Press &#8211; Congo Brazzaville. <\/strong><\/span><b>Le Programme e\u0301largi de vaccination (PEV) a organise\u0301, le 11 mars a\u0300 Brazzaville, une formation spe\u0301ciale sur la variole du singe, au profit des journalistes reporters en vue de leur donner des e\u0301le\u0301ments de langage pouvant les aider a\u0300 bien relayer les informations dans leurs me\u0301dias respectifs.<\/b><\/p>\n<p>Une vingtaine de journalistes reporters venus des me\u0301dias publics et prive\u0301s de la place a pris part a\u0300 la sensibilisation faite par deux me\u0301decins. A l\u2019entame, ces professionnels de sante\u0301 ont de\u0301fini la variole du singe comme e\u0301tant une pathologie provoque\u0301e par l\u2019orthopoxvirus simien. Il s\u2019agit d\u2019une zoonose virale, un virus qui se transmet a\u0300 l\u2019homme par les animaux.<\/p>\n<p>Entre humains, a explique\u0301 le Dr Armel Itoua, directeur du Programme schistosomiase, la pathologie se transmet d\u2019un individu a\u0300 l\u2019autre par contact e\u0301troit avec un malade pre\u0301sentant une irruption cutane\u0301e due a\u0300 cette maladie.<\/p>\n<p>La variole du singe peut e\u0302tre propage\u0301e par diffe\u0301rents moyens, entre autres, par contact de peau a\u0300 peau, de bouche a\u0300 bouche, lors des rapports sexuels vaginaux ou anaux ou encore bucco-ge\u0301nitaux<\/p>\n<p>Un patient atteint de la variole du singe pre\u0301sente divers sympto\u0302mes, dont les plus fre\u0301quents sont une forte fie\u0300vre, des maux de te\u0302te, des douleurs musculaires et dorsales, un manque d\u2019e\u0301nergie, un gonflement de ganglions lymphatiques<\/p>\n<p>Ces manifestations sont accompagne\u0301es d\u2019une irruption cutane\u0301e qui peut durer deux a\u0300 trois semaines, a explique\u0301 le Dr Hermann Didi Ngossaki, spe\u0301cialiste en sante\u0301 a\u0300 l&rsquo;Unicef Congo.<\/p>\n<p>Les spe\u0301cialistes de sante\u0301 ont fait savoir aux journalistes que dans la plupart des cas, les sympto\u0302mes identifie\u0301s disparaissent spontane\u0301ment d\u2019eux-me\u0302mes au bout de quelques semaines, sans traitement curatif re\u0301el, me\u0302me si chez certains cela peut entrai\u0302ner la mort.<\/p>\n<p><b>Comment se prote\u0301ger contre la variole du singe ?<\/b><\/p>\n<p>Pour se pre\u0301venir du virus, il faut e\u0301viter tout contact non prote\u0301ge\u0301 avec les animaux sauvages, notamment ceux qui sont malades ou morts, surtout de ne pas manger leur viande.<\/p>\n<p>Afin de re\u0301duire le risque de contamination entre humains, les professionnels de sante\u0301 ont dit qu\u2019il faut limiter les contacts e\u0301troits avec des patients de\u0301piste\u0301s positifs ainsi que d\u2019autres cas suspects. Il est aussi question de se laver et de se de\u0301sinfecter re\u0301gulie\u0300rement les mains.<\/p>\n<p>Et lorsque vous e\u0302tes atteints de la maladie, pour prote\u0301ger les autres, vous devez vous isoler dans un endroit personnel sans contact avec votre entourage.<\/p>\n<p>Il existe actuellement trois vaccins contre la variole du singe. Ainsi, pour mieux se pre\u0301venir du virus, il faut se faire vacciner, ont souligne\u0301 les deux docteurs.<\/p>\n<p><strong>Pour plus d&rsquo;informations et d&rsquo;analyses sur la <a href=\"https:\/\/www.africa-press.net\/congo-brazzaville\">Congo Brazzaville<\/a>, suivez <a href=\"https:\/\/www.africa-press.net\/\">Africa-Press<\/a><\/strong><\/p>\n","protected":false},"excerpt":{"rendered":"<p>Africa-Press &#8211; Congo Brazzaville. Le Programme e\u0301largi de vaccination (PEV) a organise\u0301, le 11 mars a\u0300 Brazzaville, une formation spe\u0301ciale sur la variole du singe, au profit des journalistes reporters en vue de leur donner des e\u0301le\u0301ments de langage pouvant les aider a\u0300 bien relayer les informations dans leurs me\u0301dias respectifs. Une vingtaine de journalistes [&hellip;]<\/p>\n","protected":false},"author":82,"featured_media":15517,"comment_status":"open","ping_status":"closed","sticky":false,"template":"","format":"standard","meta":{"footnotes":""},"categories":[21,10],"tags":[36,47,46],"class_list":["post-15518","post","type-post","status-publish","format-standard","has-post-thumbnail","hentry","category-communaute","category-toutes-les-actualites","tag-africa-press","tag-africa-press-congo-brazzaville","tag-congo-brazzaville"],"yoast_head":"<!-- This site is optimized with the Yoast SEO Premium plugin v26.1 (Yoast SEO v27.0) - https:\/\/yoast.com\/product\/yoast-seo-premium-wordpress\/ -->\n<title>Lutte contre les \u00e9pid\u00e9mies : le PEV sensibilise aux dangers de la variole du singe - Congo Brazzaville<\/title>\n<meta name=\"description\" content=\"Le Programme e\u0301largi de vaccination (PEV) a organise\u0301, le 11 mars a\u0300 Brazzaville, une formation spe\u0301ciale sur la vari ...\" \/>\n<meta name=\"robots\" content=\"index, follow, max-snippet:-1, max-image-preview:large, max-video-preview:-1\" \/>\n<link rel=\"canonical\" href=\"https:\/\/www.africa-press.net\/congo-brazzaville\/toutes-les-actualites\/lutte-contre-les-epidemies-le-pev-sensibilise-aux-dangers-de-la-variole-du-singe\" \/>\n<meta property=\"og:locale\" content=\"fr_FR\" \/>\n<meta property=\"og:type\" content=\"article\" \/>\n<meta property=\"og:title\" content=\"Lutte contre les \u00e9pid\u00e9mies : le PEV sensibilise aux dangers de la variole du singe\" \/>\n<meta property=\"og:description\" content=\"Le Programme e\u0301largi de vaccination (PEV) a organise\u0301, le 11 mars a\u0300 Brazzaville, une formation spe\u0301ciale sur la vari ...\" \/>\n<meta property=\"og:url\" content=\"https:\/\/www.africa-press.net\/congo-brazzaville\/toutes-les-actualites\/lutte-contre-les-epidemies-le-pev-sensibilise-aux-dangers-de-la-variole-du-singe\" \/>\n<meta property=\"og:site_name\" content=\"Congo Brazzaville\" \/>\n<meta property=\"article:published_time\" content=\"2023-03-11T19:23:17+00:00\" \/>\n<meta property=\"article:modified_time\" content=\"2023-03-11T20:02:15+00:00\" \/>\n<meta property=\"og:image\" content=\"https:\/\/static.africa-press.net\/congo-brazzaville\/sites\/51\/2023\/03\/postQueueImg_1678550002.33.jpg\" \/>\n\t<meta property=\"og:image:width\" content=\"1669\" \/>\n\t<meta property=\"og:image:height\" content=\"768\" \/>\n\t<meta property=\"og:image:type\" content=\"image\/jpeg\" \/>\n<meta name=\"author\" content=\"cfeditorfr\" \/>\n<meta name=\"twitter:card\" content=\"summary_large_image\" \/>\n<meta name=\"twitter:label1\" content=\"\u00c9crit par\" \/>\n\t<meta name=\"twitter:data1\" content=\"cfeditorfr\" \/>\n\t<meta name=\"twitter:label2\" content=\"Dur\u00e9e de lecture estim\u00e9e\" \/>\n\t<meta name=\"twitter:data2\" content=\"3 minutes\" \/>\n<script type=\"application\/ld+json\" class=\"yoast-schema-graph\">{\"@context\":\"https:\/\/schema.org\",\"@graph\":[{\"@type\":\"Article\",\"@id\":\"https:\/\/www.africa-press.net\/congo-brazzaville\/toutes-les-actualites\/lutte-contre-les-epidemies-le-pev-sensibilise-aux-dangers-de-la-variole-du-singe#article\",\"isPartOf\":{\"@id\":\"https:\/\/www.africa-press.net\/congo-brazzaville\/toutes-les-actualites\/lutte-contre-les-epidemies-le-pev-sensibilise-aux-dangers-de-la-variole-du-singe\"},\"author\":{\"name\":\"cfeditorfr\",\"@id\":\"https:\/\/www.africa-press.net\/congo-brazzaville\/#\/schema\/person\/2b1cf3cd81a31e3cd26889ca66d677f1\"},\"headline\":\"Lutte contre les \u00e9pid\u00e9mies : le PEV sensibilise aux dangers de la variole du singe\",\"datePublished\":\"2023-03-11T19:23:17+00:00\",\"dateModified\":\"2023-03-11T20:02:15+00:00\",\"mainEntityOfPage\":{\"@id\":\"https:\/\/www.africa-press.net\/congo-brazzaville\/toutes-les-actualites\/lutte-contre-les-epidemies-le-pev-sensibilise-aux-dangers-de-la-variole-du-singe\"},\"wordCount\":502,\"commentCount\":0,\"image\":{\"@id\":\"https:\/\/www.africa-press.net\/congo-brazzaville\/toutes-les-actualites\/lutte-contre-les-epidemies-le-pev-sensibilise-aux-dangers-de-la-variole-du-singe#primaryimage\"},\"thumbnailUrl\":\"https:\/\/static.africa-press.net\/congo-brazzaville\/sites\/51\/2023\/03\/postQueueImg_1678550002.33.jpg\",\"keywords\":[\"Africa Press\",\"Africa Press-Congo Brazzaville\",\"Congo Brazzaville\"],\"articleSection\":[\"Communaut\u00e9\",\"Toutes les actualit\u00e9s\"],\"inLanguage\":\"fr-FR\",\"potentialAction\":[{\"@type\":\"CommentAction\",\"name\":\"Comment\",\"target\":[\"https:\/\/www.africa-press.net\/congo-brazzaville\/toutes-les-actualites\/lutte-contre-les-epidemies-le-pev-sensibilise-aux-dangers-de-la-variole-du-singe#respond\"]}]},{\"@type\":\"WebPage\",\"@id\":\"https:\/\/www.africa-press.net\/congo-brazzaville\/toutes-les-actualites\/lutte-contre-les-epidemies-le-pev-sensibilise-aux-dangers-de-la-variole-du-singe\",\"url\":\"https:\/\/www.africa-press.net\/congo-brazzaville\/toutes-les-actualites\/lutte-contre-les-epidemies-le-pev-sensibilise-aux-dangers-de-la-variole-du-singe\",\"name\":\"Lutte contre les \u00e9pid\u00e9mies : le PEV sensibilise aux dangers de la variole du singe - Congo Brazzaville\",\"isPartOf\":{\"@id\":\"https:\/\/www.africa-press.net\/congo-brazzaville\/#website\"},\"primaryImageOfPage\":{\"@id\":\"https:\/\/www.africa-press.net\/congo-brazzaville\/toutes-les-actualites\/lutte-contre-les-epidemies-le-pev-sensibilise-aux-dangers-de-la-variole-du-singe#primaryimage\"},\"image\":{\"@id\":\"https:\/\/www.africa-press.net\/congo-brazzaville\/toutes-les-actualites\/lutte-contre-les-epidemies-le-pev-sensibilise-aux-dangers-de-la-variole-du-singe#primaryimage\"},\"thumbnailUrl\":\"https:\/\/static.africa-press.net\/congo-brazzaville\/sites\/51\/2023\/03\/postQueueImg_1678550002.33.jpg\",\"datePublished\":\"2023-03-11T19:23:17+00:00\",\"dateModified\":\"2023-03-11T20:02:15+00:00\",\"author\":{\"@id\":\"https:\/\/www.africa-press.net\/congo-brazzaville\/#\/schema\/person\/2b1cf3cd81a31e3cd26889ca66d677f1\"},\"description\":\"Le Programme e\u0301largi de vaccination (PEV) a organise\u0301, le 11 mars a\u0300 Brazzaville, une formation spe\u0301ciale sur la vari ...\",\"breadcrumb\":{\"@id\":\"https:\/\/www.africa-press.net\/congo-brazzaville\/toutes-les-actualites\/lutte-contre-les-epidemies-le-pev-sensibilise-aux-dangers-de-la-variole-du-singe#breadcrumb\"},\"inLanguage\":\"fr-FR\",\"potentialAction\":[{\"@type\":\"ReadAction\",\"target\":[\"https:\/\/www.africa-press.net\/congo-brazzaville\/toutes-les-actualites\/lutte-contre-les-epidemies-le-pev-sensibilise-aux-dangers-de-la-variole-du-singe\"]}]},{\"@type\":\"ImageObject\",\"inLanguage\":\"fr-FR\",\"@id\":\"https:\/\/www.africa-press.net\/congo-brazzaville\/toutes-les-actualites\/lutte-contre-les-epidemies-le-pev-sensibilise-aux-dangers-de-la-variole-du-singe#primaryimage\",\"url\":\"https:\/\/static.africa-press.net\/congo-brazzaville\/sites\/51\/2023\/03\/postQueueImg_1678550002.33.jpg\",\"contentUrl\":\"https:\/\/static.africa-press.net\/congo-brazzaville\/sites\/51\/2023\/03\/postQueueImg_1678550002.33.jpg\",\"width\":1669,\"height\":768,\"caption\":\"Lutte contre les \u00e9pid\u00e9mies : le PEV sensibilise aux dangers de la variole du singe\"},{\"@type\":\"BreadcrumbList\",\"@id\":\"https:\/\/www.africa-press.net\/congo-brazzaville\/toutes-les-actualites\/lutte-contre-les-epidemies-le-pev-sensibilise-aux-dangers-de-la-variole-du-singe#breadcrumb\",\"itemListElement\":[{\"@type\":\"ListItem\",\"position\":1,\"name\":\"Accueil\",\"item\":\"https:\/\/www.africa-press.net\/congo-brazzaville\/\"},{\"@type\":\"ListItem\",\"position\":2,\"name\":\"Lutte contre les \u00e9pid\u00e9mies : le PEV sensibilise aux dangers de la variole du singe\"}]},{\"@type\":\"WebSite\",\"@id\":\"https:\/\/www.africa-press.net\/congo-brazzaville\/#website\",\"url\":\"https:\/\/www.africa-press.net\/congo-brazzaville\/\",\"name\":\"Congo Brazzaville\",\"description\":\"Just another Africa News Agency Sites site\",\"potentialAction\":[{\"@type\":\"SearchAction\",\"target\":{\"@type\":\"EntryPoint\",\"urlTemplate\":\"https:\/\/www.africa-press.net\/congo-brazzaville\/?s={search_term_string}\"},\"query-input\":{\"@type\":\"PropertyValueSpecification\",\"valueRequired\":true,\"valueName\":\"search_term_string\"}}],\"inLanguage\":\"fr-FR\"},{\"@type\":\"Person\",\"@id\":\"https:\/\/www.africa-press.net\/congo-brazzaville\/#\/schema\/person\/2b1cf3cd81a31e3cd26889ca66d677f1\",\"name\":\"cfeditorfr\"}]}<\/script>\n<!-- \/ Yoast SEO Premium plugin. -->","yoast_head_json":{"title":"Lutte contre les \u00e9pid\u00e9mies : le PEV sensibilise aux dangers de la variole du singe - Congo Brazzaville","description":"Le Programme e\u0301largi de vaccination (PEV) a organise\u0301, le 11 mars a\u0300 Brazzaville, une formation spe\u0301ciale sur la vari ...","robots":{"index":"index","follow":"follow","max-snippet":"max-snippet:-1","max-image-preview":"max-image-preview:large","max-video-preview":"max-video-preview:-1"},"canonical":"https:\/\/www.africa-press.net\/congo-brazzaville\/toutes-les-actualites\/lutte-contre-les-epidemies-le-pev-sensibilise-aux-dangers-de-la-variole-du-singe","og_locale":"fr_FR","og_type":"article","og_title":"Lutte contre les \u00e9pid\u00e9mies : le PEV sensibilise aux dangers de la variole du singe","og_description":"Le Programme e\u0301largi de vaccination (PEV) a organise\u0301, le 11 mars a\u0300 Brazzaville, une formation spe\u0301ciale sur la vari ...","og_url":"https:\/\/www.africa-press.net\/congo-brazzaville\/toutes-les-actualites\/lutte-contre-les-epidemies-le-pev-sensibilise-aux-dangers-de-la-variole-du-singe","og_site_name":"Congo Brazzaville","article_published_time":"2023-03-11T19:23:17+00:00","article_modified_time":"2023-03-11T20:02:15+00:00","og_image":[{"width":1669,"height":768,"url":"https:\/\/static.africa-press.net\/congo-brazzaville\/sites\/51\/2023\/03\/postQueueImg_1678550002.33.jpg","type":"image\/jpeg"}],"author":"cfeditorfr","twitter_card":"summary_large_image","twitter_misc":{"\u00c9crit par":"cfeditorfr","Dur\u00e9e de lecture estim\u00e9e":"3 minutes"},"schema":{"@context":"https:\/\/schema.org","@graph":[{"@type":"Article","@id":"https:\/\/www.africa-press.net\/congo-brazzaville\/toutes-les-actualites\/lutte-contre-les-epidemies-le-pev-sensibilise-aux-dangers-de-la-variole-du-singe#article","isPartOf":{"@id":"https:\/\/www.africa-press.net\/congo-brazzaville\/toutes-les-actualites\/lutte-contre-les-epidemies-le-pev-sensibilise-aux-dangers-de-la-variole-du-singe"},"author":{"name":"cfeditorfr","@id":"https:\/\/www.africa-press.net\/congo-brazzaville\/#\/schema\/person\/2b1cf3cd81a31e3cd26889ca66d677f1"},"headline":"Lutte contre les \u00e9pid\u00e9mies : le PEV sensibilise aux dangers de la variole du singe","datePublished":"2023-03-11T19:23:17+00:00","dateModified":"2023-03-11T20:02:15+00:00","mainEntityOfPage":{"@id":"https:\/\/www.africa-press.net\/congo-brazzaville\/toutes-les-actualites\/lutte-contre-les-epidemies-le-pev-sensibilise-aux-dangers-de-la-variole-du-singe"},"wordCount":502,"commentCount":0,"image":{"@id":"https:\/\/www.africa-press.net\/congo-brazzaville\/toutes-les-actualites\/lutte-contre-les-epidemies-le-pev-sensibilise-aux-dangers-de-la-variole-du-singe#primaryimage"},"thumbnailUrl":"https:\/\/static.africa-press.net\/congo-brazzaville\/sites\/51\/2023\/03\/postQueueImg_1678550002.33.jpg","keywords":["Africa Press","Africa Press-Congo Brazzaville","Congo Brazzaville"],"articleSection":["Communaut\u00e9","Toutes les actualit\u00e9s"],"inLanguage":"fr-FR","potentialAction":[{"@type":"CommentAction","name":"Comment","target":["https:\/\/www.africa-press.net\/congo-brazzaville\/toutes-les-actualites\/lutte-contre-les-epidemies-le-pev-sensibilise-aux-dangers-de-la-variole-du-singe#respond"]}]},{"@type":"WebPage","@id":"https:\/\/www.africa-press.net\/congo-brazzaville\/toutes-les-actualites\/lutte-contre-les-epidemies-le-pev-sensibilise-aux-dangers-de-la-variole-du-singe","url":"https:\/\/www.africa-press.net\/congo-brazzaville\/toutes-les-actualites\/lutte-contre-les-epidemies-le-pev-sensibilise-aux-dangers-de-la-variole-du-singe","name":"Lutte contre les \u00e9pid\u00e9mies : le PEV sensibilise aux dangers de la variole du singe - Congo Brazzaville","isPartOf":{"@id":"https:\/\/www.africa-press.net\/congo-brazzaville\/#website"},"primaryImageOfPage":{"@id":"https:\/\/www.africa-press.net\/congo-brazzaville\/toutes-les-actualites\/lutte-contre-les-epidemies-le-pev-sensibilise-aux-dangers-de-la-variole-du-singe#primaryimage"},"image":{"@id":"https:\/\/www.africa-press.net\/congo-brazzaville\/toutes-les-actualites\/lutte-contre-les-epidemies-le-pev-sensibilise-aux-dangers-de-la-variole-du-singe#primaryimage"},"thumbnailUrl":"https:\/\/static.africa-press.net\/congo-brazzaville\/sites\/51\/2023\/03\/postQueueImg_1678550002.33.jpg","datePublished":"2023-03-11T19:23:17+00:00","dateModified":"2023-03-11T20:02:15+00:00","author":{"@id":"https:\/\/www.africa-press.net\/congo-brazzaville\/#\/schema\/person\/2b1cf3cd81a31e3cd26889ca66d677f1"},"description":"Le Programme e\u0301largi de vaccination (PEV) a organise\u0301, le 11 mars a\u0300 Brazzaville, une formation spe\u0301ciale sur la vari ...","breadcrumb":{"@id":"https:\/\/www.africa-press.net\/congo-brazzaville\/toutes-les-actualites\/lutte-contre-les-epidemies-le-pev-sensibilise-aux-dangers-de-la-variole-du-singe#breadcrumb"},"inLanguage":"fr-FR","potentialAction":[{"@type":"ReadAction","target":["https:\/\/www.africa-press.net\/congo-brazzaville\/toutes-les-actualites\/lutte-contre-les-epidemies-le-pev-sensibilise-aux-dangers-de-la-variole-du-singe"]}]},{"@type":"ImageObject","inLanguage":"fr-FR","@id":"https:\/\/www.africa-press.net\/congo-brazzaville\/toutes-les-actualites\/lutte-contre-les-epidemies-le-pev-sensibilise-aux-dangers-de-la-variole-du-singe#primaryimage","url":"https:\/\/static.africa-press.net\/congo-brazzaville\/sites\/51\/2023\/03\/postQueueImg_1678550002.33.jpg","contentUrl":"https:\/\/static.africa-press.net\/congo-brazzaville\/sites\/51\/2023\/03\/postQueueImg_1678550002.33.jpg","width":1669,"height":768,"caption":"Lutte contre les \u00e9pid\u00e9mies : le PEV sensibilise aux dangers de la variole du singe"},{"@type":"BreadcrumbList","@id":"https:\/\/www.africa-press.net\/congo-brazzaville\/toutes-les-actualites\/lutte-contre-les-epidemies-le-pev-sensibilise-aux-dangers-de-la-variole-du-singe#breadcrumb","itemListElement":[{"@type":"ListItem","position":1,"name":"Accueil","item":"https:\/\/www.africa-press.net\/congo-brazzaville\/"},{"@type":"ListItem","position":2,"name":"Lutte contre les \u00e9pid\u00e9mies : le PEV sensibilise aux dangers de la variole du singe"}]},{"@type":"WebSite","@id":"https:\/\/www.africa-press.net\/congo-brazzaville\/#website","url":"https:\/\/www.africa-press.net\/congo-brazzaville\/","name":"Congo Brazzaville","description":"Just another Africa News Agency Sites site","potentialAction":[{"@type":"SearchAction","target":{"@type":"EntryPoint","urlTemplate":"https:\/\/www.africa-press.net\/congo-brazzaville\/?s={search_term_string}"},"query-input":{"@type":"PropertyValueSpecification","valueRequired":true,"valueName":"search_term_string"}}],"inLanguage":"fr-FR"},{"@type":"Person","@id":"https:\/\/www.africa-press.net\/congo-brazzaville\/#\/schema\/person\/2b1cf3cd81a31e3cd26889ca66d677f1","name":"cfeditorfr"}]}},"_links":{"self":[{"href":"https:\/\/www.africa-press.net\/congo-brazzaville\/wp-json\/wp\/v2\/posts\/15518","targetHints":{"allow":["GET"]}}],"collection":[{"href":"https:\/\/www.africa-press.net\/congo-brazzaville\/wp-json\/wp\/v2\/posts"}],"about":[{"href":"https:\/\/www.africa-press.net\/congo-brazzaville\/wp-json\/wp\/v2\/types\/post"}],"author":[{"embeddable":true,"href":"https:\/\/www.africa-press.net\/congo-brazzaville\/wp-json\/wp\/v2\/users\/82"}],"replies":[{"embeddable":true,"href":"https:\/\/www.africa-press.net\/congo-brazzaville\/wp-json\/wp\/v2\/comments?post=15518"}],"version-history":[{"count":0,"href":"https:\/\/www.africa-press.net\/congo-brazzaville\/wp-json\/wp\/v2\/posts\/15518\/revisions"}],"wp:featuredmedia":[{"embeddable":true,"href":"https:\/\/www.africa-press.net\/congo-brazzaville\/wp-json\/wp\/v2\/media\/15517"}],"wp:attachment":[{"href":"https:\/\/www.africa-press.net\/congo-brazzaville\/wp-json\/wp\/v2\/media?parent=15518"}],"wp:term":[{"taxonomy":"category","embeddable":true,"href":"https:\/\/www.africa-press.net\/congo-brazzaville\/wp-json\/wp\/v2\/categories?post=15518"},{"taxonomy":"post_tag","embeddable":true,"href":"https:\/\/www.africa-press.net\/congo-brazzaville\/wp-json\/wp\/v2\/tags?post=15518"}],"curies":[{"name":"wp","href":"https:\/\/api.w.org\/{rel}","templated":true}]}}