{"id":15526,"date":"2023-03-11T19:23:56","date_gmt":"2023-03-11T19:23:56","guid":{"rendered":"https:\/\/www.africa-press.net\/congo-brazzaville\/politique\/les-femmes-vivant-avec-handicap-sont-appelees-a-lappropriation-de-la-loi-mouebara"},"modified":"2023-03-11T20:03:14","modified_gmt":"2023-03-11T20:03:14","slug":"les-femmes-vivant-avec-handicap-sont-appelees-a-lappropriation-de-la-loi-mouebara","status":"publish","type":"post","link":"https:\/\/www.africa-press.net\/congo-brazzaville\/toutes-les-actualites\/les-femmes-vivant-avec-handicap-sont-appelees-a-lappropriation-de-la-loi-mouebara","title":{"rendered":"les femmes vivant avec handicap sont appel\u00e9es \u00e0 l\u2019appropriation de la loi mouebara"},"content":{"rendered":"<p><span style=\"color: #ff6600\"><strong>Africa-Press &#8211; Congo Brazzaville. <\/strong><\/span><b>La secre\u0301taire au Conseil consultatif des personnes vivant handicap, Joe\u0308lle Emmanuelle Akouele\u0301, a appele\u0301 le 8 mars a\u0300 Brazzaville, les femmes vivant avec handicap a\u0300 l\u2019appropriation de la loi Mouebara. <\/b><\/p>\n<p>\u00ab Le 8 mars est un moment crucial pour les femmes qui revendiquent leurs droits. Et ce matin nous nous sommes re\u0301unis la\u0300 les femmes vivant avec handicap, conseille\u0300res au sein du conseil consultatif des personnes vivant avec handicap, pour e\u0301piloguer sur les questions qui minent notre corporation, et voire a\u0300 quel niveau nous nous sommes impre\u0301gne\u0301es de la loi Mouebara prote\u0301geant les femmes contre toutes les formes de violences. Cette loi ne concerne pas seulement la femme valide, mais e\u0301galement la femme vivant avec handicap \u00bb, a releve\u0301 Joe\u0308lle Emmanuelle Akouele\u0301 a\u0300 l\u2019occasion d\u2019un e\u0301change de\u0301bats des femmes vivant avec handicap, organise\u0301 a\u0300 la ce\u0301le\u0301bration de la journe\u0301e internationale des femmes le 8 mars.<\/p>\n<p>Elle a appele\u0301 les femmes vivant avec handicap victimes de violences conjugales, et dans leur milieu, a\u0300 se rapprocher aupre\u0300s du ministe\u0300re de la Promotion de la femme et de l\u2019inte\u0301gration de la femme au de\u0301veloppement pour de\u0301noncer des actes, estimant que la femme n\u2019a pas besoin de se taire, lorsqu\u2019elle est violente\u0301e.<\/p>\n<p>Pour Joe\u0308lle Emmanuelle Akouele\u0301, les femmes vivant avec handicap ne doivent pas se laisser faire et continuer le plaidoyer, par le fait que la femme vivant avec handicap de surdite\u0301, est confronte\u0301e a\u0300 de difficulte\u0301s dans les centres de sante\u0301, qui sont de\u0301pourvus du personnel de sante\u0301 cense\u0301 comprendre et interpre\u0301ter le langage de cette frange sociale. C\u2019est ce qui fait qu\u2019elle subit des invectives, alors qu\u2019elle a les me\u0302mes droits que les femmes normales.<\/p>\n<p>S\u2019appuyant sur le the\u0300me national de la ce\u0301le\u0301bration de la journe\u0301e du 8 mars \u00ab Femmes, prote\u0301geons-nous contre les violences en ligne avec la loi Mouebara \u00bb, Joe\u0308lle Emmanuelle Akouele\u0301 a conseille\u0301 les femmes vivant avec handicap a\u0300 engager les poursuites judiciaires contre les auteurs des publications des vide\u0301os et articles sur le web sans leur consentement.<\/p>\n<p>La secre\u0301taire au Conseil consultatif des personnes vivant avec handicap, Joe\u0308lle Emmanuelle Akouele\u0301, a fait savoir que, la loi en matie\u0300re de re\u0301gulation du contenu sur le nume\u0301rique interdit la publication sans au pre\u0301alable l\u2019aval ou le quitus de la personne.<\/p>\n<p>A cet e\u0301change de\u0301bats, l\u2019un des membres du Conseil Consultatif des personnes vivant avec handicap, Joe\u0308lle Annielle Poaty a exhorte\u0301 les femmes vivant avec handicap a\u0300 la rigueur de soi, afin qu\u2019elle ne soit pas a\u0300 la merci des hommes. \u00ab Notre handicap ne doit pas e\u0302tre une faiblesse pour nous en tant que femme, a\u0300 se livrer des pratiques honteuses \u00bb, a-t-elle poursuivi.<\/p>\n<p>Joelle Anielle Poaty a sugge\u0301re\u0301 de re\u0301ajuster les dispositions de la loi Mouebara, en incluant la double peine aux auteurs de violences a\u0300 l\u2019endroit des femmes vivant avec handicap. Car la femme vivant avec handicap a\u0300 contrario avec la femme dite valide a\u0300 double handicap apre\u0300s un acte de violence, a-t-elle argumente\u0301.<\/p>\n<p><strong>Pour plus d&rsquo;informations et d&rsquo;analyses sur la <a href=\"https:\/\/www.africa-press.net\/congo-brazzaville\">Congo Brazzaville<\/a>, suivez <a href=\"https:\/\/www.africa-press.net\/\">Africa-Press<\/a><\/strong><\/p>\n","protected":false},"excerpt":{"rendered":"<p>Africa-Press &#8211; Congo Brazzaville. La secre\u0301taire au Conseil consultatif des personnes vivant handicap, Joe\u0308lle Emmanuelle Akouele\u0301, a appele\u0301 le 8 mars a\u0300 Brazzaville, les femmes vivant avec handicap a\u0300 l\u2019appropriation de la loi Mouebara. \u00ab Le 8 mars est un moment crucial pour les femmes qui revendiquent leurs droits. Et ce matin nous nous sommes [&hellip;]<\/p>\n","protected":false},"author":82,"featured_media":15525,"comment_status":"open","ping_status":"closed","sticky":false,"template":"","format":"standard","meta":{"footnotes":""},"categories":[21,10],"tags":[36,47,46],"class_list":["post-15526","post","type-post","status-publish","format-standard","has-post-thumbnail","hentry","category-communaute","category-toutes-les-actualites","tag-africa-press","tag-africa-press-congo-brazzaville","tag-congo-brazzaville"],"yoast_head":"<!-- This site is optimized with the Yoast SEO Premium plugin v26.1 (Yoast SEO v27.0) - https:\/\/yoast.com\/product\/yoast-seo-premium-wordpress\/ -->\n<title>les femmes vivant avec handicap sont appel\u00e9es \u00e0 l\u2019appropriation de la loi mouebara - Congo Brazzaville<\/title>\n<meta name=\"description\" content=\"La secre\u0301taire au Conseil consultatif des personnes vivant handicap, Joe\u0308lle Emmanuelle Akouele\u0301, a appele\u0301 le 8 mars ...\" \/>\n<meta name=\"robots\" content=\"index, follow, max-snippet:-1, max-image-preview:large, max-video-preview:-1\" \/>\n<link rel=\"canonical\" href=\"https:\/\/www.africa-press.net\/congo-brazzaville\/toutes-les-actualites\/les-femmes-vivant-avec-handicap-sont-appelees-a-lappropriation-de-la-loi-mouebara\" \/>\n<meta property=\"og:locale\" content=\"fr_FR\" \/>\n<meta property=\"og:type\" content=\"article\" \/>\n<meta property=\"og:title\" content=\"les femmes vivant avec handicap sont appel\u00e9es \u00e0 l\u2019appropriation de la loi mouebara\" \/>\n<meta property=\"og:description\" content=\"La secre\u0301taire au Conseil consultatif des personnes vivant handicap, Joe\u0308lle Emmanuelle Akouele\u0301, a appele\u0301 le 8 mars ...\" \/>\n<meta property=\"og:url\" content=\"https:\/\/www.africa-press.net\/congo-brazzaville\/toutes-les-actualites\/les-femmes-vivant-avec-handicap-sont-appelees-a-lappropriation-de-la-loi-mouebara\" \/>\n<meta property=\"og:site_name\" content=\"Congo Brazzaville\" \/>\n<meta property=\"article:published_time\" content=\"2023-03-11T19:23:56+00:00\" \/>\n<meta property=\"article:modified_time\" content=\"2023-03-11T20:03:14+00:00\" \/>\n<meta property=\"og:image\" content=\"https:\/\/static.africa-press.net\/congo-brazzaville\/sites\/51\/2023\/03\/postQueueImg_1678550050.48.jpg\" \/>\n\t<meta property=\"og:image:width\" content=\"709\" \/>\n\t<meta property=\"og:image:height\" content=\"441\" \/>\n\t<meta property=\"og:image:type\" content=\"image\/jpeg\" \/>\n<meta name=\"author\" content=\"cfeditorfr\" \/>\n<meta name=\"twitter:card\" content=\"summary_large_image\" \/>\n<meta name=\"twitter:label1\" content=\"\u00c9crit par\" \/>\n\t<meta name=\"twitter:data1\" content=\"cfeditorfr\" \/>\n\t<meta name=\"twitter:label2\" content=\"Dur\u00e9e de lecture estim\u00e9e\" \/>\n\t<meta name=\"twitter:data2\" content=\"3 minutes\" \/>\n<script type=\"application\/ld+json\" class=\"yoast-schema-graph\">{\"@context\":\"https:\/\/schema.org\",\"@graph\":[{\"@type\":\"Article\",\"@id\":\"https:\/\/www.africa-press.net\/congo-brazzaville\/toutes-les-actualites\/les-femmes-vivant-avec-handicap-sont-appelees-a-lappropriation-de-la-loi-mouebara#article\",\"isPartOf\":{\"@id\":\"https:\/\/www.africa-press.net\/congo-brazzaville\/toutes-les-actualites\/les-femmes-vivant-avec-handicap-sont-appelees-a-lappropriation-de-la-loi-mouebara\"},\"author\":{\"name\":\"cfeditorfr\",\"@id\":\"https:\/\/www.africa-press.net\/congo-brazzaville\/#\/schema\/person\/2b1cf3cd81a31e3cd26889ca66d677f1\"},\"headline\":\"les femmes vivant avec handicap sont appel\u00e9es \u00e0 l\u2019appropriation de la loi mouebara\",\"datePublished\":\"2023-03-11T19:23:56+00:00\",\"dateModified\":\"2023-03-11T20:03:14+00:00\",\"mainEntityOfPage\":{\"@id\":\"https:\/\/www.africa-press.net\/congo-brazzaville\/toutes-les-actualites\/les-femmes-vivant-avec-handicap-sont-appelees-a-lappropriation-de-la-loi-mouebara\"},\"wordCount\":569,\"commentCount\":0,\"image\":{\"@id\":\"https:\/\/www.africa-press.net\/congo-brazzaville\/toutes-les-actualites\/les-femmes-vivant-avec-handicap-sont-appelees-a-lappropriation-de-la-loi-mouebara#primaryimage\"},\"thumbnailUrl\":\"https:\/\/static.africa-press.net\/congo-brazzaville\/sites\/51\/2023\/03\/postQueueImg_1678550050.48.jpg\",\"keywords\":[\"Africa Press\",\"Africa Press-Congo Brazzaville\",\"Congo Brazzaville\"],\"articleSection\":[\"Communaut\u00e9\",\"Toutes les actualit\u00e9s\"],\"inLanguage\":\"fr-FR\",\"potentialAction\":[{\"@type\":\"CommentAction\",\"name\":\"Comment\",\"target\":[\"https:\/\/www.africa-press.net\/congo-brazzaville\/toutes-les-actualites\/les-femmes-vivant-avec-handicap-sont-appelees-a-lappropriation-de-la-loi-mouebara#respond\"]}]},{\"@type\":\"WebPage\",\"@id\":\"https:\/\/www.africa-press.net\/congo-brazzaville\/toutes-les-actualites\/les-femmes-vivant-avec-handicap-sont-appelees-a-lappropriation-de-la-loi-mouebara\",\"url\":\"https:\/\/www.africa-press.net\/congo-brazzaville\/toutes-les-actualites\/les-femmes-vivant-avec-handicap-sont-appelees-a-lappropriation-de-la-loi-mouebara\",\"name\":\"les femmes vivant avec handicap sont appel\u00e9es \u00e0 l\u2019appropriation de la loi mouebara - Congo Brazzaville\",\"isPartOf\":{\"@id\":\"https:\/\/www.africa-press.net\/congo-brazzaville\/#website\"},\"primaryImageOfPage\":{\"@id\":\"https:\/\/www.africa-press.net\/congo-brazzaville\/toutes-les-actualites\/les-femmes-vivant-avec-handicap-sont-appelees-a-lappropriation-de-la-loi-mouebara#primaryimage\"},\"image\":{\"@id\":\"https:\/\/www.africa-press.net\/congo-brazzaville\/toutes-les-actualites\/les-femmes-vivant-avec-handicap-sont-appelees-a-lappropriation-de-la-loi-mouebara#primaryimage\"},\"thumbnailUrl\":\"https:\/\/static.africa-press.net\/congo-brazzaville\/sites\/51\/2023\/03\/postQueueImg_1678550050.48.jpg\",\"datePublished\":\"2023-03-11T19:23:56+00:00\",\"dateModified\":\"2023-03-11T20:03:14+00:00\",\"author\":{\"@id\":\"https:\/\/www.africa-press.net\/congo-brazzaville\/#\/schema\/person\/2b1cf3cd81a31e3cd26889ca66d677f1\"},\"description\":\"La secre\u0301taire au Conseil consultatif des personnes vivant handicap, Joe\u0308lle Emmanuelle Akouele\u0301, a appele\u0301 le 8 mars ...\",\"breadcrumb\":{\"@id\":\"https:\/\/www.africa-press.net\/congo-brazzaville\/toutes-les-actualites\/les-femmes-vivant-avec-handicap-sont-appelees-a-lappropriation-de-la-loi-mouebara#breadcrumb\"},\"inLanguage\":\"fr-FR\",\"potentialAction\":[{\"@type\":\"ReadAction\",\"target\":[\"https:\/\/www.africa-press.net\/congo-brazzaville\/toutes-les-actualites\/les-femmes-vivant-avec-handicap-sont-appelees-a-lappropriation-de-la-loi-mouebara\"]}]},{\"@type\":\"ImageObject\",\"inLanguage\":\"fr-FR\",\"@id\":\"https:\/\/www.africa-press.net\/congo-brazzaville\/toutes-les-actualites\/les-femmes-vivant-avec-handicap-sont-appelees-a-lappropriation-de-la-loi-mouebara#primaryimage\",\"url\":\"https:\/\/static.africa-press.net\/congo-brazzaville\/sites\/51\/2023\/03\/postQueueImg_1678550050.48.jpg\",\"contentUrl\":\"https:\/\/static.africa-press.net\/congo-brazzaville\/sites\/51\/2023\/03\/postQueueImg_1678550050.48.jpg\",\"width\":709,\"height\":441,\"caption\":\"les femmes vivant avec handicap sont appel\u00e9es \u00e0 l\u2019appropriation de la loi mouebara\"},{\"@type\":\"BreadcrumbList\",\"@id\":\"https:\/\/www.africa-press.net\/congo-brazzaville\/toutes-les-actualites\/les-femmes-vivant-avec-handicap-sont-appelees-a-lappropriation-de-la-loi-mouebara#breadcrumb\",\"itemListElement\":[{\"@type\":\"ListItem\",\"position\":1,\"name\":\"Accueil\",\"item\":\"https:\/\/www.africa-press.net\/congo-brazzaville\/\"},{\"@type\":\"ListItem\",\"position\":2,\"name\":\"les femmes vivant avec handicap sont appel\u00e9es \u00e0 l\u2019appropriation de la loi mouebara\"}]},{\"@type\":\"WebSite\",\"@id\":\"https:\/\/www.africa-press.net\/congo-brazzaville\/#website\",\"url\":\"https:\/\/www.africa-press.net\/congo-brazzaville\/\",\"name\":\"Congo Brazzaville\",\"description\":\"Just another Africa News Agency Sites site\",\"potentialAction\":[{\"@type\":\"SearchAction\",\"target\":{\"@type\":\"EntryPoint\",\"urlTemplate\":\"https:\/\/www.africa-press.net\/congo-brazzaville\/?s={search_term_string}\"},\"query-input\":{\"@type\":\"PropertyValueSpecification\",\"valueRequired\":true,\"valueName\":\"search_term_string\"}}],\"inLanguage\":\"fr-FR\"},{\"@type\":\"Person\",\"@id\":\"https:\/\/www.africa-press.net\/congo-brazzaville\/#\/schema\/person\/2b1cf3cd81a31e3cd26889ca66d677f1\",\"name\":\"cfeditorfr\"}]}<\/script>\n<!-- \/ Yoast SEO Premium plugin. -->","yoast_head_json":{"title":"les femmes vivant avec handicap sont appel\u00e9es \u00e0 l\u2019appropriation de la loi mouebara - Congo Brazzaville","description":"La secre\u0301taire au Conseil consultatif des personnes vivant handicap, Joe\u0308lle Emmanuelle Akouele\u0301, a appele\u0301 le 8 mars ...","robots":{"index":"index","follow":"follow","max-snippet":"max-snippet:-1","max-image-preview":"max-image-preview:large","max-video-preview":"max-video-preview:-1"},"canonical":"https:\/\/www.africa-press.net\/congo-brazzaville\/toutes-les-actualites\/les-femmes-vivant-avec-handicap-sont-appelees-a-lappropriation-de-la-loi-mouebara","og_locale":"fr_FR","og_type":"article","og_title":"les femmes vivant avec handicap sont appel\u00e9es \u00e0 l\u2019appropriation de la loi mouebara","og_description":"La secre\u0301taire au Conseil consultatif des personnes vivant handicap, Joe\u0308lle Emmanuelle Akouele\u0301, a appele\u0301 le 8 mars ...","og_url":"https:\/\/www.africa-press.net\/congo-brazzaville\/toutes-les-actualites\/les-femmes-vivant-avec-handicap-sont-appelees-a-lappropriation-de-la-loi-mouebara","og_site_name":"Congo Brazzaville","article_published_time":"2023-03-11T19:23:56+00:00","article_modified_time":"2023-03-11T20:03:14+00:00","og_image":[{"width":709,"height":441,"url":"https:\/\/static.africa-press.net\/congo-brazzaville\/sites\/51\/2023\/03\/postQueueImg_1678550050.48.jpg","type":"image\/jpeg"}],"author":"cfeditorfr","twitter_card":"summary_large_image","twitter_misc":{"\u00c9crit par":"cfeditorfr","Dur\u00e9e de lecture estim\u00e9e":"3 minutes"},"schema":{"@context":"https:\/\/schema.org","@graph":[{"@type":"Article","@id":"https:\/\/www.africa-press.net\/congo-brazzaville\/toutes-les-actualites\/les-femmes-vivant-avec-handicap-sont-appelees-a-lappropriation-de-la-loi-mouebara#article","isPartOf":{"@id":"https:\/\/www.africa-press.net\/congo-brazzaville\/toutes-les-actualites\/les-femmes-vivant-avec-handicap-sont-appelees-a-lappropriation-de-la-loi-mouebara"},"author":{"name":"cfeditorfr","@id":"https:\/\/www.africa-press.net\/congo-brazzaville\/#\/schema\/person\/2b1cf3cd81a31e3cd26889ca66d677f1"},"headline":"les femmes vivant avec handicap sont appel\u00e9es \u00e0 l\u2019appropriation de la loi mouebara","datePublished":"2023-03-11T19:23:56+00:00","dateModified":"2023-03-11T20:03:14+00:00","mainEntityOfPage":{"@id":"https:\/\/www.africa-press.net\/congo-brazzaville\/toutes-les-actualites\/les-femmes-vivant-avec-handicap-sont-appelees-a-lappropriation-de-la-loi-mouebara"},"wordCount":569,"commentCount":0,"image":{"@id":"https:\/\/www.africa-press.net\/congo-brazzaville\/toutes-les-actualites\/les-femmes-vivant-avec-handicap-sont-appelees-a-lappropriation-de-la-loi-mouebara#primaryimage"},"thumbnailUrl":"https:\/\/static.africa-press.net\/congo-brazzaville\/sites\/51\/2023\/03\/postQueueImg_1678550050.48.jpg","keywords":["Africa Press","Africa Press-Congo Brazzaville","Congo Brazzaville"],"articleSection":["Communaut\u00e9","Toutes les actualit\u00e9s"],"inLanguage":"fr-FR","potentialAction":[{"@type":"CommentAction","name":"Comment","target":["https:\/\/www.africa-press.net\/congo-brazzaville\/toutes-les-actualites\/les-femmes-vivant-avec-handicap-sont-appelees-a-lappropriation-de-la-loi-mouebara#respond"]}]},{"@type":"WebPage","@id":"https:\/\/www.africa-press.net\/congo-brazzaville\/toutes-les-actualites\/les-femmes-vivant-avec-handicap-sont-appelees-a-lappropriation-de-la-loi-mouebara","url":"https:\/\/www.africa-press.net\/congo-brazzaville\/toutes-les-actualites\/les-femmes-vivant-avec-handicap-sont-appelees-a-lappropriation-de-la-loi-mouebara","name":"les femmes vivant avec handicap sont appel\u00e9es \u00e0 l\u2019appropriation de la loi mouebara - Congo Brazzaville","isPartOf":{"@id":"https:\/\/www.africa-press.net\/congo-brazzaville\/#website"},"primaryImageOfPage":{"@id":"https:\/\/www.africa-press.net\/congo-brazzaville\/toutes-les-actualites\/les-femmes-vivant-avec-handicap-sont-appelees-a-lappropriation-de-la-loi-mouebara#primaryimage"},"image":{"@id":"https:\/\/www.africa-press.net\/congo-brazzaville\/toutes-les-actualites\/les-femmes-vivant-avec-handicap-sont-appelees-a-lappropriation-de-la-loi-mouebara#primaryimage"},"thumbnailUrl":"https:\/\/static.africa-press.net\/congo-brazzaville\/sites\/51\/2023\/03\/postQueueImg_1678550050.48.jpg","datePublished":"2023-03-11T19:23:56+00:00","dateModified":"2023-03-11T20:03:14+00:00","author":{"@id":"https:\/\/www.africa-press.net\/congo-brazzaville\/#\/schema\/person\/2b1cf3cd81a31e3cd26889ca66d677f1"},"description":"La secre\u0301taire au Conseil consultatif des personnes vivant handicap, Joe\u0308lle Emmanuelle Akouele\u0301, a appele\u0301 le 8 mars ...","breadcrumb":{"@id":"https:\/\/www.africa-press.net\/congo-brazzaville\/toutes-les-actualites\/les-femmes-vivant-avec-handicap-sont-appelees-a-lappropriation-de-la-loi-mouebara#breadcrumb"},"inLanguage":"fr-FR","potentialAction":[{"@type":"ReadAction","target":["https:\/\/www.africa-press.net\/congo-brazzaville\/toutes-les-actualites\/les-femmes-vivant-avec-handicap-sont-appelees-a-lappropriation-de-la-loi-mouebara"]}]},{"@type":"ImageObject","inLanguage":"fr-FR","@id":"https:\/\/www.africa-press.net\/congo-brazzaville\/toutes-les-actualites\/les-femmes-vivant-avec-handicap-sont-appelees-a-lappropriation-de-la-loi-mouebara#primaryimage","url":"https:\/\/static.africa-press.net\/congo-brazzaville\/sites\/51\/2023\/03\/postQueueImg_1678550050.48.jpg","contentUrl":"https:\/\/static.africa-press.net\/congo-brazzaville\/sites\/51\/2023\/03\/postQueueImg_1678550050.48.jpg","width":709,"height":441,"caption":"les femmes vivant avec handicap sont appel\u00e9es \u00e0 l\u2019appropriation de la loi mouebara"},{"@type":"BreadcrumbList","@id":"https:\/\/www.africa-press.net\/congo-brazzaville\/toutes-les-actualites\/les-femmes-vivant-avec-handicap-sont-appelees-a-lappropriation-de-la-loi-mouebara#breadcrumb","itemListElement":[{"@type":"ListItem","position":1,"name":"Accueil","item":"https:\/\/www.africa-press.net\/congo-brazzaville\/"},{"@type":"ListItem","position":2,"name":"les femmes vivant avec handicap sont appel\u00e9es \u00e0 l\u2019appropriation de la loi mouebara"}]},{"@type":"WebSite","@id":"https:\/\/www.africa-press.net\/congo-brazzaville\/#website","url":"https:\/\/www.africa-press.net\/congo-brazzaville\/","name":"Congo Brazzaville","description":"Just another Africa News Agency Sites site","potentialAction":[{"@type":"SearchAction","target":{"@type":"EntryPoint","urlTemplate":"https:\/\/www.africa-press.net\/congo-brazzaville\/?s={search_term_string}"},"query-input":{"@type":"PropertyValueSpecification","valueRequired":true,"valueName":"search_term_string"}}],"inLanguage":"fr-FR"},{"@type":"Person","@id":"https:\/\/www.africa-press.net\/congo-brazzaville\/#\/schema\/person\/2b1cf3cd81a31e3cd26889ca66d677f1","name":"cfeditorfr"}]}},"_links":{"self":[{"href":"https:\/\/www.africa-press.net\/congo-brazzaville\/wp-json\/wp\/v2\/posts\/15526","targetHints":{"allow":["GET"]}}],"collection":[{"href":"https:\/\/www.africa-press.net\/congo-brazzaville\/wp-json\/wp\/v2\/posts"}],"about":[{"href":"https:\/\/www.africa-press.net\/congo-brazzaville\/wp-json\/wp\/v2\/types\/post"}],"author":[{"embeddable":true,"href":"https:\/\/www.africa-press.net\/congo-brazzaville\/wp-json\/wp\/v2\/users\/82"}],"replies":[{"embeddable":true,"href":"https:\/\/www.africa-press.net\/congo-brazzaville\/wp-json\/wp\/v2\/comments?post=15526"}],"version-history":[{"count":0,"href":"https:\/\/www.africa-press.net\/congo-brazzaville\/wp-json\/wp\/v2\/posts\/15526\/revisions"}],"wp:featuredmedia":[{"embeddable":true,"href":"https:\/\/www.africa-press.net\/congo-brazzaville\/wp-json\/wp\/v2\/media\/15525"}],"wp:attachment":[{"href":"https:\/\/www.africa-press.net\/congo-brazzaville\/wp-json\/wp\/v2\/media?parent=15526"}],"wp:term":[{"taxonomy":"category","embeddable":true,"href":"https:\/\/www.africa-press.net\/congo-brazzaville\/wp-json\/wp\/v2\/categories?post=15526"},{"taxonomy":"post_tag","embeddable":true,"href":"https:\/\/www.africa-press.net\/congo-brazzaville\/wp-json\/wp\/v2\/tags?post=15526"}],"curies":[{"name":"wp","href":"https:\/\/api.w.org\/{rel}","templated":true}]}}