{"id":15529,"date":"2023-03-11T19:24:15","date_gmt":"2023-03-11T19:24:15","guid":{"rendered":"https:\/\/www.africa-press.net\/congo-brazzaville\/politique\/le-cad-presente-le-rapport-sur-les-violations-des-droits-des-communautes-au-parc-national-ntokou-pikounda"},"modified":"2023-03-11T20:03:42","modified_gmt":"2023-03-11T20:03:42","slug":"le-cad-presente-le-rapport-sur-les-violations-des-droits-des-communautes-au-parc-national-ntokou-pikounda","status":"publish","type":"post","link":"https:\/\/www.africa-press.net\/congo-brazzaville\/toutes-les-actualites\/le-cad-presente-le-rapport-sur-les-violations-des-droits-des-communautes-au-parc-national-ntokou-pikounda","title":{"rendered":"le cad pr\u00e9sente le rapport sur les violations des droits des communaut\u00e9s au parc national ntokou-pikounda"},"content":{"rendered":"<p><span style=\"color: #ff6600\"><strong>Africa-Press &#8211; Congo Brazzaville. <\/strong><\/span><b>Le directeur exe\u0301cutif du Centre d\u2019action pour le de\u0301veloppement (CAD), Tre\u0301sor Nzila a re\u0301ve\u0301le\u0301 le 10 mars a\u0300 Brazzaville que les communaute\u0301s vivant en lisie\u0300re du Parc national Ntokou-Pikounda, situe\u0301 entre les de\u0301partements de la Sangha et de la Cuvette centrale, ont vu leurs campements traditionnels de pe\u0302che de\u0301truits, leurs droits humains bafoue\u0301s et leurs modes de substance ane\u0301antis.<\/b><\/p>\n<p>\u00ab Nos recherches re\u0301ve\u0300lent notamment qu\u2019entre 2019 et 2021 les gestionnaires du Parc national Ntokou-Pikounda ont proce\u0301de\u0301 a\u0300 des expulsions force\u0301es massives des familles et des individus. Leurs campements traditionnels de pe\u0302che ont e\u0301te\u0301 de\u0301truits, incendie\u0301s et les biens confisque\u0301s. Ces expulsions, parfois accompagne\u0301es de violences physiques, se sont de\u0301roule\u0301es sans consultation pre\u0301alable et sans mesures d\u2019accompagnement pour ces communaute\u0301s de\u0301sormais prive\u0301es de leur principale source de revenu \u00bb, a releve\u0301 le directeur exe\u0301cutif du CAD, Tre\u0301sor Nzila, lors d\u2019une confe\u0301rence de presse sur la pre\u0301sentation du rapport d\u2019enque\u0302te \u00ab Parc national Ntokou-Pikounda : quand le bonheur des uns impose la mise\u0300re des autres \u00bb.<\/p>\n<p>Le directeur exe\u0301cutif du CAD a souligne\u0301 que certains membres des communaute\u0301s autochtones ont e\u0301te\u0301 arre\u0302te\u0301s. \u00ab L\u2019enque\u0302te re\u0301ve\u0300le aussi une criminalisation excessive des activite\u0301s de substance dans le Parc national Ntokou-Pikounda. Entre 2019 et 2021, le Parc et les pouvoirs publics ont proce\u0301de\u0301 a\u0300 des vagues d\u2019arrestations et d\u2019emprisonnement contre les membres des communaute\u0301s, visiblement tous des pe\u0302cheurs \u00bb, a fait savoir Tre\u0301sor Nzila.<\/p>\n<p>Tre\u0301sor Nzila a de\u0301cline\u0301 quelques recommandations, en vue de re\u0301soudre cette situation de\u0301gradante des populations autochtones vivant autour du parc national Ntokou-Pikounda. Il s\u2019agit d\u2019apporter une indemnisation approprie\u0301e aux victimes des expulsions force\u0301es apre\u0300s une e\u0301valuation adapte\u0301e non seulement des biens perdus mais aussi des pertes de moyen de substance. \u201cInvestir dans la formation des eco-gardes pour le respect des droits humains afin de re\u0301duire les actions ne\u0301fastes envers les communaute\u0301s locales\u201d, a conclu le directeur exe\u0301cutif du CAD.<\/p>\n<p><strong>Pour plus d&rsquo;informations et d&rsquo;analyses sur la <a href=\"https:\/\/www.africa-press.net\/congo-brazzaville\">Congo Brazzaville<\/a>, suivez <a href=\"https:\/\/www.africa-press.net\/\">Africa-Press<\/a><\/strong><\/p>\n","protected":false},"excerpt":{"rendered":"<p>Africa-Press &#8211; Congo Brazzaville. Le directeur exe\u0301cutif du Centre d\u2019action pour le de\u0301veloppement (CAD), Tre\u0301sor Nzila a re\u0301ve\u0301le\u0301 le 10 mars a\u0300 Brazzaville que les communaute\u0301s vivant en lisie\u0300re du Parc national Ntokou-Pikounda, situe\u0301 entre les de\u0301partements de la Sangha et de la Cuvette centrale, ont vu leurs campements traditionnels de pe\u0302che de\u0301truits, leurs droits [&hellip;]<\/p>\n","protected":false},"author":82,"featured_media":15528,"comment_status":"open","ping_status":"closed","sticky":false,"template":"","format":"standard","meta":{"footnotes":""},"categories":[21,10],"tags":[36,47,46],"class_list":["post-15529","post","type-post","status-publish","format-standard","has-post-thumbnail","hentry","category-communaute","category-toutes-les-actualites","tag-africa-press","tag-africa-press-congo-brazzaville","tag-congo-brazzaville"],"yoast_head":"<!-- This site is optimized with the Yoast SEO Premium plugin v26.1 (Yoast SEO v27.0) - https:\/\/yoast.com\/product\/yoast-seo-premium-wordpress\/ -->\n<title>le cad pr\u00e9sente le rapport sur les violations des droits des communaut\u00e9s au parc national ntokou-pikounda - Congo Brazzaville<\/title>\n<meta name=\"description\" content=\"Le directeur exe\u0301cutif du Centre d\u2019action pour le de\u0301veloppement (CAD), Tre\u0301sor Nzila a re\u0301ve\u0301le\u0301 le 10 mars a\u0300 Brazz ...\" \/>\n<meta name=\"robots\" content=\"index, follow, max-snippet:-1, max-image-preview:large, max-video-preview:-1\" \/>\n<link rel=\"canonical\" href=\"https:\/\/www.africa-press.net\/congo-brazzaville\/toutes-les-actualites\/le-cad-presente-le-rapport-sur-les-violations-des-droits-des-communautes-au-parc-national-ntokou-pikounda\" \/>\n<meta property=\"og:locale\" content=\"fr_FR\" \/>\n<meta property=\"og:type\" content=\"article\" \/>\n<meta property=\"og:title\" content=\"le cad pr\u00e9sente le rapport sur les violations des droits des communaut\u00e9s au parc national ntokou-pikounda\" \/>\n<meta property=\"og:description\" content=\"Le directeur exe\u0301cutif du Centre d\u2019action pour le de\u0301veloppement (CAD), Tre\u0301sor Nzila a re\u0301ve\u0301le\u0301 le 10 mars a\u0300 Brazz ...\" \/>\n<meta property=\"og:url\" content=\"https:\/\/www.africa-press.net\/congo-brazzaville\/toutes-les-actualites\/le-cad-presente-le-rapport-sur-les-violations-des-droits-des-communautes-au-parc-national-ntokou-pikounda\" \/>\n<meta property=\"og:site_name\" content=\"Congo Brazzaville\" \/>\n<meta property=\"article:published_time\" content=\"2023-03-11T19:24:15+00:00\" \/>\n<meta property=\"article:modified_time\" content=\"2023-03-11T20:03:42+00:00\" \/>\n<meta property=\"og:image\" content=\"https:\/\/static.africa-press.net\/congo-brazzaville\/sites\/51\/2023\/03\/postQueueImg_1678550062.59.jpg\" \/>\n\t<meta property=\"og:image:width\" content=\"933\" \/>\n\t<meta property=\"og:image:height\" content=\"445\" \/>\n\t<meta property=\"og:image:type\" content=\"image\/jpeg\" \/>\n<meta name=\"author\" content=\"cfeditorfr\" \/>\n<meta name=\"twitter:card\" content=\"summary_large_image\" \/>\n<meta name=\"twitter:label1\" content=\"\u00c9crit par\" \/>\n\t<meta name=\"twitter:data1\" content=\"cfeditorfr\" \/>\n\t<meta name=\"twitter:label2\" content=\"Dur\u00e9e de lecture estim\u00e9e\" \/>\n\t<meta name=\"twitter:data2\" content=\"2 minutes\" \/>\n<script type=\"application\/ld+json\" class=\"yoast-schema-graph\">{\"@context\":\"https:\/\/schema.org\",\"@graph\":[{\"@type\":\"Article\",\"@id\":\"https:\/\/www.africa-press.net\/congo-brazzaville\/toutes-les-actualites\/le-cad-presente-le-rapport-sur-les-violations-des-droits-des-communautes-au-parc-national-ntokou-pikounda#article\",\"isPartOf\":{\"@id\":\"https:\/\/www.africa-press.net\/congo-brazzaville\/toutes-les-actualites\/le-cad-presente-le-rapport-sur-les-violations-des-droits-des-communautes-au-parc-national-ntokou-pikounda\"},\"author\":{\"name\":\"cfeditorfr\",\"@id\":\"https:\/\/www.africa-press.net\/congo-brazzaville\/#\/schema\/person\/2b1cf3cd81a31e3cd26889ca66d677f1\"},\"headline\":\"le cad pr\u00e9sente le rapport sur les violations des droits des communaut\u00e9s au parc national ntokou-pikounda\",\"datePublished\":\"2023-03-11T19:24:15+00:00\",\"dateModified\":\"2023-03-11T20:03:42+00:00\",\"mainEntityOfPage\":{\"@id\":\"https:\/\/www.africa-press.net\/congo-brazzaville\/toutes-les-actualites\/le-cad-presente-le-rapport-sur-les-violations-des-droits-des-communautes-au-parc-national-ntokou-pikounda\"},\"wordCount\":401,\"commentCount\":0,\"image\":{\"@id\":\"https:\/\/www.africa-press.net\/congo-brazzaville\/toutes-les-actualites\/le-cad-presente-le-rapport-sur-les-violations-des-droits-des-communautes-au-parc-national-ntokou-pikounda#primaryimage\"},\"thumbnailUrl\":\"https:\/\/static.africa-press.net\/congo-brazzaville\/sites\/51\/2023\/03\/postQueueImg_1678550062.59.jpg\",\"keywords\":[\"Africa Press\",\"Africa Press-Congo Brazzaville\",\"Congo Brazzaville\"],\"articleSection\":[\"Communaut\u00e9\",\"Toutes les actualit\u00e9s\"],\"inLanguage\":\"fr-FR\",\"potentialAction\":[{\"@type\":\"CommentAction\",\"name\":\"Comment\",\"target\":[\"https:\/\/www.africa-press.net\/congo-brazzaville\/toutes-les-actualites\/le-cad-presente-le-rapport-sur-les-violations-des-droits-des-communautes-au-parc-national-ntokou-pikounda#respond\"]}]},{\"@type\":\"WebPage\",\"@id\":\"https:\/\/www.africa-press.net\/congo-brazzaville\/toutes-les-actualites\/le-cad-presente-le-rapport-sur-les-violations-des-droits-des-communautes-au-parc-national-ntokou-pikounda\",\"url\":\"https:\/\/www.africa-press.net\/congo-brazzaville\/toutes-les-actualites\/le-cad-presente-le-rapport-sur-les-violations-des-droits-des-communautes-au-parc-national-ntokou-pikounda\",\"name\":\"le cad pr\u00e9sente le rapport sur les violations des droits des communaut\u00e9s au parc national ntokou-pikounda - Congo Brazzaville\",\"isPartOf\":{\"@id\":\"https:\/\/www.africa-press.net\/congo-brazzaville\/#website\"},\"primaryImageOfPage\":{\"@id\":\"https:\/\/www.africa-press.net\/congo-brazzaville\/toutes-les-actualites\/le-cad-presente-le-rapport-sur-les-violations-des-droits-des-communautes-au-parc-national-ntokou-pikounda#primaryimage\"},\"image\":{\"@id\":\"https:\/\/www.africa-press.net\/congo-brazzaville\/toutes-les-actualites\/le-cad-presente-le-rapport-sur-les-violations-des-droits-des-communautes-au-parc-national-ntokou-pikounda#primaryimage\"},\"thumbnailUrl\":\"https:\/\/static.africa-press.net\/congo-brazzaville\/sites\/51\/2023\/03\/postQueueImg_1678550062.59.jpg\",\"datePublished\":\"2023-03-11T19:24:15+00:00\",\"dateModified\":\"2023-03-11T20:03:42+00:00\",\"author\":{\"@id\":\"https:\/\/www.africa-press.net\/congo-brazzaville\/#\/schema\/person\/2b1cf3cd81a31e3cd26889ca66d677f1\"},\"description\":\"Le directeur exe\u0301cutif du Centre d\u2019action pour le de\u0301veloppement (CAD), Tre\u0301sor Nzila a re\u0301ve\u0301le\u0301 le 10 mars a\u0300 Brazz ...\",\"breadcrumb\":{\"@id\":\"https:\/\/www.africa-press.net\/congo-brazzaville\/toutes-les-actualites\/le-cad-presente-le-rapport-sur-les-violations-des-droits-des-communautes-au-parc-national-ntokou-pikounda#breadcrumb\"},\"inLanguage\":\"fr-FR\",\"potentialAction\":[{\"@type\":\"ReadAction\",\"target\":[\"https:\/\/www.africa-press.net\/congo-brazzaville\/toutes-les-actualites\/le-cad-presente-le-rapport-sur-les-violations-des-droits-des-communautes-au-parc-national-ntokou-pikounda\"]}]},{\"@type\":\"ImageObject\",\"inLanguage\":\"fr-FR\",\"@id\":\"https:\/\/www.africa-press.net\/congo-brazzaville\/toutes-les-actualites\/le-cad-presente-le-rapport-sur-les-violations-des-droits-des-communautes-au-parc-national-ntokou-pikounda#primaryimage\",\"url\":\"https:\/\/static.africa-press.net\/congo-brazzaville\/sites\/51\/2023\/03\/postQueueImg_1678550062.59.jpg\",\"contentUrl\":\"https:\/\/static.africa-press.net\/congo-brazzaville\/sites\/51\/2023\/03\/postQueueImg_1678550062.59.jpg\",\"width\":933,\"height\":445,\"caption\":\"le cad pr\u00e9sente le rapport sur les violations des droits des communaut\u00e9s au parc national ntokou-pikounda\"},{\"@type\":\"BreadcrumbList\",\"@id\":\"https:\/\/www.africa-press.net\/congo-brazzaville\/toutes-les-actualites\/le-cad-presente-le-rapport-sur-les-violations-des-droits-des-communautes-au-parc-national-ntokou-pikounda#breadcrumb\",\"itemListElement\":[{\"@type\":\"ListItem\",\"position\":1,\"name\":\"Accueil\",\"item\":\"https:\/\/www.africa-press.net\/congo-brazzaville\/\"},{\"@type\":\"ListItem\",\"position\":2,\"name\":\"le cad pr\u00e9sente le rapport sur les violations des droits des communaut\u00e9s au parc national ntokou-pikounda\"}]},{\"@type\":\"WebSite\",\"@id\":\"https:\/\/www.africa-press.net\/congo-brazzaville\/#website\",\"url\":\"https:\/\/www.africa-press.net\/congo-brazzaville\/\",\"name\":\"Congo Brazzaville\",\"description\":\"Just another Africa News Agency Sites site\",\"potentialAction\":[{\"@type\":\"SearchAction\",\"target\":{\"@type\":\"EntryPoint\",\"urlTemplate\":\"https:\/\/www.africa-press.net\/congo-brazzaville\/?s={search_term_string}\"},\"query-input\":{\"@type\":\"PropertyValueSpecification\",\"valueRequired\":true,\"valueName\":\"search_term_string\"}}],\"inLanguage\":\"fr-FR\"},{\"@type\":\"Person\",\"@id\":\"https:\/\/www.africa-press.net\/congo-brazzaville\/#\/schema\/person\/2b1cf3cd81a31e3cd26889ca66d677f1\",\"name\":\"cfeditorfr\"}]}<\/script>\n<!-- \/ Yoast SEO Premium plugin. -->","yoast_head_json":{"title":"le cad pr\u00e9sente le rapport sur les violations des droits des communaut\u00e9s au parc national ntokou-pikounda - Congo Brazzaville","description":"Le directeur exe\u0301cutif du Centre d\u2019action pour le de\u0301veloppement (CAD), Tre\u0301sor Nzila a re\u0301ve\u0301le\u0301 le 10 mars a\u0300 Brazz ...","robots":{"index":"index","follow":"follow","max-snippet":"max-snippet:-1","max-image-preview":"max-image-preview:large","max-video-preview":"max-video-preview:-1"},"canonical":"https:\/\/www.africa-press.net\/congo-brazzaville\/toutes-les-actualites\/le-cad-presente-le-rapport-sur-les-violations-des-droits-des-communautes-au-parc-national-ntokou-pikounda","og_locale":"fr_FR","og_type":"article","og_title":"le cad pr\u00e9sente le rapport sur les violations des droits des communaut\u00e9s au parc national ntokou-pikounda","og_description":"Le directeur exe\u0301cutif du Centre d\u2019action pour le de\u0301veloppement (CAD), Tre\u0301sor Nzila a re\u0301ve\u0301le\u0301 le 10 mars a\u0300 Brazz ...","og_url":"https:\/\/www.africa-press.net\/congo-brazzaville\/toutes-les-actualites\/le-cad-presente-le-rapport-sur-les-violations-des-droits-des-communautes-au-parc-national-ntokou-pikounda","og_site_name":"Congo Brazzaville","article_published_time":"2023-03-11T19:24:15+00:00","article_modified_time":"2023-03-11T20:03:42+00:00","og_image":[{"width":933,"height":445,"url":"https:\/\/static.africa-press.net\/congo-brazzaville\/sites\/51\/2023\/03\/postQueueImg_1678550062.59.jpg","type":"image\/jpeg"}],"author":"cfeditorfr","twitter_card":"summary_large_image","twitter_misc":{"\u00c9crit par":"cfeditorfr","Dur\u00e9e de lecture estim\u00e9e":"2 minutes"},"schema":{"@context":"https:\/\/schema.org","@graph":[{"@type":"Article","@id":"https:\/\/www.africa-press.net\/congo-brazzaville\/toutes-les-actualites\/le-cad-presente-le-rapport-sur-les-violations-des-droits-des-communautes-au-parc-national-ntokou-pikounda#article","isPartOf":{"@id":"https:\/\/www.africa-press.net\/congo-brazzaville\/toutes-les-actualites\/le-cad-presente-le-rapport-sur-les-violations-des-droits-des-communautes-au-parc-national-ntokou-pikounda"},"author":{"name":"cfeditorfr","@id":"https:\/\/www.africa-press.net\/congo-brazzaville\/#\/schema\/person\/2b1cf3cd81a31e3cd26889ca66d677f1"},"headline":"le cad pr\u00e9sente le rapport sur les violations des droits des communaut\u00e9s au parc national ntokou-pikounda","datePublished":"2023-03-11T19:24:15+00:00","dateModified":"2023-03-11T20:03:42+00:00","mainEntityOfPage":{"@id":"https:\/\/www.africa-press.net\/congo-brazzaville\/toutes-les-actualites\/le-cad-presente-le-rapport-sur-les-violations-des-droits-des-communautes-au-parc-national-ntokou-pikounda"},"wordCount":401,"commentCount":0,"image":{"@id":"https:\/\/www.africa-press.net\/congo-brazzaville\/toutes-les-actualites\/le-cad-presente-le-rapport-sur-les-violations-des-droits-des-communautes-au-parc-national-ntokou-pikounda#primaryimage"},"thumbnailUrl":"https:\/\/static.africa-press.net\/congo-brazzaville\/sites\/51\/2023\/03\/postQueueImg_1678550062.59.jpg","keywords":["Africa Press","Africa Press-Congo Brazzaville","Congo Brazzaville"],"articleSection":["Communaut\u00e9","Toutes les actualit\u00e9s"],"inLanguage":"fr-FR","potentialAction":[{"@type":"CommentAction","name":"Comment","target":["https:\/\/www.africa-press.net\/congo-brazzaville\/toutes-les-actualites\/le-cad-presente-le-rapport-sur-les-violations-des-droits-des-communautes-au-parc-national-ntokou-pikounda#respond"]}]},{"@type":"WebPage","@id":"https:\/\/www.africa-press.net\/congo-brazzaville\/toutes-les-actualites\/le-cad-presente-le-rapport-sur-les-violations-des-droits-des-communautes-au-parc-national-ntokou-pikounda","url":"https:\/\/www.africa-press.net\/congo-brazzaville\/toutes-les-actualites\/le-cad-presente-le-rapport-sur-les-violations-des-droits-des-communautes-au-parc-national-ntokou-pikounda","name":"le cad pr\u00e9sente le rapport sur les violations des droits des communaut\u00e9s au parc national ntokou-pikounda - Congo Brazzaville","isPartOf":{"@id":"https:\/\/www.africa-press.net\/congo-brazzaville\/#website"},"primaryImageOfPage":{"@id":"https:\/\/www.africa-press.net\/congo-brazzaville\/toutes-les-actualites\/le-cad-presente-le-rapport-sur-les-violations-des-droits-des-communautes-au-parc-national-ntokou-pikounda#primaryimage"},"image":{"@id":"https:\/\/www.africa-press.net\/congo-brazzaville\/toutes-les-actualites\/le-cad-presente-le-rapport-sur-les-violations-des-droits-des-communautes-au-parc-national-ntokou-pikounda#primaryimage"},"thumbnailUrl":"https:\/\/static.africa-press.net\/congo-brazzaville\/sites\/51\/2023\/03\/postQueueImg_1678550062.59.jpg","datePublished":"2023-03-11T19:24:15+00:00","dateModified":"2023-03-11T20:03:42+00:00","author":{"@id":"https:\/\/www.africa-press.net\/congo-brazzaville\/#\/schema\/person\/2b1cf3cd81a31e3cd26889ca66d677f1"},"description":"Le directeur exe\u0301cutif du Centre d\u2019action pour le de\u0301veloppement (CAD), Tre\u0301sor Nzila a re\u0301ve\u0301le\u0301 le 10 mars a\u0300 Brazz ...","breadcrumb":{"@id":"https:\/\/www.africa-press.net\/congo-brazzaville\/toutes-les-actualites\/le-cad-presente-le-rapport-sur-les-violations-des-droits-des-communautes-au-parc-national-ntokou-pikounda#breadcrumb"},"inLanguage":"fr-FR","potentialAction":[{"@type":"ReadAction","target":["https:\/\/www.africa-press.net\/congo-brazzaville\/toutes-les-actualites\/le-cad-presente-le-rapport-sur-les-violations-des-droits-des-communautes-au-parc-national-ntokou-pikounda"]}]},{"@type":"ImageObject","inLanguage":"fr-FR","@id":"https:\/\/www.africa-press.net\/congo-brazzaville\/toutes-les-actualites\/le-cad-presente-le-rapport-sur-les-violations-des-droits-des-communautes-au-parc-national-ntokou-pikounda#primaryimage","url":"https:\/\/static.africa-press.net\/congo-brazzaville\/sites\/51\/2023\/03\/postQueueImg_1678550062.59.jpg","contentUrl":"https:\/\/static.africa-press.net\/congo-brazzaville\/sites\/51\/2023\/03\/postQueueImg_1678550062.59.jpg","width":933,"height":445,"caption":"le cad pr\u00e9sente le rapport sur les violations des droits des communaut\u00e9s au parc national ntokou-pikounda"},{"@type":"BreadcrumbList","@id":"https:\/\/www.africa-press.net\/congo-brazzaville\/toutes-les-actualites\/le-cad-presente-le-rapport-sur-les-violations-des-droits-des-communautes-au-parc-national-ntokou-pikounda#breadcrumb","itemListElement":[{"@type":"ListItem","position":1,"name":"Accueil","item":"https:\/\/www.africa-press.net\/congo-brazzaville\/"},{"@type":"ListItem","position":2,"name":"le cad pr\u00e9sente le rapport sur les violations des droits des communaut\u00e9s au parc national ntokou-pikounda"}]},{"@type":"WebSite","@id":"https:\/\/www.africa-press.net\/congo-brazzaville\/#website","url":"https:\/\/www.africa-press.net\/congo-brazzaville\/","name":"Congo Brazzaville","description":"Just another Africa News Agency Sites site","potentialAction":[{"@type":"SearchAction","target":{"@type":"EntryPoint","urlTemplate":"https:\/\/www.africa-press.net\/congo-brazzaville\/?s={search_term_string}"},"query-input":{"@type":"PropertyValueSpecification","valueRequired":true,"valueName":"search_term_string"}}],"inLanguage":"fr-FR"},{"@type":"Person","@id":"https:\/\/www.africa-press.net\/congo-brazzaville\/#\/schema\/person\/2b1cf3cd81a31e3cd26889ca66d677f1","name":"cfeditorfr"}]}},"_links":{"self":[{"href":"https:\/\/www.africa-press.net\/congo-brazzaville\/wp-json\/wp\/v2\/posts\/15529","targetHints":{"allow":["GET"]}}],"collection":[{"href":"https:\/\/www.africa-press.net\/congo-brazzaville\/wp-json\/wp\/v2\/posts"}],"about":[{"href":"https:\/\/www.africa-press.net\/congo-brazzaville\/wp-json\/wp\/v2\/types\/post"}],"author":[{"embeddable":true,"href":"https:\/\/www.africa-press.net\/congo-brazzaville\/wp-json\/wp\/v2\/users\/82"}],"replies":[{"embeddable":true,"href":"https:\/\/www.africa-press.net\/congo-brazzaville\/wp-json\/wp\/v2\/comments?post=15529"}],"version-history":[{"count":0,"href":"https:\/\/www.africa-press.net\/congo-brazzaville\/wp-json\/wp\/v2\/posts\/15529\/revisions"}],"wp:featuredmedia":[{"embeddable":true,"href":"https:\/\/www.africa-press.net\/congo-brazzaville\/wp-json\/wp\/v2\/media\/15528"}],"wp:attachment":[{"href":"https:\/\/www.africa-press.net\/congo-brazzaville\/wp-json\/wp\/v2\/media?parent=15529"}],"wp:term":[{"taxonomy":"category","embeddable":true,"href":"https:\/\/www.africa-press.net\/congo-brazzaville\/wp-json\/wp\/v2\/categories?post=15529"},{"taxonomy":"post_tag","embeddable":true,"href":"https:\/\/www.africa-press.net\/congo-brazzaville\/wp-json\/wp\/v2\/tags?post=15529"}],"curies":[{"name":"wp","href":"https:\/\/api.w.org\/{rel}","templated":true}]}}