{"id":15539,"date":"2023-03-13T12:35:05","date_gmt":"2023-03-13T12:35:05","guid":{"rendered":"https:\/\/www.africa-press.net\/congo-brazzaville\/politique\/journee-internationale-des-droits-des-femmes-ideso-et-smile-africa-sensibilisent-a-legalite-entre-les-sexes"},"modified":"2023-03-13T12:52:24","modified_gmt":"2023-03-13T12:52:24","slug":"journee-internationale-des-droits-des-femmes-ideso-et-smile-africa-sensibilisent-a-legalite-entre-les-sexes","status":"publish","type":"post","link":"https:\/\/www.africa-press.net\/congo-brazzaville\/toutes-les-actualites\/journee-internationale-des-droits-des-femmes-ideso-et-smile-africa-sensibilisent-a-legalite-entre-les-sexes","title":{"rendered":"Journ\u00e9e internationale des droits des femmes:  Ideso et Smile Africa sensibilisent \u00e0 l&rsquo;\u00e9galit\u00e9 entre les sexes"},"content":{"rendered":"<p><span style=\"color: #ff6600\"><strong>Africa-Press &#8211; Congo Brazzaville. <\/strong><\/span><b>En le\u0301ger de\u0301calage des festivite\u0301s du 8 mars, l&rsquo;association Initiative de\u0301veloppement et solidarite\u0301 (Ideso) et l&rsquo;Organisation non gouvernementale (ONG) internationale Smile Africa ont organise\u0301, le 11 mars a\u0300 Paris, une rencontre sur le the\u0300me \u00ab\u00a0A\u0300 la de\u0301couverte des femmes qui agissent ici et la\u0300-bas\u00a0\u00bb.<\/b><\/p>\n<p>L&rsquo;association Ideso et sa consoeur Smile Africa ont opte\u0301 pour ce\u0301le\u0301brer la Journe\u0301e des droits des femmes en de\u0301but du week-end afin de permettre aux membres, sympathisants et autres personnalite\u0301s de vivre plus largement une sensibilisation accrue et d\u2019aborder se\u0301rieusement la fac\u0327on de se mobiliser afin d\u2019obtenir les droits des femmes et l&rsquo;e\u0301galite\u0301 entre les filles et les garc\u0327ons.<\/p>\n<p>Alors que les Nations unies ont donne\u0301 leur directive pour \u00ab\u00a0L\u2019innovation, le changement technologique et l\u2019e\u0301ducation a\u0300 l\u2019e\u0300re du nume\u0301rique pour re\u0301aliser l\u2019e\u0301galite\u0301 des sexes et autonomiser toutes les femmes et les filles\u00a0\u00bb, la rencontre a\u0300 la Maison des associations, au 22 rue Deparcieux, Paris quatorzie\u0300me, a pluto\u0302t permis de faire de\u0301couvrir les diffe\u0301rentes me\u0301thodes des femmes qui me\u0300nent des actions solidaires en France et en Afrique. Ideso et Smile Africa ont e\u0301galement saisi cette occasion pour condamner les conflits, guerres et toutes les formes de violence qui se\u0301vissent sur le continent africain, mettant en permanence les femmes dans une situation constante d\u2019inse\u0301curite\u0301.<\/p>\n<p>Marie-France Edzoutsa-N\u2019Dion, vice-pre\u0301sidente de l&rsquo;Ideso, a explique\u0301 que face aux ste\u0301re\u0301otypes et autres mode\u0300les de comportement menant a\u0300 la construction de la discrimination sexiste, son association agit en sensibilisant et en formant afin d\u2019obtenir la constitution d&rsquo;une culture de l&rsquo;e\u0301galite\u0301 et du respect mutuel. De ce fait, Ideso, association panafricaine, participe a\u0300 ame\u0301liorer les conditions de vie des enfants dans une plus grande joie de vivre en menant plusieurs actions en faveur des jeunes de l&rsquo;orphelinat Blessing au Togo. L&rsquo;association s&rsquo;engage a\u0300 renforcer les compe\u0301tences des travailleurs sociaux et animateurs e\u0301voluant dans les associations partenaires, toujours au Togo.<\/p>\n<p>Dans cet orphelinat situe\u0301 a\u0300 Hahotoe, a\u0300 environ 45 km de Lome\u0301, l\u2019objectif est de venir au secours des enfants de\u0301munis en errance dans la localite\u0301. Tout en assurant leur he\u0301bergement, leur se\u0301curite\u0301 et leur scolarite\u0301, l\u2019association les sensibilise aux questions du genre.<\/p>\n<p>En France, Ideso \u0153uvre a\u0300 l\u2019ame\u0301lioration de la situation des femmes sans domicile fixe en leur assurant une forme de pre\u0301vention et de lutte contre les violences sexistes et sexuelles. Autant d\u2019actions en vue de la re\u0301alisation des droits des femmes pour cre\u0301er un environnement ou\u0300 \u00ab la lutte quotidienne permettra le progre\u0300s menant sur la voie de l\u2019e\u0301galite\u0301 des sexes \u00bb, espe\u0300re-t-elle.<\/p>\n<p><b>Combattre le re\u0301chauffement climatique<\/b><\/p>\n<p>Pour Ettien Koffi Sylvie, pre\u0301sidente de l&rsquo;ONG Smile Africa, les actions en faveur du droit de la femme ne\u0301cessitent e\u0301galement de lutter contre le re\u0301chauffement climatique, car les e\u0301tudes sur les me\u0301faits du climat de\u0301montrent qu\u2019ils favorisent le renforcement des ine\u0301galite\u0301s de genre. Il est e\u0301tabli qu\u2019au fur et a\u0300 mesure que les effets du de\u0301re\u0300glement climatique se font sentir a\u0300 travers le monde, les droits et les conditions de vie des femmes ne cessent de reculer.<\/p>\n<p>A\u0300 propos de ce recul manifeste constate\u0301, le Dr David Katalay s\u2019est insurge\u0301 face a\u0300 la vulne\u0301rabilite\u0301 croissante des femmes dans l\u2019Est de la Re\u0301publique de\u0301mocratique du Congo. Dans ce pays en proie a\u0300 la guerre de voisinage, les femmes sont victimes de plus d\u2019exactions que les hommes; la moindre attaque les contraint a\u0300 subir des sce\u0300nes de violence indescriptibles.<\/p>\n<p>Apre\u0300s les expose\u0301s, les participants ont proce\u0301de\u0301 a\u0300 des e\u0301changes, de\u0301plorant avec ve\u0301he\u0301mence l\u2019aggravation des ine\u0301galite\u0301s fonde\u0301es a\u0300 la fois sur le manque de solidarite\u0301 entre Africains, sur les me\u0301faits du changement climatique et sur la division sexue\u0301e du travail.<\/p>\n<p>Au-dela\u0300 de la ce\u0301le\u0301bration du 8 mars, les deux structures demeurent pleinement de\u0301termine\u0301es a\u0300 veiller a\u0300 la mise en \u0153uvre de leurs projets sur les questions concernant les femmes, en France et en Afrique.<\/p>\n<p><strong>Pour plus d&rsquo;informations et d&rsquo;analyses sur la <a href=\"https:\/\/www.africa-press.net\/congo-brazzaville\">Congo Brazzaville<\/a>, suivez <a href=\"https:\/\/www.africa-press.net\/\">Africa-Press<\/a><\/strong><\/p>\n","protected":false},"excerpt":{"rendered":"<p>Africa-Press &#8211; Congo Brazzaville. En le\u0301ger de\u0301calage des festivite\u0301s du 8 mars, l&rsquo;association Initiative de\u0301veloppement et solidarite\u0301 (Ideso) et l&rsquo;Organisation non gouvernementale (ONG) internationale Smile Africa ont organise\u0301, le 11 mars a\u0300 Paris, une rencontre sur le the\u0300me \u00ab\u00a0A\u0300 la de\u0301couverte des femmes qui agissent ici et la\u0300-bas\u00a0\u00bb. L&rsquo;association Ideso et sa consoeur Smile Africa [&hellip;]<\/p>\n","protected":false},"author":82,"featured_media":15538,"comment_status":"open","ping_status":"closed","sticky":false,"template":"","format":"standard","meta":{"footnotes":""},"categories":[21,10],"tags":[36,47,46],"class_list":["post-15539","post","type-post","status-publish","format-standard","has-post-thumbnail","hentry","category-communaute","category-toutes-les-actualites","tag-africa-press","tag-africa-press-congo-brazzaville","tag-congo-brazzaville"],"yoast_head":"<!-- This site is optimized with the Yoast SEO Premium plugin v26.1 (Yoast SEO v27.0) - https:\/\/yoast.com\/product\/yoast-seo-premium-wordpress\/ -->\n<title>Journ\u00e9e internationale des droits des femmes: Ideso et Smile Africa sensibilisent \u00e0 l&#039;\u00e9galit\u00e9 entre les sexes - Congo Brazzaville<\/title>\n<meta name=\"description\" content=\"En le\u0301ger de\u0301calage des festivite\u0301s du 8 mars, l&#039;association Initiative de\u0301veloppement et solidarite\u0301 (Ideso) et l&#039;Or ...\" \/>\n<meta name=\"robots\" content=\"index, follow, max-snippet:-1, max-image-preview:large, max-video-preview:-1\" \/>\n<link rel=\"canonical\" href=\"https:\/\/www.africa-press.net\/congo-brazzaville\/toutes-les-actualites\/journee-internationale-des-droits-des-femmes-ideso-et-smile-africa-sensibilisent-a-legalite-entre-les-sexes\" \/>\n<meta property=\"og:locale\" content=\"fr_FR\" \/>\n<meta property=\"og:type\" content=\"article\" \/>\n<meta property=\"og:title\" content=\"Journ\u00e9e internationale des droits des femmes: Ideso et Smile Africa sensibilisent \u00e0 l&#039;\u00e9galit\u00e9 entre les sexes\" \/>\n<meta property=\"og:description\" content=\"En le\u0301ger de\u0301calage des festivite\u0301s du 8 mars, l&#039;association Initiative de\u0301veloppement et solidarite\u0301 (Ideso) et l&#039;Or ...\" \/>\n<meta property=\"og:url\" content=\"https:\/\/www.africa-press.net\/congo-brazzaville\/toutes-les-actualites\/journee-internationale-des-droits-des-femmes-ideso-et-smile-africa-sensibilisent-a-legalite-entre-les-sexes\" \/>\n<meta property=\"og:site_name\" content=\"Congo Brazzaville\" \/>\n<meta property=\"article:published_time\" content=\"2023-03-13T12:35:05+00:00\" \/>\n<meta property=\"article:modified_time\" content=\"2023-03-13T12:52:24+00:00\" \/>\n<meta property=\"og:image\" content=\"https:\/\/static.africa-press.net\/congo-brazzaville\/sites\/51\/2023\/03\/postQueueImg_1678698310.86.jpg\" \/>\n\t<meta property=\"og:image:width\" content=\"1049\" \/>\n\t<meta property=\"og:image:height\" content=\"512\" \/>\n\t<meta property=\"og:image:type\" content=\"image\/jpeg\" \/>\n<meta name=\"author\" content=\"cfeditorfr\" \/>\n<meta name=\"twitter:card\" content=\"summary_large_image\" \/>\n<meta name=\"twitter:label1\" content=\"\u00c9crit par\" \/>\n\t<meta name=\"twitter:data1\" content=\"cfeditorfr\" \/>\n\t<meta name=\"twitter:label2\" content=\"Dur\u00e9e de lecture estim\u00e9e\" \/>\n\t<meta name=\"twitter:data2\" content=\"4 minutes\" \/>\n<script type=\"application\/ld+json\" class=\"yoast-schema-graph\">{\"@context\":\"https:\/\/schema.org\",\"@graph\":[{\"@type\":\"Article\",\"@id\":\"https:\/\/www.africa-press.net\/congo-brazzaville\/toutes-les-actualites\/journee-internationale-des-droits-des-femmes-ideso-et-smile-africa-sensibilisent-a-legalite-entre-les-sexes#article\",\"isPartOf\":{\"@id\":\"https:\/\/www.africa-press.net\/congo-brazzaville\/toutes-les-actualites\/journee-internationale-des-droits-des-femmes-ideso-et-smile-africa-sensibilisent-a-legalite-entre-les-sexes\"},\"author\":{\"name\":\"cfeditorfr\",\"@id\":\"https:\/\/www.africa-press.net\/congo-brazzaville\/#\/schema\/person\/2b1cf3cd81a31e3cd26889ca66d677f1\"},\"headline\":\"Journ\u00e9e internationale des droits des femmes: Ideso et Smile Africa sensibilisent \u00e0 l&rsquo;\u00e9galit\u00e9 entre les sexes\",\"datePublished\":\"2023-03-13T12:35:05+00:00\",\"dateModified\":\"2023-03-13T12:52:24+00:00\",\"mainEntityOfPage\":{\"@id\":\"https:\/\/www.africa-press.net\/congo-brazzaville\/toutes-les-actualites\/journee-internationale-des-droits-des-femmes-ideso-et-smile-africa-sensibilisent-a-legalite-entre-les-sexes\"},\"wordCount\":764,\"commentCount\":0,\"image\":{\"@id\":\"https:\/\/www.africa-press.net\/congo-brazzaville\/toutes-les-actualites\/journee-internationale-des-droits-des-femmes-ideso-et-smile-africa-sensibilisent-a-legalite-entre-les-sexes#primaryimage\"},\"thumbnailUrl\":\"https:\/\/static.africa-press.net\/congo-brazzaville\/sites\/51\/2023\/03\/postQueueImg_1678698310.86.jpg\",\"keywords\":[\"Africa Press\",\"Africa Press-Congo Brazzaville\",\"Congo Brazzaville\"],\"articleSection\":[\"Communaut\u00e9\",\"Toutes les actualit\u00e9s\"],\"inLanguage\":\"fr-FR\",\"potentialAction\":[{\"@type\":\"CommentAction\",\"name\":\"Comment\",\"target\":[\"https:\/\/www.africa-press.net\/congo-brazzaville\/toutes-les-actualites\/journee-internationale-des-droits-des-femmes-ideso-et-smile-africa-sensibilisent-a-legalite-entre-les-sexes#respond\"]}]},{\"@type\":\"WebPage\",\"@id\":\"https:\/\/www.africa-press.net\/congo-brazzaville\/toutes-les-actualites\/journee-internationale-des-droits-des-femmes-ideso-et-smile-africa-sensibilisent-a-legalite-entre-les-sexes\",\"url\":\"https:\/\/www.africa-press.net\/congo-brazzaville\/toutes-les-actualites\/journee-internationale-des-droits-des-femmes-ideso-et-smile-africa-sensibilisent-a-legalite-entre-les-sexes\",\"name\":\"Journ\u00e9e internationale des droits des femmes: Ideso et Smile Africa sensibilisent \u00e0 l'\u00e9galit\u00e9 entre les sexes - Congo Brazzaville\",\"isPartOf\":{\"@id\":\"https:\/\/www.africa-press.net\/congo-brazzaville\/#website\"},\"primaryImageOfPage\":{\"@id\":\"https:\/\/www.africa-press.net\/congo-brazzaville\/toutes-les-actualites\/journee-internationale-des-droits-des-femmes-ideso-et-smile-africa-sensibilisent-a-legalite-entre-les-sexes#primaryimage\"},\"image\":{\"@id\":\"https:\/\/www.africa-press.net\/congo-brazzaville\/toutes-les-actualites\/journee-internationale-des-droits-des-femmes-ideso-et-smile-africa-sensibilisent-a-legalite-entre-les-sexes#primaryimage\"},\"thumbnailUrl\":\"https:\/\/static.africa-press.net\/congo-brazzaville\/sites\/51\/2023\/03\/postQueueImg_1678698310.86.jpg\",\"datePublished\":\"2023-03-13T12:35:05+00:00\",\"dateModified\":\"2023-03-13T12:52:24+00:00\",\"author\":{\"@id\":\"https:\/\/www.africa-press.net\/congo-brazzaville\/#\/schema\/person\/2b1cf3cd81a31e3cd26889ca66d677f1\"},\"description\":\"En le\u0301ger de\u0301calage des festivite\u0301s du 8 mars, l'association Initiative de\u0301veloppement et solidarite\u0301 (Ideso) et l'Or ...\",\"breadcrumb\":{\"@id\":\"https:\/\/www.africa-press.net\/congo-brazzaville\/toutes-les-actualites\/journee-internationale-des-droits-des-femmes-ideso-et-smile-africa-sensibilisent-a-legalite-entre-les-sexes#breadcrumb\"},\"inLanguage\":\"fr-FR\",\"potentialAction\":[{\"@type\":\"ReadAction\",\"target\":[\"https:\/\/www.africa-press.net\/congo-brazzaville\/toutes-les-actualites\/journee-internationale-des-droits-des-femmes-ideso-et-smile-africa-sensibilisent-a-legalite-entre-les-sexes\"]}]},{\"@type\":\"ImageObject\",\"inLanguage\":\"fr-FR\",\"@id\":\"https:\/\/www.africa-press.net\/congo-brazzaville\/toutes-les-actualites\/journee-internationale-des-droits-des-femmes-ideso-et-smile-africa-sensibilisent-a-legalite-entre-les-sexes#primaryimage\",\"url\":\"https:\/\/static.africa-press.net\/congo-brazzaville\/sites\/51\/2023\/03\/postQueueImg_1678698310.86.jpg\",\"contentUrl\":\"https:\/\/static.africa-press.net\/congo-brazzaville\/sites\/51\/2023\/03\/postQueueImg_1678698310.86.jpg\",\"width\":1049,\"height\":512,\"caption\":\"Journ\u00e9e internationale des droits des femmes: Ideso et Smile Africa sensibilisent \u00e0 l'\u00e9galit\u00e9 entre les sexes\"},{\"@type\":\"BreadcrumbList\",\"@id\":\"https:\/\/www.africa-press.net\/congo-brazzaville\/toutes-les-actualites\/journee-internationale-des-droits-des-femmes-ideso-et-smile-africa-sensibilisent-a-legalite-entre-les-sexes#breadcrumb\",\"itemListElement\":[{\"@type\":\"ListItem\",\"position\":1,\"name\":\"Accueil\",\"item\":\"https:\/\/www.africa-press.net\/congo-brazzaville\/\"},{\"@type\":\"ListItem\",\"position\":2,\"name\":\"Journ\u00e9e internationale des droits des femmes: Ideso et Smile Africa sensibilisent \u00e0 l&rsquo;\u00e9galit\u00e9 entre les sexes\"}]},{\"@type\":\"WebSite\",\"@id\":\"https:\/\/www.africa-press.net\/congo-brazzaville\/#website\",\"url\":\"https:\/\/www.africa-press.net\/congo-brazzaville\/\",\"name\":\"Congo Brazzaville\",\"description\":\"Just another Africa News Agency Sites site\",\"potentialAction\":[{\"@type\":\"SearchAction\",\"target\":{\"@type\":\"EntryPoint\",\"urlTemplate\":\"https:\/\/www.africa-press.net\/congo-brazzaville\/?s={search_term_string}\"},\"query-input\":{\"@type\":\"PropertyValueSpecification\",\"valueRequired\":true,\"valueName\":\"search_term_string\"}}],\"inLanguage\":\"fr-FR\"},{\"@type\":\"Person\",\"@id\":\"https:\/\/www.africa-press.net\/congo-brazzaville\/#\/schema\/person\/2b1cf3cd81a31e3cd26889ca66d677f1\",\"name\":\"cfeditorfr\"}]}<\/script>\n<!-- \/ Yoast SEO Premium plugin. -->","yoast_head_json":{"title":"Journ\u00e9e internationale des droits des femmes: Ideso et Smile Africa sensibilisent \u00e0 l'\u00e9galit\u00e9 entre les sexes - Congo Brazzaville","description":"En le\u0301ger de\u0301calage des festivite\u0301s du 8 mars, l'association Initiative de\u0301veloppement et solidarite\u0301 (Ideso) et l'Or ...","robots":{"index":"index","follow":"follow","max-snippet":"max-snippet:-1","max-image-preview":"max-image-preview:large","max-video-preview":"max-video-preview:-1"},"canonical":"https:\/\/www.africa-press.net\/congo-brazzaville\/toutes-les-actualites\/journee-internationale-des-droits-des-femmes-ideso-et-smile-africa-sensibilisent-a-legalite-entre-les-sexes","og_locale":"fr_FR","og_type":"article","og_title":"Journ\u00e9e internationale des droits des femmes: Ideso et Smile Africa sensibilisent \u00e0 l'\u00e9galit\u00e9 entre les sexes","og_description":"En le\u0301ger de\u0301calage des festivite\u0301s du 8 mars, l'association Initiative de\u0301veloppement et solidarite\u0301 (Ideso) et l'Or ...","og_url":"https:\/\/www.africa-press.net\/congo-brazzaville\/toutes-les-actualites\/journee-internationale-des-droits-des-femmes-ideso-et-smile-africa-sensibilisent-a-legalite-entre-les-sexes","og_site_name":"Congo Brazzaville","article_published_time":"2023-03-13T12:35:05+00:00","article_modified_time":"2023-03-13T12:52:24+00:00","og_image":[{"width":1049,"height":512,"url":"https:\/\/static.africa-press.net\/congo-brazzaville\/sites\/51\/2023\/03\/postQueueImg_1678698310.86.jpg","type":"image\/jpeg"}],"author":"cfeditorfr","twitter_card":"summary_large_image","twitter_misc":{"\u00c9crit par":"cfeditorfr","Dur\u00e9e de lecture estim\u00e9e":"4 minutes"},"schema":{"@context":"https:\/\/schema.org","@graph":[{"@type":"Article","@id":"https:\/\/www.africa-press.net\/congo-brazzaville\/toutes-les-actualites\/journee-internationale-des-droits-des-femmes-ideso-et-smile-africa-sensibilisent-a-legalite-entre-les-sexes#article","isPartOf":{"@id":"https:\/\/www.africa-press.net\/congo-brazzaville\/toutes-les-actualites\/journee-internationale-des-droits-des-femmes-ideso-et-smile-africa-sensibilisent-a-legalite-entre-les-sexes"},"author":{"name":"cfeditorfr","@id":"https:\/\/www.africa-press.net\/congo-brazzaville\/#\/schema\/person\/2b1cf3cd81a31e3cd26889ca66d677f1"},"headline":"Journ\u00e9e internationale des droits des femmes: Ideso et Smile Africa sensibilisent \u00e0 l&rsquo;\u00e9galit\u00e9 entre les sexes","datePublished":"2023-03-13T12:35:05+00:00","dateModified":"2023-03-13T12:52:24+00:00","mainEntityOfPage":{"@id":"https:\/\/www.africa-press.net\/congo-brazzaville\/toutes-les-actualites\/journee-internationale-des-droits-des-femmes-ideso-et-smile-africa-sensibilisent-a-legalite-entre-les-sexes"},"wordCount":764,"commentCount":0,"image":{"@id":"https:\/\/www.africa-press.net\/congo-brazzaville\/toutes-les-actualites\/journee-internationale-des-droits-des-femmes-ideso-et-smile-africa-sensibilisent-a-legalite-entre-les-sexes#primaryimage"},"thumbnailUrl":"https:\/\/static.africa-press.net\/congo-brazzaville\/sites\/51\/2023\/03\/postQueueImg_1678698310.86.jpg","keywords":["Africa Press","Africa Press-Congo Brazzaville","Congo Brazzaville"],"articleSection":["Communaut\u00e9","Toutes les actualit\u00e9s"],"inLanguage":"fr-FR","potentialAction":[{"@type":"CommentAction","name":"Comment","target":["https:\/\/www.africa-press.net\/congo-brazzaville\/toutes-les-actualites\/journee-internationale-des-droits-des-femmes-ideso-et-smile-africa-sensibilisent-a-legalite-entre-les-sexes#respond"]}]},{"@type":"WebPage","@id":"https:\/\/www.africa-press.net\/congo-brazzaville\/toutes-les-actualites\/journee-internationale-des-droits-des-femmes-ideso-et-smile-africa-sensibilisent-a-legalite-entre-les-sexes","url":"https:\/\/www.africa-press.net\/congo-brazzaville\/toutes-les-actualites\/journee-internationale-des-droits-des-femmes-ideso-et-smile-africa-sensibilisent-a-legalite-entre-les-sexes","name":"Journ\u00e9e internationale des droits des femmes: Ideso et Smile Africa sensibilisent \u00e0 l'\u00e9galit\u00e9 entre les sexes - Congo Brazzaville","isPartOf":{"@id":"https:\/\/www.africa-press.net\/congo-brazzaville\/#website"},"primaryImageOfPage":{"@id":"https:\/\/www.africa-press.net\/congo-brazzaville\/toutes-les-actualites\/journee-internationale-des-droits-des-femmes-ideso-et-smile-africa-sensibilisent-a-legalite-entre-les-sexes#primaryimage"},"image":{"@id":"https:\/\/www.africa-press.net\/congo-brazzaville\/toutes-les-actualites\/journee-internationale-des-droits-des-femmes-ideso-et-smile-africa-sensibilisent-a-legalite-entre-les-sexes#primaryimage"},"thumbnailUrl":"https:\/\/static.africa-press.net\/congo-brazzaville\/sites\/51\/2023\/03\/postQueueImg_1678698310.86.jpg","datePublished":"2023-03-13T12:35:05+00:00","dateModified":"2023-03-13T12:52:24+00:00","author":{"@id":"https:\/\/www.africa-press.net\/congo-brazzaville\/#\/schema\/person\/2b1cf3cd81a31e3cd26889ca66d677f1"},"description":"En le\u0301ger de\u0301calage des festivite\u0301s du 8 mars, l'association Initiative de\u0301veloppement et solidarite\u0301 (Ideso) et l'Or ...","breadcrumb":{"@id":"https:\/\/www.africa-press.net\/congo-brazzaville\/toutes-les-actualites\/journee-internationale-des-droits-des-femmes-ideso-et-smile-africa-sensibilisent-a-legalite-entre-les-sexes#breadcrumb"},"inLanguage":"fr-FR","potentialAction":[{"@type":"ReadAction","target":["https:\/\/www.africa-press.net\/congo-brazzaville\/toutes-les-actualites\/journee-internationale-des-droits-des-femmes-ideso-et-smile-africa-sensibilisent-a-legalite-entre-les-sexes"]}]},{"@type":"ImageObject","inLanguage":"fr-FR","@id":"https:\/\/www.africa-press.net\/congo-brazzaville\/toutes-les-actualites\/journee-internationale-des-droits-des-femmes-ideso-et-smile-africa-sensibilisent-a-legalite-entre-les-sexes#primaryimage","url":"https:\/\/static.africa-press.net\/congo-brazzaville\/sites\/51\/2023\/03\/postQueueImg_1678698310.86.jpg","contentUrl":"https:\/\/static.africa-press.net\/congo-brazzaville\/sites\/51\/2023\/03\/postQueueImg_1678698310.86.jpg","width":1049,"height":512,"caption":"Journ\u00e9e internationale des droits des femmes: Ideso et Smile Africa sensibilisent \u00e0 l'\u00e9galit\u00e9 entre les sexes"},{"@type":"BreadcrumbList","@id":"https:\/\/www.africa-press.net\/congo-brazzaville\/toutes-les-actualites\/journee-internationale-des-droits-des-femmes-ideso-et-smile-africa-sensibilisent-a-legalite-entre-les-sexes#breadcrumb","itemListElement":[{"@type":"ListItem","position":1,"name":"Accueil","item":"https:\/\/www.africa-press.net\/congo-brazzaville\/"},{"@type":"ListItem","position":2,"name":"Journ\u00e9e internationale des droits des femmes: Ideso et Smile Africa sensibilisent \u00e0 l&rsquo;\u00e9galit\u00e9 entre les sexes"}]},{"@type":"WebSite","@id":"https:\/\/www.africa-press.net\/congo-brazzaville\/#website","url":"https:\/\/www.africa-press.net\/congo-brazzaville\/","name":"Congo Brazzaville","description":"Just another Africa News Agency Sites site","potentialAction":[{"@type":"SearchAction","target":{"@type":"EntryPoint","urlTemplate":"https:\/\/www.africa-press.net\/congo-brazzaville\/?s={search_term_string}"},"query-input":{"@type":"PropertyValueSpecification","valueRequired":true,"valueName":"search_term_string"}}],"inLanguage":"fr-FR"},{"@type":"Person","@id":"https:\/\/www.africa-press.net\/congo-brazzaville\/#\/schema\/person\/2b1cf3cd81a31e3cd26889ca66d677f1","name":"cfeditorfr"}]}},"_links":{"self":[{"href":"https:\/\/www.africa-press.net\/congo-brazzaville\/wp-json\/wp\/v2\/posts\/15539","targetHints":{"allow":["GET"]}}],"collection":[{"href":"https:\/\/www.africa-press.net\/congo-brazzaville\/wp-json\/wp\/v2\/posts"}],"about":[{"href":"https:\/\/www.africa-press.net\/congo-brazzaville\/wp-json\/wp\/v2\/types\/post"}],"author":[{"embeddable":true,"href":"https:\/\/www.africa-press.net\/congo-brazzaville\/wp-json\/wp\/v2\/users\/82"}],"replies":[{"embeddable":true,"href":"https:\/\/www.africa-press.net\/congo-brazzaville\/wp-json\/wp\/v2\/comments?post=15539"}],"version-history":[{"count":0,"href":"https:\/\/www.africa-press.net\/congo-brazzaville\/wp-json\/wp\/v2\/posts\/15539\/revisions"}],"wp:featuredmedia":[{"embeddable":true,"href":"https:\/\/www.africa-press.net\/congo-brazzaville\/wp-json\/wp\/v2\/media\/15538"}],"wp:attachment":[{"href":"https:\/\/www.africa-press.net\/congo-brazzaville\/wp-json\/wp\/v2\/media?parent=15539"}],"wp:term":[{"taxonomy":"category","embeddable":true,"href":"https:\/\/www.africa-press.net\/congo-brazzaville\/wp-json\/wp\/v2\/categories?post=15539"},{"taxonomy":"post_tag","embeddable":true,"href":"https:\/\/www.africa-press.net\/congo-brazzaville\/wp-json\/wp\/v2\/tags?post=15539"}],"curies":[{"name":"wp","href":"https:\/\/api.w.org\/{rel}","templated":true}]}}