{"id":15560,"date":"2023-03-13T19:41:24","date_gmt":"2023-03-13T19:41:24","guid":{"rendered":"https:\/\/www.africa-press.net\/congo-brazzaville\/politique\/football-le-week-end-des-diables-rouges-et-des-congolais-de-la-diaspora-en-europe-ecosse-espagne-georgie-grece-et-italie"},"modified":"2023-03-13T20:29:42","modified_gmt":"2023-03-13T20:29:42","slug":"football-le-week-end-des-diables-rouges-et-des-congolais-de-la-diaspora-en-europe-ecosse-espagne-georgie-grece-et-italie","status":"publish","type":"post","link":"https:\/\/www.africa-press.net\/congo-brazzaville\/sports\/football-le-week-end-des-diables-rouges-et-des-congolais-de-la-diaspora-en-europe-ecosse-espagne-georgie-grece-et-italie","title":{"rendered":"Football: le week-end des Diables rouges et des Congolais de la diaspora en Europe (Ecosse, Espagne, G\u00e9orgie, Gr\u00e8ce et Italie)"},"content":{"rendered":"<p><span style=\"color: #ff6600\"><strong>Africa-Press &#8211; Congo Brazzaville. <\/strong><\/span>Livingstone s\u2019incline a\u0300 Aberdeen (0-1). Remplac\u0327ant, Dylan Bahamboula est entre\u0301 a\u0300 la 78e min.<\/p>\n<p>Dundee United coule a\u0300 Ross County (0-4). Sans Loi\u0308ck Ayina, reste\u0301 sur le banc.<\/p>\n<p><b>Ecosse, 27e journe\u0301e, 2e division<\/b><\/p>\n<p>Arbroath, re\u0301duit a\u0300 dix a\u0300 la 19e min, prend un point a\u0300 Hamilton (0-0). Sans Scott Bitsindou, non retenu apre\u0300s deux matches sur le banc.<\/p>\n<p><b>Espagne, 25e journe\u0301e, 4e division, groupe 3<\/b><\/p>\n<p>Joe\u0308l Ngoya n\u2019est pas entre\u0301 en jeu lors du carton de Formentera sur Alzira (4-0).<\/p>\n<p><b>Espagne, 25e journe\u0301e, 5e division, groupe 13<\/b><\/p>\n<p>Vainqueur de Cap Ciudad Murica (0-2), Aguilas est de\u0301sormais assure\u0301 de finir premier de son groupe a\u0300 l\u2019issue de la saison re\u0301gulie\u0300re, avec 16 points d\u2019avance sur le deuxie\u0300me a\u0300 cinq journe\u0301es du terme.<\/p>\n<p>L\u2019e\u0301quipe d\u2019Amour Loussoukou, entre\u0301 a\u0300 la 82e min, e\u0301voluera donc en 4e division la saison prochaine.<\/p>\n<p><b>Ge\u0301orgie, 4e journe\u0301e, 1re division<\/b><\/p>\n<p>Romaric Etou, titulaire dans l\u2019axe gauche, et Dila Gori prennent un point a\u0300 Saburtalo (0-0).<\/p>\n<p><b>Gre\u0300ce, 26e journe\u0301e, 1re division<\/b><\/p>\n<p>Thievy Bifouma a e\u0301te\u0301 remplace\u0301 a\u0300 la 57e min lors du revers de l\u2019OFI Cre\u0302te a\u0300 Levadiakos (0-2).<\/p>\n<p>Bradley Mazikou est entre\u0301 a\u0300 la 76e min lors du succe\u0300s de l\u2019Aris Salonique sur le PAS Giannina (2-1).<\/p>\n<p>L\u2019Aris est 5e avec 40 points, devant l\u2019OFI, 9e avec 26 points.<\/p>\n<p><b>Italie, 29e journe\u0301e, 2e division<\/b><\/p>\n<p>Cagliari corrige Ascoli (4-0). Titulaire au poste de relayeur, Antoine Makoumbou a e\u0301te\u0301 remplace\u0301 a\u0300 la 88e min.<\/p>\n<p>Gabriel Charpentier n\u2019est pas entre\u0301 en jeu lors du match nul de Parme face a\u0300 Sudtirol (0-0).<\/p>\n<p>Match reporte\u0301 entre Pe\u0301rouse et la Reggina (Bondo).<\/p>\n<p><strong>Pour plus d&rsquo;informations et d&rsquo;analyses sur la <a href=\"https:\/\/www.africa-press.net\/congo-brazzaville\">Congo Brazzaville<\/a>, suivez <a href=\"https:\/\/www.africa-press.net\/\">Africa-Press<\/a><\/strong><\/p>\n","protected":false},"excerpt":{"rendered":"<p>Africa-Press &#8211; Congo Brazzaville. Livingstone s\u2019incline a\u0300 Aberdeen (0-1). Remplac\u0327ant, Dylan Bahamboula est entre\u0301 a\u0300 la 78e min. Dundee United coule a\u0300 Ross County (0-4). Sans Loi\u0308ck Ayina, reste\u0301 sur le banc. Ecosse, 27e journe\u0301e, 2e division Arbroath, re\u0301duit a\u0300 dix a\u0300 la 19e min, prend un point a\u0300 Hamilton (0-0). Sans Scott Bitsindou, non [&hellip;]<\/p>\n","protected":false},"author":82,"featured_media":15559,"comment_status":"open","ping_status":"closed","sticky":false,"template":"","format":"standard","meta":{"footnotes":""},"categories":[6,10],"tags":[36,47,46],"class_list":["post-15560","post","type-post","status-publish","format-standard","has-post-thumbnail","hentry","category-sports","category-toutes-les-actualites","tag-africa-press","tag-africa-press-congo-brazzaville","tag-congo-brazzaville"],"yoast_head":"<!-- This site is optimized with the Yoast SEO Premium plugin v26.1 (Yoast SEO v27.0) - https:\/\/yoast.com\/product\/yoast-seo-premium-wordpress\/ -->\n<title>Football: le week-end des Diables rouges et des Congolais de la diaspora en Europe (Ecosse, Espagne, G\u00e9orgie, Gr\u00e8ce et Italie) - Congo Brazzaville<\/title>\n<meta name=\"description\" content=\"Livingstone s\u2019incline a\u0300 Aberdeen (0-1). Remplac\u0327ant, Dylan Bahamboula est entre\u0301 a\u0300 la 78e min. Dundee United coule a\u0300 ...\" \/>\n<meta name=\"robots\" content=\"index, follow, max-snippet:-1, max-image-preview:large, max-video-preview:-1\" \/>\n<link rel=\"canonical\" href=\"https:\/\/www.africa-press.net\/congo-brazzaville\/sports\/football-le-week-end-des-diables-rouges-et-des-congolais-de-la-diaspora-en-europe-ecosse-espagne-georgie-grece-et-italie\" \/>\n<meta property=\"og:locale\" content=\"fr_FR\" \/>\n<meta property=\"og:type\" content=\"article\" \/>\n<meta property=\"og:title\" content=\"Football: le week-end des Diables rouges et des Congolais de la diaspora en Europe (Ecosse, Espagne, G\u00e9orgie, Gr\u00e8ce et Italie)\" \/>\n<meta property=\"og:description\" content=\"Livingstone s\u2019incline a\u0300 Aberdeen (0-1). Remplac\u0327ant, Dylan Bahamboula est entre\u0301 a\u0300 la 78e min. Dundee United coule a\u0300 ...\" \/>\n<meta property=\"og:url\" content=\"https:\/\/www.africa-press.net\/congo-brazzaville\/sports\/football-le-week-end-des-diables-rouges-et-des-congolais-de-la-diaspora-en-europe-ecosse-espagne-georgie-grece-et-italie\" \/>\n<meta property=\"og:site_name\" content=\"Congo Brazzaville\" \/>\n<meta property=\"article:published_time\" content=\"2023-03-13T19:41:24+00:00\" \/>\n<meta property=\"article:modified_time\" content=\"2023-03-13T20:29:42+00:00\" \/>\n<meta property=\"og:image\" content=\"https:\/\/static.africa-press.net\/congo-brazzaville\/sites\/51\/2023\/03\/postQueueImg_1678723894.77.jpg\" \/>\n\t<meta property=\"og:image:width\" content=\"1280\" \/>\n\t<meta property=\"og:image:height\" content=\"720\" \/>\n\t<meta property=\"og:image:type\" content=\"image\/jpeg\" \/>\n<meta name=\"author\" content=\"cfeditorfr\" \/>\n<meta name=\"twitter:card\" content=\"summary_large_image\" \/>\n<meta name=\"twitter:label1\" content=\"\u00c9crit par\" \/>\n\t<meta name=\"twitter:data1\" content=\"cfeditorfr\" \/>\n\t<meta name=\"twitter:label2\" content=\"Dur\u00e9e de lecture estim\u00e9e\" \/>\n\t<meta name=\"twitter:data2\" content=\"2 minutes\" \/>\n<script type=\"application\/ld+json\" class=\"yoast-schema-graph\">{\"@context\":\"https:\/\/schema.org\",\"@graph\":[{\"@type\":\"Article\",\"@id\":\"https:\/\/www.africa-press.net\/congo-brazzaville\/sports\/football-le-week-end-des-diables-rouges-et-des-congolais-de-la-diaspora-en-europe-ecosse-espagne-georgie-grece-et-italie#article\",\"isPartOf\":{\"@id\":\"https:\/\/www.africa-press.net\/congo-brazzaville\/sports\/football-le-week-end-des-diables-rouges-et-des-congolais-de-la-diaspora-en-europe-ecosse-espagne-georgie-grece-et-italie\"},\"author\":{\"name\":\"cfeditorfr\",\"@id\":\"https:\/\/www.africa-press.net\/congo-brazzaville\/#\/schema\/person\/2b1cf3cd81a31e3cd26889ca66d677f1\"},\"headline\":\"Football: le week-end des Diables rouges et des Congolais de la diaspora en Europe (Ecosse, Espagne, G\u00e9orgie, Gr\u00e8ce et Italie)\",\"datePublished\":\"2023-03-13T19:41:24+00:00\",\"dateModified\":\"2023-03-13T20:29:42+00:00\",\"mainEntityOfPage\":{\"@id\":\"https:\/\/www.africa-press.net\/congo-brazzaville\/sports\/football-le-week-end-des-diables-rouges-et-des-congolais-de-la-diaspora-en-europe-ecosse-espagne-georgie-grece-et-italie\"},\"wordCount\":330,\"commentCount\":0,\"image\":{\"@id\":\"https:\/\/www.africa-press.net\/congo-brazzaville\/sports\/football-le-week-end-des-diables-rouges-et-des-congolais-de-la-diaspora-en-europe-ecosse-espagne-georgie-grece-et-italie#primaryimage\"},\"thumbnailUrl\":\"https:\/\/static.africa-press.net\/congo-brazzaville\/sites\/51\/2023\/03\/postQueueImg_1678723894.77.jpg\",\"keywords\":[\"Africa Press\",\"Africa Press-Congo Brazzaville\",\"Congo Brazzaville\"],\"articleSection\":[\"Sports\",\"Toutes les actualit\u00e9s\"],\"inLanguage\":\"fr-FR\",\"potentialAction\":[{\"@type\":\"CommentAction\",\"name\":\"Comment\",\"target\":[\"https:\/\/www.africa-press.net\/congo-brazzaville\/sports\/football-le-week-end-des-diables-rouges-et-des-congolais-de-la-diaspora-en-europe-ecosse-espagne-georgie-grece-et-italie#respond\"]}]},{\"@type\":\"WebPage\",\"@id\":\"https:\/\/www.africa-press.net\/congo-brazzaville\/sports\/football-le-week-end-des-diables-rouges-et-des-congolais-de-la-diaspora-en-europe-ecosse-espagne-georgie-grece-et-italie\",\"url\":\"https:\/\/www.africa-press.net\/congo-brazzaville\/sports\/football-le-week-end-des-diables-rouges-et-des-congolais-de-la-diaspora-en-europe-ecosse-espagne-georgie-grece-et-italie\",\"name\":\"Football: le week-end des Diables rouges et des Congolais de la diaspora en Europe (Ecosse, Espagne, G\u00e9orgie, Gr\u00e8ce et Italie) - Congo Brazzaville\",\"isPartOf\":{\"@id\":\"https:\/\/www.africa-press.net\/congo-brazzaville\/#website\"},\"primaryImageOfPage\":{\"@id\":\"https:\/\/www.africa-press.net\/congo-brazzaville\/sports\/football-le-week-end-des-diables-rouges-et-des-congolais-de-la-diaspora-en-europe-ecosse-espagne-georgie-grece-et-italie#primaryimage\"},\"image\":{\"@id\":\"https:\/\/www.africa-press.net\/congo-brazzaville\/sports\/football-le-week-end-des-diables-rouges-et-des-congolais-de-la-diaspora-en-europe-ecosse-espagne-georgie-grece-et-italie#primaryimage\"},\"thumbnailUrl\":\"https:\/\/static.africa-press.net\/congo-brazzaville\/sites\/51\/2023\/03\/postQueueImg_1678723894.77.jpg\",\"datePublished\":\"2023-03-13T19:41:24+00:00\",\"dateModified\":\"2023-03-13T20:29:42+00:00\",\"author\":{\"@id\":\"https:\/\/www.africa-press.net\/congo-brazzaville\/#\/schema\/person\/2b1cf3cd81a31e3cd26889ca66d677f1\"},\"description\":\"Livingstone s\u2019incline a\u0300 Aberdeen (0-1). Remplac\u0327ant, Dylan Bahamboula est entre\u0301 a\u0300 la 78e min. Dundee United coule a\u0300 ...\",\"breadcrumb\":{\"@id\":\"https:\/\/www.africa-press.net\/congo-brazzaville\/sports\/football-le-week-end-des-diables-rouges-et-des-congolais-de-la-diaspora-en-europe-ecosse-espagne-georgie-grece-et-italie#breadcrumb\"},\"inLanguage\":\"fr-FR\",\"potentialAction\":[{\"@type\":\"ReadAction\",\"target\":[\"https:\/\/www.africa-press.net\/congo-brazzaville\/sports\/football-le-week-end-des-diables-rouges-et-des-congolais-de-la-diaspora-en-europe-ecosse-espagne-georgie-grece-et-italie\"]}]},{\"@type\":\"ImageObject\",\"inLanguage\":\"fr-FR\",\"@id\":\"https:\/\/www.africa-press.net\/congo-brazzaville\/sports\/football-le-week-end-des-diables-rouges-et-des-congolais-de-la-diaspora-en-europe-ecosse-espagne-georgie-grece-et-italie#primaryimage\",\"url\":\"https:\/\/static.africa-press.net\/congo-brazzaville\/sites\/51\/2023\/03\/postQueueImg_1678723894.77.jpg\",\"contentUrl\":\"https:\/\/static.africa-press.net\/congo-brazzaville\/sites\/51\/2023\/03\/postQueueImg_1678723894.77.jpg\",\"width\":1280,\"height\":720,\"caption\":\"Football: le week-end des Diables rouges et des Congolais de la diaspora en Europe (Ecosse, Espagne, G\u00e9orgie, Gr\u00e8ce et Italie)\"},{\"@type\":\"BreadcrumbList\",\"@id\":\"https:\/\/www.africa-press.net\/congo-brazzaville\/sports\/football-le-week-end-des-diables-rouges-et-des-congolais-de-la-diaspora-en-europe-ecosse-espagne-georgie-grece-et-italie#breadcrumb\",\"itemListElement\":[{\"@type\":\"ListItem\",\"position\":1,\"name\":\"Accueil\",\"item\":\"https:\/\/www.africa-press.net\/congo-brazzaville\/\"},{\"@type\":\"ListItem\",\"position\":2,\"name\":\"Football: le week-end des Diables rouges et des Congolais de la diaspora en Europe (Ecosse, Espagne, G\u00e9orgie, Gr\u00e8ce et Italie)\"}]},{\"@type\":\"WebSite\",\"@id\":\"https:\/\/www.africa-press.net\/congo-brazzaville\/#website\",\"url\":\"https:\/\/www.africa-press.net\/congo-brazzaville\/\",\"name\":\"Congo Brazzaville\",\"description\":\"Just another Africa News Agency Sites site\",\"potentialAction\":[{\"@type\":\"SearchAction\",\"target\":{\"@type\":\"EntryPoint\",\"urlTemplate\":\"https:\/\/www.africa-press.net\/congo-brazzaville\/?s={search_term_string}\"},\"query-input\":{\"@type\":\"PropertyValueSpecification\",\"valueRequired\":true,\"valueName\":\"search_term_string\"}}],\"inLanguage\":\"fr-FR\"},{\"@type\":\"Person\",\"@id\":\"https:\/\/www.africa-press.net\/congo-brazzaville\/#\/schema\/person\/2b1cf3cd81a31e3cd26889ca66d677f1\",\"name\":\"cfeditorfr\"}]}<\/script>\n<!-- \/ Yoast SEO Premium plugin. -->","yoast_head_json":{"title":"Football: le week-end des Diables rouges et des Congolais de la diaspora en Europe (Ecosse, Espagne, G\u00e9orgie, Gr\u00e8ce et Italie) - Congo Brazzaville","description":"Livingstone s\u2019incline a\u0300 Aberdeen (0-1). Remplac\u0327ant, Dylan Bahamboula est entre\u0301 a\u0300 la 78e min. Dundee United coule a\u0300 ...","robots":{"index":"index","follow":"follow","max-snippet":"max-snippet:-1","max-image-preview":"max-image-preview:large","max-video-preview":"max-video-preview:-1"},"canonical":"https:\/\/www.africa-press.net\/congo-brazzaville\/sports\/football-le-week-end-des-diables-rouges-et-des-congolais-de-la-diaspora-en-europe-ecosse-espagne-georgie-grece-et-italie","og_locale":"fr_FR","og_type":"article","og_title":"Football: le week-end des Diables rouges et des Congolais de la diaspora en Europe (Ecosse, Espagne, G\u00e9orgie, Gr\u00e8ce et Italie)","og_description":"Livingstone s\u2019incline a\u0300 Aberdeen (0-1). Remplac\u0327ant, Dylan Bahamboula est entre\u0301 a\u0300 la 78e min. Dundee United coule a\u0300 ...","og_url":"https:\/\/www.africa-press.net\/congo-brazzaville\/sports\/football-le-week-end-des-diables-rouges-et-des-congolais-de-la-diaspora-en-europe-ecosse-espagne-georgie-grece-et-italie","og_site_name":"Congo Brazzaville","article_published_time":"2023-03-13T19:41:24+00:00","article_modified_time":"2023-03-13T20:29:42+00:00","og_image":[{"width":1280,"height":720,"url":"https:\/\/static.africa-press.net\/congo-brazzaville\/sites\/51\/2023\/03\/postQueueImg_1678723894.77.jpg","type":"image\/jpeg"}],"author":"cfeditorfr","twitter_card":"summary_large_image","twitter_misc":{"\u00c9crit par":"cfeditorfr","Dur\u00e9e de lecture estim\u00e9e":"2 minutes"},"schema":{"@context":"https:\/\/schema.org","@graph":[{"@type":"Article","@id":"https:\/\/www.africa-press.net\/congo-brazzaville\/sports\/football-le-week-end-des-diables-rouges-et-des-congolais-de-la-diaspora-en-europe-ecosse-espagne-georgie-grece-et-italie#article","isPartOf":{"@id":"https:\/\/www.africa-press.net\/congo-brazzaville\/sports\/football-le-week-end-des-diables-rouges-et-des-congolais-de-la-diaspora-en-europe-ecosse-espagne-georgie-grece-et-italie"},"author":{"name":"cfeditorfr","@id":"https:\/\/www.africa-press.net\/congo-brazzaville\/#\/schema\/person\/2b1cf3cd81a31e3cd26889ca66d677f1"},"headline":"Football: le week-end des Diables rouges et des Congolais de la diaspora en Europe (Ecosse, Espagne, G\u00e9orgie, Gr\u00e8ce et Italie)","datePublished":"2023-03-13T19:41:24+00:00","dateModified":"2023-03-13T20:29:42+00:00","mainEntityOfPage":{"@id":"https:\/\/www.africa-press.net\/congo-brazzaville\/sports\/football-le-week-end-des-diables-rouges-et-des-congolais-de-la-diaspora-en-europe-ecosse-espagne-georgie-grece-et-italie"},"wordCount":330,"commentCount":0,"image":{"@id":"https:\/\/www.africa-press.net\/congo-brazzaville\/sports\/football-le-week-end-des-diables-rouges-et-des-congolais-de-la-diaspora-en-europe-ecosse-espagne-georgie-grece-et-italie#primaryimage"},"thumbnailUrl":"https:\/\/static.africa-press.net\/congo-brazzaville\/sites\/51\/2023\/03\/postQueueImg_1678723894.77.jpg","keywords":["Africa Press","Africa Press-Congo Brazzaville","Congo Brazzaville"],"articleSection":["Sports","Toutes les actualit\u00e9s"],"inLanguage":"fr-FR","potentialAction":[{"@type":"CommentAction","name":"Comment","target":["https:\/\/www.africa-press.net\/congo-brazzaville\/sports\/football-le-week-end-des-diables-rouges-et-des-congolais-de-la-diaspora-en-europe-ecosse-espagne-georgie-grece-et-italie#respond"]}]},{"@type":"WebPage","@id":"https:\/\/www.africa-press.net\/congo-brazzaville\/sports\/football-le-week-end-des-diables-rouges-et-des-congolais-de-la-diaspora-en-europe-ecosse-espagne-georgie-grece-et-italie","url":"https:\/\/www.africa-press.net\/congo-brazzaville\/sports\/football-le-week-end-des-diables-rouges-et-des-congolais-de-la-diaspora-en-europe-ecosse-espagne-georgie-grece-et-italie","name":"Football: le week-end des Diables rouges et des Congolais de la diaspora en Europe (Ecosse, Espagne, G\u00e9orgie, Gr\u00e8ce et Italie) - Congo Brazzaville","isPartOf":{"@id":"https:\/\/www.africa-press.net\/congo-brazzaville\/#website"},"primaryImageOfPage":{"@id":"https:\/\/www.africa-press.net\/congo-brazzaville\/sports\/football-le-week-end-des-diables-rouges-et-des-congolais-de-la-diaspora-en-europe-ecosse-espagne-georgie-grece-et-italie#primaryimage"},"image":{"@id":"https:\/\/www.africa-press.net\/congo-brazzaville\/sports\/football-le-week-end-des-diables-rouges-et-des-congolais-de-la-diaspora-en-europe-ecosse-espagne-georgie-grece-et-italie#primaryimage"},"thumbnailUrl":"https:\/\/static.africa-press.net\/congo-brazzaville\/sites\/51\/2023\/03\/postQueueImg_1678723894.77.jpg","datePublished":"2023-03-13T19:41:24+00:00","dateModified":"2023-03-13T20:29:42+00:00","author":{"@id":"https:\/\/www.africa-press.net\/congo-brazzaville\/#\/schema\/person\/2b1cf3cd81a31e3cd26889ca66d677f1"},"description":"Livingstone s\u2019incline a\u0300 Aberdeen (0-1). Remplac\u0327ant, Dylan Bahamboula est entre\u0301 a\u0300 la 78e min. Dundee United coule a\u0300 ...","breadcrumb":{"@id":"https:\/\/www.africa-press.net\/congo-brazzaville\/sports\/football-le-week-end-des-diables-rouges-et-des-congolais-de-la-diaspora-en-europe-ecosse-espagne-georgie-grece-et-italie#breadcrumb"},"inLanguage":"fr-FR","potentialAction":[{"@type":"ReadAction","target":["https:\/\/www.africa-press.net\/congo-brazzaville\/sports\/football-le-week-end-des-diables-rouges-et-des-congolais-de-la-diaspora-en-europe-ecosse-espagne-georgie-grece-et-italie"]}]},{"@type":"ImageObject","inLanguage":"fr-FR","@id":"https:\/\/www.africa-press.net\/congo-brazzaville\/sports\/football-le-week-end-des-diables-rouges-et-des-congolais-de-la-diaspora-en-europe-ecosse-espagne-georgie-grece-et-italie#primaryimage","url":"https:\/\/static.africa-press.net\/congo-brazzaville\/sites\/51\/2023\/03\/postQueueImg_1678723894.77.jpg","contentUrl":"https:\/\/static.africa-press.net\/congo-brazzaville\/sites\/51\/2023\/03\/postQueueImg_1678723894.77.jpg","width":1280,"height":720,"caption":"Football: le week-end des Diables rouges et des Congolais de la diaspora en Europe (Ecosse, Espagne, G\u00e9orgie, Gr\u00e8ce et Italie)"},{"@type":"BreadcrumbList","@id":"https:\/\/www.africa-press.net\/congo-brazzaville\/sports\/football-le-week-end-des-diables-rouges-et-des-congolais-de-la-diaspora-en-europe-ecosse-espagne-georgie-grece-et-italie#breadcrumb","itemListElement":[{"@type":"ListItem","position":1,"name":"Accueil","item":"https:\/\/www.africa-press.net\/congo-brazzaville\/"},{"@type":"ListItem","position":2,"name":"Football: le week-end des Diables rouges et des Congolais de la diaspora en Europe (Ecosse, Espagne, G\u00e9orgie, Gr\u00e8ce et Italie)"}]},{"@type":"WebSite","@id":"https:\/\/www.africa-press.net\/congo-brazzaville\/#website","url":"https:\/\/www.africa-press.net\/congo-brazzaville\/","name":"Congo Brazzaville","description":"Just another Africa News Agency Sites site","potentialAction":[{"@type":"SearchAction","target":{"@type":"EntryPoint","urlTemplate":"https:\/\/www.africa-press.net\/congo-brazzaville\/?s={search_term_string}"},"query-input":{"@type":"PropertyValueSpecification","valueRequired":true,"valueName":"search_term_string"}}],"inLanguage":"fr-FR"},{"@type":"Person","@id":"https:\/\/www.africa-press.net\/congo-brazzaville\/#\/schema\/person\/2b1cf3cd81a31e3cd26889ca66d677f1","name":"cfeditorfr"}]}},"_links":{"self":[{"href":"https:\/\/www.africa-press.net\/congo-brazzaville\/wp-json\/wp\/v2\/posts\/15560","targetHints":{"allow":["GET"]}}],"collection":[{"href":"https:\/\/www.africa-press.net\/congo-brazzaville\/wp-json\/wp\/v2\/posts"}],"about":[{"href":"https:\/\/www.africa-press.net\/congo-brazzaville\/wp-json\/wp\/v2\/types\/post"}],"author":[{"embeddable":true,"href":"https:\/\/www.africa-press.net\/congo-brazzaville\/wp-json\/wp\/v2\/users\/82"}],"replies":[{"embeddable":true,"href":"https:\/\/www.africa-press.net\/congo-brazzaville\/wp-json\/wp\/v2\/comments?post=15560"}],"version-history":[{"count":0,"href":"https:\/\/www.africa-press.net\/congo-brazzaville\/wp-json\/wp\/v2\/posts\/15560\/revisions"}],"wp:featuredmedia":[{"embeddable":true,"href":"https:\/\/www.africa-press.net\/congo-brazzaville\/wp-json\/wp\/v2\/media\/15559"}],"wp:attachment":[{"href":"https:\/\/www.africa-press.net\/congo-brazzaville\/wp-json\/wp\/v2\/media?parent=15560"}],"wp:term":[{"taxonomy":"category","embeddable":true,"href":"https:\/\/www.africa-press.net\/congo-brazzaville\/wp-json\/wp\/v2\/categories?post=15560"},{"taxonomy":"post_tag","embeddable":true,"href":"https:\/\/www.africa-press.net\/congo-brazzaville\/wp-json\/wp\/v2\/tags?post=15560"}],"curies":[{"name":"wp","href":"https:\/\/api.w.org\/{rel}","templated":true}]}}