{"id":15565,"date":"2023-03-13T19:41:46","date_gmt":"2023-03-13T19:41:46","guid":{"rendered":"https:\/\/www.africa-press.net\/congo-brazzaville\/politique\/journee-internationale-du-8-mars-asi-met-en-lumiere-la-place-de-la-femme-dans-la-societe-congolaise"},"modified":"2023-03-13T20:31:16","modified_gmt":"2023-03-13T20:31:16","slug":"journee-internationale-du-8-mars-asi-met-en-lumiere-la-place-de-la-femme-dans-la-societe-congolaise","status":"publish","type":"post","link":"https:\/\/www.africa-press.net\/congo-brazzaville\/photo\/journee-internationale-du-8-mars-asi-met-en-lumiere-la-place-de-la-femme-dans-la-societe-congolaise","title":{"rendered":"Journ\u00e9e internationale du 8 mars : ASI met en lumi\u00e8re la place de la femme dans la soci\u00e9t\u00e9 congolaise"},"content":{"rendered":"<p><span style=\"color: #ff6600\"><strong>Africa-Press &#8211; Congo Brazzaville. <\/strong><\/span><b>A l\u2019occasion de la Journe\u0301e internationale du 8 mars, Actions de solidarite\u0301 internationale (ASI) a organise\u0301 en diffe\u0301re\u0301, le week-end a\u0300 Brazza, un e\u0301ve\u0301nement pour mettre en lumie\u0300re la place des femmes dans la socie\u0301te\u0301 congolaise a\u0300 travers un de\u0301file\u0301 de mode, en pre\u0301sence de l&rsquo;ambassadeur de l&rsquo;Union europe\u0301enne en Re\u0301publique du Congo, Giacomo Durrazo. <\/b><\/p>\n<p>L\u2019e\u0301ve\u0301nement visait a\u0300 sensibiliser la socie\u0301te\u0301 civile aux enjeux relatifs a\u0300 l\u2019effectivite\u0301 des droits des femmes a\u0300 travers le monde et la visibilite\u0301 de la lutte contre la prostitution de survie et les violences sexuelles. Outre le de\u0301file\u0301 de mode, il y a eu e\u0301galement des te\u0301moignages, l\u2019exposition des photos; des tours guide\u0301es du centre d\u2019ASI Brazzaville ; de la repre\u0301sentation artistique des be\u0301ne\u0301ficiaires d\u2019ASI ; enfin, le passage des be\u0301ne\u0301ficiaires avec des accessoires et robes faites par l\u2019atelier couture.<\/p>\n<p>Honore\u0301s de recevoir quelques personnalite\u0301s et autres invite\u0301s en leur sein, le directeur ge\u0301ne\u0301ral d&rsquo;ASI, Abdoulaye Ndiaye, et son personnel ont loue\u0301 cette pre\u0301sence qui marque l\u2019engagement pour le bien-e\u0302tre de la femme. Abdoulaye Ndiaye a indique\u0301 que depuis maintenant quinze ans, ASI accompagne des jeunes filles mineures vulne\u0301rables de la rue a\u0300 l\u2019insertion socio professionnelle dans ses deux centres d\u2019accueil, de jour comme de nuit, a\u0300 Brazzaville et Pointe-Noire. \u00ab Notre prise en charge est fonde\u0301e sur un processus innovant permettant a\u0300 chacune de nos be\u0301ne\u0301ficiaires de construire son projet de vie et de plus en plus celui de son enfant puisque plus de 75% d\u2019entre elles sont des me\u0300res. A ce jour, malgre\u0301 les progre\u0300s accomplis, il reste encore beaucoup a\u0300 faire car le nombre de jeunes filles rencontre\u0301es dans la rue ne cesse d\u2019augmenter, en particulier apre\u0300s la crise sanitaire. Les conditions de vie de ces jeunes filles, ces adolescentes, sont d\u2019une extre\u0302me durete\u0301 du points de vue des ressources, de la sante\u0301 et des violences subies \u00bb, a de\u0301clare\u0301 le directeur ge\u0301ne\u0301ral d&rsquo;ASI.<\/p>\n<p>Il a dit e\u0301galement qu\u2019en 2007, ASI a pu mettre en place un programme de prise en charge des victimes de violence qui offre une assistance allant des soins me\u0301dicaux au soutien psychologique et social allie\u0301 a\u0300 une assistance juridique au tribunal. L\u2019ensemble de ces actions est rendu possible gra\u0302ce aux soutiens financiers de l\u2019Agence franc\u0327aise de de\u0301veloppement, de l\u2019Union europe\u0301enne mais aussi gra\u0302ce a\u0300 de nombreux partenariats d\u2019entreprise et de collectivite\u0301s publiques, a-t-il souligne\u0301. Parlant avec chiffres a\u0300 l\u2019appui, Abdoulaye Ndiaye a fait savoir que lors de leur dernie\u0300re analyse en 2022, 85% des be\u0301ne\u0301ficiaires se sont inse\u0301re\u0301es durablement, 10% n\u2019avaient pas de travail mais e\u0301taient en famille. 5% d\u2019e\u0301checs sont a\u0300 de\u0301plorer, ce qui est encore trop, a-t-il fait savoir.<\/p>\n<p>A l\u2019heure actuelle, a-t-il poursuivi, trois anciennes be\u0301ne\u0301ficiaires sont devenues membres du staff ASI et deux ou trois ont installe\u0301 leurs ateliers dans l\u2019enceinte de leurs centres. \u00ab Votre pre\u0301sence est le te\u0301moignage direct qu&rsquo;ASI n\u2019est pas seul dans son combat pour ces jeunes filles. Gra\u0302ce a\u0300 vous, a\u0300 nos partenaires, aux e\u0301quipes d\u2019ASI sur le terrain, nous devons ba\u0302tir un monde meilleur a\u0300 nos be\u0301ne\u0301ficiaires dans le respect de leurs droits e\u0301le\u0301mentaires, se laver, se nourrir, s\u2019e\u0301duquer, travailler, e\u0302tre respecte\u0301es et surtout construire une vie ou\u0300 elles seront heureuses avec leurs enfants. Les femmes connaissent leurs proble\u0300mes et savent trouver des solutions. Elles sont des leaders, elles doivent de\u0301cider de ce qui les concerne \u00bb, a-t-il clos ses propos.<\/p>\n<p>La ce\u0301re\u0301monie a e\u0301te\u0301 aussi marque\u0301e par des te\u0301moignages des demoiselles. Dieuveille Badiabo, arrive\u0301e au centre ASI en 2011, a suivi la formation en e\u0301lectricite\u0301 auto et est a\u0300 ce jour chauffeur ; Berveline Kilezi, en formation au centre ASI depuis 2021 ; Marie Jophe\u0301e Massamba Moutinou, en formation en informatique et gestion depuis 2019, est actuellement animatrice du guichet unique d\u2019assistance aux femmes et enfants victimes des violences. Prudence Miakatsidzila, pour sa part, a passe\u0301 la formation en couture de 2018 a\u0300 2020 et est aujourd&rsquo;hui formatrice en couture.<\/p>\n<p>Apre\u0300s avoir suivi les diffe\u0301rents te\u0301moignages des apprenantes qui, pour certaines, sont devenues membres de l\u2019e\u0301quipe ASI, les invite\u0301s ont visite\u0301 le merveilleux tableau de peinture de 2m sur 2m peint en acrylique par Lascony Rahim.<\/p>\n\r\n                <style type=\"text\/css\">\r\n                    \r\n                    #td_uid_1_69f273d4f4097  .td-doubleSlider-2 .td-item1 {\r\n                        background: url(https:\/\/static.africa-press.net\/congo-brazzaville\/sites\/51\/2023\/03\/postMediaimg_73_1-80x60.jpg) 0 0 no-repeat;\r\n                    }\r\n                    #td_uid_1_69f273d4f4097  .td-doubleSlider-2 .td-item2 {\r\n                        background: url(https:\/\/static.africa-press.net\/congo-brazzaville\/sites\/51\/2023\/03\/postMediaimg_73_2-80x60.jpg) 0 0 no-repeat;\r\n                    }\r\n                <\/style>\r\n\r\n                <div id=\"td_uid_1_69f273d4f4097\" class=\"td-gallery td-slide-on-2-columns\">\r\n                    <div class=\"post_td_gallery\">\r\n                        <div class=\"td-gallery-slide-top\">\r\n                           <div class=\"td-gallery-title\"><\/div>\r\n\r\n                            <div class=\"td-gallery-controls-wrapper\">\r\n                                <div class=\"td-gallery-slide-count\"><span class=\"td-gallery-slide-item-focus\">1<\/span> de 2<\/div>\r\n                                <div class=\"td-gallery-slide-prev-next-but\">\r\n                                    <i class = \"td-icon-left doubleSliderPrevButton\"><\/i>\r\n                                    <i class = \"td-icon-right doubleSliderNextButton\"><\/i>\r\n                                <\/div>\r\n                            <\/div>\r\n                        <\/div>\r\n\r\n                        <div class = \"td-doubleSlider-1 \">\r\n                            <div class = \"td-slider\">\r\n                                \r\n                    <div class = \"td-slide-item td-item1\">\r\n                        <figure class=\"td-slide-galery-figure td-slide-popup-gallery\">\r\n                            <a class=\"slide-gallery-image-link\" href=\"https:\/\/static.africa-press.net\/congo-brazzaville\/sites\/51\/2023\/03\/postMediaimg_73_1.jpg\" title=\"postMediaimg_73_1\"  data-caption=\"\"  data-description=\"\">\r\n                                <img decoding=\"async\" src=\"https:\/\/static.africa-press.net\/congo-brazzaville\/sites\/51\/2023\/03\/postMediaimg_73_1.jpg\" srcset=\"https:\/\/static.africa-press.net\/congo-brazzaville\/sites\/51\/2023\/03\/postMediaimg_73_1.jpg 810w, https:\/\/static.africa-press.net\/congo-brazzaville\/sites\/51\/2023\/03\/postMediaimg_73_1-300x289.jpg 300w, https:\/\/static.africa-press.net\/congo-brazzaville\/sites\/51\/2023\/03\/postMediaimg_73_1-768x741.jpg 768w\" sizes=\"(max-width: 810px) 100vw, 810px\" alt=\"\">\r\n                            <\/a>\r\n                            \r\n                        <\/figure>\r\n                    <\/div>\r\n                    <div class = \"td-slide-item td-item2\">\r\n                        <figure class=\"td-slide-galery-figure td-slide-popup-gallery\">\r\n                            <a class=\"slide-gallery-image-link\" href=\"https:\/\/static.africa-press.net\/congo-brazzaville\/sites\/51\/2023\/03\/postMediaimg_73_2.jpg\" title=\"postMediaimg_73_2\"  data-caption=\"\"  data-description=\"\">\r\n                                <img decoding=\"async\" src=\"https:\/\/static.africa-press.net\/congo-brazzaville\/sites\/51\/2023\/03\/postMediaimg_73_2.jpg\" srcset=\"https:\/\/static.africa-press.net\/congo-brazzaville\/sites\/51\/2023\/03\/postMediaimg_73_2.jpg 945w, https:\/\/static.africa-press.net\/congo-brazzaville\/sites\/51\/2023\/03\/postMediaimg_73_2-300x202.jpg 300w, https:\/\/static.africa-press.net\/congo-brazzaville\/sites\/51\/2023\/03\/postMediaimg_73_2-768x517.jpg 768w\" sizes=\"(max-width: 945px) 100vw, 945px\" alt=\"\">\r\n                            <\/a>\r\n                            \r\n                        <\/figure>\r\n                    <\/div>\r\n                            <\/div>\r\n                        <\/div>\r\n\r\n                        <div class = \"td-doubleSlider-2\">\r\n                            <div class = \"td-slider\">\r\n                                \r\n                    <div class = \"td-button td-item1\">\r\n                        <div class = \"td-border\"><\/div>\r\n                    <\/div>\r\n                    <div class = \"td-button td-item2\">\r\n                        <div class = \"td-border\"><\/div>\r\n                    <\/div>\r\n                            <\/div>\r\n                        <\/div>\r\n\r\n                    <\/div>\r\n\r\n                <\/div>\r\n                \n<p><strong>Pour plus d&rsquo;informations et d&rsquo;analyses sur la <a href=\"https:\/\/www.africa-press.net\/congo-brazzaville\">Congo Brazzaville<\/a>, suivez <a href=\"https:\/\/www.africa-press.net\/\">Africa-Press<\/a><\/strong><\/p>\n","protected":false},"excerpt":{"rendered":"<p>Africa-Press &#8211; Congo Brazzaville. A l\u2019occasion de la Journe\u0301e internationale du 8 mars, Actions de solidarite\u0301 internationale (ASI) a organise\u0301 en diffe\u0301re\u0301, le week-end a\u0300 Brazza, un e\u0301ve\u0301nement pour mettre en lumie\u0300re la place des femmes dans la socie\u0301te\u0301 congolaise a\u0300 travers un de\u0301file\u0301 de mode, en pre\u0301sence de l&rsquo;ambassadeur de l&rsquo;Union europe\u0301enne en Re\u0301publique [&hellip;]<\/p>\n","protected":false},"author":82,"featured_media":15564,"comment_status":"open","ping_status":"closed","sticky":false,"template":"","format":"standard","meta":{"footnotes":""},"categories":[21,8,10],"tags":[36,47,46],"class_list":["post-15565","post","type-post","status-publish","format-standard","has-post-thumbnail","hentry","category-communaute","category-photo","category-toutes-les-actualites","tag-africa-press","tag-africa-press-congo-brazzaville","tag-congo-brazzaville"],"yoast_head":"<!-- This site is optimized with the Yoast SEO Premium plugin v26.1 (Yoast SEO v27.0) - https:\/\/yoast.com\/product\/yoast-seo-premium-wordpress\/ -->\n<title>Journ\u00e9e internationale du 8 mars : ASI met en lumi\u00e8re la place de la femme dans la soci\u00e9t\u00e9 congolaise - Congo Brazzaville<\/title>\n<meta name=\"description\" content=\"A l\u2019occasion de la Journe\u0301e internationale du 8 mars, Actions de solidarite\u0301 internationale (ASI) a organise\u0301 en diff ...\" \/>\n<meta name=\"robots\" content=\"index, follow, max-snippet:-1, max-image-preview:large, max-video-preview:-1\" \/>\n<link rel=\"canonical\" href=\"https:\/\/www.africa-press.net\/congo-brazzaville\/photo\/journee-internationale-du-8-mars-asi-met-en-lumiere-la-place-de-la-femme-dans-la-societe-congolaise\" \/>\n<meta property=\"og:locale\" content=\"fr_FR\" \/>\n<meta property=\"og:type\" content=\"article\" \/>\n<meta property=\"og:title\" content=\"Journ\u00e9e internationale du 8 mars : ASI met en lumi\u00e8re la place de la femme dans la soci\u00e9t\u00e9 congolaise\" \/>\n<meta property=\"og:description\" content=\"A l\u2019occasion de la Journe\u0301e internationale du 8 mars, Actions de solidarite\u0301 internationale (ASI) a organise\u0301 en diff ...\" \/>\n<meta property=\"og:url\" content=\"https:\/\/www.africa-press.net\/congo-brazzaville\/photo\/journee-internationale-du-8-mars-asi-met-en-lumiere-la-place-de-la-femme-dans-la-societe-congolaise\" \/>\n<meta property=\"og:site_name\" content=\"Congo Brazzaville\" \/>\n<meta property=\"article:published_time\" content=\"2023-03-13T19:41:46+00:00\" \/>\n<meta property=\"article:modified_time\" content=\"2023-03-13T20:31:16+00:00\" \/>\n<meta property=\"og:image\" content=\"https:\/\/static.africa-press.net\/congo-brazzaville\/sites\/51\/2023\/03\/postQueueImg_1678723933.12.jpg\" \/>\n\t<meta property=\"og:image:width\" content=\"1280\" \/>\n\t<meta property=\"og:image:height\" content=\"720\" \/>\n\t<meta property=\"og:image:type\" content=\"image\/jpeg\" \/>\n<meta name=\"author\" content=\"cfeditorfr\" \/>\n<meta name=\"twitter:card\" content=\"summary_large_image\" \/>\n<meta name=\"twitter:label1\" content=\"\u00c9crit par\" \/>\n\t<meta name=\"twitter:data1\" content=\"cfeditorfr\" \/>\n\t<meta name=\"twitter:label2\" content=\"Dur\u00e9e de lecture estim\u00e9e\" \/>\n\t<meta name=\"twitter:data2\" content=\"4 minutes\" \/>\n<script type=\"application\/ld+json\" class=\"yoast-schema-graph\">{\"@context\":\"https:\/\/schema.org\",\"@graph\":[{\"@type\":\"Article\",\"@id\":\"https:\/\/www.africa-press.net\/congo-brazzaville\/photo\/journee-internationale-du-8-mars-asi-met-en-lumiere-la-place-de-la-femme-dans-la-societe-congolaise#article\",\"isPartOf\":{\"@id\":\"https:\/\/www.africa-press.net\/congo-brazzaville\/photo\/journee-internationale-du-8-mars-asi-met-en-lumiere-la-place-de-la-femme-dans-la-societe-congolaise\"},\"author\":{\"name\":\"cfeditorfr\",\"@id\":\"https:\/\/www.africa-press.net\/congo-brazzaville\/#\/schema\/person\/2b1cf3cd81a31e3cd26889ca66d677f1\"},\"headline\":\"Journ\u00e9e internationale du 8 mars : ASI met en lumi\u00e8re la place de la femme dans la soci\u00e9t\u00e9 congolaise\",\"datePublished\":\"2023-03-13T19:41:46+00:00\",\"dateModified\":\"2023-03-13T20:31:16+00:00\",\"mainEntityOfPage\":{\"@id\":\"https:\/\/www.africa-press.net\/congo-brazzaville\/photo\/journee-internationale-du-8-mars-asi-met-en-lumiere-la-place-de-la-femme-dans-la-societe-congolaise\"},\"wordCount\":827,\"commentCount\":0,\"image\":{\"@id\":\"https:\/\/www.africa-press.net\/congo-brazzaville\/photo\/journee-internationale-du-8-mars-asi-met-en-lumiere-la-place-de-la-femme-dans-la-societe-congolaise#primaryimage\"},\"thumbnailUrl\":\"https:\/\/static.africa-press.net\/congo-brazzaville\/sites\/51\/2023\/03\/postQueueImg_1678723933.12.jpg\",\"keywords\":[\"Africa Press\",\"Africa Press-Congo Brazzaville\",\"Congo Brazzaville\"],\"articleSection\":[\"Communaut\u00e9\",\"Photo\",\"Toutes les actualit\u00e9s\"],\"inLanguage\":\"fr-FR\",\"potentialAction\":[{\"@type\":\"CommentAction\",\"name\":\"Comment\",\"target\":[\"https:\/\/www.africa-press.net\/congo-brazzaville\/photo\/journee-internationale-du-8-mars-asi-met-en-lumiere-la-place-de-la-femme-dans-la-societe-congolaise#respond\"]}]},{\"@type\":\"WebPage\",\"@id\":\"https:\/\/www.africa-press.net\/congo-brazzaville\/photo\/journee-internationale-du-8-mars-asi-met-en-lumiere-la-place-de-la-femme-dans-la-societe-congolaise\",\"url\":\"https:\/\/www.africa-press.net\/congo-brazzaville\/photo\/journee-internationale-du-8-mars-asi-met-en-lumiere-la-place-de-la-femme-dans-la-societe-congolaise\",\"name\":\"Journ\u00e9e internationale du 8 mars : ASI met en lumi\u00e8re la place de la femme dans la soci\u00e9t\u00e9 congolaise - Congo Brazzaville\",\"isPartOf\":{\"@id\":\"https:\/\/www.africa-press.net\/congo-brazzaville\/#website\"},\"primaryImageOfPage\":{\"@id\":\"https:\/\/www.africa-press.net\/congo-brazzaville\/photo\/journee-internationale-du-8-mars-asi-met-en-lumiere-la-place-de-la-femme-dans-la-societe-congolaise#primaryimage\"},\"image\":{\"@id\":\"https:\/\/www.africa-press.net\/congo-brazzaville\/photo\/journee-internationale-du-8-mars-asi-met-en-lumiere-la-place-de-la-femme-dans-la-societe-congolaise#primaryimage\"},\"thumbnailUrl\":\"https:\/\/static.africa-press.net\/congo-brazzaville\/sites\/51\/2023\/03\/postQueueImg_1678723933.12.jpg\",\"datePublished\":\"2023-03-13T19:41:46+00:00\",\"dateModified\":\"2023-03-13T20:31:16+00:00\",\"author\":{\"@id\":\"https:\/\/www.africa-press.net\/congo-brazzaville\/#\/schema\/person\/2b1cf3cd81a31e3cd26889ca66d677f1\"},\"description\":\"A l\u2019occasion de la Journe\u0301e internationale du 8 mars, Actions de solidarite\u0301 internationale (ASI) a organise\u0301 en diff ...\",\"breadcrumb\":{\"@id\":\"https:\/\/www.africa-press.net\/congo-brazzaville\/photo\/journee-internationale-du-8-mars-asi-met-en-lumiere-la-place-de-la-femme-dans-la-societe-congolaise#breadcrumb\"},\"inLanguage\":\"fr-FR\",\"potentialAction\":[{\"@type\":\"ReadAction\",\"target\":[\"https:\/\/www.africa-press.net\/congo-brazzaville\/photo\/journee-internationale-du-8-mars-asi-met-en-lumiere-la-place-de-la-femme-dans-la-societe-congolaise\"]}]},{\"@type\":\"ImageObject\",\"inLanguage\":\"fr-FR\",\"@id\":\"https:\/\/www.africa-press.net\/congo-brazzaville\/photo\/journee-internationale-du-8-mars-asi-met-en-lumiere-la-place-de-la-femme-dans-la-societe-congolaise#primaryimage\",\"url\":\"https:\/\/static.africa-press.net\/congo-brazzaville\/sites\/51\/2023\/03\/postQueueImg_1678723933.12.jpg\",\"contentUrl\":\"https:\/\/static.africa-press.net\/congo-brazzaville\/sites\/51\/2023\/03\/postQueueImg_1678723933.12.jpg\",\"width\":1280,\"height\":720,\"caption\":\"Journ\u00e9e internationale du 8 mars : ASI met en lumi\u00e8re la place de la femme dans la soci\u00e9t\u00e9 congolaise\"},{\"@type\":\"BreadcrumbList\",\"@id\":\"https:\/\/www.africa-press.net\/congo-brazzaville\/photo\/journee-internationale-du-8-mars-asi-met-en-lumiere-la-place-de-la-femme-dans-la-societe-congolaise#breadcrumb\",\"itemListElement\":[{\"@type\":\"ListItem\",\"position\":1,\"name\":\"Accueil\",\"item\":\"https:\/\/www.africa-press.net\/congo-brazzaville\/\"},{\"@type\":\"ListItem\",\"position\":2,\"name\":\"Journ\u00e9e internationale du 8 mars : ASI met en lumi\u00e8re la place de la femme dans la soci\u00e9t\u00e9 congolaise\"}]},{\"@type\":\"WebSite\",\"@id\":\"https:\/\/www.africa-press.net\/congo-brazzaville\/#website\",\"url\":\"https:\/\/www.africa-press.net\/congo-brazzaville\/\",\"name\":\"Congo Brazzaville\",\"description\":\"Just another Africa News Agency Sites site\",\"potentialAction\":[{\"@type\":\"SearchAction\",\"target\":{\"@type\":\"EntryPoint\",\"urlTemplate\":\"https:\/\/www.africa-press.net\/congo-brazzaville\/?s={search_term_string}\"},\"query-input\":{\"@type\":\"PropertyValueSpecification\",\"valueRequired\":true,\"valueName\":\"search_term_string\"}}],\"inLanguage\":\"fr-FR\"},{\"@type\":\"Person\",\"@id\":\"https:\/\/www.africa-press.net\/congo-brazzaville\/#\/schema\/person\/2b1cf3cd81a31e3cd26889ca66d677f1\",\"name\":\"cfeditorfr\"}]}<\/script>\n<!-- \/ Yoast SEO Premium plugin. -->","yoast_head_json":{"title":"Journ\u00e9e internationale du 8 mars : ASI met en lumi\u00e8re la place de la femme dans la soci\u00e9t\u00e9 congolaise - Congo Brazzaville","description":"A l\u2019occasion de la Journe\u0301e internationale du 8 mars, Actions de solidarite\u0301 internationale (ASI) a organise\u0301 en diff ...","robots":{"index":"index","follow":"follow","max-snippet":"max-snippet:-1","max-image-preview":"max-image-preview:large","max-video-preview":"max-video-preview:-1"},"canonical":"https:\/\/www.africa-press.net\/congo-brazzaville\/photo\/journee-internationale-du-8-mars-asi-met-en-lumiere-la-place-de-la-femme-dans-la-societe-congolaise","og_locale":"fr_FR","og_type":"article","og_title":"Journ\u00e9e internationale du 8 mars : ASI met en lumi\u00e8re la place de la femme dans la soci\u00e9t\u00e9 congolaise","og_description":"A l\u2019occasion de la Journe\u0301e internationale du 8 mars, Actions de solidarite\u0301 internationale (ASI) a organise\u0301 en diff ...","og_url":"https:\/\/www.africa-press.net\/congo-brazzaville\/photo\/journee-internationale-du-8-mars-asi-met-en-lumiere-la-place-de-la-femme-dans-la-societe-congolaise","og_site_name":"Congo Brazzaville","article_published_time":"2023-03-13T19:41:46+00:00","article_modified_time":"2023-03-13T20:31:16+00:00","og_image":[{"width":1280,"height":720,"url":"https:\/\/static.africa-press.net\/congo-brazzaville\/sites\/51\/2023\/03\/postQueueImg_1678723933.12.jpg","type":"image\/jpeg"}],"author":"cfeditorfr","twitter_card":"summary_large_image","twitter_misc":{"\u00c9crit par":"cfeditorfr","Dur\u00e9e de lecture estim\u00e9e":"4 minutes"},"schema":{"@context":"https:\/\/schema.org","@graph":[{"@type":"Article","@id":"https:\/\/www.africa-press.net\/congo-brazzaville\/photo\/journee-internationale-du-8-mars-asi-met-en-lumiere-la-place-de-la-femme-dans-la-societe-congolaise#article","isPartOf":{"@id":"https:\/\/www.africa-press.net\/congo-brazzaville\/photo\/journee-internationale-du-8-mars-asi-met-en-lumiere-la-place-de-la-femme-dans-la-societe-congolaise"},"author":{"name":"cfeditorfr","@id":"https:\/\/www.africa-press.net\/congo-brazzaville\/#\/schema\/person\/2b1cf3cd81a31e3cd26889ca66d677f1"},"headline":"Journ\u00e9e internationale du 8 mars : ASI met en lumi\u00e8re la place de la femme dans la soci\u00e9t\u00e9 congolaise","datePublished":"2023-03-13T19:41:46+00:00","dateModified":"2023-03-13T20:31:16+00:00","mainEntityOfPage":{"@id":"https:\/\/www.africa-press.net\/congo-brazzaville\/photo\/journee-internationale-du-8-mars-asi-met-en-lumiere-la-place-de-la-femme-dans-la-societe-congolaise"},"wordCount":827,"commentCount":0,"image":{"@id":"https:\/\/www.africa-press.net\/congo-brazzaville\/photo\/journee-internationale-du-8-mars-asi-met-en-lumiere-la-place-de-la-femme-dans-la-societe-congolaise#primaryimage"},"thumbnailUrl":"https:\/\/static.africa-press.net\/congo-brazzaville\/sites\/51\/2023\/03\/postQueueImg_1678723933.12.jpg","keywords":["Africa Press","Africa Press-Congo Brazzaville","Congo Brazzaville"],"articleSection":["Communaut\u00e9","Photo","Toutes les actualit\u00e9s"],"inLanguage":"fr-FR","potentialAction":[{"@type":"CommentAction","name":"Comment","target":["https:\/\/www.africa-press.net\/congo-brazzaville\/photo\/journee-internationale-du-8-mars-asi-met-en-lumiere-la-place-de-la-femme-dans-la-societe-congolaise#respond"]}]},{"@type":"WebPage","@id":"https:\/\/www.africa-press.net\/congo-brazzaville\/photo\/journee-internationale-du-8-mars-asi-met-en-lumiere-la-place-de-la-femme-dans-la-societe-congolaise","url":"https:\/\/www.africa-press.net\/congo-brazzaville\/photo\/journee-internationale-du-8-mars-asi-met-en-lumiere-la-place-de-la-femme-dans-la-societe-congolaise","name":"Journ\u00e9e internationale du 8 mars : ASI met en lumi\u00e8re la place de la femme dans la soci\u00e9t\u00e9 congolaise - Congo Brazzaville","isPartOf":{"@id":"https:\/\/www.africa-press.net\/congo-brazzaville\/#website"},"primaryImageOfPage":{"@id":"https:\/\/www.africa-press.net\/congo-brazzaville\/photo\/journee-internationale-du-8-mars-asi-met-en-lumiere-la-place-de-la-femme-dans-la-societe-congolaise#primaryimage"},"image":{"@id":"https:\/\/www.africa-press.net\/congo-brazzaville\/photo\/journee-internationale-du-8-mars-asi-met-en-lumiere-la-place-de-la-femme-dans-la-societe-congolaise#primaryimage"},"thumbnailUrl":"https:\/\/static.africa-press.net\/congo-brazzaville\/sites\/51\/2023\/03\/postQueueImg_1678723933.12.jpg","datePublished":"2023-03-13T19:41:46+00:00","dateModified":"2023-03-13T20:31:16+00:00","author":{"@id":"https:\/\/www.africa-press.net\/congo-brazzaville\/#\/schema\/person\/2b1cf3cd81a31e3cd26889ca66d677f1"},"description":"A l\u2019occasion de la Journe\u0301e internationale du 8 mars, Actions de solidarite\u0301 internationale (ASI) a organise\u0301 en diff ...","breadcrumb":{"@id":"https:\/\/www.africa-press.net\/congo-brazzaville\/photo\/journee-internationale-du-8-mars-asi-met-en-lumiere-la-place-de-la-femme-dans-la-societe-congolaise#breadcrumb"},"inLanguage":"fr-FR","potentialAction":[{"@type":"ReadAction","target":["https:\/\/www.africa-press.net\/congo-brazzaville\/photo\/journee-internationale-du-8-mars-asi-met-en-lumiere-la-place-de-la-femme-dans-la-societe-congolaise"]}]},{"@type":"ImageObject","inLanguage":"fr-FR","@id":"https:\/\/www.africa-press.net\/congo-brazzaville\/photo\/journee-internationale-du-8-mars-asi-met-en-lumiere-la-place-de-la-femme-dans-la-societe-congolaise#primaryimage","url":"https:\/\/static.africa-press.net\/congo-brazzaville\/sites\/51\/2023\/03\/postQueueImg_1678723933.12.jpg","contentUrl":"https:\/\/static.africa-press.net\/congo-brazzaville\/sites\/51\/2023\/03\/postQueueImg_1678723933.12.jpg","width":1280,"height":720,"caption":"Journ\u00e9e internationale du 8 mars : ASI met en lumi\u00e8re la place de la femme dans la soci\u00e9t\u00e9 congolaise"},{"@type":"BreadcrumbList","@id":"https:\/\/www.africa-press.net\/congo-brazzaville\/photo\/journee-internationale-du-8-mars-asi-met-en-lumiere-la-place-de-la-femme-dans-la-societe-congolaise#breadcrumb","itemListElement":[{"@type":"ListItem","position":1,"name":"Accueil","item":"https:\/\/www.africa-press.net\/congo-brazzaville\/"},{"@type":"ListItem","position":2,"name":"Journ\u00e9e internationale du 8 mars : ASI met en lumi\u00e8re la place de la femme dans la soci\u00e9t\u00e9 congolaise"}]},{"@type":"WebSite","@id":"https:\/\/www.africa-press.net\/congo-brazzaville\/#website","url":"https:\/\/www.africa-press.net\/congo-brazzaville\/","name":"Congo Brazzaville","description":"Just another Africa News Agency Sites site","potentialAction":[{"@type":"SearchAction","target":{"@type":"EntryPoint","urlTemplate":"https:\/\/www.africa-press.net\/congo-brazzaville\/?s={search_term_string}"},"query-input":{"@type":"PropertyValueSpecification","valueRequired":true,"valueName":"search_term_string"}}],"inLanguage":"fr-FR"},{"@type":"Person","@id":"https:\/\/www.africa-press.net\/congo-brazzaville\/#\/schema\/person\/2b1cf3cd81a31e3cd26889ca66d677f1","name":"cfeditorfr"}]}},"_links":{"self":[{"href":"https:\/\/www.africa-press.net\/congo-brazzaville\/wp-json\/wp\/v2\/posts\/15565","targetHints":{"allow":["GET"]}}],"collection":[{"href":"https:\/\/www.africa-press.net\/congo-brazzaville\/wp-json\/wp\/v2\/posts"}],"about":[{"href":"https:\/\/www.africa-press.net\/congo-brazzaville\/wp-json\/wp\/v2\/types\/post"}],"author":[{"embeddable":true,"href":"https:\/\/www.africa-press.net\/congo-brazzaville\/wp-json\/wp\/v2\/users\/82"}],"replies":[{"embeddable":true,"href":"https:\/\/www.africa-press.net\/congo-brazzaville\/wp-json\/wp\/v2\/comments?post=15565"}],"version-history":[{"count":0,"href":"https:\/\/www.africa-press.net\/congo-brazzaville\/wp-json\/wp\/v2\/posts\/15565\/revisions"}],"wp:featuredmedia":[{"embeddable":true,"href":"https:\/\/www.africa-press.net\/congo-brazzaville\/wp-json\/wp\/v2\/media\/15564"}],"wp:attachment":[{"href":"https:\/\/www.africa-press.net\/congo-brazzaville\/wp-json\/wp\/v2\/media?parent=15565"}],"wp:term":[{"taxonomy":"category","embeddable":true,"href":"https:\/\/www.africa-press.net\/congo-brazzaville\/wp-json\/wp\/v2\/categories?post=15565"},{"taxonomy":"post_tag","embeddable":true,"href":"https:\/\/www.africa-press.net\/congo-brazzaville\/wp-json\/wp\/v2\/tags?post=15565"}],"curies":[{"name":"wp","href":"https:\/\/api.w.org\/{rel}","templated":true}]}}