{"id":15570,"date":"2023-03-13T19:42:31","date_gmt":"2023-03-13T19:42:31","guid":{"rendered":"https:\/\/www.africa-press.net\/congo-brazzaville\/politique\/kouilou-des-reponses-attendues-pour-ameliorer-la-situation-des-ecoles"},"modified":"2023-03-13T20:31:55","modified_gmt":"2023-03-13T20:31:55","slug":"kouilou-des-reponses-attendues-pour-ameliorer-la-situation-des-ecoles","status":"publish","type":"post","link":"https:\/\/www.africa-press.net\/congo-brazzaville\/photo\/kouilou-des-reponses-attendues-pour-ameliorer-la-situation-des-ecoles","title":{"rendered":"Kouilou : des r\u00e9ponses attendues pour am\u00e9liorer la situation des \u00e9coles"},"content":{"rendered":"<p><span style=\"color: #ff6600\"><strong>Africa-Press &#8211; Congo Brazzaville. <\/strong><\/span><b>Le ministre de l\u2019Enseignement pre\u0301scolaire, primaire, secondaire et de l\u2019Alphabe\u0301tisation, Jean Luc Mouthou, a passe\u0301 au crible les proble\u0300mes qui minent le syste\u0300me e\u0301ducatif dans le de\u0301partement du Kouilou. Des re\u0301ponses sont attendues pour ame\u0301liorer la situation. <\/b><\/p>\n<p>Dans les districts de Mvouti, Nzambi, Loango et ailleurs ou\u0300 le ministre de l\u2019Enseignement pre\u0301scolaire, primaire, secondaire et de l\u2019Alphabe\u0301tisation est passe\u0301, la re\u0301alite\u0301 est la me\u0302me, a\u0300 quelques exceptions pre\u0300s. De\u0301ficit du personnel enseignant ; mauvaises conditions d\u2019e\u0301tudes pour les e\u0301le\u0300ves et de travail pour le personnel ; l\u2019e\u0301pineux proble\u0300me de recrutement des enseignants, notamment les communautaires et volontaires a\u0300 la fonction publique, autant de proble\u0300mes souleve\u0301s par la communaute\u0301 e\u0301ducative du de\u0301partement du Kouilou.<\/p>\n<p>\u00ab A tous ces proble\u0300mes, des re\u0301ponses vont e\u0302tre apporte\u0301es car le gouvernement poursuit les efforts visant a\u0300 renforcer la re\u0301silience du syste\u0300me e\u0301ducatif. Nous avons espoir pour 2023 puisque le quota sera quasiment double\u0301 par rapport a\u0300 celui de l\u2019anne\u0301e passe\u0301e \u00bb, a indique\u0301 le ministre Jean Luc Mouthou, dans ses e\u0301changes avec le personnel enseignant.<\/p>\n<p>A Nzambi, le sous-pre\u0301fet Fe\u0301lix Mouttou a salue\u0301 la volonte\u0301 d\u2019ame\u0301liorer la situation de l\u2019e\u0301cole en milieu rural avec, entre autres, l\u2019ouverture du centre d\u2019e\u0301ducation pre\u0301scolaire de Tchilounga. Il a sollicite\u0301 l\u2019ouverture d\u2019un autre centre a\u0300 Ntandou-Ngoma ou\u0300 le site et le donateur sont disponibles.<\/p>\n<p>Par ailleurs, dans le district de Mvouti, la re\u0301habilitation sous peu de l\u2019internat, en ruine depuis des anne\u0301es, permettra d\u2019accueillir les e\u0301le\u0300ves du colle\u0300ge et du lyce\u0301e qui ne devraient plus parcourir de longues distances pour e\u0301tudier. A Ntoto-Siala, le ministre Jean Luc Mouthou a e\u0301voque\u0301 la ne\u0301cessite\u0301 d\u2019acce\u0301le\u0301rer la construction des deux ba\u0302timents du colle\u0300ge de Mpondila afin de libe\u0301rer les ba\u0302timents squatte\u0301s du colle\u0300ge et re\u0301soudre l\u2019e\u0301pineux proble\u0300me de ple\u0301thore dans les salles de classe. L\u2019e\u0301cole primaire Mengo, quant a\u0300 elle, attend la finition des nouveaux ba\u0302timents.<\/p>\n<p>Il convient de souligner que le constat fait par le ministre de l\u2019Enseignement pre\u0301scolaire, primaire, secondaire et de l\u2019Alphabe\u0301tisation dans le de\u0301partement du Kouilou est quasiment la me\u0302me dans d\u2019autres de\u0301partements du pays. Il est aussi vrai que dans plusieurs localite\u0301s, les e\u0301coles se construisent pour ame\u0301liorer la qualite\u0301 du syste\u0300me e\u0301ducatif. Les efforts me\u0301ritent d\u2019e\u0302tre poursuivis pour atteindre les re\u0301sultats escompte\u0301s.<\/p>\n\r\n                <style type=\"text\/css\">\r\n                    \r\n                    #td_uid_1_69f274c868391  .td-doubleSlider-2 .td-item1 {\r\n                        background: url(https:\/\/static.africa-press.net\/congo-brazzaville\/sites\/51\/2023\/03\/postMediaimg_74_1-80x60.jpg) 0 0 no-repeat;\r\n                    }\r\n                    #td_uid_1_69f274c868391  .td-doubleSlider-2 .td-item2 {\r\n                        background: url(https:\/\/static.africa-press.net\/congo-brazzaville\/sites\/51\/2023\/03\/postMediaimg_74_2-80x60.jpg) 0 0 no-repeat;\r\n                    }\r\n                <\/style>\r\n\r\n                <div id=\"td_uid_1_69f274c868391\" class=\"td-gallery td-slide-on-2-columns\">\r\n                    <div class=\"post_td_gallery\">\r\n                        <div class=\"td-gallery-slide-top\">\r\n                           <div class=\"td-gallery-title\"><\/div>\r\n\r\n                            <div class=\"td-gallery-controls-wrapper\">\r\n                                <div class=\"td-gallery-slide-count\"><span class=\"td-gallery-slide-item-focus\">1<\/span> de 2<\/div>\r\n                                <div class=\"td-gallery-slide-prev-next-but\">\r\n                                    <i class = \"td-icon-left doubleSliderPrevButton\"><\/i>\r\n                                    <i class = \"td-icon-right doubleSliderNextButton\"><\/i>\r\n                                <\/div>\r\n                            <\/div>\r\n                        <\/div>\r\n\r\n                        <div class = \"td-doubleSlider-1 \">\r\n                            <div class = \"td-slider\">\r\n                                \r\n                    <div class = \"td-slide-item td-item1\">\r\n                        <figure class=\"td-slide-galery-figure td-slide-popup-gallery\">\r\n                            <a class=\"slide-gallery-image-link\" href=\"https:\/\/static.africa-press.net\/congo-brazzaville\/sites\/51\/2023\/03\/postMediaimg_74_1.jpg\" title=\"postMediaimg_74_1\"  data-caption=\"\"  data-description=\"\">\r\n                                <img decoding=\"async\" src=\"https:\/\/static.africa-press.net\/congo-brazzaville\/sites\/51\/2023\/03\/postMediaimg_74_1.jpg\" srcset=\"https:\/\/static.africa-press.net\/congo-brazzaville\/sites\/51\/2023\/03\/postMediaimg_74_1.jpg 850w, https:\/\/static.africa-press.net\/congo-brazzaville\/sites\/51\/2023\/03\/postMediaimg_74_1-300x200.jpg 300w, https:\/\/static.africa-press.net\/congo-brazzaville\/sites\/51\/2023\/03\/postMediaimg_74_1-768x512.jpg 768w\" sizes=\"(max-width: 850px) 100vw, 850px\" alt=\"\">\r\n                            <\/a>\r\n                            \r\n                        <\/figure>\r\n                    <\/div>\r\n                    <div class = \"td-slide-item td-item2\">\r\n                        <figure class=\"td-slide-galery-figure td-slide-popup-gallery\">\r\n                            <a class=\"slide-gallery-image-link\" href=\"https:\/\/static.africa-press.net\/congo-brazzaville\/sites\/51\/2023\/03\/postMediaimg_74_2.jpg\" title=\"postMediaimg_74_2\"  data-caption=\"\"  data-description=\"\">\r\n                                <img decoding=\"async\" src=\"https:\/\/static.africa-press.net\/congo-brazzaville\/sites\/51\/2023\/03\/postMediaimg_74_2.jpg\" srcset=\"https:\/\/static.africa-press.net\/congo-brazzaville\/sites\/51\/2023\/03\/postMediaimg_74_2.jpg 850w, https:\/\/static.africa-press.net\/congo-brazzaville\/sites\/51\/2023\/03\/postMediaimg_74_2-300x180.jpg 300w, https:\/\/static.africa-press.net\/congo-brazzaville\/sites\/51\/2023\/03\/postMediaimg_74_2-768x461.jpg 768w\" sizes=\"(max-width: 850px) 100vw, 850px\" alt=\"\">\r\n                            <\/a>\r\n                            \r\n                        <\/figure>\r\n                    <\/div>\r\n                            <\/div>\r\n                        <\/div>\r\n\r\n                        <div class = \"td-doubleSlider-2\">\r\n                            <div class = \"td-slider\">\r\n                                \r\n                    <div class = \"td-button td-item1\">\r\n                        <div class = \"td-border\"><\/div>\r\n                    <\/div>\r\n                    <div class = \"td-button td-item2\">\r\n                        <div class = \"td-border\"><\/div>\r\n                    <\/div>\r\n                            <\/div>\r\n                        <\/div>\r\n\r\n                    <\/div>\r\n\r\n                <\/div>\r\n                \n<p><strong>Pour plus d&rsquo;informations et d&rsquo;analyses sur la <a href=\"https:\/\/www.africa-press.net\/congo-brazzaville\">Congo Brazzaville<\/a>, suivez <a href=\"https:\/\/www.africa-press.net\/\">Africa-Press<\/a><\/strong><\/p>\n","protected":false},"excerpt":{"rendered":"<p>Africa-Press &#8211; Congo Brazzaville. Le ministre de l\u2019Enseignement pre\u0301scolaire, primaire, secondaire et de l\u2019Alphabe\u0301tisation, Jean Luc Mouthou, a passe\u0301 au crible les proble\u0300mes qui minent le syste\u0300me e\u0301ducatif dans le de\u0301partement du Kouilou. Des re\u0301ponses sont attendues pour ame\u0301liorer la situation. Dans les districts de Mvouti, Nzambi, Loango et ailleurs ou\u0300 le ministre de l\u2019Enseignement [&hellip;]<\/p>\n","protected":false},"author":82,"featured_media":15569,"comment_status":"open","ping_status":"closed","sticky":false,"template":"","format":"standard","meta":{"footnotes":""},"categories":[21,8,10],"tags":[36,47,46],"class_list":["post-15570","post","type-post","status-publish","format-standard","has-post-thumbnail","hentry","category-communaute","category-photo","category-toutes-les-actualites","tag-africa-press","tag-africa-press-congo-brazzaville","tag-congo-brazzaville"],"yoast_head":"<!-- This site is optimized with the Yoast SEO Premium plugin v26.1 (Yoast SEO v27.0) - https:\/\/yoast.com\/product\/yoast-seo-premium-wordpress\/ -->\n<title>Kouilou : des r\u00e9ponses attendues pour am\u00e9liorer la situation des \u00e9coles - Congo Brazzaville<\/title>\n<meta name=\"description\" content=\"Le ministre de l\u2019Enseignement pre\u0301scolaire, primaire, secondaire et de l\u2019Alphabe\u0301tisation, Jean Luc Mouthou, a passe\u0301 ...\" \/>\n<meta name=\"robots\" content=\"index, follow, max-snippet:-1, max-image-preview:large, max-video-preview:-1\" \/>\n<link rel=\"canonical\" href=\"https:\/\/www.africa-press.net\/congo-brazzaville\/photo\/kouilou-des-reponses-attendues-pour-ameliorer-la-situation-des-ecoles\" \/>\n<meta property=\"og:locale\" content=\"fr_FR\" \/>\n<meta property=\"og:type\" content=\"article\" \/>\n<meta property=\"og:title\" content=\"Kouilou : des r\u00e9ponses attendues pour am\u00e9liorer la situation des \u00e9coles\" \/>\n<meta property=\"og:description\" content=\"Le ministre de l\u2019Enseignement pre\u0301scolaire, primaire, secondaire et de l\u2019Alphabe\u0301tisation, Jean Luc Mouthou, a passe\u0301 ...\" \/>\n<meta property=\"og:url\" content=\"https:\/\/www.africa-press.net\/congo-brazzaville\/photo\/kouilou-des-reponses-attendues-pour-ameliorer-la-situation-des-ecoles\" \/>\n<meta property=\"og:site_name\" content=\"Congo Brazzaville\" \/>\n<meta property=\"article:published_time\" content=\"2023-03-13T19:42:31+00:00\" \/>\n<meta property=\"article:modified_time\" content=\"2023-03-13T20:31:55+00:00\" \/>\n<meta property=\"og:image\" content=\"https:\/\/static.africa-press.net\/congo-brazzaville\/sites\/51\/2023\/03\/postQueueImg_1678723956.23.jpg\" \/>\n\t<meta property=\"og:image:width\" content=\"850\" \/>\n\t<meta property=\"og:image:height\" content=\"567\" \/>\n\t<meta property=\"og:image:type\" content=\"image\/jpeg\" \/>\n<meta name=\"author\" content=\"cfeditorfr\" \/>\n<meta name=\"twitter:card\" content=\"summary_large_image\" \/>\n<meta name=\"twitter:label1\" content=\"\u00c9crit par\" \/>\n\t<meta name=\"twitter:data1\" content=\"cfeditorfr\" \/>\n\t<meta name=\"twitter:label2\" content=\"Dur\u00e9e de lecture estim\u00e9e\" \/>\n\t<meta name=\"twitter:data2\" content=\"2 minutes\" \/>\n<script type=\"application\/ld+json\" class=\"yoast-schema-graph\">{\"@context\":\"https:\/\/schema.org\",\"@graph\":[{\"@type\":\"Article\",\"@id\":\"https:\/\/www.africa-press.net\/congo-brazzaville\/photo\/kouilou-des-reponses-attendues-pour-ameliorer-la-situation-des-ecoles#article\",\"isPartOf\":{\"@id\":\"https:\/\/www.africa-press.net\/congo-brazzaville\/photo\/kouilou-des-reponses-attendues-pour-ameliorer-la-situation-des-ecoles\"},\"author\":{\"name\":\"cfeditorfr\",\"@id\":\"https:\/\/www.africa-press.net\/congo-brazzaville\/#\/schema\/person\/2b1cf3cd81a31e3cd26889ca66d677f1\"},\"headline\":\"Kouilou : des r\u00e9ponses attendues pour am\u00e9liorer la situation des \u00e9coles\",\"datePublished\":\"2023-03-13T19:42:31+00:00\",\"dateModified\":\"2023-03-13T20:31:55+00:00\",\"mainEntityOfPage\":{\"@id\":\"https:\/\/www.africa-press.net\/congo-brazzaville\/photo\/kouilou-des-reponses-attendues-pour-ameliorer-la-situation-des-ecoles\"},\"wordCount\":498,\"commentCount\":0,\"image\":{\"@id\":\"https:\/\/www.africa-press.net\/congo-brazzaville\/photo\/kouilou-des-reponses-attendues-pour-ameliorer-la-situation-des-ecoles#primaryimage\"},\"thumbnailUrl\":\"https:\/\/static.africa-press.net\/congo-brazzaville\/sites\/51\/2023\/03\/postQueueImg_1678723956.23.jpg\",\"keywords\":[\"Africa Press\",\"Africa Press-Congo Brazzaville\",\"Congo Brazzaville\"],\"articleSection\":[\"Communaut\u00e9\",\"Photo\",\"Toutes les actualit\u00e9s\"],\"inLanguage\":\"fr-FR\",\"potentialAction\":[{\"@type\":\"CommentAction\",\"name\":\"Comment\",\"target\":[\"https:\/\/www.africa-press.net\/congo-brazzaville\/photo\/kouilou-des-reponses-attendues-pour-ameliorer-la-situation-des-ecoles#respond\"]}]},{\"@type\":\"WebPage\",\"@id\":\"https:\/\/www.africa-press.net\/congo-brazzaville\/photo\/kouilou-des-reponses-attendues-pour-ameliorer-la-situation-des-ecoles\",\"url\":\"https:\/\/www.africa-press.net\/congo-brazzaville\/photo\/kouilou-des-reponses-attendues-pour-ameliorer-la-situation-des-ecoles\",\"name\":\"Kouilou : des r\u00e9ponses attendues pour am\u00e9liorer la situation des \u00e9coles - Congo Brazzaville\",\"isPartOf\":{\"@id\":\"https:\/\/www.africa-press.net\/congo-brazzaville\/#website\"},\"primaryImageOfPage\":{\"@id\":\"https:\/\/www.africa-press.net\/congo-brazzaville\/photo\/kouilou-des-reponses-attendues-pour-ameliorer-la-situation-des-ecoles#primaryimage\"},\"image\":{\"@id\":\"https:\/\/www.africa-press.net\/congo-brazzaville\/photo\/kouilou-des-reponses-attendues-pour-ameliorer-la-situation-des-ecoles#primaryimage\"},\"thumbnailUrl\":\"https:\/\/static.africa-press.net\/congo-brazzaville\/sites\/51\/2023\/03\/postQueueImg_1678723956.23.jpg\",\"datePublished\":\"2023-03-13T19:42:31+00:00\",\"dateModified\":\"2023-03-13T20:31:55+00:00\",\"author\":{\"@id\":\"https:\/\/www.africa-press.net\/congo-brazzaville\/#\/schema\/person\/2b1cf3cd81a31e3cd26889ca66d677f1\"},\"description\":\"Le ministre de l\u2019Enseignement pre\u0301scolaire, primaire, secondaire et de l\u2019Alphabe\u0301tisation, Jean Luc Mouthou, a passe\u0301 ...\",\"breadcrumb\":{\"@id\":\"https:\/\/www.africa-press.net\/congo-brazzaville\/photo\/kouilou-des-reponses-attendues-pour-ameliorer-la-situation-des-ecoles#breadcrumb\"},\"inLanguage\":\"fr-FR\",\"potentialAction\":[{\"@type\":\"ReadAction\",\"target\":[\"https:\/\/www.africa-press.net\/congo-brazzaville\/photo\/kouilou-des-reponses-attendues-pour-ameliorer-la-situation-des-ecoles\"]}]},{\"@type\":\"ImageObject\",\"inLanguage\":\"fr-FR\",\"@id\":\"https:\/\/www.africa-press.net\/congo-brazzaville\/photo\/kouilou-des-reponses-attendues-pour-ameliorer-la-situation-des-ecoles#primaryimage\",\"url\":\"https:\/\/static.africa-press.net\/congo-brazzaville\/sites\/51\/2023\/03\/postQueueImg_1678723956.23.jpg\",\"contentUrl\":\"https:\/\/static.africa-press.net\/congo-brazzaville\/sites\/51\/2023\/03\/postQueueImg_1678723956.23.jpg\",\"width\":850,\"height\":567,\"caption\":\"Kouilou : des r\u00e9ponses attendues pour am\u00e9liorer la situation des \u00e9coles\"},{\"@type\":\"BreadcrumbList\",\"@id\":\"https:\/\/www.africa-press.net\/congo-brazzaville\/photo\/kouilou-des-reponses-attendues-pour-ameliorer-la-situation-des-ecoles#breadcrumb\",\"itemListElement\":[{\"@type\":\"ListItem\",\"position\":1,\"name\":\"Accueil\",\"item\":\"https:\/\/www.africa-press.net\/congo-brazzaville\/\"},{\"@type\":\"ListItem\",\"position\":2,\"name\":\"Kouilou : des r\u00e9ponses attendues pour am\u00e9liorer la situation des \u00e9coles\"}]},{\"@type\":\"WebSite\",\"@id\":\"https:\/\/www.africa-press.net\/congo-brazzaville\/#website\",\"url\":\"https:\/\/www.africa-press.net\/congo-brazzaville\/\",\"name\":\"Congo Brazzaville\",\"description\":\"Just another Africa News Agency Sites site\",\"potentialAction\":[{\"@type\":\"SearchAction\",\"target\":{\"@type\":\"EntryPoint\",\"urlTemplate\":\"https:\/\/www.africa-press.net\/congo-brazzaville\/?s={search_term_string}\"},\"query-input\":{\"@type\":\"PropertyValueSpecification\",\"valueRequired\":true,\"valueName\":\"search_term_string\"}}],\"inLanguage\":\"fr-FR\"},{\"@type\":\"Person\",\"@id\":\"https:\/\/www.africa-press.net\/congo-brazzaville\/#\/schema\/person\/2b1cf3cd81a31e3cd26889ca66d677f1\",\"name\":\"cfeditorfr\"}]}<\/script>\n<!-- \/ Yoast SEO Premium plugin. -->","yoast_head_json":{"title":"Kouilou : des r\u00e9ponses attendues pour am\u00e9liorer la situation des \u00e9coles - Congo Brazzaville","description":"Le ministre de l\u2019Enseignement pre\u0301scolaire, primaire, secondaire et de l\u2019Alphabe\u0301tisation, Jean Luc Mouthou, a passe\u0301 ...","robots":{"index":"index","follow":"follow","max-snippet":"max-snippet:-1","max-image-preview":"max-image-preview:large","max-video-preview":"max-video-preview:-1"},"canonical":"https:\/\/www.africa-press.net\/congo-brazzaville\/photo\/kouilou-des-reponses-attendues-pour-ameliorer-la-situation-des-ecoles","og_locale":"fr_FR","og_type":"article","og_title":"Kouilou : des r\u00e9ponses attendues pour am\u00e9liorer la situation des \u00e9coles","og_description":"Le ministre de l\u2019Enseignement pre\u0301scolaire, primaire, secondaire et de l\u2019Alphabe\u0301tisation, Jean Luc Mouthou, a passe\u0301 ...","og_url":"https:\/\/www.africa-press.net\/congo-brazzaville\/photo\/kouilou-des-reponses-attendues-pour-ameliorer-la-situation-des-ecoles","og_site_name":"Congo Brazzaville","article_published_time":"2023-03-13T19:42:31+00:00","article_modified_time":"2023-03-13T20:31:55+00:00","og_image":[{"width":850,"height":567,"url":"https:\/\/static.africa-press.net\/congo-brazzaville\/sites\/51\/2023\/03\/postQueueImg_1678723956.23.jpg","type":"image\/jpeg"}],"author":"cfeditorfr","twitter_card":"summary_large_image","twitter_misc":{"\u00c9crit par":"cfeditorfr","Dur\u00e9e de lecture estim\u00e9e":"2 minutes"},"schema":{"@context":"https:\/\/schema.org","@graph":[{"@type":"Article","@id":"https:\/\/www.africa-press.net\/congo-brazzaville\/photo\/kouilou-des-reponses-attendues-pour-ameliorer-la-situation-des-ecoles#article","isPartOf":{"@id":"https:\/\/www.africa-press.net\/congo-brazzaville\/photo\/kouilou-des-reponses-attendues-pour-ameliorer-la-situation-des-ecoles"},"author":{"name":"cfeditorfr","@id":"https:\/\/www.africa-press.net\/congo-brazzaville\/#\/schema\/person\/2b1cf3cd81a31e3cd26889ca66d677f1"},"headline":"Kouilou : des r\u00e9ponses attendues pour am\u00e9liorer la situation des \u00e9coles","datePublished":"2023-03-13T19:42:31+00:00","dateModified":"2023-03-13T20:31:55+00:00","mainEntityOfPage":{"@id":"https:\/\/www.africa-press.net\/congo-brazzaville\/photo\/kouilou-des-reponses-attendues-pour-ameliorer-la-situation-des-ecoles"},"wordCount":498,"commentCount":0,"image":{"@id":"https:\/\/www.africa-press.net\/congo-brazzaville\/photo\/kouilou-des-reponses-attendues-pour-ameliorer-la-situation-des-ecoles#primaryimage"},"thumbnailUrl":"https:\/\/static.africa-press.net\/congo-brazzaville\/sites\/51\/2023\/03\/postQueueImg_1678723956.23.jpg","keywords":["Africa Press","Africa Press-Congo Brazzaville","Congo Brazzaville"],"articleSection":["Communaut\u00e9","Photo","Toutes les actualit\u00e9s"],"inLanguage":"fr-FR","potentialAction":[{"@type":"CommentAction","name":"Comment","target":["https:\/\/www.africa-press.net\/congo-brazzaville\/photo\/kouilou-des-reponses-attendues-pour-ameliorer-la-situation-des-ecoles#respond"]}]},{"@type":"WebPage","@id":"https:\/\/www.africa-press.net\/congo-brazzaville\/photo\/kouilou-des-reponses-attendues-pour-ameliorer-la-situation-des-ecoles","url":"https:\/\/www.africa-press.net\/congo-brazzaville\/photo\/kouilou-des-reponses-attendues-pour-ameliorer-la-situation-des-ecoles","name":"Kouilou : des r\u00e9ponses attendues pour am\u00e9liorer la situation des \u00e9coles - Congo Brazzaville","isPartOf":{"@id":"https:\/\/www.africa-press.net\/congo-brazzaville\/#website"},"primaryImageOfPage":{"@id":"https:\/\/www.africa-press.net\/congo-brazzaville\/photo\/kouilou-des-reponses-attendues-pour-ameliorer-la-situation-des-ecoles#primaryimage"},"image":{"@id":"https:\/\/www.africa-press.net\/congo-brazzaville\/photo\/kouilou-des-reponses-attendues-pour-ameliorer-la-situation-des-ecoles#primaryimage"},"thumbnailUrl":"https:\/\/static.africa-press.net\/congo-brazzaville\/sites\/51\/2023\/03\/postQueueImg_1678723956.23.jpg","datePublished":"2023-03-13T19:42:31+00:00","dateModified":"2023-03-13T20:31:55+00:00","author":{"@id":"https:\/\/www.africa-press.net\/congo-brazzaville\/#\/schema\/person\/2b1cf3cd81a31e3cd26889ca66d677f1"},"description":"Le ministre de l\u2019Enseignement pre\u0301scolaire, primaire, secondaire et de l\u2019Alphabe\u0301tisation, Jean Luc Mouthou, a passe\u0301 ...","breadcrumb":{"@id":"https:\/\/www.africa-press.net\/congo-brazzaville\/photo\/kouilou-des-reponses-attendues-pour-ameliorer-la-situation-des-ecoles#breadcrumb"},"inLanguage":"fr-FR","potentialAction":[{"@type":"ReadAction","target":["https:\/\/www.africa-press.net\/congo-brazzaville\/photo\/kouilou-des-reponses-attendues-pour-ameliorer-la-situation-des-ecoles"]}]},{"@type":"ImageObject","inLanguage":"fr-FR","@id":"https:\/\/www.africa-press.net\/congo-brazzaville\/photo\/kouilou-des-reponses-attendues-pour-ameliorer-la-situation-des-ecoles#primaryimage","url":"https:\/\/static.africa-press.net\/congo-brazzaville\/sites\/51\/2023\/03\/postQueueImg_1678723956.23.jpg","contentUrl":"https:\/\/static.africa-press.net\/congo-brazzaville\/sites\/51\/2023\/03\/postQueueImg_1678723956.23.jpg","width":850,"height":567,"caption":"Kouilou : des r\u00e9ponses attendues pour am\u00e9liorer la situation des \u00e9coles"},{"@type":"BreadcrumbList","@id":"https:\/\/www.africa-press.net\/congo-brazzaville\/photo\/kouilou-des-reponses-attendues-pour-ameliorer-la-situation-des-ecoles#breadcrumb","itemListElement":[{"@type":"ListItem","position":1,"name":"Accueil","item":"https:\/\/www.africa-press.net\/congo-brazzaville\/"},{"@type":"ListItem","position":2,"name":"Kouilou : des r\u00e9ponses attendues pour am\u00e9liorer la situation des \u00e9coles"}]},{"@type":"WebSite","@id":"https:\/\/www.africa-press.net\/congo-brazzaville\/#website","url":"https:\/\/www.africa-press.net\/congo-brazzaville\/","name":"Congo Brazzaville","description":"Just another Africa News Agency Sites site","potentialAction":[{"@type":"SearchAction","target":{"@type":"EntryPoint","urlTemplate":"https:\/\/www.africa-press.net\/congo-brazzaville\/?s={search_term_string}"},"query-input":{"@type":"PropertyValueSpecification","valueRequired":true,"valueName":"search_term_string"}}],"inLanguage":"fr-FR"},{"@type":"Person","@id":"https:\/\/www.africa-press.net\/congo-brazzaville\/#\/schema\/person\/2b1cf3cd81a31e3cd26889ca66d677f1","name":"cfeditorfr"}]}},"_links":{"self":[{"href":"https:\/\/www.africa-press.net\/congo-brazzaville\/wp-json\/wp\/v2\/posts\/15570","targetHints":{"allow":["GET"]}}],"collection":[{"href":"https:\/\/www.africa-press.net\/congo-brazzaville\/wp-json\/wp\/v2\/posts"}],"about":[{"href":"https:\/\/www.africa-press.net\/congo-brazzaville\/wp-json\/wp\/v2\/types\/post"}],"author":[{"embeddable":true,"href":"https:\/\/www.africa-press.net\/congo-brazzaville\/wp-json\/wp\/v2\/users\/82"}],"replies":[{"embeddable":true,"href":"https:\/\/www.africa-press.net\/congo-brazzaville\/wp-json\/wp\/v2\/comments?post=15570"}],"version-history":[{"count":0,"href":"https:\/\/www.africa-press.net\/congo-brazzaville\/wp-json\/wp\/v2\/posts\/15570\/revisions"}],"wp:featuredmedia":[{"embeddable":true,"href":"https:\/\/www.africa-press.net\/congo-brazzaville\/wp-json\/wp\/v2\/media\/15569"}],"wp:attachment":[{"href":"https:\/\/www.africa-press.net\/congo-brazzaville\/wp-json\/wp\/v2\/media?parent=15570"}],"wp:term":[{"taxonomy":"category","embeddable":true,"href":"https:\/\/www.africa-press.net\/congo-brazzaville\/wp-json\/wp\/v2\/categories?post=15570"},{"taxonomy":"post_tag","embeddable":true,"href":"https:\/\/www.africa-press.net\/congo-brazzaville\/wp-json\/wp\/v2\/tags?post=15570"}],"curies":[{"name":"wp","href":"https:\/\/api.w.org\/{rel}","templated":true}]}}