{"id":15573,"date":"2023-03-13T19:42:54","date_gmt":"2023-03-13T19:42:54","guid":{"rendered":"https:\/\/www.africa-press.net\/congo-brazzaville\/politique\/festival-slamouv-des-artistes-sexprimeront-a-brazzaville"},"modified":"2023-03-13T20:32:15","modified_gmt":"2023-03-13T20:32:15","slug":"festival-slamouv-des-artistes-sexprimeront-a-brazzaville","status":"publish","type":"post","link":"https:\/\/www.africa-press.net\/congo-brazzaville\/culture-et-art\/festival-slamouv-des-artistes-sexprimeront-a-brazzaville","title":{"rendered":"Festival Slamouv : des artistes s\u2019exprimeront \u00e0 Brazzaville"},"content":{"rendered":"<p><span style=\"color: #ff6600\"><strong>Africa-Press &#8211; Congo Brazzaville. <\/strong><\/span>La deuxie\u0300me e\u0301dition du festival international de poe\u0301sie urbaine au Congo se tiendra du 20 au 22 avril, a\u0300 l\u2019Institut franc\u0327ais du Congo (IFC) de Brazzaville et aux ateliers sahm sur le the\u0300me \u00ab\u00a0Casser les codes \u00ab\u00a0. Elle sera organise\u0301e par l\u2019association Slamourail sous la direction de l\u2019artiste slameuse Mariusca Moukengue\u0301, en partenariat avec l\u2019IFC, l\u2019Institut Franc\u0327ais de la Re\u0301publique de\u0301mocratique du Congo (RDC), les ateliers Sahm, Pefaco Ho\u0302tel Maya-Maya, l\u2019Agence franc\u0327aise de de\u0301veloppement, Infinity, Mbongui Art Photo, avec le sponsoring de Bralico.<\/p>\n<p>L\u2019objectif du festival Slamouv est de de\u0301velopper le partage, le re\u0301seautage, l\u2019ouverture au monde par le slam, le jumelage artistique entre les villes. A cet effet, des concerts seront livre\u0301s par plusieurs artistes slameurs, notamment Ange Minkala de France, Christian Kibongo (Congo-France), Mariusca la Slameuse, ZOU, Percedenoble, Kenza, Tiger, Aristote Moukoko, Pygme\u0301e Bantu, Perce de Noble? tous du Congo, Yaya Onka (Congo-B2nin), Joy Slam (Belgique-Burundi), Yekima de la RDC, Harmonie du Be\u0301nin, Samira Fall du Se\u0301ne\u0301gal, Nanda du Gabon, Nix Mayah de Madagascar. Ces artistes s\u2019exprimeront autour des spectacles, rencontres et formations.<\/p>\n<p>En dehors des concerts slam, il y a aura aussi des rencontres professionnelles, des tables rondes, des cartes blanches. De me\u0302me, des ateliers de formation seront anime\u0301s du 18 au 20 avril en pre\u0301lude au festival par l\u2019e\u0301crivain slameur Fann Attiki et l\u2019artiste slameur Aristote Moukoko. Ces formations donneront a\u0300 chaque slameur la possibilite\u0301 d\u2019ame\u0301liorer son e\u0301criture (personnification, champ lexical, champ se\u0301mantique, me\u0301taphore etc.).<\/p>\n<p>Rappelons que le slam est a\u0300 la fois un moyen d\u2019expression, un art oratoire et une joute verbale. Le festival slamouv se tient chaque anne\u0301e.<\/p>\n<p><strong>Pour plus d&rsquo;informations et d&rsquo;analyses sur la <a href=\"https:\/\/www.africa-press.net\/congo-brazzaville\">Congo Brazzaville<\/a>, suivez <a href=\"https:\/\/www.africa-press.net\/\">Africa-Press<\/a><\/strong><\/p>\n","protected":false},"excerpt":{"rendered":"<p>Africa-Press &#8211; Congo Brazzaville. La deuxie\u0300me e\u0301dition du festival international de poe\u0301sie urbaine au Congo se tiendra du 20 au 22 avril, a\u0300 l\u2019Institut franc\u0327ais du Congo (IFC) de Brazzaville et aux ateliers sahm sur le the\u0300me \u00ab\u00a0Casser les codes \u00ab\u00a0. Elle sera organise\u0301e par l\u2019association Slamourail sous la direction de l\u2019artiste slameuse Mariusca Moukengue\u0301, [&hellip;]<\/p>\n","protected":false},"author":82,"featured_media":15571,"comment_status":"open","ping_status":"closed","sticky":false,"template":"","format":"standard","meta":{"footnotes":""},"categories":[5,10],"tags":[36,47,46],"class_list":["post-15573","post","type-post","status-publish","format-standard","has-post-thumbnail","hentry","category-culture-et-art","category-toutes-les-actualites","tag-africa-press","tag-africa-press-congo-brazzaville","tag-congo-brazzaville"],"yoast_head":"<!-- This site is optimized with the Yoast SEO Premium plugin v26.1 (Yoast SEO v27.0) - https:\/\/yoast.com\/product\/yoast-seo-premium-wordpress\/ -->\n<title>Festival Slamouv : des artistes s\u2019exprimeront \u00e0 Brazzaville - Congo Brazzaville<\/title>\n<meta name=\"description\" content=\"La deuxie\u0300me e\u0301dition du festival international de poe\u0301sie urbaine au Congo se tiendra du 20 au 22 avril, a\u0300 l\u2019Institut ...\" \/>\n<meta name=\"robots\" content=\"index, follow, max-snippet:-1, max-image-preview:large, max-video-preview:-1\" \/>\n<link rel=\"canonical\" href=\"https:\/\/www.africa-press.net\/congo-brazzaville\/culture-et-art\/festival-slamouv-des-artistes-sexprimeront-a-brazzaville\" \/>\n<meta property=\"og:locale\" content=\"fr_FR\" \/>\n<meta property=\"og:type\" content=\"article\" \/>\n<meta property=\"og:title\" content=\"Festival Slamouv : des artistes s\u2019exprimeront \u00e0 Brazzaville\" \/>\n<meta property=\"og:description\" content=\"La deuxie\u0300me e\u0301dition du festival international de poe\u0301sie urbaine au Congo se tiendra du 20 au 22 avril, a\u0300 l\u2019Institut ...\" \/>\n<meta property=\"og:url\" content=\"https:\/\/www.africa-press.net\/congo-brazzaville\/culture-et-art\/festival-slamouv-des-artistes-sexprimeront-a-brazzaville\" \/>\n<meta property=\"og:site_name\" content=\"Congo Brazzaville\" \/>\n<meta property=\"article:published_time\" content=\"2023-03-13T19:42:54+00:00\" \/>\n<meta property=\"article:modified_time\" content=\"2023-03-13T20:32:15+00:00\" \/>\n<meta property=\"og:image\" content=\"https:\/\/static.africa-press.net\/congo-brazzaville\/sites\/51\/2023\/03\/postQueueImg_1678723985.45.jpg\" \/>\n\t<meta property=\"og:image:width\" content=\"1280\" \/>\n\t<meta property=\"og:image:height\" content=\"720\" \/>\n\t<meta property=\"og:image:type\" content=\"image\/jpeg\" \/>\n<meta name=\"author\" content=\"cfeditorfr\" \/>\n<meta name=\"twitter:card\" content=\"summary_large_image\" \/>\n<meta name=\"twitter:label1\" content=\"\u00c9crit par\" \/>\n\t<meta name=\"twitter:data1\" content=\"cfeditorfr\" \/>\n\t<meta name=\"twitter:label2\" content=\"Dur\u00e9e de lecture estim\u00e9e\" \/>\n\t<meta name=\"twitter:data2\" content=\"2 minutes\" \/>\n<script type=\"application\/ld+json\" class=\"yoast-schema-graph\">{\"@context\":\"https:\/\/schema.org\",\"@graph\":[{\"@type\":\"Article\",\"@id\":\"https:\/\/www.africa-press.net\/congo-brazzaville\/culture-et-art\/festival-slamouv-des-artistes-sexprimeront-a-brazzaville#article\",\"isPartOf\":{\"@id\":\"https:\/\/www.africa-press.net\/congo-brazzaville\/culture-et-art\/festival-slamouv-des-artistes-sexprimeront-a-brazzaville\"},\"author\":{\"name\":\"cfeditorfr\",\"@id\":\"https:\/\/www.africa-press.net\/congo-brazzaville\/#\/schema\/person\/2b1cf3cd81a31e3cd26889ca66d677f1\"},\"headline\":\"Festival Slamouv : des artistes s\u2019exprimeront \u00e0 Brazzaville\",\"datePublished\":\"2023-03-13T19:42:54+00:00\",\"dateModified\":\"2023-03-13T20:32:15+00:00\",\"mainEntityOfPage\":{\"@id\":\"https:\/\/www.africa-press.net\/congo-brazzaville\/culture-et-art\/festival-slamouv-des-artistes-sexprimeront-a-brazzaville\"},\"wordCount\":325,\"commentCount\":0,\"image\":{\"@id\":\"https:\/\/www.africa-press.net\/congo-brazzaville\/culture-et-art\/festival-slamouv-des-artistes-sexprimeront-a-brazzaville#primaryimage\"},\"thumbnailUrl\":\"https:\/\/static.africa-press.net\/congo-brazzaville\/sites\/51\/2023\/03\/postQueueImg_1678723985.45.jpg\",\"keywords\":[\"Africa Press\",\"Africa Press-Congo Brazzaville\",\"Congo Brazzaville\"],\"articleSection\":[\"Culture et Art\",\"Toutes les actualit\u00e9s\"],\"inLanguage\":\"fr-FR\",\"potentialAction\":[{\"@type\":\"CommentAction\",\"name\":\"Comment\",\"target\":[\"https:\/\/www.africa-press.net\/congo-brazzaville\/culture-et-art\/festival-slamouv-des-artistes-sexprimeront-a-brazzaville#respond\"]}]},{\"@type\":\"WebPage\",\"@id\":\"https:\/\/www.africa-press.net\/congo-brazzaville\/culture-et-art\/festival-slamouv-des-artistes-sexprimeront-a-brazzaville\",\"url\":\"https:\/\/www.africa-press.net\/congo-brazzaville\/culture-et-art\/festival-slamouv-des-artistes-sexprimeront-a-brazzaville\",\"name\":\"Festival Slamouv : des artistes s\u2019exprimeront \u00e0 Brazzaville - Congo Brazzaville\",\"isPartOf\":{\"@id\":\"https:\/\/www.africa-press.net\/congo-brazzaville\/#website\"},\"primaryImageOfPage\":{\"@id\":\"https:\/\/www.africa-press.net\/congo-brazzaville\/culture-et-art\/festival-slamouv-des-artistes-sexprimeront-a-brazzaville#primaryimage\"},\"image\":{\"@id\":\"https:\/\/www.africa-press.net\/congo-brazzaville\/culture-et-art\/festival-slamouv-des-artistes-sexprimeront-a-brazzaville#primaryimage\"},\"thumbnailUrl\":\"https:\/\/static.africa-press.net\/congo-brazzaville\/sites\/51\/2023\/03\/postQueueImg_1678723985.45.jpg\",\"datePublished\":\"2023-03-13T19:42:54+00:00\",\"dateModified\":\"2023-03-13T20:32:15+00:00\",\"author\":{\"@id\":\"https:\/\/www.africa-press.net\/congo-brazzaville\/#\/schema\/person\/2b1cf3cd81a31e3cd26889ca66d677f1\"},\"description\":\"La deuxie\u0300me e\u0301dition du festival international de poe\u0301sie urbaine au Congo se tiendra du 20 au 22 avril, a\u0300 l\u2019Institut ...\",\"breadcrumb\":{\"@id\":\"https:\/\/www.africa-press.net\/congo-brazzaville\/culture-et-art\/festival-slamouv-des-artistes-sexprimeront-a-brazzaville#breadcrumb\"},\"inLanguage\":\"fr-FR\",\"potentialAction\":[{\"@type\":\"ReadAction\",\"target\":[\"https:\/\/www.africa-press.net\/congo-brazzaville\/culture-et-art\/festival-slamouv-des-artistes-sexprimeront-a-brazzaville\"]}]},{\"@type\":\"ImageObject\",\"inLanguage\":\"fr-FR\",\"@id\":\"https:\/\/www.africa-press.net\/congo-brazzaville\/culture-et-art\/festival-slamouv-des-artistes-sexprimeront-a-brazzaville#primaryimage\",\"url\":\"https:\/\/static.africa-press.net\/congo-brazzaville\/sites\/51\/2023\/03\/postQueueImg_1678723985.45.jpg\",\"contentUrl\":\"https:\/\/static.africa-press.net\/congo-brazzaville\/sites\/51\/2023\/03\/postQueueImg_1678723985.45.jpg\",\"width\":1280,\"height\":720,\"caption\":\"Festival Slamouv : des artistes s\u2019exprimeront \u00e0 Brazzaville\"},{\"@type\":\"BreadcrumbList\",\"@id\":\"https:\/\/www.africa-press.net\/congo-brazzaville\/culture-et-art\/festival-slamouv-des-artistes-sexprimeront-a-brazzaville#breadcrumb\",\"itemListElement\":[{\"@type\":\"ListItem\",\"position\":1,\"name\":\"Accueil\",\"item\":\"https:\/\/www.africa-press.net\/congo-brazzaville\/\"},{\"@type\":\"ListItem\",\"position\":2,\"name\":\"Festival Slamouv : des artistes s\u2019exprimeront \u00e0 Brazzaville\"}]},{\"@type\":\"WebSite\",\"@id\":\"https:\/\/www.africa-press.net\/congo-brazzaville\/#website\",\"url\":\"https:\/\/www.africa-press.net\/congo-brazzaville\/\",\"name\":\"Congo Brazzaville\",\"description\":\"Just another Africa News Agency Sites site\",\"potentialAction\":[{\"@type\":\"SearchAction\",\"target\":{\"@type\":\"EntryPoint\",\"urlTemplate\":\"https:\/\/www.africa-press.net\/congo-brazzaville\/?s={search_term_string}\"},\"query-input\":{\"@type\":\"PropertyValueSpecification\",\"valueRequired\":true,\"valueName\":\"search_term_string\"}}],\"inLanguage\":\"fr-FR\"},{\"@type\":\"Person\",\"@id\":\"https:\/\/www.africa-press.net\/congo-brazzaville\/#\/schema\/person\/2b1cf3cd81a31e3cd26889ca66d677f1\",\"name\":\"cfeditorfr\"}]}<\/script>\n<!-- \/ Yoast SEO Premium plugin. -->","yoast_head_json":{"title":"Festival Slamouv : des artistes s\u2019exprimeront \u00e0 Brazzaville - Congo Brazzaville","description":"La deuxie\u0300me e\u0301dition du festival international de poe\u0301sie urbaine au Congo se tiendra du 20 au 22 avril, a\u0300 l\u2019Institut ...","robots":{"index":"index","follow":"follow","max-snippet":"max-snippet:-1","max-image-preview":"max-image-preview:large","max-video-preview":"max-video-preview:-1"},"canonical":"https:\/\/www.africa-press.net\/congo-brazzaville\/culture-et-art\/festival-slamouv-des-artistes-sexprimeront-a-brazzaville","og_locale":"fr_FR","og_type":"article","og_title":"Festival Slamouv : des artistes s\u2019exprimeront \u00e0 Brazzaville","og_description":"La deuxie\u0300me e\u0301dition du festival international de poe\u0301sie urbaine au Congo se tiendra du 20 au 22 avril, a\u0300 l\u2019Institut ...","og_url":"https:\/\/www.africa-press.net\/congo-brazzaville\/culture-et-art\/festival-slamouv-des-artistes-sexprimeront-a-brazzaville","og_site_name":"Congo Brazzaville","article_published_time":"2023-03-13T19:42:54+00:00","article_modified_time":"2023-03-13T20:32:15+00:00","og_image":[{"width":1280,"height":720,"url":"https:\/\/static.africa-press.net\/congo-brazzaville\/sites\/51\/2023\/03\/postQueueImg_1678723985.45.jpg","type":"image\/jpeg"}],"author":"cfeditorfr","twitter_card":"summary_large_image","twitter_misc":{"\u00c9crit par":"cfeditorfr","Dur\u00e9e de lecture estim\u00e9e":"2 minutes"},"schema":{"@context":"https:\/\/schema.org","@graph":[{"@type":"Article","@id":"https:\/\/www.africa-press.net\/congo-brazzaville\/culture-et-art\/festival-slamouv-des-artistes-sexprimeront-a-brazzaville#article","isPartOf":{"@id":"https:\/\/www.africa-press.net\/congo-brazzaville\/culture-et-art\/festival-slamouv-des-artistes-sexprimeront-a-brazzaville"},"author":{"name":"cfeditorfr","@id":"https:\/\/www.africa-press.net\/congo-brazzaville\/#\/schema\/person\/2b1cf3cd81a31e3cd26889ca66d677f1"},"headline":"Festival Slamouv : des artistes s\u2019exprimeront \u00e0 Brazzaville","datePublished":"2023-03-13T19:42:54+00:00","dateModified":"2023-03-13T20:32:15+00:00","mainEntityOfPage":{"@id":"https:\/\/www.africa-press.net\/congo-brazzaville\/culture-et-art\/festival-slamouv-des-artistes-sexprimeront-a-brazzaville"},"wordCount":325,"commentCount":0,"image":{"@id":"https:\/\/www.africa-press.net\/congo-brazzaville\/culture-et-art\/festival-slamouv-des-artistes-sexprimeront-a-brazzaville#primaryimage"},"thumbnailUrl":"https:\/\/static.africa-press.net\/congo-brazzaville\/sites\/51\/2023\/03\/postQueueImg_1678723985.45.jpg","keywords":["Africa Press","Africa Press-Congo Brazzaville","Congo Brazzaville"],"articleSection":["Culture et Art","Toutes les actualit\u00e9s"],"inLanguage":"fr-FR","potentialAction":[{"@type":"CommentAction","name":"Comment","target":["https:\/\/www.africa-press.net\/congo-brazzaville\/culture-et-art\/festival-slamouv-des-artistes-sexprimeront-a-brazzaville#respond"]}]},{"@type":"WebPage","@id":"https:\/\/www.africa-press.net\/congo-brazzaville\/culture-et-art\/festival-slamouv-des-artistes-sexprimeront-a-brazzaville","url":"https:\/\/www.africa-press.net\/congo-brazzaville\/culture-et-art\/festival-slamouv-des-artistes-sexprimeront-a-brazzaville","name":"Festival Slamouv : des artistes s\u2019exprimeront \u00e0 Brazzaville - Congo Brazzaville","isPartOf":{"@id":"https:\/\/www.africa-press.net\/congo-brazzaville\/#website"},"primaryImageOfPage":{"@id":"https:\/\/www.africa-press.net\/congo-brazzaville\/culture-et-art\/festival-slamouv-des-artistes-sexprimeront-a-brazzaville#primaryimage"},"image":{"@id":"https:\/\/www.africa-press.net\/congo-brazzaville\/culture-et-art\/festival-slamouv-des-artistes-sexprimeront-a-brazzaville#primaryimage"},"thumbnailUrl":"https:\/\/static.africa-press.net\/congo-brazzaville\/sites\/51\/2023\/03\/postQueueImg_1678723985.45.jpg","datePublished":"2023-03-13T19:42:54+00:00","dateModified":"2023-03-13T20:32:15+00:00","author":{"@id":"https:\/\/www.africa-press.net\/congo-brazzaville\/#\/schema\/person\/2b1cf3cd81a31e3cd26889ca66d677f1"},"description":"La deuxie\u0300me e\u0301dition du festival international de poe\u0301sie urbaine au Congo se tiendra du 20 au 22 avril, a\u0300 l\u2019Institut ...","breadcrumb":{"@id":"https:\/\/www.africa-press.net\/congo-brazzaville\/culture-et-art\/festival-slamouv-des-artistes-sexprimeront-a-brazzaville#breadcrumb"},"inLanguage":"fr-FR","potentialAction":[{"@type":"ReadAction","target":["https:\/\/www.africa-press.net\/congo-brazzaville\/culture-et-art\/festival-slamouv-des-artistes-sexprimeront-a-brazzaville"]}]},{"@type":"ImageObject","inLanguage":"fr-FR","@id":"https:\/\/www.africa-press.net\/congo-brazzaville\/culture-et-art\/festival-slamouv-des-artistes-sexprimeront-a-brazzaville#primaryimage","url":"https:\/\/static.africa-press.net\/congo-brazzaville\/sites\/51\/2023\/03\/postQueueImg_1678723985.45.jpg","contentUrl":"https:\/\/static.africa-press.net\/congo-brazzaville\/sites\/51\/2023\/03\/postQueueImg_1678723985.45.jpg","width":1280,"height":720,"caption":"Festival Slamouv : des artistes s\u2019exprimeront \u00e0 Brazzaville"},{"@type":"BreadcrumbList","@id":"https:\/\/www.africa-press.net\/congo-brazzaville\/culture-et-art\/festival-slamouv-des-artistes-sexprimeront-a-brazzaville#breadcrumb","itemListElement":[{"@type":"ListItem","position":1,"name":"Accueil","item":"https:\/\/www.africa-press.net\/congo-brazzaville\/"},{"@type":"ListItem","position":2,"name":"Festival Slamouv : des artistes s\u2019exprimeront \u00e0 Brazzaville"}]},{"@type":"WebSite","@id":"https:\/\/www.africa-press.net\/congo-brazzaville\/#website","url":"https:\/\/www.africa-press.net\/congo-brazzaville\/","name":"Congo Brazzaville","description":"Just another Africa News Agency Sites site","potentialAction":[{"@type":"SearchAction","target":{"@type":"EntryPoint","urlTemplate":"https:\/\/www.africa-press.net\/congo-brazzaville\/?s={search_term_string}"},"query-input":{"@type":"PropertyValueSpecification","valueRequired":true,"valueName":"search_term_string"}}],"inLanguage":"fr-FR"},{"@type":"Person","@id":"https:\/\/www.africa-press.net\/congo-brazzaville\/#\/schema\/person\/2b1cf3cd81a31e3cd26889ca66d677f1","name":"cfeditorfr"}]}},"_links":{"self":[{"href":"https:\/\/www.africa-press.net\/congo-brazzaville\/wp-json\/wp\/v2\/posts\/15573","targetHints":{"allow":["GET"]}}],"collection":[{"href":"https:\/\/www.africa-press.net\/congo-brazzaville\/wp-json\/wp\/v2\/posts"}],"about":[{"href":"https:\/\/www.africa-press.net\/congo-brazzaville\/wp-json\/wp\/v2\/types\/post"}],"author":[{"embeddable":true,"href":"https:\/\/www.africa-press.net\/congo-brazzaville\/wp-json\/wp\/v2\/users\/82"}],"replies":[{"embeddable":true,"href":"https:\/\/www.africa-press.net\/congo-brazzaville\/wp-json\/wp\/v2\/comments?post=15573"}],"version-history":[{"count":0,"href":"https:\/\/www.africa-press.net\/congo-brazzaville\/wp-json\/wp\/v2\/posts\/15573\/revisions"}],"wp:featuredmedia":[{"embeddable":true,"href":"https:\/\/www.africa-press.net\/congo-brazzaville\/wp-json\/wp\/v2\/media\/15571"}],"wp:attachment":[{"href":"https:\/\/www.africa-press.net\/congo-brazzaville\/wp-json\/wp\/v2\/media?parent=15573"}],"wp:term":[{"taxonomy":"category","embeddable":true,"href":"https:\/\/www.africa-press.net\/congo-brazzaville\/wp-json\/wp\/v2\/categories?post=15573"},{"taxonomy":"post_tag","embeddable":true,"href":"https:\/\/www.africa-press.net\/congo-brazzaville\/wp-json\/wp\/v2\/tags?post=15573"}],"curies":[{"name":"wp","href":"https:\/\/api.w.org\/{rel}","templated":true}]}}