{"id":15583,"date":"2023-03-13T19:43:42","date_gmt":"2023-03-13T19:43:42","guid":{"rendered":"https:\/\/www.africa-press.net\/congo-brazzaville\/politique\/sante-des-journees-portes-ouvertes-sur-le-depistage-et-la-sensibilisation-aux-maladies-du-rein"},"modified":"2023-03-13T20:35:51","modified_gmt":"2023-03-13T20:35:51","slug":"sante-des-journees-portes-ouvertes-sur-le-depistage-et-la-sensibilisation-aux-maladies-du-rein","status":"publish","type":"post","link":"https:\/\/www.africa-press.net\/congo-brazzaville\/toutes-les-actualites\/sante-des-journees-portes-ouvertes-sur-le-depistage-et-la-sensibilisation-aux-maladies-du-rein","title":{"rendered":"Sant\u00e9: des journ\u00e9es portes ouvertes sur le d\u00e9pistage et la sensibilisation aux maladies du rein"},"content":{"rendered":"<p><span style=\"color: #ff6600\"><strong>Africa-Press &#8211; Congo Brazzaville. <\/strong><\/span><b>Une campagne de sensibilisation et de de\u0301pistage des maladies du rein a e\u0301te\u0301 lance\u0301e, le 13 mars, a\u0300 l\u2019ho\u0302pital ge\u0301ne\u0301ral Adolphe-Sice\u0301 de Pointe-Noire (HGAS), a\u0300 l\u2019occasion de la Journe\u0301e mondiale du rein, en pre\u0301sence de Lambert Chakirou, directeur ge\u0301ne\u0301ral de cet e\u0301tablissement hospitalier.<\/b><\/p>\n<p>La campagne prendra fin le 18 mars et a pour objectif de de\u0301pister des maladies re\u0301nales mais aussi de de\u0301tecter les cas d\u2019hypertension et de diabe\u0300te qui sont des maladies silencieuses. D\u2019ou\u0300 l\u2019inte\u0301re\u0302t du de\u0301pistage syste\u0301matique, a dit le Dr Audrey Florette Missamou, chef de service ne\u0301phrologie a\u0300 l\u2019ho\u0302pital ge\u0301ne\u0301ral Adolphe-Sice\u0301. \u00ab La prise en charge de cette pathologie e\u0301tant tellement one\u0301reuse, il est donc important de mettre l\u2019accent sur la pre\u0301vention et la sensibilisation pour ralentir son e\u0301volution vers une insuffisance re\u0301nale dite \u00ab\u00a0terminale\u00a0\u00bb, c\u2019est-a\u0300-dire quand les reins ne fonctionnent plus \u00bb, a-t-il pre\u0301cise\u0301.<\/p>\n<p>Ce\u0301le\u0301bre\u0301e sur le the\u0300me \u00ab La sante\u0301 re\u0301nale pour tous &#8211; Se pre\u0301parer a\u0300 l\u2019inattendu, soutenir les plus vulne\u0301rables \u00bb, la 18e journe\u0301e mondiale du rein est marque\u0301e a\u0300 l&rsquo;ho\u0302pital ge\u0301ne\u0301ral Adolphe-Sice\u0301 par des programmes de de\u0301pistage, de pre\u0301vention, de de\u0301veloppement de nouvelles the\u0301rapeutiques, d\u2019aide aux malades et d\u2019encouragement a\u0300 la recherche. \u00ab Nos modes de vie actuels, l&rsquo;alimentation de\u0301se\u0301quilibre\u0301e, la se\u0301dentarite\u0301 sont des facteurs aggravants et l\u2019augmentation du nombre de patients souffrant de diabe\u0300te ou d\u2019hypertension arte\u0301rielle entrai\u0302ne \u00ab\u00a0me\u0301caniquement\u00a0\u00bb une augmentation des cas d\u2019insuffisance re\u0301nale \u00bb, a dit Lambert Chakirou. \u00ab En ce qui concerne la pre\u0301vention arte\u0301rielle de la maladie re\u0301nale chronique, elle passe par le traitement pre\u0301coce et adapte\u0301 des deux causes principales de l\u2019insuffisance re\u0301nale, a\u0300 savoir l\u2019hypertension arte\u0301rielle et le diabe\u0300te. Le contro\u0302le de la pression arte\u0301rielle et de la glyce\u0301mie est indispensable pour e\u0301viter une e\u0301volution, a\u0300 long terme, vers la maladie re\u0301nale chronique puis l\u2019insuffisance re\u0301nale. La prise en charge de tous les facteurs de risque sur lesquels il est possible d\u2019agir est e\u0301galement un moyen de pre\u0301vention \u00bb, a-t-il signifie\u0301.<\/p>\n<p>Apre\u0300s l\u2019ho\u0302pital ge\u0301ne\u0301ral Adolphe-Sice\u0301, le de\u0301pistage et la sensibilisation des maladies du rein vont se poursuivre a\u0300 l\u2019infirmerie de la Base ae\u0301rienne, dans le premier arrondissement Emery-Patrice Lumumba, au Centre de sante\u0301 inte\u0301gre\u0301 de Siafoumou, dans le cinquie\u0300me arrondissement Mongo Mpoukou, a\u0300 la direction de\u0301partementale de l\u2019Economie forestie\u0300re et au sie\u0300ge de la pre\u0301fecture de Pointe-Noire. La confe\u0301rence de\u0301bat sur les maladies du rein va clo\u0302turer, le 18 mars, ladite campagne. Signalons qu\u2019a\u0300 travers le monde, un adulte sur dix, soit pre\u0300s de 850 millions de personnes, souffrent d\u2019une affection re\u0301nale et environ 80 % d\u2019entre elles re\u0301sident dans des pays a\u0300 revenu faible ou interme\u0301diaire, notamment en Afrique subsaharienne. Le Congo n\u2019est donc pas e\u0301pargne\u0301.<\/p>\n<p><strong>Pour plus d&rsquo;informations et d&rsquo;analyses sur la <a href=\"https:\/\/www.africa-press.net\/congo-brazzaville\">Congo Brazzaville<\/a>, suivez <a href=\"https:\/\/www.africa-press.net\/\">Africa-Press<\/a><\/strong><\/p>\n","protected":false},"excerpt":{"rendered":"<p>Africa-Press &#8211; Congo Brazzaville. Une campagne de sensibilisation et de de\u0301pistage des maladies du rein a e\u0301te\u0301 lance\u0301e, le 13 mars, a\u0300 l\u2019ho\u0302pital ge\u0301ne\u0301ral Adolphe-Sice\u0301 de Pointe-Noire (HGAS), a\u0300 l\u2019occasion de la Journe\u0301e mondiale du rein, en pre\u0301sence de Lambert Chakirou, directeur ge\u0301ne\u0301ral de cet e\u0301tablissement hospitalier. La campagne prendra fin le 18 mars et [&hellip;]<\/p>\n","protected":false},"author":82,"featured_media":15582,"comment_status":"open","ping_status":"closed","sticky":false,"template":"","format":"standard","meta":{"footnotes":""},"categories":[21,10],"tags":[36,47,46],"class_list":["post-15583","post","type-post","status-publish","format-standard","has-post-thumbnail","hentry","category-communaute","category-toutes-les-actualites","tag-africa-press","tag-africa-press-congo-brazzaville","tag-congo-brazzaville"],"yoast_head":"<!-- This site is optimized with the Yoast SEO Premium plugin v26.1 (Yoast SEO v27.0) - https:\/\/yoast.com\/product\/yoast-seo-premium-wordpress\/ -->\n<title>Sant\u00e9: des journ\u00e9es portes ouvertes sur le d\u00e9pistage et la sensibilisation aux maladies du rein - Congo Brazzaville<\/title>\n<meta name=\"description\" content=\"Une campagne de sensibilisation et de de\u0301pistage des maladies du rein a e\u0301te\u0301 lance\u0301e, le 13 mars, a\u0300 l\u2019ho\u0302pital ge\u0301n ...\" \/>\n<meta name=\"robots\" content=\"index, follow, max-snippet:-1, max-image-preview:large, max-video-preview:-1\" \/>\n<link rel=\"canonical\" href=\"https:\/\/www.africa-press.net\/congo-brazzaville\/toutes-les-actualites\/sante-des-journees-portes-ouvertes-sur-le-depistage-et-la-sensibilisation-aux-maladies-du-rein\" \/>\n<meta property=\"og:locale\" content=\"fr_FR\" \/>\n<meta property=\"og:type\" content=\"article\" \/>\n<meta property=\"og:title\" content=\"Sant\u00e9: des journ\u00e9es portes ouvertes sur le d\u00e9pistage et la sensibilisation aux maladies du rein\" \/>\n<meta property=\"og:description\" content=\"Une campagne de sensibilisation et de de\u0301pistage des maladies du rein a e\u0301te\u0301 lance\u0301e, le 13 mars, a\u0300 l\u2019ho\u0302pital ge\u0301n ...\" \/>\n<meta property=\"og:url\" content=\"https:\/\/www.africa-press.net\/congo-brazzaville\/toutes-les-actualites\/sante-des-journees-portes-ouvertes-sur-le-depistage-et-la-sensibilisation-aux-maladies-du-rein\" \/>\n<meta property=\"og:site_name\" content=\"Congo Brazzaville\" \/>\n<meta property=\"article:published_time\" content=\"2023-03-13T19:43:42+00:00\" \/>\n<meta property=\"article:modified_time\" content=\"2023-03-13T20:35:51+00:00\" \/>\n<meta property=\"og:image\" content=\"https:\/\/static.africa-press.net\/congo-brazzaville\/sites\/51\/2023\/03\/postQueueImg_1678724026.80.jpg\" \/>\n\t<meta property=\"og:image:width\" content=\"1536\" \/>\n\t<meta property=\"og:image:height\" content=\"768\" \/>\n\t<meta property=\"og:image:type\" content=\"image\/jpeg\" \/>\n<meta name=\"author\" content=\"cfeditorfr\" \/>\n<meta name=\"twitter:card\" content=\"summary_large_image\" \/>\n<meta name=\"twitter:label1\" content=\"\u00c9crit par\" \/>\n\t<meta name=\"twitter:data1\" content=\"cfeditorfr\" \/>\n\t<meta name=\"twitter:label2\" content=\"Dur\u00e9e de lecture estim\u00e9e\" \/>\n\t<meta name=\"twitter:data2\" content=\"3 minutes\" \/>\n<script type=\"application\/ld+json\" class=\"yoast-schema-graph\">{\"@context\":\"https:\/\/schema.org\",\"@graph\":[{\"@type\":\"Article\",\"@id\":\"https:\/\/www.africa-press.net\/congo-brazzaville\/toutes-les-actualites\/sante-des-journees-portes-ouvertes-sur-le-depistage-et-la-sensibilisation-aux-maladies-du-rein#article\",\"isPartOf\":{\"@id\":\"https:\/\/www.africa-press.net\/congo-brazzaville\/toutes-les-actualites\/sante-des-journees-portes-ouvertes-sur-le-depistage-et-la-sensibilisation-aux-maladies-du-rein\"},\"author\":{\"name\":\"cfeditorfr\",\"@id\":\"https:\/\/www.africa-press.net\/congo-brazzaville\/#\/schema\/person\/2b1cf3cd81a31e3cd26889ca66d677f1\"},\"headline\":\"Sant\u00e9: des journ\u00e9es portes ouvertes sur le d\u00e9pistage et la sensibilisation aux maladies du rein\",\"datePublished\":\"2023-03-13T19:43:42+00:00\",\"dateModified\":\"2023-03-13T20:35:51+00:00\",\"mainEntityOfPage\":{\"@id\":\"https:\/\/www.africa-press.net\/congo-brazzaville\/toutes-les-actualites\/sante-des-journees-portes-ouvertes-sur-le-depistage-et-la-sensibilisation-aux-maladies-du-rein\"},\"wordCount\":570,\"commentCount\":0,\"image\":{\"@id\":\"https:\/\/www.africa-press.net\/congo-brazzaville\/toutes-les-actualites\/sante-des-journees-portes-ouvertes-sur-le-depistage-et-la-sensibilisation-aux-maladies-du-rein#primaryimage\"},\"thumbnailUrl\":\"https:\/\/static.africa-press.net\/congo-brazzaville\/sites\/51\/2023\/03\/postQueueImg_1678724026.80.jpg\",\"keywords\":[\"Africa Press\",\"Africa Press-Congo Brazzaville\",\"Congo Brazzaville\"],\"articleSection\":[\"Communaut\u00e9\",\"Toutes les actualit\u00e9s\"],\"inLanguage\":\"fr-FR\",\"potentialAction\":[{\"@type\":\"CommentAction\",\"name\":\"Comment\",\"target\":[\"https:\/\/www.africa-press.net\/congo-brazzaville\/toutes-les-actualites\/sante-des-journees-portes-ouvertes-sur-le-depistage-et-la-sensibilisation-aux-maladies-du-rein#respond\"]}]},{\"@type\":\"WebPage\",\"@id\":\"https:\/\/www.africa-press.net\/congo-brazzaville\/toutes-les-actualites\/sante-des-journees-portes-ouvertes-sur-le-depistage-et-la-sensibilisation-aux-maladies-du-rein\",\"url\":\"https:\/\/www.africa-press.net\/congo-brazzaville\/toutes-les-actualites\/sante-des-journees-portes-ouvertes-sur-le-depistage-et-la-sensibilisation-aux-maladies-du-rein\",\"name\":\"Sant\u00e9: des journ\u00e9es portes ouvertes sur le d\u00e9pistage et la sensibilisation aux maladies du rein - Congo Brazzaville\",\"isPartOf\":{\"@id\":\"https:\/\/www.africa-press.net\/congo-brazzaville\/#website\"},\"primaryImageOfPage\":{\"@id\":\"https:\/\/www.africa-press.net\/congo-brazzaville\/toutes-les-actualites\/sante-des-journees-portes-ouvertes-sur-le-depistage-et-la-sensibilisation-aux-maladies-du-rein#primaryimage\"},\"image\":{\"@id\":\"https:\/\/www.africa-press.net\/congo-brazzaville\/toutes-les-actualites\/sante-des-journees-portes-ouvertes-sur-le-depistage-et-la-sensibilisation-aux-maladies-du-rein#primaryimage\"},\"thumbnailUrl\":\"https:\/\/static.africa-press.net\/congo-brazzaville\/sites\/51\/2023\/03\/postQueueImg_1678724026.80.jpg\",\"datePublished\":\"2023-03-13T19:43:42+00:00\",\"dateModified\":\"2023-03-13T20:35:51+00:00\",\"author\":{\"@id\":\"https:\/\/www.africa-press.net\/congo-brazzaville\/#\/schema\/person\/2b1cf3cd81a31e3cd26889ca66d677f1\"},\"description\":\"Une campagne de sensibilisation et de de\u0301pistage des maladies du rein a e\u0301te\u0301 lance\u0301e, le 13 mars, a\u0300 l\u2019ho\u0302pital ge\u0301n ...\",\"breadcrumb\":{\"@id\":\"https:\/\/www.africa-press.net\/congo-brazzaville\/toutes-les-actualites\/sante-des-journees-portes-ouvertes-sur-le-depistage-et-la-sensibilisation-aux-maladies-du-rein#breadcrumb\"},\"inLanguage\":\"fr-FR\",\"potentialAction\":[{\"@type\":\"ReadAction\",\"target\":[\"https:\/\/www.africa-press.net\/congo-brazzaville\/toutes-les-actualites\/sante-des-journees-portes-ouvertes-sur-le-depistage-et-la-sensibilisation-aux-maladies-du-rein\"]}]},{\"@type\":\"ImageObject\",\"inLanguage\":\"fr-FR\",\"@id\":\"https:\/\/www.africa-press.net\/congo-brazzaville\/toutes-les-actualites\/sante-des-journees-portes-ouvertes-sur-le-depistage-et-la-sensibilisation-aux-maladies-du-rein#primaryimage\",\"url\":\"https:\/\/static.africa-press.net\/congo-brazzaville\/sites\/51\/2023\/03\/postQueueImg_1678724026.80.jpg\",\"contentUrl\":\"https:\/\/static.africa-press.net\/congo-brazzaville\/sites\/51\/2023\/03\/postQueueImg_1678724026.80.jpg\",\"width\":1536,\"height\":768,\"caption\":\"Sant\u00e9: des journ\u00e9es portes ouvertes sur le d\u00e9pistage et la sensibilisation aux maladies du rein\"},{\"@type\":\"BreadcrumbList\",\"@id\":\"https:\/\/www.africa-press.net\/congo-brazzaville\/toutes-les-actualites\/sante-des-journees-portes-ouvertes-sur-le-depistage-et-la-sensibilisation-aux-maladies-du-rein#breadcrumb\",\"itemListElement\":[{\"@type\":\"ListItem\",\"position\":1,\"name\":\"Accueil\",\"item\":\"https:\/\/www.africa-press.net\/congo-brazzaville\/\"},{\"@type\":\"ListItem\",\"position\":2,\"name\":\"Sant\u00e9: des journ\u00e9es portes ouvertes sur le d\u00e9pistage et la sensibilisation aux maladies du rein\"}]},{\"@type\":\"WebSite\",\"@id\":\"https:\/\/www.africa-press.net\/congo-brazzaville\/#website\",\"url\":\"https:\/\/www.africa-press.net\/congo-brazzaville\/\",\"name\":\"Congo Brazzaville\",\"description\":\"Just another Africa News Agency Sites site\",\"potentialAction\":[{\"@type\":\"SearchAction\",\"target\":{\"@type\":\"EntryPoint\",\"urlTemplate\":\"https:\/\/www.africa-press.net\/congo-brazzaville\/?s={search_term_string}\"},\"query-input\":{\"@type\":\"PropertyValueSpecification\",\"valueRequired\":true,\"valueName\":\"search_term_string\"}}],\"inLanguage\":\"fr-FR\"},{\"@type\":\"Person\",\"@id\":\"https:\/\/www.africa-press.net\/congo-brazzaville\/#\/schema\/person\/2b1cf3cd81a31e3cd26889ca66d677f1\",\"name\":\"cfeditorfr\"}]}<\/script>\n<!-- \/ Yoast SEO Premium plugin. -->","yoast_head_json":{"title":"Sant\u00e9: des journ\u00e9es portes ouvertes sur le d\u00e9pistage et la sensibilisation aux maladies du rein - Congo Brazzaville","description":"Une campagne de sensibilisation et de de\u0301pistage des maladies du rein a e\u0301te\u0301 lance\u0301e, le 13 mars, a\u0300 l\u2019ho\u0302pital ge\u0301n ...","robots":{"index":"index","follow":"follow","max-snippet":"max-snippet:-1","max-image-preview":"max-image-preview:large","max-video-preview":"max-video-preview:-1"},"canonical":"https:\/\/www.africa-press.net\/congo-brazzaville\/toutes-les-actualites\/sante-des-journees-portes-ouvertes-sur-le-depistage-et-la-sensibilisation-aux-maladies-du-rein","og_locale":"fr_FR","og_type":"article","og_title":"Sant\u00e9: des journ\u00e9es portes ouvertes sur le d\u00e9pistage et la sensibilisation aux maladies du rein","og_description":"Une campagne de sensibilisation et de de\u0301pistage des maladies du rein a e\u0301te\u0301 lance\u0301e, le 13 mars, a\u0300 l\u2019ho\u0302pital ge\u0301n ...","og_url":"https:\/\/www.africa-press.net\/congo-brazzaville\/toutes-les-actualites\/sante-des-journees-portes-ouvertes-sur-le-depistage-et-la-sensibilisation-aux-maladies-du-rein","og_site_name":"Congo Brazzaville","article_published_time":"2023-03-13T19:43:42+00:00","article_modified_time":"2023-03-13T20:35:51+00:00","og_image":[{"width":1536,"height":768,"url":"https:\/\/static.africa-press.net\/congo-brazzaville\/sites\/51\/2023\/03\/postQueueImg_1678724026.80.jpg","type":"image\/jpeg"}],"author":"cfeditorfr","twitter_card":"summary_large_image","twitter_misc":{"\u00c9crit par":"cfeditorfr","Dur\u00e9e de lecture estim\u00e9e":"3 minutes"},"schema":{"@context":"https:\/\/schema.org","@graph":[{"@type":"Article","@id":"https:\/\/www.africa-press.net\/congo-brazzaville\/toutes-les-actualites\/sante-des-journees-portes-ouvertes-sur-le-depistage-et-la-sensibilisation-aux-maladies-du-rein#article","isPartOf":{"@id":"https:\/\/www.africa-press.net\/congo-brazzaville\/toutes-les-actualites\/sante-des-journees-portes-ouvertes-sur-le-depistage-et-la-sensibilisation-aux-maladies-du-rein"},"author":{"name":"cfeditorfr","@id":"https:\/\/www.africa-press.net\/congo-brazzaville\/#\/schema\/person\/2b1cf3cd81a31e3cd26889ca66d677f1"},"headline":"Sant\u00e9: des journ\u00e9es portes ouvertes sur le d\u00e9pistage et la sensibilisation aux maladies du rein","datePublished":"2023-03-13T19:43:42+00:00","dateModified":"2023-03-13T20:35:51+00:00","mainEntityOfPage":{"@id":"https:\/\/www.africa-press.net\/congo-brazzaville\/toutes-les-actualites\/sante-des-journees-portes-ouvertes-sur-le-depistage-et-la-sensibilisation-aux-maladies-du-rein"},"wordCount":570,"commentCount":0,"image":{"@id":"https:\/\/www.africa-press.net\/congo-brazzaville\/toutes-les-actualites\/sante-des-journees-portes-ouvertes-sur-le-depistage-et-la-sensibilisation-aux-maladies-du-rein#primaryimage"},"thumbnailUrl":"https:\/\/static.africa-press.net\/congo-brazzaville\/sites\/51\/2023\/03\/postQueueImg_1678724026.80.jpg","keywords":["Africa Press","Africa Press-Congo Brazzaville","Congo Brazzaville"],"articleSection":["Communaut\u00e9","Toutes les actualit\u00e9s"],"inLanguage":"fr-FR","potentialAction":[{"@type":"CommentAction","name":"Comment","target":["https:\/\/www.africa-press.net\/congo-brazzaville\/toutes-les-actualites\/sante-des-journees-portes-ouvertes-sur-le-depistage-et-la-sensibilisation-aux-maladies-du-rein#respond"]}]},{"@type":"WebPage","@id":"https:\/\/www.africa-press.net\/congo-brazzaville\/toutes-les-actualites\/sante-des-journees-portes-ouvertes-sur-le-depistage-et-la-sensibilisation-aux-maladies-du-rein","url":"https:\/\/www.africa-press.net\/congo-brazzaville\/toutes-les-actualites\/sante-des-journees-portes-ouvertes-sur-le-depistage-et-la-sensibilisation-aux-maladies-du-rein","name":"Sant\u00e9: des journ\u00e9es portes ouvertes sur le d\u00e9pistage et la sensibilisation aux maladies du rein - Congo Brazzaville","isPartOf":{"@id":"https:\/\/www.africa-press.net\/congo-brazzaville\/#website"},"primaryImageOfPage":{"@id":"https:\/\/www.africa-press.net\/congo-brazzaville\/toutes-les-actualites\/sante-des-journees-portes-ouvertes-sur-le-depistage-et-la-sensibilisation-aux-maladies-du-rein#primaryimage"},"image":{"@id":"https:\/\/www.africa-press.net\/congo-brazzaville\/toutes-les-actualites\/sante-des-journees-portes-ouvertes-sur-le-depistage-et-la-sensibilisation-aux-maladies-du-rein#primaryimage"},"thumbnailUrl":"https:\/\/static.africa-press.net\/congo-brazzaville\/sites\/51\/2023\/03\/postQueueImg_1678724026.80.jpg","datePublished":"2023-03-13T19:43:42+00:00","dateModified":"2023-03-13T20:35:51+00:00","author":{"@id":"https:\/\/www.africa-press.net\/congo-brazzaville\/#\/schema\/person\/2b1cf3cd81a31e3cd26889ca66d677f1"},"description":"Une campagne de sensibilisation et de de\u0301pistage des maladies du rein a e\u0301te\u0301 lance\u0301e, le 13 mars, a\u0300 l\u2019ho\u0302pital ge\u0301n ...","breadcrumb":{"@id":"https:\/\/www.africa-press.net\/congo-brazzaville\/toutes-les-actualites\/sante-des-journees-portes-ouvertes-sur-le-depistage-et-la-sensibilisation-aux-maladies-du-rein#breadcrumb"},"inLanguage":"fr-FR","potentialAction":[{"@type":"ReadAction","target":["https:\/\/www.africa-press.net\/congo-brazzaville\/toutes-les-actualites\/sante-des-journees-portes-ouvertes-sur-le-depistage-et-la-sensibilisation-aux-maladies-du-rein"]}]},{"@type":"ImageObject","inLanguage":"fr-FR","@id":"https:\/\/www.africa-press.net\/congo-brazzaville\/toutes-les-actualites\/sante-des-journees-portes-ouvertes-sur-le-depistage-et-la-sensibilisation-aux-maladies-du-rein#primaryimage","url":"https:\/\/static.africa-press.net\/congo-brazzaville\/sites\/51\/2023\/03\/postQueueImg_1678724026.80.jpg","contentUrl":"https:\/\/static.africa-press.net\/congo-brazzaville\/sites\/51\/2023\/03\/postQueueImg_1678724026.80.jpg","width":1536,"height":768,"caption":"Sant\u00e9: des journ\u00e9es portes ouvertes sur le d\u00e9pistage et la sensibilisation aux maladies du rein"},{"@type":"BreadcrumbList","@id":"https:\/\/www.africa-press.net\/congo-brazzaville\/toutes-les-actualites\/sante-des-journees-portes-ouvertes-sur-le-depistage-et-la-sensibilisation-aux-maladies-du-rein#breadcrumb","itemListElement":[{"@type":"ListItem","position":1,"name":"Accueil","item":"https:\/\/www.africa-press.net\/congo-brazzaville\/"},{"@type":"ListItem","position":2,"name":"Sant\u00e9: des journ\u00e9es portes ouvertes sur le d\u00e9pistage et la sensibilisation aux maladies du rein"}]},{"@type":"WebSite","@id":"https:\/\/www.africa-press.net\/congo-brazzaville\/#website","url":"https:\/\/www.africa-press.net\/congo-brazzaville\/","name":"Congo Brazzaville","description":"Just another Africa News Agency Sites site","potentialAction":[{"@type":"SearchAction","target":{"@type":"EntryPoint","urlTemplate":"https:\/\/www.africa-press.net\/congo-brazzaville\/?s={search_term_string}"},"query-input":{"@type":"PropertyValueSpecification","valueRequired":true,"valueName":"search_term_string"}}],"inLanguage":"fr-FR"},{"@type":"Person","@id":"https:\/\/www.africa-press.net\/congo-brazzaville\/#\/schema\/person\/2b1cf3cd81a31e3cd26889ca66d677f1","name":"cfeditorfr"}]}},"_links":{"self":[{"href":"https:\/\/www.africa-press.net\/congo-brazzaville\/wp-json\/wp\/v2\/posts\/15583","targetHints":{"allow":["GET"]}}],"collection":[{"href":"https:\/\/www.africa-press.net\/congo-brazzaville\/wp-json\/wp\/v2\/posts"}],"about":[{"href":"https:\/\/www.africa-press.net\/congo-brazzaville\/wp-json\/wp\/v2\/types\/post"}],"author":[{"embeddable":true,"href":"https:\/\/www.africa-press.net\/congo-brazzaville\/wp-json\/wp\/v2\/users\/82"}],"replies":[{"embeddable":true,"href":"https:\/\/www.africa-press.net\/congo-brazzaville\/wp-json\/wp\/v2\/comments?post=15583"}],"version-history":[{"count":0,"href":"https:\/\/www.africa-press.net\/congo-brazzaville\/wp-json\/wp\/v2\/posts\/15583\/revisions"}],"wp:featuredmedia":[{"embeddable":true,"href":"https:\/\/www.africa-press.net\/congo-brazzaville\/wp-json\/wp\/v2\/media\/15582"}],"wp:attachment":[{"href":"https:\/\/www.africa-press.net\/congo-brazzaville\/wp-json\/wp\/v2\/media?parent=15583"}],"wp:term":[{"taxonomy":"category","embeddable":true,"href":"https:\/\/www.africa-press.net\/congo-brazzaville\/wp-json\/wp\/v2\/categories?post=15583"},{"taxonomy":"post_tag","embeddable":true,"href":"https:\/\/www.africa-press.net\/congo-brazzaville\/wp-json\/wp\/v2\/tags?post=15583"}],"curies":[{"name":"wp","href":"https:\/\/api.w.org\/{rel}","templated":true}]}}