{"id":15588,"date":"2023-03-13T19:43:56","date_gmt":"2023-03-13T19:43:56","guid":{"rendered":"https:\/\/www.africa-press.net\/congo-brazzaville\/politique\/coupe-edith-lucie-bongo-de-judo-le-departement-de-pointe-noire-fait-la-loi-a-oyo"},"modified":"2023-03-13T20:36:16","modified_gmt":"2023-03-13T20:36:16","slug":"coupe-edith-lucie-bongo-de-judo-le-departement-de-pointe-noire-fait-la-loi-a-oyo","status":"publish","type":"post","link":"https:\/\/www.africa-press.net\/congo-brazzaville\/sports\/coupe-edith-lucie-bongo-de-judo-le-departement-de-pointe-noire-fait-la-loi-a-oyo","title":{"rendered":"Coupe \u00c9dith-Lucie-Bongo de judo : le d\u00e9partement de Pointe-Noire fait la loi \u00e0 Oyo"},"content":{"rendered":"<p><span style=\"color: #ff6600\"><strong>Africa-Press &#8211; Congo Brazzaville. <\/strong><\/span><b>La deuxie\u0300me e\u0301dition de la Coupe E\u0301dith-Lucie-Bongo-Ondimba a re\u0301uni, du 11 au 12 mars a\u0300 Oyo, dans le de\u0301partement de la Cuvette, plus de 65 athle\u0300tes issus de plusieurs de\u0301partements. Au terme des combats en individuel et par e\u0301quipe, c&rsquo;est finalement Pointe-Noire qui a remporte\u0301 la me\u0301daille d\u2019or en prouvant sa supe\u0301riorite\u0301.<\/b><\/p>\n<p>Le de\u0301partement de Pointe-Noire re\u0300gne de\u0301sormais sur le toi\u0302t du judo congolais. Le verdict des diffe\u0301rents combats individuels chez les dames puis en e\u0301quipe chez les hommes a penche\u0301 en sa faveur. La saison sportive 2022-2023 apporte une nouvelle image au tableau du judo congolais qui e\u0301tait domine\u0301, pendant longtemps, par Brazzaville.<\/p>\n<p>Tous les calculs et pronostics ont e\u0301te\u0301 de\u0301joue\u0301s par le dynamisme, la de\u0301termination et l&rsquo;engouement des judokas de l&rsquo;hinterland. Ce de\u0301sir de faire mieux a permis aux athle\u0300tes de la ligue de\u0301partementale du Pool d&rsquo;occuper la deuxie\u0300me place, suivie de ceux de la Cuvette-Ouest qui ont termine\u0301 a\u0300 la troisie\u0300me marche du podium. La quasi-totalite\u0301 des athle\u0300tes a salue\u0301 l&rsquo;organisation ainsi que la volonte\u0301 du bureau exe\u0301cutif fe\u0301de\u0301ral apre\u0300s la discipline observe\u0301e et le fair-play durant la compe\u0301tition.<\/p>\n<p>Le pre\u0301sident de la Fe\u0301de\u0301ration congolaise de judo et disciplines associe\u0301es (Fe\u0301coju-Da), Me Francis Neyl Ata, a indique\u0301 que cette compe\u0301tition nationale se de\u0301roulera chaque anne\u0301e dans diffe\u0301rentes localite\u0301s du Congo. Il a, par la me\u0302me occasion, invite\u0301 certains partenaires et sponsors a\u0300 accompagner la fe\u0301de\u0301ration qui peine parfois a\u0300 re\u0301aliser tout son programme d&rsquo;activite\u0301.<\/p>\n<p><b>L&rsquo;e\u0301quipe de Brazzaville mise a\u0300 l&rsquo;e\u0301cart <\/b><\/p>\n<p>Les athle\u0300tes qui ont constitue\u0301 la se\u0301lection de Brazzaville ont paye\u0301 cash leur indiscipline. Ils ont suivi avec beaucoup de regrets le de\u0301roulement de la compe\u0301tition sur les gradins suite a\u0300 une sanction de la commission d&rsquo;organisation a\u0300 leur encontre. Selon la direction technique de la compe\u0301tition, les athle\u0300tes de Brazzaville ont affiche\u0301 un comportement contraire aux principes et re\u0300glements du judo. Ils ont, en effet, refuse\u0301 de participer, sans raison valable, a\u0300 la se\u0301ance de pese\u0301es, bouleversant ainsi le programme des combats, notamment le classement des athle\u0300tes selon leur poids et cate\u0301gorie. Amoureux de leur art, les judokas de Brazzaville ont reconnu leur erreur et demande\u0301 d&rsquo;e\u0302tre re\u0301inte\u0301gre\u0301s mais \u00ab la loi reste la loi. Nous devrons apprendre la discipline a\u0300 nos athle\u0300tes si nous voulons aller loin \u00bb, a lance\u0301 un membre du bureau exe\u0301cutif fe\u0301de\u0301ral. Le malheur des uns fait le bonheur des autres. Les Ponte\u0301ne\u0301grins ont ainsi surfe\u0301 sur ce vide pour dominer la compe\u0301tition de bout en bout.<\/p>\n<p>La coupe E\u0301dith-Lucie-Bongo de judo est une compe\u0301tition qui rend hommage a\u0300 l&rsquo;ancienne premie\u0300re dame du Gabon et fille du pre\u0301sident de la Re\u0301publique du Congo. Les athle\u0300tes qui ont participe\u0301 a\u0300 cette compe\u0301tition qui s&rsquo;est de\u0301roule\u0301e au gymnase d&rsquo;Oyo, en pre\u0301sence des autorite\u0301s administratives et sportives de la Cuvette, sont venus de Pointe-Noire, du Pool, du Niari, de la Bouenza, de la Cuvette, de la Cuvette-Ouest et de la Sangha. Selon la commission d&rsquo;organisation, cette deuxie\u0300me e\u0301dition a permis a\u0300 la direction technique de jauger le niveau des athle\u0300tes qui pourront repre\u0301senter le Congo lors des prochaines compe\u0301titions continentales et internationales. Il sied de noter que la Fe\u0301coju-Da a demande\u0301 puis participe\u0301 a\u0300 une messe d&rsquo;action de gra\u0302ce en la cathe\u0301drale d&rsquo;Oyo, avant de commencer les combats.<\/p>\n\r\n                <style type=\"text\/css\">\r\n                    \r\n                    #td_uid_1_69f283b44269f  .td-doubleSlider-2 .td-item1 {\r\n                        background: url(https:\/\/static.africa-press.net\/congo-brazzaville\/sites\/51\/2023\/03\/postMediaimg_79_1-80x60.jpg) 0 0 no-repeat;\r\n                    }\r\n                    #td_uid_1_69f283b44269f  .td-doubleSlider-2 .td-item2 {\r\n                        background: url(https:\/\/static.africa-press.net\/congo-brazzaville\/sites\/51\/2023\/03\/postMediaimg_79_2-80x60.jpg) 0 0 no-repeat;\r\n                    }\r\n                <\/style>\r\n\r\n                <div id=\"td_uid_1_69f283b44269f\" class=\"td-gallery td-slide-on-2-columns\">\r\n                    <div class=\"post_td_gallery\">\r\n                        <div class=\"td-gallery-slide-top\">\r\n                           <div class=\"td-gallery-title\"><\/div>\r\n\r\n                            <div class=\"td-gallery-controls-wrapper\">\r\n                                <div class=\"td-gallery-slide-count\"><span class=\"td-gallery-slide-item-focus\">1<\/span> de 2<\/div>\r\n                                <div class=\"td-gallery-slide-prev-next-but\">\r\n                                    <i class = \"td-icon-left doubleSliderPrevButton\"><\/i>\r\n                                    <i class = \"td-icon-right doubleSliderNextButton\"><\/i>\r\n                                <\/div>\r\n                            <\/div>\r\n                        <\/div>\r\n\r\n                        <div class = \"td-doubleSlider-1 \">\r\n                            <div class = \"td-slider\">\r\n                                \r\n                    <div class = \"td-slide-item td-item1\">\r\n                        <figure class=\"td-slide-galery-figure td-slide-popup-gallery\">\r\n                            <a class=\"slide-gallery-image-link\" href=\"https:\/\/static.africa-press.net\/congo-brazzaville\/sites\/51\/2023\/03\/postMediaimg_79_1.jpg\" title=\"postMediaimg_79_1\"  data-caption=\"\"  data-description=\"\">\r\n                                <img decoding=\"async\" src=\"https:\/\/static.africa-press.net\/congo-brazzaville\/sites\/51\/2023\/03\/postMediaimg_79_1.jpg\" srcset=\"https:\/\/static.africa-press.net\/congo-brazzaville\/sites\/51\/2023\/03\/postMediaimg_79_1.jpg 1024w, https:\/\/static.africa-press.net\/congo-brazzaville\/sites\/51\/2023\/03\/postMediaimg_79_1-300x248.jpg 300w, https:\/\/static.africa-press.net\/congo-brazzaville\/sites\/51\/2023\/03\/postMediaimg_79_1-768x636.jpg 768w\" sizes=\"(max-width: 1024px) 100vw, 1024px\" alt=\"\">\r\n                            <\/a>\r\n                            \r\n                        <\/figure>\r\n                    <\/div>\r\n                    <div class = \"td-slide-item td-item2\">\r\n                        <figure class=\"td-slide-galery-figure td-slide-popup-gallery\">\r\n                            <a class=\"slide-gallery-image-link\" href=\"https:\/\/static.africa-press.net\/congo-brazzaville\/sites\/51\/2023\/03\/postMediaimg_79_2.jpg\" title=\"postMediaimg_79_2\"  data-caption=\"\"  data-description=\"\">\r\n                                <img decoding=\"async\" src=\"https:\/\/static.africa-press.net\/congo-brazzaville\/sites\/51\/2023\/03\/postMediaimg_79_2.jpg\" srcset=\"https:\/\/static.africa-press.net\/congo-brazzaville\/sites\/51\/2023\/03\/postMediaimg_79_2.jpg 1024w, https:\/\/static.africa-press.net\/congo-brazzaville\/sites\/51\/2023\/03\/postMediaimg_79_2-300x300.jpg 300w, https:\/\/static.africa-press.net\/congo-brazzaville\/sites\/51\/2023\/03\/postMediaimg_79_2-150x150.jpg 150w, https:\/\/static.africa-press.net\/congo-brazzaville\/sites\/51\/2023\/03\/postMediaimg_79_2-768x768.jpg 768w\" sizes=\"(max-width: 1024px) 100vw, 1024px\" alt=\"\">\r\n                            <\/a>\r\n                            \r\n                        <\/figure>\r\n                    <\/div>\r\n                            <\/div>\r\n                        <\/div>\r\n\r\n                        <div class = \"td-doubleSlider-2\">\r\n                            <div class = \"td-slider\">\r\n                                \r\n                    <div class = \"td-button td-item1\">\r\n                        <div class = \"td-border\"><\/div>\r\n                    <\/div>\r\n                    <div class = \"td-button td-item2\">\r\n                        <div class = \"td-border\"><\/div>\r\n                    <\/div>\r\n                            <\/div>\r\n                        <\/div>\r\n\r\n                    <\/div>\r\n\r\n                <\/div>\r\n                \n<p><strong>Pour plus d&rsquo;informations et d&rsquo;analyses sur la <a href=\"https:\/\/www.africa-press.net\/congo-brazzaville\">Congo Brazzaville<\/a>, suivez <a href=\"https:\/\/www.africa-press.net\/\">Africa-Press<\/a><\/strong><\/p>\n","protected":false},"excerpt":{"rendered":"<p>Africa-Press &#8211; Congo Brazzaville. La deuxie\u0300me e\u0301dition de la Coupe E\u0301dith-Lucie-Bongo-Ondimba a re\u0301uni, du 11 au 12 mars a\u0300 Oyo, dans le de\u0301partement de la Cuvette, plus de 65 athle\u0300tes issus de plusieurs de\u0301partements. Au terme des combats en individuel et par e\u0301quipe, c&rsquo;est finalement Pointe-Noire qui a remporte\u0301 la me\u0301daille d\u2019or en prouvant sa [&hellip;]<\/p>\n","protected":false},"author":82,"featured_media":15586,"comment_status":"open","ping_status":"closed","sticky":false,"template":"","format":"standard","meta":{"footnotes":""},"categories":[8,6,10],"tags":[36,47,46],"class_list":["post-15588","post","type-post","status-publish","format-standard","has-post-thumbnail","hentry","category-photo","category-sports","category-toutes-les-actualites","tag-africa-press","tag-africa-press-congo-brazzaville","tag-congo-brazzaville"],"yoast_head":"<!-- This site is optimized with the Yoast SEO Premium plugin v26.1 (Yoast SEO v27.0) - https:\/\/yoast.com\/product\/yoast-seo-premium-wordpress\/ -->\n<title>Coupe \u00c9dith-Lucie-Bongo de judo : le d\u00e9partement de Pointe-Noire fait la loi \u00e0 Oyo - Congo Brazzaville<\/title>\n<meta name=\"description\" content=\"La deuxie\u0300me e\u0301dition de la Coupe E\u0301dith-Lucie-Bongo-Ondimba a re\u0301uni, du 11 au 12 mars a\u0300 Oyo, dans le de\u0301partement ...\" \/>\n<meta name=\"robots\" content=\"index, follow, max-snippet:-1, max-image-preview:large, max-video-preview:-1\" \/>\n<link rel=\"canonical\" href=\"https:\/\/www.africa-press.net\/congo-brazzaville\/sports\/coupe-edith-lucie-bongo-de-judo-le-departement-de-pointe-noire-fait-la-loi-a-oyo\" \/>\n<meta property=\"og:locale\" content=\"fr_FR\" \/>\n<meta property=\"og:type\" content=\"article\" \/>\n<meta property=\"og:title\" content=\"Coupe \u00c9dith-Lucie-Bongo de judo : le d\u00e9partement de Pointe-Noire fait la loi \u00e0 Oyo\" \/>\n<meta property=\"og:description\" content=\"La deuxie\u0300me e\u0301dition de la Coupe E\u0301dith-Lucie-Bongo-Ondimba a re\u0301uni, du 11 au 12 mars a\u0300 Oyo, dans le de\u0301partement ...\" \/>\n<meta property=\"og:url\" content=\"https:\/\/www.africa-press.net\/congo-brazzaville\/sports\/coupe-edith-lucie-bongo-de-judo-le-departement-de-pointe-noire-fait-la-loi-a-oyo\" \/>\n<meta property=\"og:site_name\" content=\"Congo Brazzaville\" \/>\n<meta property=\"article:published_time\" content=\"2023-03-13T19:43:56+00:00\" \/>\n<meta property=\"article:modified_time\" content=\"2023-03-13T20:36:16+00:00\" \/>\n<meta property=\"og:image\" content=\"https:\/\/static.africa-press.net\/congo-brazzaville\/sites\/51\/2023\/03\/postQueueImg_1678724048.07.jpg\" \/>\n\t<meta property=\"og:image:width\" content=\"1280\" \/>\n\t<meta property=\"og:image:height\" content=\"720\" \/>\n\t<meta property=\"og:image:type\" content=\"image\/jpeg\" \/>\n<meta name=\"author\" content=\"cfeditorfr\" \/>\n<meta name=\"twitter:card\" content=\"summary_large_image\" \/>\n<meta name=\"twitter:label1\" content=\"\u00c9crit par\" \/>\n\t<meta name=\"twitter:data1\" content=\"cfeditorfr\" \/>\n\t<meta name=\"twitter:label2\" content=\"Dur\u00e9e de lecture estim\u00e9e\" \/>\n\t<meta name=\"twitter:data2\" content=\"3 minutes\" \/>\n<script type=\"application\/ld+json\" class=\"yoast-schema-graph\">{\"@context\":\"https:\/\/schema.org\",\"@graph\":[{\"@type\":\"Article\",\"@id\":\"https:\/\/www.africa-press.net\/congo-brazzaville\/sports\/coupe-edith-lucie-bongo-de-judo-le-departement-de-pointe-noire-fait-la-loi-a-oyo#article\",\"isPartOf\":{\"@id\":\"https:\/\/www.africa-press.net\/congo-brazzaville\/sports\/coupe-edith-lucie-bongo-de-judo-le-departement-de-pointe-noire-fait-la-loi-a-oyo\"},\"author\":{\"name\":\"cfeditorfr\",\"@id\":\"https:\/\/www.africa-press.net\/congo-brazzaville\/#\/schema\/person\/2b1cf3cd81a31e3cd26889ca66d677f1\"},\"headline\":\"Coupe \u00c9dith-Lucie-Bongo de judo : le d\u00e9partement de Pointe-Noire fait la loi \u00e0 Oyo\",\"datePublished\":\"2023-03-13T19:43:56+00:00\",\"dateModified\":\"2023-03-13T20:36:16+00:00\",\"mainEntityOfPage\":{\"@id\":\"https:\/\/www.africa-press.net\/congo-brazzaville\/sports\/coupe-edith-lucie-bongo-de-judo-le-departement-de-pointe-noire-fait-la-loi-a-oyo\"},\"wordCount\":676,\"commentCount\":0,\"image\":{\"@id\":\"https:\/\/www.africa-press.net\/congo-brazzaville\/sports\/coupe-edith-lucie-bongo-de-judo-le-departement-de-pointe-noire-fait-la-loi-a-oyo#primaryimage\"},\"thumbnailUrl\":\"https:\/\/static.africa-press.net\/congo-brazzaville\/sites\/51\/2023\/03\/postQueueImg_1678724048.07.jpg\",\"keywords\":[\"Africa Press\",\"Africa Press-Congo Brazzaville\",\"Congo Brazzaville\"],\"articleSection\":[\"Photo\",\"Sports\",\"Toutes les actualit\u00e9s\"],\"inLanguage\":\"fr-FR\",\"potentialAction\":[{\"@type\":\"CommentAction\",\"name\":\"Comment\",\"target\":[\"https:\/\/www.africa-press.net\/congo-brazzaville\/sports\/coupe-edith-lucie-bongo-de-judo-le-departement-de-pointe-noire-fait-la-loi-a-oyo#respond\"]}]},{\"@type\":\"WebPage\",\"@id\":\"https:\/\/www.africa-press.net\/congo-brazzaville\/sports\/coupe-edith-lucie-bongo-de-judo-le-departement-de-pointe-noire-fait-la-loi-a-oyo\",\"url\":\"https:\/\/www.africa-press.net\/congo-brazzaville\/sports\/coupe-edith-lucie-bongo-de-judo-le-departement-de-pointe-noire-fait-la-loi-a-oyo\",\"name\":\"Coupe \u00c9dith-Lucie-Bongo de judo : le d\u00e9partement de Pointe-Noire fait la loi \u00e0 Oyo - Congo Brazzaville\",\"isPartOf\":{\"@id\":\"https:\/\/www.africa-press.net\/congo-brazzaville\/#website\"},\"primaryImageOfPage\":{\"@id\":\"https:\/\/www.africa-press.net\/congo-brazzaville\/sports\/coupe-edith-lucie-bongo-de-judo-le-departement-de-pointe-noire-fait-la-loi-a-oyo#primaryimage\"},\"image\":{\"@id\":\"https:\/\/www.africa-press.net\/congo-brazzaville\/sports\/coupe-edith-lucie-bongo-de-judo-le-departement-de-pointe-noire-fait-la-loi-a-oyo#primaryimage\"},\"thumbnailUrl\":\"https:\/\/static.africa-press.net\/congo-brazzaville\/sites\/51\/2023\/03\/postQueueImg_1678724048.07.jpg\",\"datePublished\":\"2023-03-13T19:43:56+00:00\",\"dateModified\":\"2023-03-13T20:36:16+00:00\",\"author\":{\"@id\":\"https:\/\/www.africa-press.net\/congo-brazzaville\/#\/schema\/person\/2b1cf3cd81a31e3cd26889ca66d677f1\"},\"description\":\"La deuxie\u0300me e\u0301dition de la Coupe E\u0301dith-Lucie-Bongo-Ondimba a re\u0301uni, du 11 au 12 mars a\u0300 Oyo, dans le de\u0301partement ...\",\"breadcrumb\":{\"@id\":\"https:\/\/www.africa-press.net\/congo-brazzaville\/sports\/coupe-edith-lucie-bongo-de-judo-le-departement-de-pointe-noire-fait-la-loi-a-oyo#breadcrumb\"},\"inLanguage\":\"fr-FR\",\"potentialAction\":[{\"@type\":\"ReadAction\",\"target\":[\"https:\/\/www.africa-press.net\/congo-brazzaville\/sports\/coupe-edith-lucie-bongo-de-judo-le-departement-de-pointe-noire-fait-la-loi-a-oyo\"]}]},{\"@type\":\"ImageObject\",\"inLanguage\":\"fr-FR\",\"@id\":\"https:\/\/www.africa-press.net\/congo-brazzaville\/sports\/coupe-edith-lucie-bongo-de-judo-le-departement-de-pointe-noire-fait-la-loi-a-oyo#primaryimage\",\"url\":\"https:\/\/static.africa-press.net\/congo-brazzaville\/sites\/51\/2023\/03\/postQueueImg_1678724048.07.jpg\",\"contentUrl\":\"https:\/\/static.africa-press.net\/congo-brazzaville\/sites\/51\/2023\/03\/postQueueImg_1678724048.07.jpg\",\"width\":1280,\"height\":720,\"caption\":\"Coupe \u00c9dith-Lucie-Bongo de judo : le d\u00e9partement de Pointe-Noire fait la loi \u00e0 Oyo\"},{\"@type\":\"BreadcrumbList\",\"@id\":\"https:\/\/www.africa-press.net\/congo-brazzaville\/sports\/coupe-edith-lucie-bongo-de-judo-le-departement-de-pointe-noire-fait-la-loi-a-oyo#breadcrumb\",\"itemListElement\":[{\"@type\":\"ListItem\",\"position\":1,\"name\":\"Accueil\",\"item\":\"https:\/\/www.africa-press.net\/congo-brazzaville\/\"},{\"@type\":\"ListItem\",\"position\":2,\"name\":\"Coupe \u00c9dith-Lucie-Bongo de judo : le d\u00e9partement de Pointe-Noire fait la loi \u00e0 Oyo\"}]},{\"@type\":\"WebSite\",\"@id\":\"https:\/\/www.africa-press.net\/congo-brazzaville\/#website\",\"url\":\"https:\/\/www.africa-press.net\/congo-brazzaville\/\",\"name\":\"Congo Brazzaville\",\"description\":\"Just another Africa News Agency Sites site\",\"potentialAction\":[{\"@type\":\"SearchAction\",\"target\":{\"@type\":\"EntryPoint\",\"urlTemplate\":\"https:\/\/www.africa-press.net\/congo-brazzaville\/?s={search_term_string}\"},\"query-input\":{\"@type\":\"PropertyValueSpecification\",\"valueRequired\":true,\"valueName\":\"search_term_string\"}}],\"inLanguage\":\"fr-FR\"},{\"@type\":\"Person\",\"@id\":\"https:\/\/www.africa-press.net\/congo-brazzaville\/#\/schema\/person\/2b1cf3cd81a31e3cd26889ca66d677f1\",\"name\":\"cfeditorfr\"}]}<\/script>\n<!-- \/ Yoast SEO Premium plugin. -->","yoast_head_json":{"title":"Coupe \u00c9dith-Lucie-Bongo de judo : le d\u00e9partement de Pointe-Noire fait la loi \u00e0 Oyo - Congo Brazzaville","description":"La deuxie\u0300me e\u0301dition de la Coupe E\u0301dith-Lucie-Bongo-Ondimba a re\u0301uni, du 11 au 12 mars a\u0300 Oyo, dans le de\u0301partement ...","robots":{"index":"index","follow":"follow","max-snippet":"max-snippet:-1","max-image-preview":"max-image-preview:large","max-video-preview":"max-video-preview:-1"},"canonical":"https:\/\/www.africa-press.net\/congo-brazzaville\/sports\/coupe-edith-lucie-bongo-de-judo-le-departement-de-pointe-noire-fait-la-loi-a-oyo","og_locale":"fr_FR","og_type":"article","og_title":"Coupe \u00c9dith-Lucie-Bongo de judo : le d\u00e9partement de Pointe-Noire fait la loi \u00e0 Oyo","og_description":"La deuxie\u0300me e\u0301dition de la Coupe E\u0301dith-Lucie-Bongo-Ondimba a re\u0301uni, du 11 au 12 mars a\u0300 Oyo, dans le de\u0301partement ...","og_url":"https:\/\/www.africa-press.net\/congo-brazzaville\/sports\/coupe-edith-lucie-bongo-de-judo-le-departement-de-pointe-noire-fait-la-loi-a-oyo","og_site_name":"Congo Brazzaville","article_published_time":"2023-03-13T19:43:56+00:00","article_modified_time":"2023-03-13T20:36:16+00:00","og_image":[{"width":1280,"height":720,"url":"https:\/\/static.africa-press.net\/congo-brazzaville\/sites\/51\/2023\/03\/postQueueImg_1678724048.07.jpg","type":"image\/jpeg"}],"author":"cfeditorfr","twitter_card":"summary_large_image","twitter_misc":{"\u00c9crit par":"cfeditorfr","Dur\u00e9e de lecture estim\u00e9e":"3 minutes"},"schema":{"@context":"https:\/\/schema.org","@graph":[{"@type":"Article","@id":"https:\/\/www.africa-press.net\/congo-brazzaville\/sports\/coupe-edith-lucie-bongo-de-judo-le-departement-de-pointe-noire-fait-la-loi-a-oyo#article","isPartOf":{"@id":"https:\/\/www.africa-press.net\/congo-brazzaville\/sports\/coupe-edith-lucie-bongo-de-judo-le-departement-de-pointe-noire-fait-la-loi-a-oyo"},"author":{"name":"cfeditorfr","@id":"https:\/\/www.africa-press.net\/congo-brazzaville\/#\/schema\/person\/2b1cf3cd81a31e3cd26889ca66d677f1"},"headline":"Coupe \u00c9dith-Lucie-Bongo de judo : le d\u00e9partement de Pointe-Noire fait la loi \u00e0 Oyo","datePublished":"2023-03-13T19:43:56+00:00","dateModified":"2023-03-13T20:36:16+00:00","mainEntityOfPage":{"@id":"https:\/\/www.africa-press.net\/congo-brazzaville\/sports\/coupe-edith-lucie-bongo-de-judo-le-departement-de-pointe-noire-fait-la-loi-a-oyo"},"wordCount":676,"commentCount":0,"image":{"@id":"https:\/\/www.africa-press.net\/congo-brazzaville\/sports\/coupe-edith-lucie-bongo-de-judo-le-departement-de-pointe-noire-fait-la-loi-a-oyo#primaryimage"},"thumbnailUrl":"https:\/\/static.africa-press.net\/congo-brazzaville\/sites\/51\/2023\/03\/postQueueImg_1678724048.07.jpg","keywords":["Africa Press","Africa Press-Congo Brazzaville","Congo Brazzaville"],"articleSection":["Photo","Sports","Toutes les actualit\u00e9s"],"inLanguage":"fr-FR","potentialAction":[{"@type":"CommentAction","name":"Comment","target":["https:\/\/www.africa-press.net\/congo-brazzaville\/sports\/coupe-edith-lucie-bongo-de-judo-le-departement-de-pointe-noire-fait-la-loi-a-oyo#respond"]}]},{"@type":"WebPage","@id":"https:\/\/www.africa-press.net\/congo-brazzaville\/sports\/coupe-edith-lucie-bongo-de-judo-le-departement-de-pointe-noire-fait-la-loi-a-oyo","url":"https:\/\/www.africa-press.net\/congo-brazzaville\/sports\/coupe-edith-lucie-bongo-de-judo-le-departement-de-pointe-noire-fait-la-loi-a-oyo","name":"Coupe \u00c9dith-Lucie-Bongo de judo : le d\u00e9partement de Pointe-Noire fait la loi \u00e0 Oyo - Congo Brazzaville","isPartOf":{"@id":"https:\/\/www.africa-press.net\/congo-brazzaville\/#website"},"primaryImageOfPage":{"@id":"https:\/\/www.africa-press.net\/congo-brazzaville\/sports\/coupe-edith-lucie-bongo-de-judo-le-departement-de-pointe-noire-fait-la-loi-a-oyo#primaryimage"},"image":{"@id":"https:\/\/www.africa-press.net\/congo-brazzaville\/sports\/coupe-edith-lucie-bongo-de-judo-le-departement-de-pointe-noire-fait-la-loi-a-oyo#primaryimage"},"thumbnailUrl":"https:\/\/static.africa-press.net\/congo-brazzaville\/sites\/51\/2023\/03\/postQueueImg_1678724048.07.jpg","datePublished":"2023-03-13T19:43:56+00:00","dateModified":"2023-03-13T20:36:16+00:00","author":{"@id":"https:\/\/www.africa-press.net\/congo-brazzaville\/#\/schema\/person\/2b1cf3cd81a31e3cd26889ca66d677f1"},"description":"La deuxie\u0300me e\u0301dition de la Coupe E\u0301dith-Lucie-Bongo-Ondimba a re\u0301uni, du 11 au 12 mars a\u0300 Oyo, dans le de\u0301partement ...","breadcrumb":{"@id":"https:\/\/www.africa-press.net\/congo-brazzaville\/sports\/coupe-edith-lucie-bongo-de-judo-le-departement-de-pointe-noire-fait-la-loi-a-oyo#breadcrumb"},"inLanguage":"fr-FR","potentialAction":[{"@type":"ReadAction","target":["https:\/\/www.africa-press.net\/congo-brazzaville\/sports\/coupe-edith-lucie-bongo-de-judo-le-departement-de-pointe-noire-fait-la-loi-a-oyo"]}]},{"@type":"ImageObject","inLanguage":"fr-FR","@id":"https:\/\/www.africa-press.net\/congo-brazzaville\/sports\/coupe-edith-lucie-bongo-de-judo-le-departement-de-pointe-noire-fait-la-loi-a-oyo#primaryimage","url":"https:\/\/static.africa-press.net\/congo-brazzaville\/sites\/51\/2023\/03\/postQueueImg_1678724048.07.jpg","contentUrl":"https:\/\/static.africa-press.net\/congo-brazzaville\/sites\/51\/2023\/03\/postQueueImg_1678724048.07.jpg","width":1280,"height":720,"caption":"Coupe \u00c9dith-Lucie-Bongo de judo : le d\u00e9partement de Pointe-Noire fait la loi \u00e0 Oyo"},{"@type":"BreadcrumbList","@id":"https:\/\/www.africa-press.net\/congo-brazzaville\/sports\/coupe-edith-lucie-bongo-de-judo-le-departement-de-pointe-noire-fait-la-loi-a-oyo#breadcrumb","itemListElement":[{"@type":"ListItem","position":1,"name":"Accueil","item":"https:\/\/www.africa-press.net\/congo-brazzaville\/"},{"@type":"ListItem","position":2,"name":"Coupe \u00c9dith-Lucie-Bongo de judo : le d\u00e9partement de Pointe-Noire fait la loi \u00e0 Oyo"}]},{"@type":"WebSite","@id":"https:\/\/www.africa-press.net\/congo-brazzaville\/#website","url":"https:\/\/www.africa-press.net\/congo-brazzaville\/","name":"Congo Brazzaville","description":"Just another Africa News Agency Sites site","potentialAction":[{"@type":"SearchAction","target":{"@type":"EntryPoint","urlTemplate":"https:\/\/www.africa-press.net\/congo-brazzaville\/?s={search_term_string}"},"query-input":{"@type":"PropertyValueSpecification","valueRequired":true,"valueName":"search_term_string"}}],"inLanguage":"fr-FR"},{"@type":"Person","@id":"https:\/\/www.africa-press.net\/congo-brazzaville\/#\/schema\/person\/2b1cf3cd81a31e3cd26889ca66d677f1","name":"cfeditorfr"}]}},"_links":{"self":[{"href":"https:\/\/www.africa-press.net\/congo-brazzaville\/wp-json\/wp\/v2\/posts\/15588","targetHints":{"allow":["GET"]}}],"collection":[{"href":"https:\/\/www.africa-press.net\/congo-brazzaville\/wp-json\/wp\/v2\/posts"}],"about":[{"href":"https:\/\/www.africa-press.net\/congo-brazzaville\/wp-json\/wp\/v2\/types\/post"}],"author":[{"embeddable":true,"href":"https:\/\/www.africa-press.net\/congo-brazzaville\/wp-json\/wp\/v2\/users\/82"}],"replies":[{"embeddable":true,"href":"https:\/\/www.africa-press.net\/congo-brazzaville\/wp-json\/wp\/v2\/comments?post=15588"}],"version-history":[{"count":0,"href":"https:\/\/www.africa-press.net\/congo-brazzaville\/wp-json\/wp\/v2\/posts\/15588\/revisions"}],"wp:featuredmedia":[{"embeddable":true,"href":"https:\/\/www.africa-press.net\/congo-brazzaville\/wp-json\/wp\/v2\/media\/15586"}],"wp:attachment":[{"href":"https:\/\/www.africa-press.net\/congo-brazzaville\/wp-json\/wp\/v2\/media?parent=15588"}],"wp:term":[{"taxonomy":"category","embeddable":true,"href":"https:\/\/www.africa-press.net\/congo-brazzaville\/wp-json\/wp\/v2\/categories?post=15588"},{"taxonomy":"post_tag","embeddable":true,"href":"https:\/\/www.africa-press.net\/congo-brazzaville\/wp-json\/wp\/v2\/tags?post=15588"}],"curies":[{"name":"wp","href":"https:\/\/api.w.org\/{rel}","templated":true}]}}