{"id":15594,"date":"2023-03-13T19:44:22","date_gmt":"2023-03-13T19:44:22","guid":{"rendered":"https:\/\/www.africa-press.net\/congo-brazzaville\/politique\/petites-et-moyennes-entreprises-pres-de-200-artisans-exposent-leurs-oeuvres-a-brazzaville"},"modified":"2023-03-13T20:37:18","modified_gmt":"2023-03-13T20:37:18","slug":"petites-et-moyennes-entreprises-pres-de-200-artisans-exposent-leurs-oeuvres-a-brazzaville","status":"publish","type":"post","link":"https:\/\/www.africa-press.net\/congo-brazzaville\/economie\/petites-et-moyennes-entreprises-pres-de-200-artisans-exposent-leurs-oeuvres-a-brazzaville","title":{"rendered":"Petites et moyennes entreprises : pr\u00e8s de 200 artisans exposent leurs \u0153uvres \u00e0 Brazzaville"},"content":{"rendered":"<p><span style=\"color: #ff6600\"><strong>Africa-Press &#8211; Congo Brazzaville. <\/strong><\/span><b>L\u2019ouverture de l\u2019exposition-vente des produits artisanaux a eu lieu le 13 mars a\u0300 Brazzaville, dans le cadre de la deuxie\u0300me e\u0301dition du \u00ab Marche\u0301 de l\u2019artisanat \u00bb.<\/b><\/p>\n<p>L&rsquo;e\u0301dition se tient jusqu\u2019au 17 mars sur le the\u0300me \u00ab L\u2019artisanat, tremplin pour l\u2019e\u0301closion d\u2019un secteur prive\u0301 national dynamique \u00bb. Pre\u0300s de deux cents artisans congolais et ceux venus du Mali, du Burkina Faso, du Se\u0301ne\u0301gal et du Ghana participent a\u0300 l\u2019exposition-vente qui se de\u0301roule a\u0300 la Direction ge\u0301ne\u0301rale de l\u2019Agence nationale de l\u2019artisanat.<\/p>\n<p>De nombreux stands y sont installe\u0301s sur lesquels sont expose\u0301s et se vendent de nombreux produits artisanaux congolais issus, entre autres, de la vannerie, de la couture, de la sculpture, de la coiffure, de la me\u0301canique et de bien d\u2019autres filie\u0300res artisanales.<\/p>\n<p>L\u2019initiative vise a\u0300 faire connai\u0302tre les artisans congolais et leurs \u0153uvres sur les marche\u0301s national et international, mais aussi a\u0300 faire a\u0300 ce que le secteur des petites, moyennes entreprises et de l\u2019artisanat, qui constitue l\u2019un des six piliers du Plan national de de\u0301veloppement 2022-2026, contribue a\u0300 la diversification e\u0301conomique.<\/p>\n<p>\u00ab Le Marche\u0301 de l\u2019artisanat va permettre aux Brazzavillois et touristes de passage dans la ville de de\u0301couvrir les \u0153uvres d\u2019art faites par des artisans congolais. Notre objectif est de faire a\u0300 ce qu\u2019au terme de cette deuxie\u0300me e\u0301dition les artisans congolais et leurs produits soient connus a\u0300 travers le monde. Le domaine de l\u2019artisanat compte pre\u0300s de 248 me\u0301tiers. Pour cette e\u0301dition, nous avons se\u0301lectionne\u0301 les me\u0301tiers moins visibles sur le marche\u0301, tels que la soudure et la me\u0301canique \u00bb, a explique\u0301 la directrice ge\u0301ne\u0301rale de l\u2019Agence nationale de l&rsquo;artisanat, Mireille Opa.<\/p>\n<p>Ouvrant l\u2019exposition, le directeur de cabinet de la ministre des Petites, moyennes entreprises et de l\u2019Artisanat, Bienvenu Lucien Nkende\u0301, a fait savoir que ce secteur est un tremplin pour l\u2019e\u0301conomie congolaise et une ve\u0301ritable niche d\u2019emplois pour les jeunes.<\/p>\n<p>\u00ab L\u2019artisanat est un fleuron national et ses atouts sont indispensables et incontournables pour notre pays. En un mot, l\u2019artisanat constitue la vie de notre pays, e\u0301tant donne\u0301 qu\u2019il est l\u2019expression multidimensionnelle de l\u2019excellence congolaise dans les domaines tels que l\u2019agro-alimentaire, la restauration et les me\u0301tiers d\u2019art \u00bb, a-t-il indique\u0301.<\/p>\n<p><strong>Pour plus d&rsquo;informations et d&rsquo;analyses sur la <a href=\"https:\/\/www.africa-press.net\/congo-brazzaville\">Congo Brazzaville<\/a>, suivez <a href=\"https:\/\/www.africa-press.net\/\">Africa-Press<\/a><\/strong><\/p>\n","protected":false},"excerpt":{"rendered":"<p>Africa-Press &#8211; Congo Brazzaville. L\u2019ouverture de l\u2019exposition-vente des produits artisanaux a eu lieu le 13 mars a\u0300 Brazzaville, dans le cadre de la deuxie\u0300me e\u0301dition du \u00ab Marche\u0301 de l\u2019artisanat \u00bb. L&rsquo;e\u0301dition se tient jusqu\u2019au 17 mars sur le the\u0300me \u00ab L\u2019artisanat, tremplin pour l\u2019e\u0301closion d\u2019un secteur prive\u0301 national dynamique \u00bb. Pre\u0300s de deux cents [&hellip;]<\/p>\n","protected":false},"author":82,"featured_media":15593,"comment_status":"open","ping_status":"closed","sticky":false,"template":"","format":"standard","meta":{"footnotes":""},"categories":[3,10],"tags":[36,47,46],"class_list":["post-15594","post","type-post","status-publish","format-standard","has-post-thumbnail","hentry","category-economie","category-toutes-les-actualites","tag-africa-press","tag-africa-press-congo-brazzaville","tag-congo-brazzaville"],"yoast_head":"<!-- This site is optimized with the Yoast SEO Premium plugin v26.1 (Yoast SEO v27.0) - https:\/\/yoast.com\/product\/yoast-seo-premium-wordpress\/ -->\n<title>Petites et moyennes entreprises : pr\u00e8s de 200 artisans exposent leurs \u0153uvres \u00e0 Brazzaville - Congo Brazzaville<\/title>\n<meta name=\"description\" content=\"L\u2019ouverture de l\u2019exposition-vente des produits artisanaux a eu lieu le 13 mars a\u0300 Brazzaville, dans le cadre de la de ...\" \/>\n<meta name=\"robots\" content=\"index, follow, max-snippet:-1, max-image-preview:large, max-video-preview:-1\" \/>\n<link rel=\"canonical\" href=\"https:\/\/www.africa-press.net\/congo-brazzaville\/economie\/petites-et-moyennes-entreprises-pres-de-200-artisans-exposent-leurs-oeuvres-a-brazzaville\" \/>\n<meta property=\"og:locale\" content=\"fr_FR\" \/>\n<meta property=\"og:type\" content=\"article\" \/>\n<meta property=\"og:title\" content=\"Petites et moyennes entreprises : pr\u00e8s de 200 artisans exposent leurs \u0153uvres \u00e0 Brazzaville\" \/>\n<meta property=\"og:description\" content=\"L\u2019ouverture de l\u2019exposition-vente des produits artisanaux a eu lieu le 13 mars a\u0300 Brazzaville, dans le cadre de la de ...\" \/>\n<meta property=\"og:url\" content=\"https:\/\/www.africa-press.net\/congo-brazzaville\/economie\/petites-et-moyennes-entreprises-pres-de-200-artisans-exposent-leurs-oeuvres-a-brazzaville\" \/>\n<meta property=\"og:site_name\" content=\"Congo Brazzaville\" \/>\n<meta property=\"article:published_time\" content=\"2023-03-13T19:44:22+00:00\" \/>\n<meta property=\"article:modified_time\" content=\"2023-03-13T20:37:18+00:00\" \/>\n<meta property=\"og:image\" content=\"https:\/\/static.africa-press.net\/congo-brazzaville\/sites\/51\/2023\/03\/postQueueImg_1678724084.69.jpg\" \/>\n\t<meta property=\"og:image:width\" content=\"1669\" \/>\n\t<meta property=\"og:image:height\" content=\"768\" \/>\n\t<meta property=\"og:image:type\" content=\"image\/jpeg\" \/>\n<meta name=\"author\" content=\"cfeditorfr\" \/>\n<meta name=\"twitter:card\" content=\"summary_large_image\" \/>\n<meta name=\"twitter:label1\" content=\"\u00c9crit par\" \/>\n\t<meta name=\"twitter:data1\" content=\"cfeditorfr\" \/>\n\t<meta name=\"twitter:label2\" content=\"Dur\u00e9e de lecture estim\u00e9e\" \/>\n\t<meta name=\"twitter:data2\" content=\"2 minutes\" \/>\n<script type=\"application\/ld+json\" class=\"yoast-schema-graph\">{\"@context\":\"https:\/\/schema.org\",\"@graph\":[{\"@type\":\"Article\",\"@id\":\"https:\/\/www.africa-press.net\/congo-brazzaville\/economie\/petites-et-moyennes-entreprises-pres-de-200-artisans-exposent-leurs-oeuvres-a-brazzaville#article\",\"isPartOf\":{\"@id\":\"https:\/\/www.africa-press.net\/congo-brazzaville\/economie\/petites-et-moyennes-entreprises-pres-de-200-artisans-exposent-leurs-oeuvres-a-brazzaville\"},\"author\":{\"name\":\"cfeditorfr\",\"@id\":\"https:\/\/www.africa-press.net\/congo-brazzaville\/#\/schema\/person\/2b1cf3cd81a31e3cd26889ca66d677f1\"},\"headline\":\"Petites et moyennes entreprises : pr\u00e8s de 200 artisans exposent leurs \u0153uvres \u00e0 Brazzaville\",\"datePublished\":\"2023-03-13T19:44:22+00:00\",\"dateModified\":\"2023-03-13T20:37:18+00:00\",\"mainEntityOfPage\":{\"@id\":\"https:\/\/www.africa-press.net\/congo-brazzaville\/economie\/petites-et-moyennes-entreprises-pres-de-200-artisans-exposent-leurs-oeuvres-a-brazzaville\"},\"wordCount\":439,\"commentCount\":0,\"image\":{\"@id\":\"https:\/\/www.africa-press.net\/congo-brazzaville\/economie\/petites-et-moyennes-entreprises-pres-de-200-artisans-exposent-leurs-oeuvres-a-brazzaville#primaryimage\"},\"thumbnailUrl\":\"https:\/\/static.africa-press.net\/congo-brazzaville\/sites\/51\/2023\/03\/postQueueImg_1678724084.69.jpg\",\"keywords\":[\"Africa Press\",\"Africa Press-Congo Brazzaville\",\"Congo Brazzaville\"],\"articleSection\":[\"\u00c9conomie\",\"Toutes les actualit\u00e9s\"],\"inLanguage\":\"fr-FR\",\"potentialAction\":[{\"@type\":\"CommentAction\",\"name\":\"Comment\",\"target\":[\"https:\/\/www.africa-press.net\/congo-brazzaville\/economie\/petites-et-moyennes-entreprises-pres-de-200-artisans-exposent-leurs-oeuvres-a-brazzaville#respond\"]}]},{\"@type\":\"WebPage\",\"@id\":\"https:\/\/www.africa-press.net\/congo-brazzaville\/economie\/petites-et-moyennes-entreprises-pres-de-200-artisans-exposent-leurs-oeuvres-a-brazzaville\",\"url\":\"https:\/\/www.africa-press.net\/congo-brazzaville\/economie\/petites-et-moyennes-entreprises-pres-de-200-artisans-exposent-leurs-oeuvres-a-brazzaville\",\"name\":\"Petites et moyennes entreprises : pr\u00e8s de 200 artisans exposent leurs \u0153uvres \u00e0 Brazzaville - Congo Brazzaville\",\"isPartOf\":{\"@id\":\"https:\/\/www.africa-press.net\/congo-brazzaville\/#website\"},\"primaryImageOfPage\":{\"@id\":\"https:\/\/www.africa-press.net\/congo-brazzaville\/economie\/petites-et-moyennes-entreprises-pres-de-200-artisans-exposent-leurs-oeuvres-a-brazzaville#primaryimage\"},\"image\":{\"@id\":\"https:\/\/www.africa-press.net\/congo-brazzaville\/economie\/petites-et-moyennes-entreprises-pres-de-200-artisans-exposent-leurs-oeuvres-a-brazzaville#primaryimage\"},\"thumbnailUrl\":\"https:\/\/static.africa-press.net\/congo-brazzaville\/sites\/51\/2023\/03\/postQueueImg_1678724084.69.jpg\",\"datePublished\":\"2023-03-13T19:44:22+00:00\",\"dateModified\":\"2023-03-13T20:37:18+00:00\",\"author\":{\"@id\":\"https:\/\/www.africa-press.net\/congo-brazzaville\/#\/schema\/person\/2b1cf3cd81a31e3cd26889ca66d677f1\"},\"description\":\"L\u2019ouverture de l\u2019exposition-vente des produits artisanaux a eu lieu le 13 mars a\u0300 Brazzaville, dans le cadre de la de ...\",\"breadcrumb\":{\"@id\":\"https:\/\/www.africa-press.net\/congo-brazzaville\/economie\/petites-et-moyennes-entreprises-pres-de-200-artisans-exposent-leurs-oeuvres-a-brazzaville#breadcrumb\"},\"inLanguage\":\"fr-FR\",\"potentialAction\":[{\"@type\":\"ReadAction\",\"target\":[\"https:\/\/www.africa-press.net\/congo-brazzaville\/economie\/petites-et-moyennes-entreprises-pres-de-200-artisans-exposent-leurs-oeuvres-a-brazzaville\"]}]},{\"@type\":\"ImageObject\",\"inLanguage\":\"fr-FR\",\"@id\":\"https:\/\/www.africa-press.net\/congo-brazzaville\/economie\/petites-et-moyennes-entreprises-pres-de-200-artisans-exposent-leurs-oeuvres-a-brazzaville#primaryimage\",\"url\":\"https:\/\/static.africa-press.net\/congo-brazzaville\/sites\/51\/2023\/03\/postQueueImg_1678724084.69.jpg\",\"contentUrl\":\"https:\/\/static.africa-press.net\/congo-brazzaville\/sites\/51\/2023\/03\/postQueueImg_1678724084.69.jpg\",\"width\":1669,\"height\":768,\"caption\":\"Petites et moyennes entreprises : pr\u00e8s de 200 artisans exposent leurs \u0153uvres \u00e0 Brazzaville\"},{\"@type\":\"BreadcrumbList\",\"@id\":\"https:\/\/www.africa-press.net\/congo-brazzaville\/economie\/petites-et-moyennes-entreprises-pres-de-200-artisans-exposent-leurs-oeuvres-a-brazzaville#breadcrumb\",\"itemListElement\":[{\"@type\":\"ListItem\",\"position\":1,\"name\":\"Accueil\",\"item\":\"https:\/\/www.africa-press.net\/congo-brazzaville\/\"},{\"@type\":\"ListItem\",\"position\":2,\"name\":\"Petites et moyennes entreprises : pr\u00e8s de 200 artisans exposent leurs \u0153uvres \u00e0 Brazzaville\"}]},{\"@type\":\"WebSite\",\"@id\":\"https:\/\/www.africa-press.net\/congo-brazzaville\/#website\",\"url\":\"https:\/\/www.africa-press.net\/congo-brazzaville\/\",\"name\":\"Congo Brazzaville\",\"description\":\"Just another Africa News Agency Sites site\",\"potentialAction\":[{\"@type\":\"SearchAction\",\"target\":{\"@type\":\"EntryPoint\",\"urlTemplate\":\"https:\/\/www.africa-press.net\/congo-brazzaville\/?s={search_term_string}\"},\"query-input\":{\"@type\":\"PropertyValueSpecification\",\"valueRequired\":true,\"valueName\":\"search_term_string\"}}],\"inLanguage\":\"fr-FR\"},{\"@type\":\"Person\",\"@id\":\"https:\/\/www.africa-press.net\/congo-brazzaville\/#\/schema\/person\/2b1cf3cd81a31e3cd26889ca66d677f1\",\"name\":\"cfeditorfr\"}]}<\/script>\n<!-- \/ Yoast SEO Premium plugin. -->","yoast_head_json":{"title":"Petites et moyennes entreprises : pr\u00e8s de 200 artisans exposent leurs \u0153uvres \u00e0 Brazzaville - Congo Brazzaville","description":"L\u2019ouverture de l\u2019exposition-vente des produits artisanaux a eu lieu le 13 mars a\u0300 Brazzaville, dans le cadre de la de ...","robots":{"index":"index","follow":"follow","max-snippet":"max-snippet:-1","max-image-preview":"max-image-preview:large","max-video-preview":"max-video-preview:-1"},"canonical":"https:\/\/www.africa-press.net\/congo-brazzaville\/economie\/petites-et-moyennes-entreprises-pres-de-200-artisans-exposent-leurs-oeuvres-a-brazzaville","og_locale":"fr_FR","og_type":"article","og_title":"Petites et moyennes entreprises : pr\u00e8s de 200 artisans exposent leurs \u0153uvres \u00e0 Brazzaville","og_description":"L\u2019ouverture de l\u2019exposition-vente des produits artisanaux a eu lieu le 13 mars a\u0300 Brazzaville, dans le cadre de la de ...","og_url":"https:\/\/www.africa-press.net\/congo-brazzaville\/economie\/petites-et-moyennes-entreprises-pres-de-200-artisans-exposent-leurs-oeuvres-a-brazzaville","og_site_name":"Congo Brazzaville","article_published_time":"2023-03-13T19:44:22+00:00","article_modified_time":"2023-03-13T20:37:18+00:00","og_image":[{"width":1669,"height":768,"url":"https:\/\/static.africa-press.net\/congo-brazzaville\/sites\/51\/2023\/03\/postQueueImg_1678724084.69.jpg","type":"image\/jpeg"}],"author":"cfeditorfr","twitter_card":"summary_large_image","twitter_misc":{"\u00c9crit par":"cfeditorfr","Dur\u00e9e de lecture estim\u00e9e":"2 minutes"},"schema":{"@context":"https:\/\/schema.org","@graph":[{"@type":"Article","@id":"https:\/\/www.africa-press.net\/congo-brazzaville\/economie\/petites-et-moyennes-entreprises-pres-de-200-artisans-exposent-leurs-oeuvres-a-brazzaville#article","isPartOf":{"@id":"https:\/\/www.africa-press.net\/congo-brazzaville\/economie\/petites-et-moyennes-entreprises-pres-de-200-artisans-exposent-leurs-oeuvres-a-brazzaville"},"author":{"name":"cfeditorfr","@id":"https:\/\/www.africa-press.net\/congo-brazzaville\/#\/schema\/person\/2b1cf3cd81a31e3cd26889ca66d677f1"},"headline":"Petites et moyennes entreprises : pr\u00e8s de 200 artisans exposent leurs \u0153uvres \u00e0 Brazzaville","datePublished":"2023-03-13T19:44:22+00:00","dateModified":"2023-03-13T20:37:18+00:00","mainEntityOfPage":{"@id":"https:\/\/www.africa-press.net\/congo-brazzaville\/economie\/petites-et-moyennes-entreprises-pres-de-200-artisans-exposent-leurs-oeuvres-a-brazzaville"},"wordCount":439,"commentCount":0,"image":{"@id":"https:\/\/www.africa-press.net\/congo-brazzaville\/economie\/petites-et-moyennes-entreprises-pres-de-200-artisans-exposent-leurs-oeuvres-a-brazzaville#primaryimage"},"thumbnailUrl":"https:\/\/static.africa-press.net\/congo-brazzaville\/sites\/51\/2023\/03\/postQueueImg_1678724084.69.jpg","keywords":["Africa Press","Africa Press-Congo Brazzaville","Congo Brazzaville"],"articleSection":["\u00c9conomie","Toutes les actualit\u00e9s"],"inLanguage":"fr-FR","potentialAction":[{"@type":"CommentAction","name":"Comment","target":["https:\/\/www.africa-press.net\/congo-brazzaville\/economie\/petites-et-moyennes-entreprises-pres-de-200-artisans-exposent-leurs-oeuvres-a-brazzaville#respond"]}]},{"@type":"WebPage","@id":"https:\/\/www.africa-press.net\/congo-brazzaville\/economie\/petites-et-moyennes-entreprises-pres-de-200-artisans-exposent-leurs-oeuvres-a-brazzaville","url":"https:\/\/www.africa-press.net\/congo-brazzaville\/economie\/petites-et-moyennes-entreprises-pres-de-200-artisans-exposent-leurs-oeuvres-a-brazzaville","name":"Petites et moyennes entreprises : pr\u00e8s de 200 artisans exposent leurs \u0153uvres \u00e0 Brazzaville - Congo Brazzaville","isPartOf":{"@id":"https:\/\/www.africa-press.net\/congo-brazzaville\/#website"},"primaryImageOfPage":{"@id":"https:\/\/www.africa-press.net\/congo-brazzaville\/economie\/petites-et-moyennes-entreprises-pres-de-200-artisans-exposent-leurs-oeuvres-a-brazzaville#primaryimage"},"image":{"@id":"https:\/\/www.africa-press.net\/congo-brazzaville\/economie\/petites-et-moyennes-entreprises-pres-de-200-artisans-exposent-leurs-oeuvres-a-brazzaville#primaryimage"},"thumbnailUrl":"https:\/\/static.africa-press.net\/congo-brazzaville\/sites\/51\/2023\/03\/postQueueImg_1678724084.69.jpg","datePublished":"2023-03-13T19:44:22+00:00","dateModified":"2023-03-13T20:37:18+00:00","author":{"@id":"https:\/\/www.africa-press.net\/congo-brazzaville\/#\/schema\/person\/2b1cf3cd81a31e3cd26889ca66d677f1"},"description":"L\u2019ouverture de l\u2019exposition-vente des produits artisanaux a eu lieu le 13 mars a\u0300 Brazzaville, dans le cadre de la de ...","breadcrumb":{"@id":"https:\/\/www.africa-press.net\/congo-brazzaville\/economie\/petites-et-moyennes-entreprises-pres-de-200-artisans-exposent-leurs-oeuvres-a-brazzaville#breadcrumb"},"inLanguage":"fr-FR","potentialAction":[{"@type":"ReadAction","target":["https:\/\/www.africa-press.net\/congo-brazzaville\/economie\/petites-et-moyennes-entreprises-pres-de-200-artisans-exposent-leurs-oeuvres-a-brazzaville"]}]},{"@type":"ImageObject","inLanguage":"fr-FR","@id":"https:\/\/www.africa-press.net\/congo-brazzaville\/economie\/petites-et-moyennes-entreprises-pres-de-200-artisans-exposent-leurs-oeuvres-a-brazzaville#primaryimage","url":"https:\/\/static.africa-press.net\/congo-brazzaville\/sites\/51\/2023\/03\/postQueueImg_1678724084.69.jpg","contentUrl":"https:\/\/static.africa-press.net\/congo-brazzaville\/sites\/51\/2023\/03\/postQueueImg_1678724084.69.jpg","width":1669,"height":768,"caption":"Petites et moyennes entreprises : pr\u00e8s de 200 artisans exposent leurs \u0153uvres \u00e0 Brazzaville"},{"@type":"BreadcrumbList","@id":"https:\/\/www.africa-press.net\/congo-brazzaville\/economie\/petites-et-moyennes-entreprises-pres-de-200-artisans-exposent-leurs-oeuvres-a-brazzaville#breadcrumb","itemListElement":[{"@type":"ListItem","position":1,"name":"Accueil","item":"https:\/\/www.africa-press.net\/congo-brazzaville\/"},{"@type":"ListItem","position":2,"name":"Petites et moyennes entreprises : pr\u00e8s de 200 artisans exposent leurs \u0153uvres \u00e0 Brazzaville"}]},{"@type":"WebSite","@id":"https:\/\/www.africa-press.net\/congo-brazzaville\/#website","url":"https:\/\/www.africa-press.net\/congo-brazzaville\/","name":"Congo Brazzaville","description":"Just another Africa News Agency Sites site","potentialAction":[{"@type":"SearchAction","target":{"@type":"EntryPoint","urlTemplate":"https:\/\/www.africa-press.net\/congo-brazzaville\/?s={search_term_string}"},"query-input":{"@type":"PropertyValueSpecification","valueRequired":true,"valueName":"search_term_string"}}],"inLanguage":"fr-FR"},{"@type":"Person","@id":"https:\/\/www.africa-press.net\/congo-brazzaville\/#\/schema\/person\/2b1cf3cd81a31e3cd26889ca66d677f1","name":"cfeditorfr"}]}},"_links":{"self":[{"href":"https:\/\/www.africa-press.net\/congo-brazzaville\/wp-json\/wp\/v2\/posts\/15594","targetHints":{"allow":["GET"]}}],"collection":[{"href":"https:\/\/www.africa-press.net\/congo-brazzaville\/wp-json\/wp\/v2\/posts"}],"about":[{"href":"https:\/\/www.africa-press.net\/congo-brazzaville\/wp-json\/wp\/v2\/types\/post"}],"author":[{"embeddable":true,"href":"https:\/\/www.africa-press.net\/congo-brazzaville\/wp-json\/wp\/v2\/users\/82"}],"replies":[{"embeddable":true,"href":"https:\/\/www.africa-press.net\/congo-brazzaville\/wp-json\/wp\/v2\/comments?post=15594"}],"version-history":[{"count":0,"href":"https:\/\/www.africa-press.net\/congo-brazzaville\/wp-json\/wp\/v2\/posts\/15594\/revisions"}],"wp:featuredmedia":[{"embeddable":true,"href":"https:\/\/www.africa-press.net\/congo-brazzaville\/wp-json\/wp\/v2\/media\/15593"}],"wp:attachment":[{"href":"https:\/\/www.africa-press.net\/congo-brazzaville\/wp-json\/wp\/v2\/media?parent=15594"}],"wp:term":[{"taxonomy":"category","embeddable":true,"href":"https:\/\/www.africa-press.net\/congo-brazzaville\/wp-json\/wp\/v2\/categories?post=15594"},{"taxonomy":"post_tag","embeddable":true,"href":"https:\/\/www.africa-press.net\/congo-brazzaville\/wp-json\/wp\/v2\/tags?post=15594"}],"curies":[{"name":"wp","href":"https:\/\/api.w.org\/{rel}","templated":true}]}}