{"id":15599,"date":"2023-03-14T11:58:42","date_gmt":"2023-03-14T11:58:42","guid":{"rendered":"https:\/\/www.africa-press.net\/congo-brazzaville\/politique\/comifac-la-11e-session-ordinaire-du-conseil-des-ministres-souvre-ce-mardi"},"modified":"2023-03-14T12:17:15","modified_gmt":"2023-03-14T12:17:15","slug":"comifac-la-11e-session-ordinaire-du-conseil-des-ministres-souvre-ce-mardi","status":"publish","type":"post","link":"https:\/\/www.africa-press.net\/congo-brazzaville\/politique\/comifac-la-11e-session-ordinaire-du-conseil-des-ministres-souvre-ce-mardi","title":{"rendered":"Comifac : la 11e session ordinaire du Conseil des ministres s\u2019ouvre ce mardi"},"content":{"rendered":"<p><span style=\"color: #ff6600\"><strong>Africa-Press &#8211; Congo Brazzaville. <\/strong><\/span><b>La Commission des fore\u0302ts d\u2019Afrique centrale (Comifac), en collaboration avec le ministe\u0300re de l&rsquo;Environnement, de l&rsquo;Agriculture et de l\u2019Elevage du Burundi et avec l\u2019appui financier de la coope\u0301ration allemande a\u0300 travers le projet GIZ, organisent, du 14 au 17 mars a\u0300 Bujumbura, en Re\u0301publique du Burundi, la onzie\u0300me session ordinaire de son Conseil des ministres.<\/b><\/p>\n<p>La session ordinaire regroupe, comme a\u0300 l\u2019accoutume\u0301e, les ministres en charge des fore\u0302ts, de l\u2019environnement, les experts de chaque pays membre, les organisations intergouvernementales sous-re\u0301gionales, les repre\u0301sentants de la socie\u0301te\u0301 civile, du secteur prive\u0301, des partenaires au de\u0301veloppement et des bailleurs de fonds.<\/p>\n<p>Le principal objectif de cette re\u0301union est d\u2019appre\u0301cier la performance de la Comifac en examinant quelques questions prioritaires sur la vie de l\u2019institution. Cette onzie\u0300me session connai\u0302tra e\u0301galement la passation de la pre\u0301sidence du Conseil des ministres entre le Burundi et le Cameroun.<\/p>\n<p>Notons que la re\u0301union se de\u0301roule en deux parties : du 14 au 17 mars pour les experts et un segment ministe\u0301riel le 17 mars.<\/p>\n<p>La Comifac est une organisation internationale sous-re\u0301gionale reconnue pour son ro\u0302le dans l\u2019inte\u0301gration en matie\u0300re de conservation ainsi que de gestion durable et concerte\u0301e des e\u0301cosyste\u0300mes forestiers. Elle fait partie des institutions a\u0300 l\u2019e\u0301che\u0300le plane\u0301taire qui \u0153uvrent pour la promotion du droit des peuples a\u0300 compter sur les ressources forestie\u0300res pour soutenir leurs efforts de de\u0301veloppement e\u0301conomique et social.<\/p>\n<p>Cette organisation est ne\u0301e de la mate\u0301rialisation des engagements souscrits en mars 1999 dans la \u00ab De\u0301claration de Yaounde\u0301 \u00bb par les chefs d\u2019Etat d\u2019Afrique centrale. Elle regroupe en son sein onze pays membres de la sous-re\u0301gion : Angola, Burundi, Cameroun, Congo, Gabon, Guine\u0301e e\u0301quatoriale, Re\u0301publique centrafricaine, Re\u0301publique de\u0301mocratique du Congo, Rwanda, Sao Tome\u0301-et-Principe enfin le Tchad, partageant un he\u0301ritage naturel commun.<\/p>\n<p>L\u2019institution s\u2019investit pour que la voix de l\u2019Afrique centrale soit mieux entendue et ses positions de\u0301fendues sur les tribunes ou\u0300 les questions forestie\u0300res et environnementales sont de\u0301battues. La Comifac agit e\u0301galement au quotidien afin que ses pays membres se dotent et mettent en \u0153uvre des politiques forestie\u0300res et environnementales harmonise\u0301es en vue de la conservation et de la gestion durable des ressources forestie\u0300res.<\/p>\n<p><strong>Pour plus d&rsquo;informations et d&rsquo;analyses sur la <a href=\"https:\/\/www.africa-press.net\/congo-brazzaville\">Congo Brazzaville<\/a>, suivez <a href=\"https:\/\/www.africa-press.net\/\">Africa-Press<\/a><\/strong><\/p>\n","protected":false},"excerpt":{"rendered":"<p>Africa-Press &#8211; Congo Brazzaville. La Commission des fore\u0302ts d\u2019Afrique centrale (Comifac), en collaboration avec le ministe\u0300re de l&rsquo;Environnement, de l&rsquo;Agriculture et de l\u2019Elevage du Burundi et avec l\u2019appui financier de la coope\u0301ration allemande a\u0300 travers le projet GIZ, organisent, du 14 au 17 mars a\u0300 Bujumbura, en Re\u0301publique du Burundi, la onzie\u0300me session ordinaire de [&hellip;]<\/p>\n","protected":false},"author":82,"featured_media":15597,"comment_status":"open","ping_status":"closed","sticky":false,"template":"","format":"standard","meta":{"footnotes":""},"categories":[2,10],"tags":[36,47,46],"class_list":["post-15599","post","type-post","status-publish","format-standard","has-post-thumbnail","hentry","category-politique","category-toutes-les-actualites","tag-africa-press","tag-africa-press-congo-brazzaville","tag-congo-brazzaville"],"yoast_head":"<!-- This site is optimized with the Yoast SEO Premium plugin v26.1 (Yoast SEO v27.0) - https:\/\/yoast.com\/product\/yoast-seo-premium-wordpress\/ -->\n<title>Comifac : la 11e session ordinaire du Conseil des ministres s\u2019ouvre ce mardi - Congo Brazzaville<\/title>\n<meta name=\"description\" content=\"La Commission des fore\u0302ts d\u2019Afrique centrale (Comifac), en collaboration avec le ministe\u0300re de l&#039;Environnement, de l&#039; ...\" \/>\n<meta name=\"robots\" content=\"index, follow, max-snippet:-1, max-image-preview:large, max-video-preview:-1\" \/>\n<link rel=\"canonical\" href=\"https:\/\/www.africa-press.net\/congo-brazzaville\/politique\/comifac-la-11e-session-ordinaire-du-conseil-des-ministres-souvre-ce-mardi\" \/>\n<meta property=\"og:locale\" content=\"fr_FR\" \/>\n<meta property=\"og:type\" content=\"article\" \/>\n<meta property=\"og:title\" content=\"Comifac : la 11e session ordinaire du Conseil des ministres s\u2019ouvre ce mardi\" \/>\n<meta property=\"og:description\" content=\"La Commission des fore\u0302ts d\u2019Afrique centrale (Comifac), en collaboration avec le ministe\u0300re de l&#039;Environnement, de l&#039; ...\" \/>\n<meta property=\"og:url\" content=\"https:\/\/www.africa-press.net\/congo-brazzaville\/politique\/comifac-la-11e-session-ordinaire-du-conseil-des-ministres-souvre-ce-mardi\" \/>\n<meta property=\"og:site_name\" content=\"Congo Brazzaville\" \/>\n<meta property=\"article:published_time\" content=\"2023-03-14T11:58:42+00:00\" \/>\n<meta property=\"article:modified_time\" content=\"2023-03-14T12:17:15+00:00\" \/>\n<meta property=\"og:image\" content=\"https:\/\/static.africa-press.net\/congo-brazzaville\/sites\/51\/2023\/03\/postQueueImg_1678782530.17.jpg\" \/>\n\t<meta property=\"og:image:width\" content=\"720\" \/>\n\t<meta property=\"og:image:height\" content=\"404\" \/>\n\t<meta property=\"og:image:type\" content=\"image\/jpeg\" \/>\n<meta name=\"author\" content=\"cfeditorfr\" \/>\n<meta name=\"twitter:card\" content=\"summary_large_image\" \/>\n<meta name=\"twitter:label1\" content=\"\u00c9crit par\" \/>\n\t<meta name=\"twitter:data1\" content=\"cfeditorfr\" \/>\n\t<meta name=\"twitter:label2\" content=\"Dur\u00e9e de lecture estim\u00e9e\" \/>\n\t<meta name=\"twitter:data2\" content=\"2 minutes\" \/>\n<script type=\"application\/ld+json\" class=\"yoast-schema-graph\">{\"@context\":\"https:\/\/schema.org\",\"@graph\":[{\"@type\":\"Article\",\"@id\":\"https:\/\/www.africa-press.net\/congo-brazzaville\/politique\/comifac-la-11e-session-ordinaire-du-conseil-des-ministres-souvre-ce-mardi#article\",\"isPartOf\":{\"@id\":\"https:\/\/www.africa-press.net\/congo-brazzaville\/politique\/comifac-la-11e-session-ordinaire-du-conseil-des-ministres-souvre-ce-mardi\"},\"author\":{\"name\":\"cfeditorfr\",\"@id\":\"https:\/\/www.africa-press.net\/congo-brazzaville\/#\/schema\/person\/2b1cf3cd81a31e3cd26889ca66d677f1\"},\"headline\":\"Comifac : la 11e session ordinaire du Conseil des ministres s\u2019ouvre ce mardi\",\"datePublished\":\"2023-03-14T11:58:42+00:00\",\"dateModified\":\"2023-03-14T12:17:15+00:00\",\"mainEntityOfPage\":{\"@id\":\"https:\/\/www.africa-press.net\/congo-brazzaville\/politique\/comifac-la-11e-session-ordinaire-du-conseil-des-ministres-souvre-ce-mardi\"},\"wordCount\":437,\"commentCount\":0,\"image\":{\"@id\":\"https:\/\/www.africa-press.net\/congo-brazzaville\/politique\/comifac-la-11e-session-ordinaire-du-conseil-des-ministres-souvre-ce-mardi#primaryimage\"},\"thumbnailUrl\":\"https:\/\/static.africa-press.net\/congo-brazzaville\/sites\/51\/2023\/03\/postQueueImg_1678782530.17.jpg\",\"keywords\":[\"Africa Press\",\"Africa Press-Congo Brazzaville\",\"Congo Brazzaville\"],\"articleSection\":[\"Politique\",\"Toutes les actualit\u00e9s\"],\"inLanguage\":\"fr-FR\",\"potentialAction\":[{\"@type\":\"CommentAction\",\"name\":\"Comment\",\"target\":[\"https:\/\/www.africa-press.net\/congo-brazzaville\/politique\/comifac-la-11e-session-ordinaire-du-conseil-des-ministres-souvre-ce-mardi#respond\"]}]},{\"@type\":\"WebPage\",\"@id\":\"https:\/\/www.africa-press.net\/congo-brazzaville\/politique\/comifac-la-11e-session-ordinaire-du-conseil-des-ministres-souvre-ce-mardi\",\"url\":\"https:\/\/www.africa-press.net\/congo-brazzaville\/politique\/comifac-la-11e-session-ordinaire-du-conseil-des-ministres-souvre-ce-mardi\",\"name\":\"Comifac : la 11e session ordinaire du Conseil des ministres s\u2019ouvre ce mardi - Congo Brazzaville\",\"isPartOf\":{\"@id\":\"https:\/\/www.africa-press.net\/congo-brazzaville\/#website\"},\"primaryImageOfPage\":{\"@id\":\"https:\/\/www.africa-press.net\/congo-brazzaville\/politique\/comifac-la-11e-session-ordinaire-du-conseil-des-ministres-souvre-ce-mardi#primaryimage\"},\"image\":{\"@id\":\"https:\/\/www.africa-press.net\/congo-brazzaville\/politique\/comifac-la-11e-session-ordinaire-du-conseil-des-ministres-souvre-ce-mardi#primaryimage\"},\"thumbnailUrl\":\"https:\/\/static.africa-press.net\/congo-brazzaville\/sites\/51\/2023\/03\/postQueueImg_1678782530.17.jpg\",\"datePublished\":\"2023-03-14T11:58:42+00:00\",\"dateModified\":\"2023-03-14T12:17:15+00:00\",\"author\":{\"@id\":\"https:\/\/www.africa-press.net\/congo-brazzaville\/#\/schema\/person\/2b1cf3cd81a31e3cd26889ca66d677f1\"},\"description\":\"La Commission des fore\u0302ts d\u2019Afrique centrale (Comifac), en collaboration avec le ministe\u0300re de l'Environnement, de l' ...\",\"breadcrumb\":{\"@id\":\"https:\/\/www.africa-press.net\/congo-brazzaville\/politique\/comifac-la-11e-session-ordinaire-du-conseil-des-ministres-souvre-ce-mardi#breadcrumb\"},\"inLanguage\":\"fr-FR\",\"potentialAction\":[{\"@type\":\"ReadAction\",\"target\":[\"https:\/\/www.africa-press.net\/congo-brazzaville\/politique\/comifac-la-11e-session-ordinaire-du-conseil-des-ministres-souvre-ce-mardi\"]}]},{\"@type\":\"ImageObject\",\"inLanguage\":\"fr-FR\",\"@id\":\"https:\/\/www.africa-press.net\/congo-brazzaville\/politique\/comifac-la-11e-session-ordinaire-du-conseil-des-ministres-souvre-ce-mardi#primaryimage\",\"url\":\"https:\/\/static.africa-press.net\/congo-brazzaville\/sites\/51\/2023\/03\/postQueueImg_1678782530.17.jpg\",\"contentUrl\":\"https:\/\/static.africa-press.net\/congo-brazzaville\/sites\/51\/2023\/03\/postQueueImg_1678782530.17.jpg\",\"width\":720,\"height\":404,\"caption\":\"Comifac : la 11e session ordinaire du Conseil des ministres s\u2019ouvre ce mardi\"},{\"@type\":\"BreadcrumbList\",\"@id\":\"https:\/\/www.africa-press.net\/congo-brazzaville\/politique\/comifac-la-11e-session-ordinaire-du-conseil-des-ministres-souvre-ce-mardi#breadcrumb\",\"itemListElement\":[{\"@type\":\"ListItem\",\"position\":1,\"name\":\"Accueil\",\"item\":\"https:\/\/www.africa-press.net\/congo-brazzaville\/\"},{\"@type\":\"ListItem\",\"position\":2,\"name\":\"Comifac : la 11e session ordinaire du Conseil des ministres s\u2019ouvre ce mardi\"}]},{\"@type\":\"WebSite\",\"@id\":\"https:\/\/www.africa-press.net\/congo-brazzaville\/#website\",\"url\":\"https:\/\/www.africa-press.net\/congo-brazzaville\/\",\"name\":\"Congo Brazzaville\",\"description\":\"Just another Africa News Agency Sites site\",\"potentialAction\":[{\"@type\":\"SearchAction\",\"target\":{\"@type\":\"EntryPoint\",\"urlTemplate\":\"https:\/\/www.africa-press.net\/congo-brazzaville\/?s={search_term_string}\"},\"query-input\":{\"@type\":\"PropertyValueSpecification\",\"valueRequired\":true,\"valueName\":\"search_term_string\"}}],\"inLanguage\":\"fr-FR\"},{\"@type\":\"Person\",\"@id\":\"https:\/\/www.africa-press.net\/congo-brazzaville\/#\/schema\/person\/2b1cf3cd81a31e3cd26889ca66d677f1\",\"name\":\"cfeditorfr\"}]}<\/script>\n<!-- \/ Yoast SEO Premium plugin. -->","yoast_head_json":{"title":"Comifac : la 11e session ordinaire du Conseil des ministres s\u2019ouvre ce mardi - Congo Brazzaville","description":"La Commission des fore\u0302ts d\u2019Afrique centrale (Comifac), en collaboration avec le ministe\u0300re de l'Environnement, de l' ...","robots":{"index":"index","follow":"follow","max-snippet":"max-snippet:-1","max-image-preview":"max-image-preview:large","max-video-preview":"max-video-preview:-1"},"canonical":"https:\/\/www.africa-press.net\/congo-brazzaville\/politique\/comifac-la-11e-session-ordinaire-du-conseil-des-ministres-souvre-ce-mardi","og_locale":"fr_FR","og_type":"article","og_title":"Comifac : la 11e session ordinaire du Conseil des ministres s\u2019ouvre ce mardi","og_description":"La Commission des fore\u0302ts d\u2019Afrique centrale (Comifac), en collaboration avec le ministe\u0300re de l'Environnement, de l' ...","og_url":"https:\/\/www.africa-press.net\/congo-brazzaville\/politique\/comifac-la-11e-session-ordinaire-du-conseil-des-ministres-souvre-ce-mardi","og_site_name":"Congo Brazzaville","article_published_time":"2023-03-14T11:58:42+00:00","article_modified_time":"2023-03-14T12:17:15+00:00","og_image":[{"width":720,"height":404,"url":"https:\/\/static.africa-press.net\/congo-brazzaville\/sites\/51\/2023\/03\/postQueueImg_1678782530.17.jpg","type":"image\/jpeg"}],"author":"cfeditorfr","twitter_card":"summary_large_image","twitter_misc":{"\u00c9crit par":"cfeditorfr","Dur\u00e9e de lecture estim\u00e9e":"2 minutes"},"schema":{"@context":"https:\/\/schema.org","@graph":[{"@type":"Article","@id":"https:\/\/www.africa-press.net\/congo-brazzaville\/politique\/comifac-la-11e-session-ordinaire-du-conseil-des-ministres-souvre-ce-mardi#article","isPartOf":{"@id":"https:\/\/www.africa-press.net\/congo-brazzaville\/politique\/comifac-la-11e-session-ordinaire-du-conseil-des-ministres-souvre-ce-mardi"},"author":{"name":"cfeditorfr","@id":"https:\/\/www.africa-press.net\/congo-brazzaville\/#\/schema\/person\/2b1cf3cd81a31e3cd26889ca66d677f1"},"headline":"Comifac : la 11e session ordinaire du Conseil des ministres s\u2019ouvre ce mardi","datePublished":"2023-03-14T11:58:42+00:00","dateModified":"2023-03-14T12:17:15+00:00","mainEntityOfPage":{"@id":"https:\/\/www.africa-press.net\/congo-brazzaville\/politique\/comifac-la-11e-session-ordinaire-du-conseil-des-ministres-souvre-ce-mardi"},"wordCount":437,"commentCount":0,"image":{"@id":"https:\/\/www.africa-press.net\/congo-brazzaville\/politique\/comifac-la-11e-session-ordinaire-du-conseil-des-ministres-souvre-ce-mardi#primaryimage"},"thumbnailUrl":"https:\/\/static.africa-press.net\/congo-brazzaville\/sites\/51\/2023\/03\/postQueueImg_1678782530.17.jpg","keywords":["Africa Press","Africa Press-Congo Brazzaville","Congo Brazzaville"],"articleSection":["Politique","Toutes les actualit\u00e9s"],"inLanguage":"fr-FR","potentialAction":[{"@type":"CommentAction","name":"Comment","target":["https:\/\/www.africa-press.net\/congo-brazzaville\/politique\/comifac-la-11e-session-ordinaire-du-conseil-des-ministres-souvre-ce-mardi#respond"]}]},{"@type":"WebPage","@id":"https:\/\/www.africa-press.net\/congo-brazzaville\/politique\/comifac-la-11e-session-ordinaire-du-conseil-des-ministres-souvre-ce-mardi","url":"https:\/\/www.africa-press.net\/congo-brazzaville\/politique\/comifac-la-11e-session-ordinaire-du-conseil-des-ministres-souvre-ce-mardi","name":"Comifac : la 11e session ordinaire du Conseil des ministres s\u2019ouvre ce mardi - Congo Brazzaville","isPartOf":{"@id":"https:\/\/www.africa-press.net\/congo-brazzaville\/#website"},"primaryImageOfPage":{"@id":"https:\/\/www.africa-press.net\/congo-brazzaville\/politique\/comifac-la-11e-session-ordinaire-du-conseil-des-ministres-souvre-ce-mardi#primaryimage"},"image":{"@id":"https:\/\/www.africa-press.net\/congo-brazzaville\/politique\/comifac-la-11e-session-ordinaire-du-conseil-des-ministres-souvre-ce-mardi#primaryimage"},"thumbnailUrl":"https:\/\/static.africa-press.net\/congo-brazzaville\/sites\/51\/2023\/03\/postQueueImg_1678782530.17.jpg","datePublished":"2023-03-14T11:58:42+00:00","dateModified":"2023-03-14T12:17:15+00:00","author":{"@id":"https:\/\/www.africa-press.net\/congo-brazzaville\/#\/schema\/person\/2b1cf3cd81a31e3cd26889ca66d677f1"},"description":"La Commission des fore\u0302ts d\u2019Afrique centrale (Comifac), en collaboration avec le ministe\u0300re de l'Environnement, de l' ...","breadcrumb":{"@id":"https:\/\/www.africa-press.net\/congo-brazzaville\/politique\/comifac-la-11e-session-ordinaire-du-conseil-des-ministres-souvre-ce-mardi#breadcrumb"},"inLanguage":"fr-FR","potentialAction":[{"@type":"ReadAction","target":["https:\/\/www.africa-press.net\/congo-brazzaville\/politique\/comifac-la-11e-session-ordinaire-du-conseil-des-ministres-souvre-ce-mardi"]}]},{"@type":"ImageObject","inLanguage":"fr-FR","@id":"https:\/\/www.africa-press.net\/congo-brazzaville\/politique\/comifac-la-11e-session-ordinaire-du-conseil-des-ministres-souvre-ce-mardi#primaryimage","url":"https:\/\/static.africa-press.net\/congo-brazzaville\/sites\/51\/2023\/03\/postQueueImg_1678782530.17.jpg","contentUrl":"https:\/\/static.africa-press.net\/congo-brazzaville\/sites\/51\/2023\/03\/postQueueImg_1678782530.17.jpg","width":720,"height":404,"caption":"Comifac : la 11e session ordinaire du Conseil des ministres s\u2019ouvre ce mardi"},{"@type":"BreadcrumbList","@id":"https:\/\/www.africa-press.net\/congo-brazzaville\/politique\/comifac-la-11e-session-ordinaire-du-conseil-des-ministres-souvre-ce-mardi#breadcrumb","itemListElement":[{"@type":"ListItem","position":1,"name":"Accueil","item":"https:\/\/www.africa-press.net\/congo-brazzaville\/"},{"@type":"ListItem","position":2,"name":"Comifac : la 11e session ordinaire du Conseil des ministres s\u2019ouvre ce mardi"}]},{"@type":"WebSite","@id":"https:\/\/www.africa-press.net\/congo-brazzaville\/#website","url":"https:\/\/www.africa-press.net\/congo-brazzaville\/","name":"Congo Brazzaville","description":"Just another Africa News Agency Sites site","potentialAction":[{"@type":"SearchAction","target":{"@type":"EntryPoint","urlTemplate":"https:\/\/www.africa-press.net\/congo-brazzaville\/?s={search_term_string}"},"query-input":{"@type":"PropertyValueSpecification","valueRequired":true,"valueName":"search_term_string"}}],"inLanguage":"fr-FR"},{"@type":"Person","@id":"https:\/\/www.africa-press.net\/congo-brazzaville\/#\/schema\/person\/2b1cf3cd81a31e3cd26889ca66d677f1","name":"cfeditorfr"}]}},"_links":{"self":[{"href":"https:\/\/www.africa-press.net\/congo-brazzaville\/wp-json\/wp\/v2\/posts\/15599","targetHints":{"allow":["GET"]}}],"collection":[{"href":"https:\/\/www.africa-press.net\/congo-brazzaville\/wp-json\/wp\/v2\/posts"}],"about":[{"href":"https:\/\/www.africa-press.net\/congo-brazzaville\/wp-json\/wp\/v2\/types\/post"}],"author":[{"embeddable":true,"href":"https:\/\/www.africa-press.net\/congo-brazzaville\/wp-json\/wp\/v2\/users\/82"}],"replies":[{"embeddable":true,"href":"https:\/\/www.africa-press.net\/congo-brazzaville\/wp-json\/wp\/v2\/comments?post=15599"}],"version-history":[{"count":0,"href":"https:\/\/www.africa-press.net\/congo-brazzaville\/wp-json\/wp\/v2\/posts\/15599\/revisions"}],"wp:featuredmedia":[{"embeddable":true,"href":"https:\/\/www.africa-press.net\/congo-brazzaville\/wp-json\/wp\/v2\/media\/15597"}],"wp:attachment":[{"href":"https:\/\/www.africa-press.net\/congo-brazzaville\/wp-json\/wp\/v2\/media?parent=15599"}],"wp:term":[{"taxonomy":"category","embeddable":true,"href":"https:\/\/www.africa-press.net\/congo-brazzaville\/wp-json\/wp\/v2\/categories?post=15599"},{"taxonomy":"post_tag","embeddable":true,"href":"https:\/\/www.africa-press.net\/congo-brazzaville\/wp-json\/wp\/v2\/tags?post=15599"}],"curies":[{"name":"wp","href":"https:\/\/api.w.org\/{rel}","templated":true}]}}