{"id":15603,"date":"2023-03-14T11:59:12","date_gmt":"2023-03-14T11:59:12","guid":{"rendered":"https:\/\/www.africa-press.net\/congo-brazzaville\/politique\/118-artisans-exposent-les-produits-locaux-au-marche-de-lartisanat"},"modified":"2023-03-14T12:18:55","modified_gmt":"2023-03-14T12:18:55","slug":"118-artisans-exposent-les-produits-locaux-au-marche-de-lartisanat","status":"publish","type":"post","link":"https:\/\/www.africa-press.net\/congo-brazzaville\/culture-et-art\/118-artisans-exposent-les-produits-locaux-au-marche-de-lartisanat","title":{"rendered":"118 artisans exposent les produits locaux au march\u00e9 de l\u2019artisanat"},"content":{"rendered":"<p><span style=\"color: #ff6600\"><strong>Africa-Press &#8211; Congo Brazzaville. <\/strong><\/span><b>La directrice ge\u0301ne\u0301rale de l\u2019Agence nationale de l\u2019artisanat, Mireille Opa a re\u0301ve\u0301le\u0301 le 13 mars a\u0300 Brazzaville que, l\u2019ouverture de la 2e\u0300me E\u0301dition du marche\u0301 de l\u2019artisanat de Brazzaville, avait enregistre\u0301 118 artisans venus de plusieurs pays.<\/b><\/p>\n<p>\u00ab La particularite\u0301 de cette 2e\u0300me E\u0301dition du marche\u0301 de l\u2019artisanat de Brazzaville c\u2019est d\u2019avoir enregistre\u0301 118 artisans contre 50 l\u2019an dernier dans 30 corps de me\u0301tiers. Ce nombre croissant des participants inclus ceux venus des pays e\u0301trangers notamment de l\u2019Inde, du Se\u0301ne\u0301gal, du Benin et du Ghana a favorise\u0301 l\u2019extension conside\u0301rable du site abritant ce marche\u0301 artisanal \u00bb, a fait la directrice ge\u0301ne\u0301rale de l\u2019agence nationale de l\u2019artisanat Mireille Opa, a\u0300 l\u2019ouverture de la 2e\u0300me e\u0301dition du marche\u0301 de l\u2019artisanat de Brazzaville.<\/p>\n<p>A cette foire de l\u2019artisanat, on trouve des artisans spe\u0301cialise\u0301s dans la bijouterie, la me\u0301canique, l\u2019e\u0301lectronique, la chaudronnerie, la cordonnerie, la soudure, la sculpture, la transformation agro-alimentaire, le cosme\u0301tique et l\u2019habillement.<\/p>\n<p>Pour le directeur de cabinet de la ministre des Petites et moyennes entreprises et de l\u2019artisanat Bienvenu Lucien Nkende, l\u2019artisanat se veut e\u0302tre un secteur pourvoyeur d\u2019emploi pour les jeunes, mais aussi un cadre de promotion des entrepreneurs et des produits locaux.<\/p>\n<p>\u00ab Nous devons prote\u0301ger, valoriser et transmettre cet ensemble des savoir-faire exceptionnels, parce que l\u2019artisanat est une e\u0301conomie qui offre aux jeunes a\u0300 la recherche d\u2019emplois, de solides formations, de vrais me\u0301tiers, de ve\u0301ritables carrie\u0300res, des revenus su\u0302rs, donc des opportunite\u0301s d\u2019e\u0301panouissement ou d\u2019e\u0301mancipation. J\u2019invite donc les Brazzavillois et Brazzavilloise a\u0300 visiter nombreux ce marche\u0301 \u00bb, a-t-il affirme\u0301.<\/p>\n<p>La 2e\u0300me E\u0301dition du marche\u0301 de l\u2019artisanat de Brazzaville pre\u0301vue du 13 au 18 mars prochain, a e\u0301te\u0301 place\u0301e sous le the\u0300me \u00ab L\u2019artisanat tremplin pour l\u2019e\u0301closion d\u2019un secteur prive\u0301 national dynamique \u00bb.<\/p>\n<p><strong>Pour plus d&rsquo;informations et d&rsquo;analyses sur la <a href=\"https:\/\/www.africa-press.net\/congo-brazzaville\">Congo Brazzaville<\/a>, suivez <a href=\"https:\/\/www.africa-press.net\/\">Africa-Press<\/a><\/strong><\/p>\n","protected":false},"excerpt":{"rendered":"<p>Africa-Press &#8211; Congo Brazzaville. La directrice ge\u0301ne\u0301rale de l\u2019Agence nationale de l\u2019artisanat, Mireille Opa a re\u0301ve\u0301le\u0301 le 13 mars a\u0300 Brazzaville que, l\u2019ouverture de la 2e\u0300me E\u0301dition du marche\u0301 de l\u2019artisanat de Brazzaville, avait enregistre\u0301 118 artisans venus de plusieurs pays. \u00ab La particularite\u0301 de cette 2e\u0300me E\u0301dition du marche\u0301 de l\u2019artisanat de Brazzaville c\u2019est [&hellip;]<\/p>\n","protected":false},"author":82,"featured_media":15602,"comment_status":"open","ping_status":"closed","sticky":false,"template":"","format":"standard","meta":{"footnotes":""},"categories":[5,10],"tags":[36,47,46],"class_list":["post-15603","post","type-post","status-publish","format-standard","has-post-thumbnail","hentry","category-culture-et-art","category-toutes-les-actualites","tag-africa-press","tag-africa-press-congo-brazzaville","tag-congo-brazzaville"],"yoast_head":"<!-- This site is optimized with the Yoast SEO Premium plugin v26.1 (Yoast SEO v27.0) - https:\/\/yoast.com\/product\/yoast-seo-premium-wordpress\/ -->\n<title>118 artisans exposent les produits locaux au march\u00e9 de l\u2019artisanat - Congo Brazzaville<\/title>\n<meta name=\"description\" content=\"La directrice ge\u0301ne\u0301rale de l\u2019Agence nationale de l\u2019artisanat, Mireille Opa a re\u0301ve\u0301le\u0301 le 13 mars a\u0300 Brazzaville que ...\" \/>\n<meta name=\"robots\" content=\"index, follow, max-snippet:-1, max-image-preview:large, max-video-preview:-1\" \/>\n<link rel=\"canonical\" href=\"https:\/\/www.africa-press.net\/congo-brazzaville\/culture-et-art\/118-artisans-exposent-les-produits-locaux-au-marche-de-lartisanat\" \/>\n<meta property=\"og:locale\" content=\"fr_FR\" \/>\n<meta property=\"og:type\" content=\"article\" \/>\n<meta property=\"og:title\" content=\"118 artisans exposent les produits locaux au march\u00e9 de l\u2019artisanat\" \/>\n<meta property=\"og:description\" content=\"La directrice ge\u0301ne\u0301rale de l\u2019Agence nationale de l\u2019artisanat, Mireille Opa a re\u0301ve\u0301le\u0301 le 13 mars a\u0300 Brazzaville que ...\" \/>\n<meta property=\"og:url\" content=\"https:\/\/www.africa-press.net\/congo-brazzaville\/culture-et-art\/118-artisans-exposent-les-produits-locaux-au-marche-de-lartisanat\" \/>\n<meta property=\"og:site_name\" content=\"Congo Brazzaville\" \/>\n<meta property=\"article:published_time\" content=\"2023-03-14T11:59:12+00:00\" \/>\n<meta property=\"article:modified_time\" content=\"2023-03-14T12:18:55+00:00\" \/>\n<meta property=\"og:image\" content=\"https:\/\/static.africa-press.net\/congo-brazzaville\/sites\/51\/2023\/03\/postQueueImg_1678782566.27.jpg\" \/>\n\t<meta property=\"og:image:width\" content=\"749\" \/>\n\t<meta property=\"og:image:height\" content=\"434\" \/>\n\t<meta property=\"og:image:type\" content=\"image\/jpeg\" \/>\n<meta name=\"author\" content=\"cfeditorfr\" \/>\n<meta name=\"twitter:card\" content=\"summary_large_image\" \/>\n<meta name=\"twitter:label1\" content=\"\u00c9crit par\" \/>\n\t<meta name=\"twitter:data1\" content=\"cfeditorfr\" \/>\n\t<meta name=\"twitter:label2\" content=\"Dur\u00e9e de lecture estim\u00e9e\" \/>\n\t<meta name=\"twitter:data2\" content=\"2 minutes\" \/>\n<script type=\"application\/ld+json\" class=\"yoast-schema-graph\">{\"@context\":\"https:\/\/schema.org\",\"@graph\":[{\"@type\":\"Article\",\"@id\":\"https:\/\/www.africa-press.net\/congo-brazzaville\/culture-et-art\/118-artisans-exposent-les-produits-locaux-au-marche-de-lartisanat#article\",\"isPartOf\":{\"@id\":\"https:\/\/www.africa-press.net\/congo-brazzaville\/culture-et-art\/118-artisans-exposent-les-produits-locaux-au-marche-de-lartisanat\"},\"author\":{\"name\":\"cfeditorfr\",\"@id\":\"https:\/\/www.africa-press.net\/congo-brazzaville\/#\/schema\/person\/2b1cf3cd81a31e3cd26889ca66d677f1\"},\"headline\":\"118 artisans exposent les produits locaux au march\u00e9 de l\u2019artisanat\",\"datePublished\":\"2023-03-14T11:59:12+00:00\",\"dateModified\":\"2023-03-14T12:18:55+00:00\",\"mainEntityOfPage\":{\"@id\":\"https:\/\/www.africa-press.net\/congo-brazzaville\/culture-et-art\/118-artisans-exposent-les-produits-locaux-au-marche-de-lartisanat\"},\"wordCount\":366,\"commentCount\":0,\"image\":{\"@id\":\"https:\/\/www.africa-press.net\/congo-brazzaville\/culture-et-art\/118-artisans-exposent-les-produits-locaux-au-marche-de-lartisanat#primaryimage\"},\"thumbnailUrl\":\"https:\/\/static.africa-press.net\/congo-brazzaville\/sites\/51\/2023\/03\/postQueueImg_1678782566.27.jpg\",\"keywords\":[\"Africa Press\",\"Africa Press-Congo Brazzaville\",\"Congo Brazzaville\"],\"articleSection\":[\"Culture et Art\",\"Toutes les actualit\u00e9s\"],\"inLanguage\":\"fr-FR\",\"potentialAction\":[{\"@type\":\"CommentAction\",\"name\":\"Comment\",\"target\":[\"https:\/\/www.africa-press.net\/congo-brazzaville\/culture-et-art\/118-artisans-exposent-les-produits-locaux-au-marche-de-lartisanat#respond\"]}]},{\"@type\":\"WebPage\",\"@id\":\"https:\/\/www.africa-press.net\/congo-brazzaville\/culture-et-art\/118-artisans-exposent-les-produits-locaux-au-marche-de-lartisanat\",\"url\":\"https:\/\/www.africa-press.net\/congo-brazzaville\/culture-et-art\/118-artisans-exposent-les-produits-locaux-au-marche-de-lartisanat\",\"name\":\"118 artisans exposent les produits locaux au march\u00e9 de l\u2019artisanat - Congo Brazzaville\",\"isPartOf\":{\"@id\":\"https:\/\/www.africa-press.net\/congo-brazzaville\/#website\"},\"primaryImageOfPage\":{\"@id\":\"https:\/\/www.africa-press.net\/congo-brazzaville\/culture-et-art\/118-artisans-exposent-les-produits-locaux-au-marche-de-lartisanat#primaryimage\"},\"image\":{\"@id\":\"https:\/\/www.africa-press.net\/congo-brazzaville\/culture-et-art\/118-artisans-exposent-les-produits-locaux-au-marche-de-lartisanat#primaryimage\"},\"thumbnailUrl\":\"https:\/\/static.africa-press.net\/congo-brazzaville\/sites\/51\/2023\/03\/postQueueImg_1678782566.27.jpg\",\"datePublished\":\"2023-03-14T11:59:12+00:00\",\"dateModified\":\"2023-03-14T12:18:55+00:00\",\"author\":{\"@id\":\"https:\/\/www.africa-press.net\/congo-brazzaville\/#\/schema\/person\/2b1cf3cd81a31e3cd26889ca66d677f1\"},\"description\":\"La directrice ge\u0301ne\u0301rale de l\u2019Agence nationale de l\u2019artisanat, Mireille Opa a re\u0301ve\u0301le\u0301 le 13 mars a\u0300 Brazzaville que ...\",\"breadcrumb\":{\"@id\":\"https:\/\/www.africa-press.net\/congo-brazzaville\/culture-et-art\/118-artisans-exposent-les-produits-locaux-au-marche-de-lartisanat#breadcrumb\"},\"inLanguage\":\"fr-FR\",\"potentialAction\":[{\"@type\":\"ReadAction\",\"target\":[\"https:\/\/www.africa-press.net\/congo-brazzaville\/culture-et-art\/118-artisans-exposent-les-produits-locaux-au-marche-de-lartisanat\"]}]},{\"@type\":\"ImageObject\",\"inLanguage\":\"fr-FR\",\"@id\":\"https:\/\/www.africa-press.net\/congo-brazzaville\/culture-et-art\/118-artisans-exposent-les-produits-locaux-au-marche-de-lartisanat#primaryimage\",\"url\":\"https:\/\/static.africa-press.net\/congo-brazzaville\/sites\/51\/2023\/03\/postQueueImg_1678782566.27.jpg\",\"contentUrl\":\"https:\/\/static.africa-press.net\/congo-brazzaville\/sites\/51\/2023\/03\/postQueueImg_1678782566.27.jpg\",\"width\":749,\"height\":434,\"caption\":\"118 artisans exposent les produits locaux au march\u00e9 de l\u2019artisanat\"},{\"@type\":\"BreadcrumbList\",\"@id\":\"https:\/\/www.africa-press.net\/congo-brazzaville\/culture-et-art\/118-artisans-exposent-les-produits-locaux-au-marche-de-lartisanat#breadcrumb\",\"itemListElement\":[{\"@type\":\"ListItem\",\"position\":1,\"name\":\"Accueil\",\"item\":\"https:\/\/www.africa-press.net\/congo-brazzaville\/\"},{\"@type\":\"ListItem\",\"position\":2,\"name\":\"118 artisans exposent les produits locaux au march\u00e9 de l\u2019artisanat\"}]},{\"@type\":\"WebSite\",\"@id\":\"https:\/\/www.africa-press.net\/congo-brazzaville\/#website\",\"url\":\"https:\/\/www.africa-press.net\/congo-brazzaville\/\",\"name\":\"Congo Brazzaville\",\"description\":\"Just another Africa News Agency Sites site\",\"potentialAction\":[{\"@type\":\"SearchAction\",\"target\":{\"@type\":\"EntryPoint\",\"urlTemplate\":\"https:\/\/www.africa-press.net\/congo-brazzaville\/?s={search_term_string}\"},\"query-input\":{\"@type\":\"PropertyValueSpecification\",\"valueRequired\":true,\"valueName\":\"search_term_string\"}}],\"inLanguage\":\"fr-FR\"},{\"@type\":\"Person\",\"@id\":\"https:\/\/www.africa-press.net\/congo-brazzaville\/#\/schema\/person\/2b1cf3cd81a31e3cd26889ca66d677f1\",\"name\":\"cfeditorfr\"}]}<\/script>\n<!-- \/ Yoast SEO Premium plugin. -->","yoast_head_json":{"title":"118 artisans exposent les produits locaux au march\u00e9 de l\u2019artisanat - Congo Brazzaville","description":"La directrice ge\u0301ne\u0301rale de l\u2019Agence nationale de l\u2019artisanat, Mireille Opa a re\u0301ve\u0301le\u0301 le 13 mars a\u0300 Brazzaville que ...","robots":{"index":"index","follow":"follow","max-snippet":"max-snippet:-1","max-image-preview":"max-image-preview:large","max-video-preview":"max-video-preview:-1"},"canonical":"https:\/\/www.africa-press.net\/congo-brazzaville\/culture-et-art\/118-artisans-exposent-les-produits-locaux-au-marche-de-lartisanat","og_locale":"fr_FR","og_type":"article","og_title":"118 artisans exposent les produits locaux au march\u00e9 de l\u2019artisanat","og_description":"La directrice ge\u0301ne\u0301rale de l\u2019Agence nationale de l\u2019artisanat, Mireille Opa a re\u0301ve\u0301le\u0301 le 13 mars a\u0300 Brazzaville que ...","og_url":"https:\/\/www.africa-press.net\/congo-brazzaville\/culture-et-art\/118-artisans-exposent-les-produits-locaux-au-marche-de-lartisanat","og_site_name":"Congo Brazzaville","article_published_time":"2023-03-14T11:59:12+00:00","article_modified_time":"2023-03-14T12:18:55+00:00","og_image":[{"width":749,"height":434,"url":"https:\/\/static.africa-press.net\/congo-brazzaville\/sites\/51\/2023\/03\/postQueueImg_1678782566.27.jpg","type":"image\/jpeg"}],"author":"cfeditorfr","twitter_card":"summary_large_image","twitter_misc":{"\u00c9crit par":"cfeditorfr","Dur\u00e9e de lecture estim\u00e9e":"2 minutes"},"schema":{"@context":"https:\/\/schema.org","@graph":[{"@type":"Article","@id":"https:\/\/www.africa-press.net\/congo-brazzaville\/culture-et-art\/118-artisans-exposent-les-produits-locaux-au-marche-de-lartisanat#article","isPartOf":{"@id":"https:\/\/www.africa-press.net\/congo-brazzaville\/culture-et-art\/118-artisans-exposent-les-produits-locaux-au-marche-de-lartisanat"},"author":{"name":"cfeditorfr","@id":"https:\/\/www.africa-press.net\/congo-brazzaville\/#\/schema\/person\/2b1cf3cd81a31e3cd26889ca66d677f1"},"headline":"118 artisans exposent les produits locaux au march\u00e9 de l\u2019artisanat","datePublished":"2023-03-14T11:59:12+00:00","dateModified":"2023-03-14T12:18:55+00:00","mainEntityOfPage":{"@id":"https:\/\/www.africa-press.net\/congo-brazzaville\/culture-et-art\/118-artisans-exposent-les-produits-locaux-au-marche-de-lartisanat"},"wordCount":366,"commentCount":0,"image":{"@id":"https:\/\/www.africa-press.net\/congo-brazzaville\/culture-et-art\/118-artisans-exposent-les-produits-locaux-au-marche-de-lartisanat#primaryimage"},"thumbnailUrl":"https:\/\/static.africa-press.net\/congo-brazzaville\/sites\/51\/2023\/03\/postQueueImg_1678782566.27.jpg","keywords":["Africa Press","Africa Press-Congo Brazzaville","Congo Brazzaville"],"articleSection":["Culture et Art","Toutes les actualit\u00e9s"],"inLanguage":"fr-FR","potentialAction":[{"@type":"CommentAction","name":"Comment","target":["https:\/\/www.africa-press.net\/congo-brazzaville\/culture-et-art\/118-artisans-exposent-les-produits-locaux-au-marche-de-lartisanat#respond"]}]},{"@type":"WebPage","@id":"https:\/\/www.africa-press.net\/congo-brazzaville\/culture-et-art\/118-artisans-exposent-les-produits-locaux-au-marche-de-lartisanat","url":"https:\/\/www.africa-press.net\/congo-brazzaville\/culture-et-art\/118-artisans-exposent-les-produits-locaux-au-marche-de-lartisanat","name":"118 artisans exposent les produits locaux au march\u00e9 de l\u2019artisanat - Congo Brazzaville","isPartOf":{"@id":"https:\/\/www.africa-press.net\/congo-brazzaville\/#website"},"primaryImageOfPage":{"@id":"https:\/\/www.africa-press.net\/congo-brazzaville\/culture-et-art\/118-artisans-exposent-les-produits-locaux-au-marche-de-lartisanat#primaryimage"},"image":{"@id":"https:\/\/www.africa-press.net\/congo-brazzaville\/culture-et-art\/118-artisans-exposent-les-produits-locaux-au-marche-de-lartisanat#primaryimage"},"thumbnailUrl":"https:\/\/static.africa-press.net\/congo-brazzaville\/sites\/51\/2023\/03\/postQueueImg_1678782566.27.jpg","datePublished":"2023-03-14T11:59:12+00:00","dateModified":"2023-03-14T12:18:55+00:00","author":{"@id":"https:\/\/www.africa-press.net\/congo-brazzaville\/#\/schema\/person\/2b1cf3cd81a31e3cd26889ca66d677f1"},"description":"La directrice ge\u0301ne\u0301rale de l\u2019Agence nationale de l\u2019artisanat, Mireille Opa a re\u0301ve\u0301le\u0301 le 13 mars a\u0300 Brazzaville que ...","breadcrumb":{"@id":"https:\/\/www.africa-press.net\/congo-brazzaville\/culture-et-art\/118-artisans-exposent-les-produits-locaux-au-marche-de-lartisanat#breadcrumb"},"inLanguage":"fr-FR","potentialAction":[{"@type":"ReadAction","target":["https:\/\/www.africa-press.net\/congo-brazzaville\/culture-et-art\/118-artisans-exposent-les-produits-locaux-au-marche-de-lartisanat"]}]},{"@type":"ImageObject","inLanguage":"fr-FR","@id":"https:\/\/www.africa-press.net\/congo-brazzaville\/culture-et-art\/118-artisans-exposent-les-produits-locaux-au-marche-de-lartisanat#primaryimage","url":"https:\/\/static.africa-press.net\/congo-brazzaville\/sites\/51\/2023\/03\/postQueueImg_1678782566.27.jpg","contentUrl":"https:\/\/static.africa-press.net\/congo-brazzaville\/sites\/51\/2023\/03\/postQueueImg_1678782566.27.jpg","width":749,"height":434,"caption":"118 artisans exposent les produits locaux au march\u00e9 de l\u2019artisanat"},{"@type":"BreadcrumbList","@id":"https:\/\/www.africa-press.net\/congo-brazzaville\/culture-et-art\/118-artisans-exposent-les-produits-locaux-au-marche-de-lartisanat#breadcrumb","itemListElement":[{"@type":"ListItem","position":1,"name":"Accueil","item":"https:\/\/www.africa-press.net\/congo-brazzaville\/"},{"@type":"ListItem","position":2,"name":"118 artisans exposent les produits locaux au march\u00e9 de l\u2019artisanat"}]},{"@type":"WebSite","@id":"https:\/\/www.africa-press.net\/congo-brazzaville\/#website","url":"https:\/\/www.africa-press.net\/congo-brazzaville\/","name":"Congo Brazzaville","description":"Just another Africa News Agency Sites site","potentialAction":[{"@type":"SearchAction","target":{"@type":"EntryPoint","urlTemplate":"https:\/\/www.africa-press.net\/congo-brazzaville\/?s={search_term_string}"},"query-input":{"@type":"PropertyValueSpecification","valueRequired":true,"valueName":"search_term_string"}}],"inLanguage":"fr-FR"},{"@type":"Person","@id":"https:\/\/www.africa-press.net\/congo-brazzaville\/#\/schema\/person\/2b1cf3cd81a31e3cd26889ca66d677f1","name":"cfeditorfr"}]}},"_links":{"self":[{"href":"https:\/\/www.africa-press.net\/congo-brazzaville\/wp-json\/wp\/v2\/posts\/15603","targetHints":{"allow":["GET"]}}],"collection":[{"href":"https:\/\/www.africa-press.net\/congo-brazzaville\/wp-json\/wp\/v2\/posts"}],"about":[{"href":"https:\/\/www.africa-press.net\/congo-brazzaville\/wp-json\/wp\/v2\/types\/post"}],"author":[{"embeddable":true,"href":"https:\/\/www.africa-press.net\/congo-brazzaville\/wp-json\/wp\/v2\/users\/82"}],"replies":[{"embeddable":true,"href":"https:\/\/www.africa-press.net\/congo-brazzaville\/wp-json\/wp\/v2\/comments?post=15603"}],"version-history":[{"count":0,"href":"https:\/\/www.africa-press.net\/congo-brazzaville\/wp-json\/wp\/v2\/posts\/15603\/revisions"}],"wp:featuredmedia":[{"embeddable":true,"href":"https:\/\/www.africa-press.net\/congo-brazzaville\/wp-json\/wp\/v2\/media\/15602"}],"wp:attachment":[{"href":"https:\/\/www.africa-press.net\/congo-brazzaville\/wp-json\/wp\/v2\/media?parent=15603"}],"wp:term":[{"taxonomy":"category","embeddable":true,"href":"https:\/\/www.africa-press.net\/congo-brazzaville\/wp-json\/wp\/v2\/categories?post=15603"},{"taxonomy":"post_tag","embeddable":true,"href":"https:\/\/www.africa-press.net\/congo-brazzaville\/wp-json\/wp\/v2\/tags?post=15603"}],"curies":[{"name":"wp","href":"https:\/\/api.w.org\/{rel}","templated":true}]}}