{"id":15621,"date":"2023-03-14T18:12:40","date_gmt":"2023-03-14T18:12:40","guid":{"rendered":"https:\/\/www.africa-press.net\/congo-brazzaville\/politique\/phenomene-bebes-noirs-conscientiser-les-jeunes-a-travers-la-chanson"},"modified":"2023-03-14T19:18:10","modified_gmt":"2023-03-14T19:18:10","slug":"phenomene-bebes-noirs-conscientiser-les-jeunes-a-travers-la-chanson","status":"publish","type":"post","link":"https:\/\/www.africa-press.net\/congo-brazzaville\/politique\/phenomene-bebes-noirs-conscientiser-les-jeunes-a-travers-la-chanson","title":{"rendered":"Ph\u00e9nom\u00e8ne b\u00e9b\u00e9s noirs : conscientiser les jeunes \u00e0 travers la chanson"},"content":{"rendered":"<p><span style=\"color: #ff6600\"><strong>Africa-Press &#8211; Congo Brazzaville. <\/strong><\/span><b>La dynamique \u00ab\u00a0Po na ekolo, Samu na bwala\u00a0\u00bb, va lancer sous peu une campagne populaire de sensibilisation a\u0300 la de\u0301linquance juve\u0301nile. Dans la perspective, l\u2019association a signe\u0301 re\u0301cemment a\u0300 Brazzaville un contrat de production d\u2019une chanson avec un groupe d\u2019artistes, devant servir pour e\u0301difier la jeunesse.<\/b><\/p>\n<p>Le contrat de production de la chanson a e\u0301te\u0301 paraphe\u0301 en pre\u0301sence du coordonnateur ge\u0301ne\u0301ral de \u00ab\u00a0Po na ekolo\u00a0\u00bb, Digne Elvis Tsalissan Okombi. Il vise l\u2019enregistrement et la production, par un groupe de jeunes artistes congolais, d\u2019un single spe\u0301cial devant servir a\u0300 la dynamique de bien conscientiser la jeunesse lors de sa campagne.<\/p>\n<p>\u00ab Le Congo traverse une pe\u0301riode de turbulence, caracte\u0301rise\u0301e par une violence urbaine ine\u0301dite. La ce\u0301re\u0301monie qui nous re\u0301unit ce matin marque la signature d\u2019un contrat de production d\u2019une chanson populaire devant servir a\u0300 la dynamique \u00ab\u00a0Po na ekolo\u00a0\u00bb de conscientiser les jeunes dans les douze de\u0301partements \u00bb, a souligne\u0301 Maleckeck Makhalba, l\u2019un des artistes ayant signe\u0301 le contrat.<\/p>\n<p>Le 26 fe\u0301vrier dernier, lors de la clo\u0302ture du seizie\u0300me comite\u0301 directeur de \u00ab\u00a0Po na ekolo,, Digne Elvis Tsalissan Okombi avait souligne\u0301 que la campagne populaire sera lance\u0301e dans un premier temps a\u0300 Brazzaville et Pointe-Noire, les deux agglome\u0301rations dont le banditisme urbain grimpe de manie\u0300re exponentielle. Ensuite, la sensibilisation va s\u2019e\u0301tendre progressivement dans les autres de\u0301partements. En initiant cette campagne de conscientisation au civisme, l\u2019objectif vise\u0301 par la dynamique \u00ab\u00a0Po na ekolo\u00a0\u00bb est de chercher a\u0300 ramener ces jeunes de\u0301linquants de\u0301s\u0153uvre\u0301s a\u0300 la raison afin qu\u2019ils deviennent des citoyens mode\u0300les, capables de contribuer au de\u0301veloppement du Congo.<\/p>\n<p><strong>Pour plus d&rsquo;informations et d&rsquo;analyses sur la <a href=\"https:\/\/www.africa-press.net\/congo-brazzaville\">Congo Brazzaville<\/a>, suivez <a href=\"https:\/\/www.africa-press.net\/\">Africa-Press<\/a><\/strong><\/p>\n","protected":false},"excerpt":{"rendered":"<p>Africa-Press &#8211; Congo Brazzaville. La dynamique \u00ab\u00a0Po na ekolo, Samu na bwala\u00a0\u00bb, va lancer sous peu une campagne populaire de sensibilisation a\u0300 la de\u0301linquance juve\u0301nile. Dans la perspective, l\u2019association a signe\u0301 re\u0301cemment a\u0300 Brazzaville un contrat de production d\u2019une chanson avec un groupe d\u2019artistes, devant servir pour e\u0301difier la jeunesse. Le contrat de production de [&hellip;]<\/p>\n","protected":false},"author":82,"featured_media":15620,"comment_status":"open","ping_status":"closed","sticky":false,"template":"","format":"standard","meta":{"footnotes":""},"categories":[2,10],"tags":[36,47,46],"class_list":["post-15621","post","type-post","status-publish","format-standard","has-post-thumbnail","hentry","category-politique","category-toutes-les-actualites","tag-africa-press","tag-africa-press-congo-brazzaville","tag-congo-brazzaville"],"yoast_head":"<!-- This site is optimized with the Yoast SEO Premium plugin v26.1 (Yoast SEO v27.0) - https:\/\/yoast.com\/product\/yoast-seo-premium-wordpress\/ -->\n<title>Ph\u00e9nom\u00e8ne b\u00e9b\u00e9s noirs : conscientiser les jeunes \u00e0 travers la chanson - Congo Brazzaville<\/title>\n<meta name=\"description\" content=\"La dynamique &quot;Po na ekolo, Samu na bwala&quot;, va lancer sous peu une campagne populaire de sensibilisation a\u0300 la de\u0301linq ...\" \/>\n<meta name=\"robots\" content=\"index, follow, max-snippet:-1, max-image-preview:large, max-video-preview:-1\" \/>\n<link rel=\"canonical\" href=\"https:\/\/www.africa-press.net\/congo-brazzaville\/politique\/phenomene-bebes-noirs-conscientiser-les-jeunes-a-travers-la-chanson\" \/>\n<meta property=\"og:locale\" content=\"fr_FR\" \/>\n<meta property=\"og:type\" content=\"article\" \/>\n<meta property=\"og:title\" content=\"Ph\u00e9nom\u00e8ne b\u00e9b\u00e9s noirs : conscientiser les jeunes \u00e0 travers la chanson\" \/>\n<meta property=\"og:description\" content=\"La dynamique &quot;Po na ekolo, Samu na bwala&quot;, va lancer sous peu une campagne populaire de sensibilisation a\u0300 la de\u0301linq ...\" \/>\n<meta property=\"og:url\" content=\"https:\/\/www.africa-press.net\/congo-brazzaville\/politique\/phenomene-bebes-noirs-conscientiser-les-jeunes-a-travers-la-chanson\" \/>\n<meta property=\"og:site_name\" content=\"Congo Brazzaville\" \/>\n<meta property=\"article:published_time\" content=\"2023-03-14T18:12:40+00:00\" \/>\n<meta property=\"article:modified_time\" content=\"2023-03-14T19:18:10+00:00\" \/>\n<meta property=\"og:image\" content=\"https:\/\/static.africa-press.net\/congo-brazzaville\/sites\/51\/2023\/03\/postQueueImg_1678804965.15.jpg\" \/>\n\t<meta property=\"og:image:width\" content=\"1365\" \/>\n\t<meta property=\"og:image:height\" content=\"768\" \/>\n\t<meta property=\"og:image:type\" content=\"image\/jpeg\" \/>\n<meta name=\"author\" content=\"cfeditorfr\" \/>\n<meta name=\"twitter:card\" content=\"summary_large_image\" \/>\n<meta name=\"twitter:label1\" content=\"\u00c9crit par\" \/>\n\t<meta name=\"twitter:data1\" content=\"cfeditorfr\" \/>\n\t<meta name=\"twitter:label2\" content=\"Dur\u00e9e de lecture estim\u00e9e\" \/>\n\t<meta name=\"twitter:data2\" content=\"2 minutes\" \/>\n<script type=\"application\/ld+json\" class=\"yoast-schema-graph\">{\"@context\":\"https:\/\/schema.org\",\"@graph\":[{\"@type\":\"Article\",\"@id\":\"https:\/\/www.africa-press.net\/congo-brazzaville\/politique\/phenomene-bebes-noirs-conscientiser-les-jeunes-a-travers-la-chanson#article\",\"isPartOf\":{\"@id\":\"https:\/\/www.africa-press.net\/congo-brazzaville\/politique\/phenomene-bebes-noirs-conscientiser-les-jeunes-a-travers-la-chanson\"},\"author\":{\"name\":\"cfeditorfr\",\"@id\":\"https:\/\/www.africa-press.net\/congo-brazzaville\/#\/schema\/person\/2b1cf3cd81a31e3cd26889ca66d677f1\"},\"headline\":\"Ph\u00e9nom\u00e8ne b\u00e9b\u00e9s noirs : conscientiser les jeunes \u00e0 travers la chanson\",\"datePublished\":\"2023-03-14T18:12:40+00:00\",\"dateModified\":\"2023-03-14T19:18:10+00:00\",\"mainEntityOfPage\":{\"@id\":\"https:\/\/www.africa-press.net\/congo-brazzaville\/politique\/phenomene-bebes-noirs-conscientiser-les-jeunes-a-travers-la-chanson\"},\"wordCount\":325,\"commentCount\":0,\"image\":{\"@id\":\"https:\/\/www.africa-press.net\/congo-brazzaville\/politique\/phenomene-bebes-noirs-conscientiser-les-jeunes-a-travers-la-chanson#primaryimage\"},\"thumbnailUrl\":\"https:\/\/static.africa-press.net\/congo-brazzaville\/sites\/51\/2023\/03\/postQueueImg_1678804965.15.jpg\",\"keywords\":[\"Africa Press\",\"Africa Press-Congo Brazzaville\",\"Congo Brazzaville\"],\"articleSection\":[\"Politique\",\"Toutes les actualit\u00e9s\"],\"inLanguage\":\"fr-FR\",\"potentialAction\":[{\"@type\":\"CommentAction\",\"name\":\"Comment\",\"target\":[\"https:\/\/www.africa-press.net\/congo-brazzaville\/politique\/phenomene-bebes-noirs-conscientiser-les-jeunes-a-travers-la-chanson#respond\"]}]},{\"@type\":\"WebPage\",\"@id\":\"https:\/\/www.africa-press.net\/congo-brazzaville\/politique\/phenomene-bebes-noirs-conscientiser-les-jeunes-a-travers-la-chanson\",\"url\":\"https:\/\/www.africa-press.net\/congo-brazzaville\/politique\/phenomene-bebes-noirs-conscientiser-les-jeunes-a-travers-la-chanson\",\"name\":\"Ph\u00e9nom\u00e8ne b\u00e9b\u00e9s noirs : conscientiser les jeunes \u00e0 travers la chanson - Congo Brazzaville\",\"isPartOf\":{\"@id\":\"https:\/\/www.africa-press.net\/congo-brazzaville\/#website\"},\"primaryImageOfPage\":{\"@id\":\"https:\/\/www.africa-press.net\/congo-brazzaville\/politique\/phenomene-bebes-noirs-conscientiser-les-jeunes-a-travers-la-chanson#primaryimage\"},\"image\":{\"@id\":\"https:\/\/www.africa-press.net\/congo-brazzaville\/politique\/phenomene-bebes-noirs-conscientiser-les-jeunes-a-travers-la-chanson#primaryimage\"},\"thumbnailUrl\":\"https:\/\/static.africa-press.net\/congo-brazzaville\/sites\/51\/2023\/03\/postQueueImg_1678804965.15.jpg\",\"datePublished\":\"2023-03-14T18:12:40+00:00\",\"dateModified\":\"2023-03-14T19:18:10+00:00\",\"author\":{\"@id\":\"https:\/\/www.africa-press.net\/congo-brazzaville\/#\/schema\/person\/2b1cf3cd81a31e3cd26889ca66d677f1\"},\"description\":\"La dynamique \\\"Po na ekolo, Samu na bwala\\\", va lancer sous peu une campagne populaire de sensibilisation a\u0300 la de\u0301linq ...\",\"breadcrumb\":{\"@id\":\"https:\/\/www.africa-press.net\/congo-brazzaville\/politique\/phenomene-bebes-noirs-conscientiser-les-jeunes-a-travers-la-chanson#breadcrumb\"},\"inLanguage\":\"fr-FR\",\"potentialAction\":[{\"@type\":\"ReadAction\",\"target\":[\"https:\/\/www.africa-press.net\/congo-brazzaville\/politique\/phenomene-bebes-noirs-conscientiser-les-jeunes-a-travers-la-chanson\"]}]},{\"@type\":\"ImageObject\",\"inLanguage\":\"fr-FR\",\"@id\":\"https:\/\/www.africa-press.net\/congo-brazzaville\/politique\/phenomene-bebes-noirs-conscientiser-les-jeunes-a-travers-la-chanson#primaryimage\",\"url\":\"https:\/\/static.africa-press.net\/congo-brazzaville\/sites\/51\/2023\/03\/postQueueImg_1678804965.15.jpg\",\"contentUrl\":\"https:\/\/static.africa-press.net\/congo-brazzaville\/sites\/51\/2023\/03\/postQueueImg_1678804965.15.jpg\",\"width\":1365,\"height\":768,\"caption\":\"Ph\u00e9nom\u00e8ne b\u00e9b\u00e9s noirs : conscientiser les jeunes \u00e0 travers la chanson\"},{\"@type\":\"BreadcrumbList\",\"@id\":\"https:\/\/www.africa-press.net\/congo-brazzaville\/politique\/phenomene-bebes-noirs-conscientiser-les-jeunes-a-travers-la-chanson#breadcrumb\",\"itemListElement\":[{\"@type\":\"ListItem\",\"position\":1,\"name\":\"Accueil\",\"item\":\"https:\/\/www.africa-press.net\/congo-brazzaville\/\"},{\"@type\":\"ListItem\",\"position\":2,\"name\":\"Ph\u00e9nom\u00e8ne b\u00e9b\u00e9s noirs : conscientiser les jeunes \u00e0 travers la chanson\"}]},{\"@type\":\"WebSite\",\"@id\":\"https:\/\/www.africa-press.net\/congo-brazzaville\/#website\",\"url\":\"https:\/\/www.africa-press.net\/congo-brazzaville\/\",\"name\":\"Congo Brazzaville\",\"description\":\"Just another Africa News Agency Sites site\",\"potentialAction\":[{\"@type\":\"SearchAction\",\"target\":{\"@type\":\"EntryPoint\",\"urlTemplate\":\"https:\/\/www.africa-press.net\/congo-brazzaville\/?s={search_term_string}\"},\"query-input\":{\"@type\":\"PropertyValueSpecification\",\"valueRequired\":true,\"valueName\":\"search_term_string\"}}],\"inLanguage\":\"fr-FR\"},{\"@type\":\"Person\",\"@id\":\"https:\/\/www.africa-press.net\/congo-brazzaville\/#\/schema\/person\/2b1cf3cd81a31e3cd26889ca66d677f1\",\"name\":\"cfeditorfr\"}]}<\/script>\n<!-- \/ Yoast SEO Premium plugin. -->","yoast_head_json":{"title":"Ph\u00e9nom\u00e8ne b\u00e9b\u00e9s noirs : conscientiser les jeunes \u00e0 travers la chanson - Congo Brazzaville","description":"La dynamique \"Po na ekolo, Samu na bwala\", va lancer sous peu une campagne populaire de sensibilisation a\u0300 la de\u0301linq ...","robots":{"index":"index","follow":"follow","max-snippet":"max-snippet:-1","max-image-preview":"max-image-preview:large","max-video-preview":"max-video-preview:-1"},"canonical":"https:\/\/www.africa-press.net\/congo-brazzaville\/politique\/phenomene-bebes-noirs-conscientiser-les-jeunes-a-travers-la-chanson","og_locale":"fr_FR","og_type":"article","og_title":"Ph\u00e9nom\u00e8ne b\u00e9b\u00e9s noirs : conscientiser les jeunes \u00e0 travers la chanson","og_description":"La dynamique \"Po na ekolo, Samu na bwala\", va lancer sous peu une campagne populaire de sensibilisation a\u0300 la de\u0301linq ...","og_url":"https:\/\/www.africa-press.net\/congo-brazzaville\/politique\/phenomene-bebes-noirs-conscientiser-les-jeunes-a-travers-la-chanson","og_site_name":"Congo Brazzaville","article_published_time":"2023-03-14T18:12:40+00:00","article_modified_time":"2023-03-14T19:18:10+00:00","og_image":[{"width":1365,"height":768,"url":"https:\/\/static.africa-press.net\/congo-brazzaville\/sites\/51\/2023\/03\/postQueueImg_1678804965.15.jpg","type":"image\/jpeg"}],"author":"cfeditorfr","twitter_card":"summary_large_image","twitter_misc":{"\u00c9crit par":"cfeditorfr","Dur\u00e9e de lecture estim\u00e9e":"2 minutes"},"schema":{"@context":"https:\/\/schema.org","@graph":[{"@type":"Article","@id":"https:\/\/www.africa-press.net\/congo-brazzaville\/politique\/phenomene-bebes-noirs-conscientiser-les-jeunes-a-travers-la-chanson#article","isPartOf":{"@id":"https:\/\/www.africa-press.net\/congo-brazzaville\/politique\/phenomene-bebes-noirs-conscientiser-les-jeunes-a-travers-la-chanson"},"author":{"name":"cfeditorfr","@id":"https:\/\/www.africa-press.net\/congo-brazzaville\/#\/schema\/person\/2b1cf3cd81a31e3cd26889ca66d677f1"},"headline":"Ph\u00e9nom\u00e8ne b\u00e9b\u00e9s noirs : conscientiser les jeunes \u00e0 travers la chanson","datePublished":"2023-03-14T18:12:40+00:00","dateModified":"2023-03-14T19:18:10+00:00","mainEntityOfPage":{"@id":"https:\/\/www.africa-press.net\/congo-brazzaville\/politique\/phenomene-bebes-noirs-conscientiser-les-jeunes-a-travers-la-chanson"},"wordCount":325,"commentCount":0,"image":{"@id":"https:\/\/www.africa-press.net\/congo-brazzaville\/politique\/phenomene-bebes-noirs-conscientiser-les-jeunes-a-travers-la-chanson#primaryimage"},"thumbnailUrl":"https:\/\/static.africa-press.net\/congo-brazzaville\/sites\/51\/2023\/03\/postQueueImg_1678804965.15.jpg","keywords":["Africa Press","Africa Press-Congo Brazzaville","Congo Brazzaville"],"articleSection":["Politique","Toutes les actualit\u00e9s"],"inLanguage":"fr-FR","potentialAction":[{"@type":"CommentAction","name":"Comment","target":["https:\/\/www.africa-press.net\/congo-brazzaville\/politique\/phenomene-bebes-noirs-conscientiser-les-jeunes-a-travers-la-chanson#respond"]}]},{"@type":"WebPage","@id":"https:\/\/www.africa-press.net\/congo-brazzaville\/politique\/phenomene-bebes-noirs-conscientiser-les-jeunes-a-travers-la-chanson","url":"https:\/\/www.africa-press.net\/congo-brazzaville\/politique\/phenomene-bebes-noirs-conscientiser-les-jeunes-a-travers-la-chanson","name":"Ph\u00e9nom\u00e8ne b\u00e9b\u00e9s noirs : conscientiser les jeunes \u00e0 travers la chanson - Congo Brazzaville","isPartOf":{"@id":"https:\/\/www.africa-press.net\/congo-brazzaville\/#website"},"primaryImageOfPage":{"@id":"https:\/\/www.africa-press.net\/congo-brazzaville\/politique\/phenomene-bebes-noirs-conscientiser-les-jeunes-a-travers-la-chanson#primaryimage"},"image":{"@id":"https:\/\/www.africa-press.net\/congo-brazzaville\/politique\/phenomene-bebes-noirs-conscientiser-les-jeunes-a-travers-la-chanson#primaryimage"},"thumbnailUrl":"https:\/\/static.africa-press.net\/congo-brazzaville\/sites\/51\/2023\/03\/postQueueImg_1678804965.15.jpg","datePublished":"2023-03-14T18:12:40+00:00","dateModified":"2023-03-14T19:18:10+00:00","author":{"@id":"https:\/\/www.africa-press.net\/congo-brazzaville\/#\/schema\/person\/2b1cf3cd81a31e3cd26889ca66d677f1"},"description":"La dynamique \"Po na ekolo, Samu na bwala\", va lancer sous peu une campagne populaire de sensibilisation a\u0300 la de\u0301linq ...","breadcrumb":{"@id":"https:\/\/www.africa-press.net\/congo-brazzaville\/politique\/phenomene-bebes-noirs-conscientiser-les-jeunes-a-travers-la-chanson#breadcrumb"},"inLanguage":"fr-FR","potentialAction":[{"@type":"ReadAction","target":["https:\/\/www.africa-press.net\/congo-brazzaville\/politique\/phenomene-bebes-noirs-conscientiser-les-jeunes-a-travers-la-chanson"]}]},{"@type":"ImageObject","inLanguage":"fr-FR","@id":"https:\/\/www.africa-press.net\/congo-brazzaville\/politique\/phenomene-bebes-noirs-conscientiser-les-jeunes-a-travers-la-chanson#primaryimage","url":"https:\/\/static.africa-press.net\/congo-brazzaville\/sites\/51\/2023\/03\/postQueueImg_1678804965.15.jpg","contentUrl":"https:\/\/static.africa-press.net\/congo-brazzaville\/sites\/51\/2023\/03\/postQueueImg_1678804965.15.jpg","width":1365,"height":768,"caption":"Ph\u00e9nom\u00e8ne b\u00e9b\u00e9s noirs : conscientiser les jeunes \u00e0 travers la chanson"},{"@type":"BreadcrumbList","@id":"https:\/\/www.africa-press.net\/congo-brazzaville\/politique\/phenomene-bebes-noirs-conscientiser-les-jeunes-a-travers-la-chanson#breadcrumb","itemListElement":[{"@type":"ListItem","position":1,"name":"Accueil","item":"https:\/\/www.africa-press.net\/congo-brazzaville\/"},{"@type":"ListItem","position":2,"name":"Ph\u00e9nom\u00e8ne b\u00e9b\u00e9s noirs : conscientiser les jeunes \u00e0 travers la chanson"}]},{"@type":"WebSite","@id":"https:\/\/www.africa-press.net\/congo-brazzaville\/#website","url":"https:\/\/www.africa-press.net\/congo-brazzaville\/","name":"Congo Brazzaville","description":"Just another Africa News Agency Sites site","potentialAction":[{"@type":"SearchAction","target":{"@type":"EntryPoint","urlTemplate":"https:\/\/www.africa-press.net\/congo-brazzaville\/?s={search_term_string}"},"query-input":{"@type":"PropertyValueSpecification","valueRequired":true,"valueName":"search_term_string"}}],"inLanguage":"fr-FR"},{"@type":"Person","@id":"https:\/\/www.africa-press.net\/congo-brazzaville\/#\/schema\/person\/2b1cf3cd81a31e3cd26889ca66d677f1","name":"cfeditorfr"}]}},"_links":{"self":[{"href":"https:\/\/www.africa-press.net\/congo-brazzaville\/wp-json\/wp\/v2\/posts\/15621","targetHints":{"allow":["GET"]}}],"collection":[{"href":"https:\/\/www.africa-press.net\/congo-brazzaville\/wp-json\/wp\/v2\/posts"}],"about":[{"href":"https:\/\/www.africa-press.net\/congo-brazzaville\/wp-json\/wp\/v2\/types\/post"}],"author":[{"embeddable":true,"href":"https:\/\/www.africa-press.net\/congo-brazzaville\/wp-json\/wp\/v2\/users\/82"}],"replies":[{"embeddable":true,"href":"https:\/\/www.africa-press.net\/congo-brazzaville\/wp-json\/wp\/v2\/comments?post=15621"}],"version-history":[{"count":0,"href":"https:\/\/www.africa-press.net\/congo-brazzaville\/wp-json\/wp\/v2\/posts\/15621\/revisions"}],"wp:featuredmedia":[{"embeddable":true,"href":"https:\/\/www.africa-press.net\/congo-brazzaville\/wp-json\/wp\/v2\/media\/15620"}],"wp:attachment":[{"href":"https:\/\/www.africa-press.net\/congo-brazzaville\/wp-json\/wp\/v2\/media?parent=15621"}],"wp:term":[{"taxonomy":"category","embeddable":true,"href":"https:\/\/www.africa-press.net\/congo-brazzaville\/wp-json\/wp\/v2\/categories?post=15621"},{"taxonomy":"post_tag","embeddable":true,"href":"https:\/\/www.africa-press.net\/congo-brazzaville\/wp-json\/wp\/v2\/tags?post=15621"}],"curies":[{"name":"wp","href":"https:\/\/api.w.org\/{rel}","templated":true}]}}