{"id":15627,"date":"2023-03-14T18:12:54","date_gmt":"2023-03-14T18:12:54","guid":{"rendered":"https:\/\/www.africa-press.net\/congo-brazzaville\/politique\/assemblee-nationale-une-journee-de-partage-dexperience-sur-le-changement-des-mentalites"},"modified":"2023-03-14T19:19:02","modified_gmt":"2023-03-14T19:19:02","slug":"assemblee-nationale-une-journee-de-partage-dexperience-sur-le-changement-des-mentalites","status":"publish","type":"post","link":"https:\/\/www.africa-press.net\/congo-brazzaville\/politique\/assemblee-nationale-une-journee-de-partage-dexperience-sur-le-changement-des-mentalites","title":{"rendered":"Assembl\u00e9e nationale: une journ\u00e9e de partage d&rsquo;exp\u00e9rience sur le changement des mentalit\u00e9s"},"content":{"rendered":"<p><span style=\"color: #ff6600\"><strong>Africa-Press &#8211; Congo Brazzaville. <\/strong><\/span><b>L\u2019Assemble\u0301e nationale a organise\u0301, le 13 mars a\u0300 Brazzaville, en partenariat avec l\u2019Organisation non gouvernementale sud-core\u0301enne Youth ellowship, une journe\u0301e d\u2019e\u0301change, de sensibilisation et de partage d\u2019expe\u0301rience sur le changement des mentalite\u0301s.<\/b><\/p>\n<p>Le pre\u0301sident de l\u2019Assemble\u0301e nationale, Isidore Mvouba, a souhaite\u0301 dans son mot d&rsquo;ouverture de la rencontre la bienvenue a\u0300 la de\u0301le\u0301gation sud-core\u0301enne conduite par le Dr Park-Ock-Soo. Il a indique\u0301 que cette activite\u0301 s\u2019inscrivait dans le cadre de la poursuite du renforcement des capacite\u0301s; un moment de partage et d\u2019e\u0301changes sur les valeurs a\u0300 cultiver pour booster le de\u0301veloppement tous azimuts.<\/p>\n<p>L\u2019e\u0301ducation a\u0300 la citoyennete\u0301, a-t-il dit, est un exercice de tout temps et de tous les instants qui s\u2019adresse a\u0300 l\u2019ensemble des membres d\u2019une socie\u0301te\u0301 sans distinction de race, de croyance ou de classe sociale. \u00ab La citoyennete\u0301 consacre des valeurs de travail, d\u2019unite\u0301, de progre\u0300s de la morale, du civisme, de la solidarite\u0301 qui appellent respect d\u2019autrui, tole\u0301rance mutuelle et liberte\u0301 de conscience \u00bb, a explique\u0301 le pre\u0301sident de l\u2019Assemble\u0301e nationale.<\/p>\n<p>Quant au premier secre\u0301taire de cette institution, Fernand Sabaye, il a estime\u0301 qu\u2019a\u0300 la base du de\u0301veloppement il y a d\u2019abord les pre\u0301occupations de conscience.<\/p>\n<p>\u00ab D\u2019ou\u0300 la ne\u0301cessite\u0301 d\u2019organiser cette session sur le changement des mentalite\u0301s. L\u2019expe\u0301rience sud-core\u0301enne nous montre que c\u2019est par la prise de conscience effective que le de\u0301veloppement suit \u00bb, a souligne\u0301 ce dernier avant d\u2019ajouter que la Core\u0301e du Sud, avec un produit inte\u0301rieur brut infe\u0301rieur a\u0300 celui du Ghana a\u0300 l&rsquo;e\u0301poque des inde\u0301pendances africaines, est aujourd\u2019hui la 11e puissance e\u0301conomique du monde. Cela tient, a-t-il dit, a\u0300 une prise de conscience et un changement des mentalite\u0301s.<\/p>\n<p>S\u2019adressant a\u0300 son tour a\u0300 l\u2019assistance, le Dr Park-Ock-Soo a signifie\u0301 qu\u2019outre l\u2019e\u0301ducation civique qu\u2019il faut inculquer aux jeunes ge\u0301ne\u0301rations pour le changement des mentalite\u0301s, la cre\u0301ation des e\u0301coles de formation s\u2019impose aussi. Il a souligne\u0301 que c\u2019est surtout a\u0300 l\u2019e\u0301cole ou\u0300 l\u2019on insiste sur certaines valeurs morales et e\u0301thiques pour l\u2019e\u0301panouissement de l\u2019e\u0302tre humain.<\/p>\n<p>A propos, il a re\u0301ite\u0301re\u0301 la disponibilite\u0301 de son pays a\u0300 recevoir des jeunes congolais dans les e\u0301coles de formation et me\u0302me d\u2019en cre\u0301er au Congo. Pour illustrer le parcours de la Core\u0301e du Sud dans son de\u0301veloppement, des extraits de films ont e\u0301te\u0301 projete\u0301s montrant le cheminement de ce pays. Le de\u0301veloppement de la Core\u0301e du Sud se doit en grande partie au changement des mentalite\u0301s depuis les temps fe\u0301odaux, selon le Dr Park-Ock-Soo.<\/p>\n<p><strong>Pour plus d&rsquo;informations et d&rsquo;analyses sur la <a href=\"https:\/\/www.africa-press.net\/congo-brazzaville\">Congo Brazzaville<\/a>, suivez <a href=\"https:\/\/www.africa-press.net\/\">Africa-Press<\/a><\/strong><\/p>\n","protected":false},"excerpt":{"rendered":"<p>Africa-Press &#8211; Congo Brazzaville. L\u2019Assemble\u0301e nationale a organise\u0301, le 13 mars a\u0300 Brazzaville, en partenariat avec l\u2019Organisation non gouvernementale sud-core\u0301enne Youth ellowship, une journe\u0301e d\u2019e\u0301change, de sensibilisation et de partage d\u2019expe\u0301rience sur le changement des mentalite\u0301s. Le pre\u0301sident de l\u2019Assemble\u0301e nationale, Isidore Mvouba, a souhaite\u0301 dans son mot d&rsquo;ouverture de la rencontre la bienvenue a\u0300 [&hellip;]<\/p>\n","protected":false},"author":82,"featured_media":15625,"comment_status":"open","ping_status":"closed","sticky":false,"template":"","format":"standard","meta":{"footnotes":""},"categories":[2,20,10],"tags":[36,47,46],"class_list":["post-15627","post","type-post","status-publish","format-standard","has-post-thumbnail","hentry","category-politique","category-top-nouvelles","category-toutes-les-actualites","tag-africa-press","tag-africa-press-congo-brazzaville","tag-congo-brazzaville"],"yoast_head":"<!-- This site is optimized with the Yoast SEO Premium plugin v26.1 (Yoast SEO v27.0) - https:\/\/yoast.com\/product\/yoast-seo-premium-wordpress\/ -->\n<title>Assembl\u00e9e nationale: une journ\u00e9e de partage d&#039;exp\u00e9rience sur le changement des mentalit\u00e9s - Congo Brazzaville<\/title>\n<meta name=\"description\" content=\"L\u2019Assemble\u0301e nationale a organise\u0301, le 13 mars a\u0300 Brazzaville, en partenariat avec l\u2019Organisation non gouvernementale ...\" \/>\n<meta name=\"robots\" content=\"index, follow, max-snippet:-1, max-image-preview:large, max-video-preview:-1\" \/>\n<link rel=\"canonical\" href=\"https:\/\/www.africa-press.net\/congo-brazzaville\/politique\/assemblee-nationale-une-journee-de-partage-dexperience-sur-le-changement-des-mentalites\" \/>\n<meta property=\"og:locale\" content=\"fr_FR\" \/>\n<meta property=\"og:type\" content=\"article\" \/>\n<meta property=\"og:title\" content=\"Assembl\u00e9e nationale: une journ\u00e9e de partage d&#039;exp\u00e9rience sur le changement des mentalit\u00e9s\" \/>\n<meta property=\"og:description\" content=\"L\u2019Assemble\u0301e nationale a organise\u0301, le 13 mars a\u0300 Brazzaville, en partenariat avec l\u2019Organisation non gouvernementale ...\" \/>\n<meta property=\"og:url\" content=\"https:\/\/www.africa-press.net\/congo-brazzaville\/politique\/assemblee-nationale-une-journee-de-partage-dexperience-sur-le-changement-des-mentalites\" \/>\n<meta property=\"og:site_name\" content=\"Congo Brazzaville\" \/>\n<meta property=\"article:published_time\" content=\"2023-03-14T18:12:54+00:00\" \/>\n<meta property=\"article:modified_time\" content=\"2023-03-14T19:19:02+00:00\" \/>\n<meta property=\"og:image\" content=\"https:\/\/static.africa-press.net\/congo-brazzaville\/sites\/51\/2023\/03\/postQueueImg_1678805005.64.jpg\" \/>\n\t<meta property=\"og:image:width\" content=\"1024\" \/>\n\t<meta property=\"og:image:height\" content=\"768\" \/>\n\t<meta property=\"og:image:type\" content=\"image\/jpeg\" \/>\n<meta name=\"author\" content=\"cfeditorfr\" \/>\n<meta name=\"twitter:card\" content=\"summary_large_image\" \/>\n<meta name=\"twitter:label1\" content=\"\u00c9crit par\" \/>\n\t<meta name=\"twitter:data1\" content=\"cfeditorfr\" \/>\n\t<meta name=\"twitter:label2\" content=\"Dur\u00e9e de lecture estim\u00e9e\" \/>\n\t<meta name=\"twitter:data2\" content=\"3 minutes\" \/>\n<script type=\"application\/ld+json\" class=\"yoast-schema-graph\">{\"@context\":\"https:\/\/schema.org\",\"@graph\":[{\"@type\":\"Article\",\"@id\":\"https:\/\/www.africa-press.net\/congo-brazzaville\/politique\/assemblee-nationale-une-journee-de-partage-dexperience-sur-le-changement-des-mentalites#article\",\"isPartOf\":{\"@id\":\"https:\/\/www.africa-press.net\/congo-brazzaville\/politique\/assemblee-nationale-une-journee-de-partage-dexperience-sur-le-changement-des-mentalites\"},\"author\":{\"name\":\"cfeditorfr\",\"@id\":\"https:\/\/www.africa-press.net\/congo-brazzaville\/#\/schema\/person\/2b1cf3cd81a31e3cd26889ca66d677f1\"},\"headline\":\"Assembl\u00e9e nationale: une journ\u00e9e de partage d&rsquo;exp\u00e9rience sur le changement des mentalit\u00e9s\",\"datePublished\":\"2023-03-14T18:12:54+00:00\",\"dateModified\":\"2023-03-14T19:19:02+00:00\",\"mainEntityOfPage\":{\"@id\":\"https:\/\/www.africa-press.net\/congo-brazzaville\/politique\/assemblee-nationale-une-journee-de-partage-dexperience-sur-le-changement-des-mentalites\"},\"wordCount\":520,\"commentCount\":0,\"image\":{\"@id\":\"https:\/\/www.africa-press.net\/congo-brazzaville\/politique\/assemblee-nationale-une-journee-de-partage-dexperience-sur-le-changement-des-mentalites#primaryimage\"},\"thumbnailUrl\":\"https:\/\/static.africa-press.net\/congo-brazzaville\/sites\/51\/2023\/03\/postQueueImg_1678805005.64.jpg\",\"keywords\":[\"Africa Press\",\"Africa Press-Congo Brazzaville\",\"Congo Brazzaville\"],\"articleSection\":[\"Politique\",\"Top Nouvelles\",\"Toutes les actualit\u00e9s\"],\"inLanguage\":\"fr-FR\",\"potentialAction\":[{\"@type\":\"CommentAction\",\"name\":\"Comment\",\"target\":[\"https:\/\/www.africa-press.net\/congo-brazzaville\/politique\/assemblee-nationale-une-journee-de-partage-dexperience-sur-le-changement-des-mentalites#respond\"]}]},{\"@type\":\"WebPage\",\"@id\":\"https:\/\/www.africa-press.net\/congo-brazzaville\/politique\/assemblee-nationale-une-journee-de-partage-dexperience-sur-le-changement-des-mentalites\",\"url\":\"https:\/\/www.africa-press.net\/congo-brazzaville\/politique\/assemblee-nationale-une-journee-de-partage-dexperience-sur-le-changement-des-mentalites\",\"name\":\"Assembl\u00e9e nationale: une journ\u00e9e de partage d'exp\u00e9rience sur le changement des mentalit\u00e9s - Congo Brazzaville\",\"isPartOf\":{\"@id\":\"https:\/\/www.africa-press.net\/congo-brazzaville\/#website\"},\"primaryImageOfPage\":{\"@id\":\"https:\/\/www.africa-press.net\/congo-brazzaville\/politique\/assemblee-nationale-une-journee-de-partage-dexperience-sur-le-changement-des-mentalites#primaryimage\"},\"image\":{\"@id\":\"https:\/\/www.africa-press.net\/congo-brazzaville\/politique\/assemblee-nationale-une-journee-de-partage-dexperience-sur-le-changement-des-mentalites#primaryimage\"},\"thumbnailUrl\":\"https:\/\/static.africa-press.net\/congo-brazzaville\/sites\/51\/2023\/03\/postQueueImg_1678805005.64.jpg\",\"datePublished\":\"2023-03-14T18:12:54+00:00\",\"dateModified\":\"2023-03-14T19:19:02+00:00\",\"author\":{\"@id\":\"https:\/\/www.africa-press.net\/congo-brazzaville\/#\/schema\/person\/2b1cf3cd81a31e3cd26889ca66d677f1\"},\"description\":\"L\u2019Assemble\u0301e nationale a organise\u0301, le 13 mars a\u0300 Brazzaville, en partenariat avec l\u2019Organisation non gouvernementale ...\",\"breadcrumb\":{\"@id\":\"https:\/\/www.africa-press.net\/congo-brazzaville\/politique\/assemblee-nationale-une-journee-de-partage-dexperience-sur-le-changement-des-mentalites#breadcrumb\"},\"inLanguage\":\"fr-FR\",\"potentialAction\":[{\"@type\":\"ReadAction\",\"target\":[\"https:\/\/www.africa-press.net\/congo-brazzaville\/politique\/assemblee-nationale-une-journee-de-partage-dexperience-sur-le-changement-des-mentalites\"]}]},{\"@type\":\"ImageObject\",\"inLanguage\":\"fr-FR\",\"@id\":\"https:\/\/www.africa-press.net\/congo-brazzaville\/politique\/assemblee-nationale-une-journee-de-partage-dexperience-sur-le-changement-des-mentalites#primaryimage\",\"url\":\"https:\/\/static.africa-press.net\/congo-brazzaville\/sites\/51\/2023\/03\/postQueueImg_1678805005.64.jpg\",\"contentUrl\":\"https:\/\/static.africa-press.net\/congo-brazzaville\/sites\/51\/2023\/03\/postQueueImg_1678805005.64.jpg\",\"width\":1024,\"height\":768,\"caption\":\"Assembl\u00e9e nationale: une journ\u00e9e de partage d'exp\u00e9rience sur le changement des mentalit\u00e9s\"},{\"@type\":\"BreadcrumbList\",\"@id\":\"https:\/\/www.africa-press.net\/congo-brazzaville\/politique\/assemblee-nationale-une-journee-de-partage-dexperience-sur-le-changement-des-mentalites#breadcrumb\",\"itemListElement\":[{\"@type\":\"ListItem\",\"position\":1,\"name\":\"Accueil\",\"item\":\"https:\/\/www.africa-press.net\/congo-brazzaville\/\"},{\"@type\":\"ListItem\",\"position\":2,\"name\":\"Assembl\u00e9e nationale: une journ\u00e9e de partage d&rsquo;exp\u00e9rience sur le changement des mentalit\u00e9s\"}]},{\"@type\":\"WebSite\",\"@id\":\"https:\/\/www.africa-press.net\/congo-brazzaville\/#website\",\"url\":\"https:\/\/www.africa-press.net\/congo-brazzaville\/\",\"name\":\"Congo Brazzaville\",\"description\":\"Just another Africa News Agency Sites site\",\"potentialAction\":[{\"@type\":\"SearchAction\",\"target\":{\"@type\":\"EntryPoint\",\"urlTemplate\":\"https:\/\/www.africa-press.net\/congo-brazzaville\/?s={search_term_string}\"},\"query-input\":{\"@type\":\"PropertyValueSpecification\",\"valueRequired\":true,\"valueName\":\"search_term_string\"}}],\"inLanguage\":\"fr-FR\"},{\"@type\":\"Person\",\"@id\":\"https:\/\/www.africa-press.net\/congo-brazzaville\/#\/schema\/person\/2b1cf3cd81a31e3cd26889ca66d677f1\",\"name\":\"cfeditorfr\"}]}<\/script>\n<!-- \/ Yoast SEO Premium plugin. -->","yoast_head_json":{"title":"Assembl\u00e9e nationale: une journ\u00e9e de partage d'exp\u00e9rience sur le changement des mentalit\u00e9s - Congo Brazzaville","description":"L\u2019Assemble\u0301e nationale a organise\u0301, le 13 mars a\u0300 Brazzaville, en partenariat avec l\u2019Organisation non gouvernementale ...","robots":{"index":"index","follow":"follow","max-snippet":"max-snippet:-1","max-image-preview":"max-image-preview:large","max-video-preview":"max-video-preview:-1"},"canonical":"https:\/\/www.africa-press.net\/congo-brazzaville\/politique\/assemblee-nationale-une-journee-de-partage-dexperience-sur-le-changement-des-mentalites","og_locale":"fr_FR","og_type":"article","og_title":"Assembl\u00e9e nationale: une journ\u00e9e de partage d'exp\u00e9rience sur le changement des mentalit\u00e9s","og_description":"L\u2019Assemble\u0301e nationale a organise\u0301, le 13 mars a\u0300 Brazzaville, en partenariat avec l\u2019Organisation non gouvernementale ...","og_url":"https:\/\/www.africa-press.net\/congo-brazzaville\/politique\/assemblee-nationale-une-journee-de-partage-dexperience-sur-le-changement-des-mentalites","og_site_name":"Congo Brazzaville","article_published_time":"2023-03-14T18:12:54+00:00","article_modified_time":"2023-03-14T19:19:02+00:00","og_image":[{"width":1024,"height":768,"url":"https:\/\/static.africa-press.net\/congo-brazzaville\/sites\/51\/2023\/03\/postQueueImg_1678805005.64.jpg","type":"image\/jpeg"}],"author":"cfeditorfr","twitter_card":"summary_large_image","twitter_misc":{"\u00c9crit par":"cfeditorfr","Dur\u00e9e de lecture estim\u00e9e":"3 minutes"},"schema":{"@context":"https:\/\/schema.org","@graph":[{"@type":"Article","@id":"https:\/\/www.africa-press.net\/congo-brazzaville\/politique\/assemblee-nationale-une-journee-de-partage-dexperience-sur-le-changement-des-mentalites#article","isPartOf":{"@id":"https:\/\/www.africa-press.net\/congo-brazzaville\/politique\/assemblee-nationale-une-journee-de-partage-dexperience-sur-le-changement-des-mentalites"},"author":{"name":"cfeditorfr","@id":"https:\/\/www.africa-press.net\/congo-brazzaville\/#\/schema\/person\/2b1cf3cd81a31e3cd26889ca66d677f1"},"headline":"Assembl\u00e9e nationale: une journ\u00e9e de partage d&rsquo;exp\u00e9rience sur le changement des mentalit\u00e9s","datePublished":"2023-03-14T18:12:54+00:00","dateModified":"2023-03-14T19:19:02+00:00","mainEntityOfPage":{"@id":"https:\/\/www.africa-press.net\/congo-brazzaville\/politique\/assemblee-nationale-une-journee-de-partage-dexperience-sur-le-changement-des-mentalites"},"wordCount":520,"commentCount":0,"image":{"@id":"https:\/\/www.africa-press.net\/congo-brazzaville\/politique\/assemblee-nationale-une-journee-de-partage-dexperience-sur-le-changement-des-mentalites#primaryimage"},"thumbnailUrl":"https:\/\/static.africa-press.net\/congo-brazzaville\/sites\/51\/2023\/03\/postQueueImg_1678805005.64.jpg","keywords":["Africa Press","Africa Press-Congo Brazzaville","Congo Brazzaville"],"articleSection":["Politique","Top Nouvelles","Toutes les actualit\u00e9s"],"inLanguage":"fr-FR","potentialAction":[{"@type":"CommentAction","name":"Comment","target":["https:\/\/www.africa-press.net\/congo-brazzaville\/politique\/assemblee-nationale-une-journee-de-partage-dexperience-sur-le-changement-des-mentalites#respond"]}]},{"@type":"WebPage","@id":"https:\/\/www.africa-press.net\/congo-brazzaville\/politique\/assemblee-nationale-une-journee-de-partage-dexperience-sur-le-changement-des-mentalites","url":"https:\/\/www.africa-press.net\/congo-brazzaville\/politique\/assemblee-nationale-une-journee-de-partage-dexperience-sur-le-changement-des-mentalites","name":"Assembl\u00e9e nationale: une journ\u00e9e de partage d'exp\u00e9rience sur le changement des mentalit\u00e9s - Congo Brazzaville","isPartOf":{"@id":"https:\/\/www.africa-press.net\/congo-brazzaville\/#website"},"primaryImageOfPage":{"@id":"https:\/\/www.africa-press.net\/congo-brazzaville\/politique\/assemblee-nationale-une-journee-de-partage-dexperience-sur-le-changement-des-mentalites#primaryimage"},"image":{"@id":"https:\/\/www.africa-press.net\/congo-brazzaville\/politique\/assemblee-nationale-une-journee-de-partage-dexperience-sur-le-changement-des-mentalites#primaryimage"},"thumbnailUrl":"https:\/\/static.africa-press.net\/congo-brazzaville\/sites\/51\/2023\/03\/postQueueImg_1678805005.64.jpg","datePublished":"2023-03-14T18:12:54+00:00","dateModified":"2023-03-14T19:19:02+00:00","author":{"@id":"https:\/\/www.africa-press.net\/congo-brazzaville\/#\/schema\/person\/2b1cf3cd81a31e3cd26889ca66d677f1"},"description":"L\u2019Assemble\u0301e nationale a organise\u0301, le 13 mars a\u0300 Brazzaville, en partenariat avec l\u2019Organisation non gouvernementale ...","breadcrumb":{"@id":"https:\/\/www.africa-press.net\/congo-brazzaville\/politique\/assemblee-nationale-une-journee-de-partage-dexperience-sur-le-changement-des-mentalites#breadcrumb"},"inLanguage":"fr-FR","potentialAction":[{"@type":"ReadAction","target":["https:\/\/www.africa-press.net\/congo-brazzaville\/politique\/assemblee-nationale-une-journee-de-partage-dexperience-sur-le-changement-des-mentalites"]}]},{"@type":"ImageObject","inLanguage":"fr-FR","@id":"https:\/\/www.africa-press.net\/congo-brazzaville\/politique\/assemblee-nationale-une-journee-de-partage-dexperience-sur-le-changement-des-mentalites#primaryimage","url":"https:\/\/static.africa-press.net\/congo-brazzaville\/sites\/51\/2023\/03\/postQueueImg_1678805005.64.jpg","contentUrl":"https:\/\/static.africa-press.net\/congo-brazzaville\/sites\/51\/2023\/03\/postQueueImg_1678805005.64.jpg","width":1024,"height":768,"caption":"Assembl\u00e9e nationale: une journ\u00e9e de partage d'exp\u00e9rience sur le changement des mentalit\u00e9s"},{"@type":"BreadcrumbList","@id":"https:\/\/www.africa-press.net\/congo-brazzaville\/politique\/assemblee-nationale-une-journee-de-partage-dexperience-sur-le-changement-des-mentalites#breadcrumb","itemListElement":[{"@type":"ListItem","position":1,"name":"Accueil","item":"https:\/\/www.africa-press.net\/congo-brazzaville\/"},{"@type":"ListItem","position":2,"name":"Assembl\u00e9e nationale: une journ\u00e9e de partage d&rsquo;exp\u00e9rience sur le changement des mentalit\u00e9s"}]},{"@type":"WebSite","@id":"https:\/\/www.africa-press.net\/congo-brazzaville\/#website","url":"https:\/\/www.africa-press.net\/congo-brazzaville\/","name":"Congo Brazzaville","description":"Just another Africa News Agency Sites site","potentialAction":[{"@type":"SearchAction","target":{"@type":"EntryPoint","urlTemplate":"https:\/\/www.africa-press.net\/congo-brazzaville\/?s={search_term_string}"},"query-input":{"@type":"PropertyValueSpecification","valueRequired":true,"valueName":"search_term_string"}}],"inLanguage":"fr-FR"},{"@type":"Person","@id":"https:\/\/www.africa-press.net\/congo-brazzaville\/#\/schema\/person\/2b1cf3cd81a31e3cd26889ca66d677f1","name":"cfeditorfr"}]}},"_links":{"self":[{"href":"https:\/\/www.africa-press.net\/congo-brazzaville\/wp-json\/wp\/v2\/posts\/15627","targetHints":{"allow":["GET"]}}],"collection":[{"href":"https:\/\/www.africa-press.net\/congo-brazzaville\/wp-json\/wp\/v2\/posts"}],"about":[{"href":"https:\/\/www.africa-press.net\/congo-brazzaville\/wp-json\/wp\/v2\/types\/post"}],"author":[{"embeddable":true,"href":"https:\/\/www.africa-press.net\/congo-brazzaville\/wp-json\/wp\/v2\/users\/82"}],"replies":[{"embeddable":true,"href":"https:\/\/www.africa-press.net\/congo-brazzaville\/wp-json\/wp\/v2\/comments?post=15627"}],"version-history":[{"count":0,"href":"https:\/\/www.africa-press.net\/congo-brazzaville\/wp-json\/wp\/v2\/posts\/15627\/revisions"}],"wp:featuredmedia":[{"embeddable":true,"href":"https:\/\/www.africa-press.net\/congo-brazzaville\/wp-json\/wp\/v2\/media\/15625"}],"wp:attachment":[{"href":"https:\/\/www.africa-press.net\/congo-brazzaville\/wp-json\/wp\/v2\/media?parent=15627"}],"wp:term":[{"taxonomy":"category","embeddable":true,"href":"https:\/\/www.africa-press.net\/congo-brazzaville\/wp-json\/wp\/v2\/categories?post=15627"},{"taxonomy":"post_tag","embeddable":true,"href":"https:\/\/www.africa-press.net\/congo-brazzaville\/wp-json\/wp\/v2\/tags?post=15627"}],"curies":[{"name":"wp","href":"https:\/\/api.w.org\/{rel}","templated":true}]}}