{"id":15631,"date":"2023-03-14T18:13:09","date_gmt":"2023-03-14T18:13:09","guid":{"rendered":"https:\/\/www.africa-press.net\/congo-brazzaville\/politique\/forces-armees-congolaises-identifier-les-defis-pour-mieux-planifier-les-actions-du-terrain"},"modified":"2023-03-14T19:19:52","modified_gmt":"2023-03-14T19:19:52","slug":"forces-armees-congolaises-identifier-les-defis-pour-mieux-planifier-les-actions-du-terrain","status":"publish","type":"post","link":"https:\/\/www.africa-press.net\/congo-brazzaville\/politique\/forces-armees-congolaises-identifier-les-defis-pour-mieux-planifier-les-actions-du-terrain","title":{"rendered":"Forces arm\u00e9es congolaises : identifier les d\u00e9fis pour mieux planifier les actions du terrain"},"content":{"rendered":"<p><span style=\"color: #ff6600\"><strong>Africa-Press &#8211; Congo Brazzaville. <\/strong><\/span><b>Le chef d\u2019e\u0301tat-major ge\u0301ne\u0301ral des Forces arme\u0301es congolaises (FAC), le ge\u0301ne\u0301ral de division Guy Blanchard Okoi\u0308, a lance\u0301, le 14 mars a\u0300 Brazzaville, la confe\u0301rence de planification des activite\u0301s pour l&rsquo;anne\u0301e 2023. <\/b><\/p>\n<p>La re\u0301union annuelle de trois jours regroupe les commandants organiques (e\u0301tat-major ge\u0301ne\u0301ral, terre, mer, air, e\u0301coles, logistique et renseignements) et ope\u0301rationnels (commandants des zones militaires de de\u0301fense 1 et 9) des forces arme\u0301es congolaises. Elle a pour but l\u2019appropriation des orientations et directives des e\u0301chelons supe\u0301rieurs ainsi que la de\u0301finition de meilleures modalite\u0301s de leur mise en \u0153uvre.<\/p>\n<p>Dans son mot d\u2019ouverture, Guy Blanchard Okoi\u0308 a invite\u0301 les confe\u0301renciers a\u0300 s\u2019approprier et identifier les de\u0301fis qui pourront impacter les actions sur le terrain et de pouvoir envisager des re\u0301ponses ainsi qu&rsquo;une organisation ade\u0301quate et cohe\u0301rente du travail pour l\u2019anne\u0301e 2023.<\/p>\n<p>Les the\u0300mes retenus par le commandement des FAC, a-t-il indique\u0301, couvrent un large e\u0301ventail des domaines qui permettront d\u2019enrichir la compre\u0301hension de tous sur les budgets, la gestion des ressources humaines, les ope\u0301rations, l\u2019instruction et la logistique. \u00ab Il s\u2019agit aussi des domaines qui ont un caracte\u0300re transversal et interministe\u0301riel comme l\u2019action de l\u2019Etat en mer et dans les eaux continentales, une des batailles importantes avec levier du gouvernement \u00bb, a annonce\u0301 le ge\u0301ne\u0301ral de division, Guy Blanchard Okoi\u0308.<\/p>\n<p>Il sied de noter que la confe\u0301rence annuelle de planification ge\u0301ne\u0301rale des activite\u0301s des FAC 2023 se de\u0301roule autour de quatre centres d\u2019inte\u0301re\u0302t : l\u2019appre\u0301ciation du contexte ge\u0301ne\u0301ral et particulier d\u2019exe\u0301cution des activite\u0301s des FAC courant cette anne\u0301e; l\u2019examen et la validation des projets d\u2019instructions particulie\u0300res du chef d\u2019e\u0301tat-major ge\u0301ne\u0301ral des FAC ; la contribution a\u0300 l\u2019approfondissement du processus de programmation ge\u0301ne\u0301rale des activite\u0301s au sein du ministe\u0300re de la De\u0301fense nationale ; le renforcement des connaissances sur des the\u0301matiques en rapport avec la gestion des structures et l\u2019exercice du commandement.<\/p>\n<p>Cette confe\u0301rence est un moment d\u2019e\u0301change et de dialogue fe\u0301cond entre le chef d\u2019e\u0301tat-major ge\u0301ne\u0301ral des FAC et ses grands subordonne\u0301s. Elle s\u2019inscrit dans une logique d\u2019optimisation du travail et d\u2019ame\u0301lioration des performances, en ade\u0301quation avec les exigences de la gestion axe\u0301e sur les re\u0301sultats.<\/p>\n<p><img loading=\"lazy\" decoding=\"async\" width=\"1152\" height=\"768\" class=\"alignnone wp-image-15628 size-full\" src=\"https:\/\/static.africa-press.net\/congo-brazzaville\/sites\/51\/2023\/03\/postMediaimg_61_2.jpg\" srcset=\"https:\/\/static.africa-press.net\/congo-brazzaville\/sites\/51\/2023\/03\/postMediaimg_61_2.jpg 1152w, https:\/\/static.africa-press.net\/congo-brazzaville\/sites\/51\/2023\/03\/postMediaimg_61_2-300x200.jpg 300w, https:\/\/static.africa-press.net\/congo-brazzaville\/sites\/51\/2023\/03\/postMediaimg_61_2-1024x683.jpg 1024w, https:\/\/static.africa-press.net\/congo-brazzaville\/sites\/51\/2023\/03\/postMediaimg_61_2-768x512.jpg 768w\" sizes=\"auto, (max-width: 1152px) 100vw, 1152px\" \/><\/p>\n<p><strong>Pour plus d&rsquo;informations et d&rsquo;analyses sur la <a href=\"https:\/\/www.africa-press.net\/congo-brazzaville\">Congo Brazzaville<\/a>, suivez <a href=\"https:\/\/www.africa-press.net\/\">Africa-Press<\/a><\/strong><\/p>\n","protected":false},"excerpt":{"rendered":"<p>Africa-Press &#8211; Congo Brazzaville. Le chef d\u2019e\u0301tat-major ge\u0301ne\u0301ral des Forces arme\u0301es congolaises (FAC), le ge\u0301ne\u0301ral de division Guy Blanchard Okoi\u0308, a lance\u0301, le 14 mars a\u0300 Brazzaville, la confe\u0301rence de planification des activite\u0301s pour l&rsquo;anne\u0301e 2023. La re\u0301union annuelle de trois jours regroupe les commandants organiques (e\u0301tat-major ge\u0301ne\u0301ral, terre, mer, air, e\u0301coles, logistique et renseignements) [&hellip;]<\/p>\n","protected":false},"author":82,"featured_media":15630,"comment_status":"open","ping_status":"closed","sticky":false,"template":"","format":"standard","meta":{"footnotes":""},"categories":[2,10],"tags":[36,47,46],"class_list":["post-15631","post","type-post","status-publish","format-standard","has-post-thumbnail","hentry","category-politique","category-toutes-les-actualites","tag-africa-press","tag-africa-press-congo-brazzaville","tag-congo-brazzaville"],"yoast_head":"<!-- This site is optimized with the Yoast SEO Premium plugin v26.1 (Yoast SEO v27.0) - https:\/\/yoast.com\/product\/yoast-seo-premium-wordpress\/ -->\n<title>Forces arm\u00e9es congolaises : identifier les d\u00e9fis pour mieux planifier les actions du terrain - Congo Brazzaville<\/title>\n<meta name=\"description\" content=\"Le chef d\u2019e\u0301tat-major ge\u0301ne\u0301ral des Forces arme\u0301es congolaises (FAC), le ge\u0301ne\u0301ral de division Guy Blanchard Okoi\u0308, a ...\" \/>\n<meta name=\"robots\" content=\"index, follow, max-snippet:-1, max-image-preview:large, max-video-preview:-1\" \/>\n<link rel=\"canonical\" href=\"https:\/\/www.africa-press.net\/congo-brazzaville\/politique\/forces-armees-congolaises-identifier-les-defis-pour-mieux-planifier-les-actions-du-terrain\" \/>\n<meta property=\"og:locale\" content=\"fr_FR\" \/>\n<meta property=\"og:type\" content=\"article\" \/>\n<meta property=\"og:title\" content=\"Forces arm\u00e9es congolaises : identifier les d\u00e9fis pour mieux planifier les actions du terrain\" \/>\n<meta property=\"og:description\" content=\"Le chef d\u2019e\u0301tat-major ge\u0301ne\u0301ral des Forces arme\u0301es congolaises (FAC), le ge\u0301ne\u0301ral de division Guy Blanchard Okoi\u0308, a ...\" \/>\n<meta property=\"og:url\" content=\"https:\/\/www.africa-press.net\/congo-brazzaville\/politique\/forces-armees-congolaises-identifier-les-defis-pour-mieux-planifier-les-actions-du-terrain\" \/>\n<meta property=\"og:site_name\" content=\"Congo Brazzaville\" \/>\n<meta property=\"article:published_time\" content=\"2023-03-14T18:13:09+00:00\" \/>\n<meta property=\"article:modified_time\" content=\"2023-03-14T19:19:52+00:00\" \/>\n<meta property=\"og:image\" content=\"https:\/\/static.africa-press.net\/congo-brazzaville\/sites\/51\/2023\/03\/postQueueImg_1678805003.97.jpg\" \/>\n\t<meta property=\"og:image:width\" content=\"1728\" \/>\n\t<meta property=\"og:image:height\" content=\"1152\" \/>\n\t<meta property=\"og:image:type\" content=\"image\/jpeg\" \/>\n<meta name=\"author\" content=\"cfeditorfr\" \/>\n<meta name=\"twitter:card\" content=\"summary_large_image\" \/>\n<meta name=\"twitter:label1\" content=\"\u00c9crit par\" \/>\n\t<meta name=\"twitter:data1\" content=\"cfeditorfr\" \/>\n\t<meta name=\"twitter:label2\" content=\"Dur\u00e9e de lecture estim\u00e9e\" \/>\n\t<meta name=\"twitter:data2\" content=\"3 minutes\" \/>\n<script type=\"application\/ld+json\" class=\"yoast-schema-graph\">{\"@context\":\"https:\/\/schema.org\",\"@graph\":[{\"@type\":\"Article\",\"@id\":\"https:\/\/www.africa-press.net\/congo-brazzaville\/politique\/forces-armees-congolaises-identifier-les-defis-pour-mieux-planifier-les-actions-du-terrain#article\",\"isPartOf\":{\"@id\":\"https:\/\/www.africa-press.net\/congo-brazzaville\/politique\/forces-armees-congolaises-identifier-les-defis-pour-mieux-planifier-les-actions-du-terrain\"},\"author\":{\"name\":\"cfeditorfr\",\"@id\":\"https:\/\/www.africa-press.net\/congo-brazzaville\/#\/schema\/person\/2b1cf3cd81a31e3cd26889ca66d677f1\"},\"headline\":\"Forces arm\u00e9es congolaises : identifier les d\u00e9fis pour mieux planifier les actions du terrain\",\"datePublished\":\"2023-03-14T18:13:09+00:00\",\"dateModified\":\"2023-03-14T19:19:52+00:00\",\"mainEntityOfPage\":{\"@id\":\"https:\/\/www.africa-press.net\/congo-brazzaville\/politique\/forces-armees-congolaises-identifier-les-defis-pour-mieux-planifier-les-actions-du-terrain\"},\"wordCount\":462,\"commentCount\":0,\"image\":{\"@id\":\"https:\/\/www.africa-press.net\/congo-brazzaville\/politique\/forces-armees-congolaises-identifier-les-defis-pour-mieux-planifier-les-actions-du-terrain#primaryimage\"},\"thumbnailUrl\":\"https:\/\/static.africa-press.net\/congo-brazzaville\/sites\/51\/2023\/03\/postQueueImg_1678805003.97.jpg\",\"keywords\":[\"Africa Press\",\"Africa Press-Congo Brazzaville\",\"Congo Brazzaville\"],\"articleSection\":[\"Politique\",\"Toutes les actualit\u00e9s\"],\"inLanguage\":\"fr-FR\",\"potentialAction\":[{\"@type\":\"CommentAction\",\"name\":\"Comment\",\"target\":[\"https:\/\/www.africa-press.net\/congo-brazzaville\/politique\/forces-armees-congolaises-identifier-les-defis-pour-mieux-planifier-les-actions-du-terrain#respond\"]}]},{\"@type\":\"WebPage\",\"@id\":\"https:\/\/www.africa-press.net\/congo-brazzaville\/politique\/forces-armees-congolaises-identifier-les-defis-pour-mieux-planifier-les-actions-du-terrain\",\"url\":\"https:\/\/www.africa-press.net\/congo-brazzaville\/politique\/forces-armees-congolaises-identifier-les-defis-pour-mieux-planifier-les-actions-du-terrain\",\"name\":\"Forces arm\u00e9es congolaises : identifier les d\u00e9fis pour mieux planifier les actions du terrain - Congo Brazzaville\",\"isPartOf\":{\"@id\":\"https:\/\/www.africa-press.net\/congo-brazzaville\/#website\"},\"primaryImageOfPage\":{\"@id\":\"https:\/\/www.africa-press.net\/congo-brazzaville\/politique\/forces-armees-congolaises-identifier-les-defis-pour-mieux-planifier-les-actions-du-terrain#primaryimage\"},\"image\":{\"@id\":\"https:\/\/www.africa-press.net\/congo-brazzaville\/politique\/forces-armees-congolaises-identifier-les-defis-pour-mieux-planifier-les-actions-du-terrain#primaryimage\"},\"thumbnailUrl\":\"https:\/\/static.africa-press.net\/congo-brazzaville\/sites\/51\/2023\/03\/postQueueImg_1678805003.97.jpg\",\"datePublished\":\"2023-03-14T18:13:09+00:00\",\"dateModified\":\"2023-03-14T19:19:52+00:00\",\"author\":{\"@id\":\"https:\/\/www.africa-press.net\/congo-brazzaville\/#\/schema\/person\/2b1cf3cd81a31e3cd26889ca66d677f1\"},\"description\":\"Le chef d\u2019e\u0301tat-major ge\u0301ne\u0301ral des Forces arme\u0301es congolaises (FAC), le ge\u0301ne\u0301ral de division Guy Blanchard Okoi\u0308, a ...\",\"breadcrumb\":{\"@id\":\"https:\/\/www.africa-press.net\/congo-brazzaville\/politique\/forces-armees-congolaises-identifier-les-defis-pour-mieux-planifier-les-actions-du-terrain#breadcrumb\"},\"inLanguage\":\"fr-FR\",\"potentialAction\":[{\"@type\":\"ReadAction\",\"target\":[\"https:\/\/www.africa-press.net\/congo-brazzaville\/politique\/forces-armees-congolaises-identifier-les-defis-pour-mieux-planifier-les-actions-du-terrain\"]}]},{\"@type\":\"ImageObject\",\"inLanguage\":\"fr-FR\",\"@id\":\"https:\/\/www.africa-press.net\/congo-brazzaville\/politique\/forces-armees-congolaises-identifier-les-defis-pour-mieux-planifier-les-actions-du-terrain#primaryimage\",\"url\":\"https:\/\/static.africa-press.net\/congo-brazzaville\/sites\/51\/2023\/03\/postQueueImg_1678805003.97.jpg\",\"contentUrl\":\"https:\/\/static.africa-press.net\/congo-brazzaville\/sites\/51\/2023\/03\/postQueueImg_1678805003.97.jpg\",\"width\":1728,\"height\":1152,\"caption\":\"Forces arm\u00e9es congolaises : identifier les d\u00e9fis pour mieux planifier les actions du terrain\"},{\"@type\":\"BreadcrumbList\",\"@id\":\"https:\/\/www.africa-press.net\/congo-brazzaville\/politique\/forces-armees-congolaises-identifier-les-defis-pour-mieux-planifier-les-actions-du-terrain#breadcrumb\",\"itemListElement\":[{\"@type\":\"ListItem\",\"position\":1,\"name\":\"Accueil\",\"item\":\"https:\/\/www.africa-press.net\/congo-brazzaville\/\"},{\"@type\":\"ListItem\",\"position\":2,\"name\":\"Forces arm\u00e9es congolaises : identifier les d\u00e9fis pour mieux planifier les actions du terrain\"}]},{\"@type\":\"WebSite\",\"@id\":\"https:\/\/www.africa-press.net\/congo-brazzaville\/#website\",\"url\":\"https:\/\/www.africa-press.net\/congo-brazzaville\/\",\"name\":\"Congo Brazzaville\",\"description\":\"Just another Africa News Agency Sites site\",\"potentialAction\":[{\"@type\":\"SearchAction\",\"target\":{\"@type\":\"EntryPoint\",\"urlTemplate\":\"https:\/\/www.africa-press.net\/congo-brazzaville\/?s={search_term_string}\"},\"query-input\":{\"@type\":\"PropertyValueSpecification\",\"valueRequired\":true,\"valueName\":\"search_term_string\"}}],\"inLanguage\":\"fr-FR\"},{\"@type\":\"Person\",\"@id\":\"https:\/\/www.africa-press.net\/congo-brazzaville\/#\/schema\/person\/2b1cf3cd81a31e3cd26889ca66d677f1\",\"name\":\"cfeditorfr\"}]}<\/script>\n<!-- \/ Yoast SEO Premium plugin. -->","yoast_head_json":{"title":"Forces arm\u00e9es congolaises : identifier les d\u00e9fis pour mieux planifier les actions du terrain - Congo Brazzaville","description":"Le chef d\u2019e\u0301tat-major ge\u0301ne\u0301ral des Forces arme\u0301es congolaises (FAC), le ge\u0301ne\u0301ral de division Guy Blanchard Okoi\u0308, a ...","robots":{"index":"index","follow":"follow","max-snippet":"max-snippet:-1","max-image-preview":"max-image-preview:large","max-video-preview":"max-video-preview:-1"},"canonical":"https:\/\/www.africa-press.net\/congo-brazzaville\/politique\/forces-armees-congolaises-identifier-les-defis-pour-mieux-planifier-les-actions-du-terrain","og_locale":"fr_FR","og_type":"article","og_title":"Forces arm\u00e9es congolaises : identifier les d\u00e9fis pour mieux planifier les actions du terrain","og_description":"Le chef d\u2019e\u0301tat-major ge\u0301ne\u0301ral des Forces arme\u0301es congolaises (FAC), le ge\u0301ne\u0301ral de division Guy Blanchard Okoi\u0308, a ...","og_url":"https:\/\/www.africa-press.net\/congo-brazzaville\/politique\/forces-armees-congolaises-identifier-les-defis-pour-mieux-planifier-les-actions-du-terrain","og_site_name":"Congo Brazzaville","article_published_time":"2023-03-14T18:13:09+00:00","article_modified_time":"2023-03-14T19:19:52+00:00","og_image":[{"width":1728,"height":1152,"url":"https:\/\/static.africa-press.net\/congo-brazzaville\/sites\/51\/2023\/03\/postQueueImg_1678805003.97.jpg","type":"image\/jpeg"}],"author":"cfeditorfr","twitter_card":"summary_large_image","twitter_misc":{"\u00c9crit par":"cfeditorfr","Dur\u00e9e de lecture estim\u00e9e":"3 minutes"},"schema":{"@context":"https:\/\/schema.org","@graph":[{"@type":"Article","@id":"https:\/\/www.africa-press.net\/congo-brazzaville\/politique\/forces-armees-congolaises-identifier-les-defis-pour-mieux-planifier-les-actions-du-terrain#article","isPartOf":{"@id":"https:\/\/www.africa-press.net\/congo-brazzaville\/politique\/forces-armees-congolaises-identifier-les-defis-pour-mieux-planifier-les-actions-du-terrain"},"author":{"name":"cfeditorfr","@id":"https:\/\/www.africa-press.net\/congo-brazzaville\/#\/schema\/person\/2b1cf3cd81a31e3cd26889ca66d677f1"},"headline":"Forces arm\u00e9es congolaises : identifier les d\u00e9fis pour mieux planifier les actions du terrain","datePublished":"2023-03-14T18:13:09+00:00","dateModified":"2023-03-14T19:19:52+00:00","mainEntityOfPage":{"@id":"https:\/\/www.africa-press.net\/congo-brazzaville\/politique\/forces-armees-congolaises-identifier-les-defis-pour-mieux-planifier-les-actions-du-terrain"},"wordCount":462,"commentCount":0,"image":{"@id":"https:\/\/www.africa-press.net\/congo-brazzaville\/politique\/forces-armees-congolaises-identifier-les-defis-pour-mieux-planifier-les-actions-du-terrain#primaryimage"},"thumbnailUrl":"https:\/\/static.africa-press.net\/congo-brazzaville\/sites\/51\/2023\/03\/postQueueImg_1678805003.97.jpg","keywords":["Africa Press","Africa Press-Congo Brazzaville","Congo Brazzaville"],"articleSection":["Politique","Toutes les actualit\u00e9s"],"inLanguage":"fr-FR","potentialAction":[{"@type":"CommentAction","name":"Comment","target":["https:\/\/www.africa-press.net\/congo-brazzaville\/politique\/forces-armees-congolaises-identifier-les-defis-pour-mieux-planifier-les-actions-du-terrain#respond"]}]},{"@type":"WebPage","@id":"https:\/\/www.africa-press.net\/congo-brazzaville\/politique\/forces-armees-congolaises-identifier-les-defis-pour-mieux-planifier-les-actions-du-terrain","url":"https:\/\/www.africa-press.net\/congo-brazzaville\/politique\/forces-armees-congolaises-identifier-les-defis-pour-mieux-planifier-les-actions-du-terrain","name":"Forces arm\u00e9es congolaises : identifier les d\u00e9fis pour mieux planifier les actions du terrain - Congo Brazzaville","isPartOf":{"@id":"https:\/\/www.africa-press.net\/congo-brazzaville\/#website"},"primaryImageOfPage":{"@id":"https:\/\/www.africa-press.net\/congo-brazzaville\/politique\/forces-armees-congolaises-identifier-les-defis-pour-mieux-planifier-les-actions-du-terrain#primaryimage"},"image":{"@id":"https:\/\/www.africa-press.net\/congo-brazzaville\/politique\/forces-armees-congolaises-identifier-les-defis-pour-mieux-planifier-les-actions-du-terrain#primaryimage"},"thumbnailUrl":"https:\/\/static.africa-press.net\/congo-brazzaville\/sites\/51\/2023\/03\/postQueueImg_1678805003.97.jpg","datePublished":"2023-03-14T18:13:09+00:00","dateModified":"2023-03-14T19:19:52+00:00","author":{"@id":"https:\/\/www.africa-press.net\/congo-brazzaville\/#\/schema\/person\/2b1cf3cd81a31e3cd26889ca66d677f1"},"description":"Le chef d\u2019e\u0301tat-major ge\u0301ne\u0301ral des Forces arme\u0301es congolaises (FAC), le ge\u0301ne\u0301ral de division Guy Blanchard Okoi\u0308, a ...","breadcrumb":{"@id":"https:\/\/www.africa-press.net\/congo-brazzaville\/politique\/forces-armees-congolaises-identifier-les-defis-pour-mieux-planifier-les-actions-du-terrain#breadcrumb"},"inLanguage":"fr-FR","potentialAction":[{"@type":"ReadAction","target":["https:\/\/www.africa-press.net\/congo-brazzaville\/politique\/forces-armees-congolaises-identifier-les-defis-pour-mieux-planifier-les-actions-du-terrain"]}]},{"@type":"ImageObject","inLanguage":"fr-FR","@id":"https:\/\/www.africa-press.net\/congo-brazzaville\/politique\/forces-armees-congolaises-identifier-les-defis-pour-mieux-planifier-les-actions-du-terrain#primaryimage","url":"https:\/\/static.africa-press.net\/congo-brazzaville\/sites\/51\/2023\/03\/postQueueImg_1678805003.97.jpg","contentUrl":"https:\/\/static.africa-press.net\/congo-brazzaville\/sites\/51\/2023\/03\/postQueueImg_1678805003.97.jpg","width":1728,"height":1152,"caption":"Forces arm\u00e9es congolaises : identifier les d\u00e9fis pour mieux planifier les actions du terrain"},{"@type":"BreadcrumbList","@id":"https:\/\/www.africa-press.net\/congo-brazzaville\/politique\/forces-armees-congolaises-identifier-les-defis-pour-mieux-planifier-les-actions-du-terrain#breadcrumb","itemListElement":[{"@type":"ListItem","position":1,"name":"Accueil","item":"https:\/\/www.africa-press.net\/congo-brazzaville\/"},{"@type":"ListItem","position":2,"name":"Forces arm\u00e9es congolaises : identifier les d\u00e9fis pour mieux planifier les actions du terrain"}]},{"@type":"WebSite","@id":"https:\/\/www.africa-press.net\/congo-brazzaville\/#website","url":"https:\/\/www.africa-press.net\/congo-brazzaville\/","name":"Congo Brazzaville","description":"Just another Africa News Agency Sites site","potentialAction":[{"@type":"SearchAction","target":{"@type":"EntryPoint","urlTemplate":"https:\/\/www.africa-press.net\/congo-brazzaville\/?s={search_term_string}"},"query-input":{"@type":"PropertyValueSpecification","valueRequired":true,"valueName":"search_term_string"}}],"inLanguage":"fr-FR"},{"@type":"Person","@id":"https:\/\/www.africa-press.net\/congo-brazzaville\/#\/schema\/person\/2b1cf3cd81a31e3cd26889ca66d677f1","name":"cfeditorfr"}]}},"_links":{"self":[{"href":"https:\/\/www.africa-press.net\/congo-brazzaville\/wp-json\/wp\/v2\/posts\/15631","targetHints":{"allow":["GET"]}}],"collection":[{"href":"https:\/\/www.africa-press.net\/congo-brazzaville\/wp-json\/wp\/v2\/posts"}],"about":[{"href":"https:\/\/www.africa-press.net\/congo-brazzaville\/wp-json\/wp\/v2\/types\/post"}],"author":[{"embeddable":true,"href":"https:\/\/www.africa-press.net\/congo-brazzaville\/wp-json\/wp\/v2\/users\/82"}],"replies":[{"embeddable":true,"href":"https:\/\/www.africa-press.net\/congo-brazzaville\/wp-json\/wp\/v2\/comments?post=15631"}],"version-history":[{"count":0,"href":"https:\/\/www.africa-press.net\/congo-brazzaville\/wp-json\/wp\/v2\/posts\/15631\/revisions"}],"wp:featuredmedia":[{"embeddable":true,"href":"https:\/\/www.africa-press.net\/congo-brazzaville\/wp-json\/wp\/v2\/media\/15630"}],"wp:attachment":[{"href":"https:\/\/www.africa-press.net\/congo-brazzaville\/wp-json\/wp\/v2\/media?parent=15631"}],"wp:term":[{"taxonomy":"category","embeddable":true,"href":"https:\/\/www.africa-press.net\/congo-brazzaville\/wp-json\/wp\/v2\/categories?post=15631"},{"taxonomy":"post_tag","embeddable":true,"href":"https:\/\/www.africa-press.net\/congo-brazzaville\/wp-json\/wp\/v2\/tags?post=15631"}],"curies":[{"name":"wp","href":"https:\/\/api.w.org\/{rel}","templated":true}]}}