{"id":15634,"date":"2023-03-14T18:13:31","date_gmt":"2023-03-14T18:13:31","guid":{"rendered":"https:\/\/www.africa-press.net\/congo-brazzaville\/politique\/international-leadership-youth-forum-plus-de-500-jeunes-africains-attendus-a-brazzaville"},"modified":"2023-03-14T19:20:21","modified_gmt":"2023-03-14T19:20:21","slug":"international-leadership-youth-forum-plus-de-500-jeunes-africains-attendus-a-brazzaville","status":"publish","type":"post","link":"https:\/\/www.africa-press.net\/congo-brazzaville\/toutes-les-actualites\/international-leadership-youth-forum-plus-de-500-jeunes-africains-attendus-a-brazzaville","title":{"rendered":"International leadership youth forum : plus de 500 jeunes africains attendus \u00e0 Brazzaville"},"content":{"rendered":"<p><span style=\"color: #ff6600\"><strong>Africa-Press &#8211; Congo Brazzaville. <\/strong><\/span><b>La capitale congolaise abritera, les 30 et 31 mars prochains, au Palais des congre\u0300s, la premie\u0300re e\u0301dition de Brazzaville international leadership youth forum (Bilyf). Place\u0301 sur le the\u0300me \u00ab Relever les de\u0301fis du de\u0301veloppement de l\u2019Afrique \u00bb,<\/b> <b>cet e\u0301ve\u0301nement re\u0301unira plus de cinq cents participants dont les leaders de la jeunesse africaine, les jeunes qui se distinguent dans diffe\u0301rents domaines. <\/b><\/p>\n<p>Les objectifs du grand rendez-vous place\u0301 sous le patronage du chef de l\u2019Etat congolais, Denis Sassou N\u2019Guesso, sont de re\u0301unir la jeunesse autour d\u2019une plateforme inclusive permettant d\u2019aborder efficacement les de\u0301fis de de\u0301veloppement socio-e\u0301conomique de l\u2019Afrique ; discuter des strate\u0301gies visant a\u0300 ame\u0301liorer les conditions de vie des jeunes africains ; encourager l\u2019engagement actif et participatif des jeunes dans la gouvernance, l\u2019entrepreneuriat, le leadership et la prise de de\u0301cision.<\/p>\n<p>\u00ab Depuis quelques anne\u0301es, l\u2019Afrique fait face a\u0300 plusieurs de\u0301fis de taille ; les de\u0301fis de sa se\u0301curisation (les conflits dans le Sahel et a\u0300 l\u2019Est de la Re\u0301publique de\u0301mocratique du Congo), de sa de\u0301mocratisation, de son de\u0301veloppement socio-e\u0301conomique et de l\u2019avenir de sa jeunesse qui repre\u0301sente 77 % de la population du continent. Cette jeunesse constitue a\u0300 la fois un pilier pour l\u2019e\u0301mergence du continent, mais aussi elle est en proie a\u0300 diffe\u0301rents maux, tels que le cho\u0302mage, l\u2019immigration, l\u2019e\u0301ducation et la formation ; ces proble\u0301matiques sont une alerte a\u0300 prendre au se\u0301rieux. Il est ne\u0301cessaire d\u2019agir et la jeunesse doit elle-me\u0302me prendre les choses en main \u00bb, ont rappele\u0301 les organisateurs.<\/p>\n<p>Le Bilyf est, en effet, un point de de\u0301part d\u2019une dynamique des jeunes du continent ayant de\u0301cide\u0301 de prendre en main leur destin commun et celui de toute l\u2019Afrique. \u00ab Bilyf, c\u2019est plus qu\u2019un forum, c\u2019est une expe\u0301rience. Organise\u0301 chaque anne\u0301e, il se veut e\u0302tre innovant et pragmatique, car il ne s\u2019agit plus de faire l\u2019inventaire de ce que l\u2019on devrait faire pour la jeunesse, mais de savoir comment mieux soutenir et financer ses activite\u0301s. L\u2019e\u0301ve\u0301nement constitue donc le moyen privile\u0301gie\u0301 de faire converger les orientations et les actions de tous les intervenants en vue de confirmer la jeunesse comme catalyseur de l\u2019inte\u0301gration re\u0301gionale a\u0300 travers une Convention de partenariat solide et durable \u00bb, a indique\u0301 le communique\u0301 de presse qui annonce l\u2019e\u0301ve\u0301nement.<\/p>\n<p>Pour y participer, les inscriptions se font sur le site de Brazzaville international leadership youth forum www.bilyf-brazzaville.com. Pour plus d\u2019informations : www.bilyf-brazzaville.com<\/p>\n<p><strong>Pour plus d&rsquo;informations et d&rsquo;analyses sur la <a href=\"https:\/\/www.africa-press.net\/congo-brazzaville\">Congo Brazzaville<\/a>, suivez <a href=\"https:\/\/www.africa-press.net\/\">Africa-Press<\/a><\/strong><\/p>\n","protected":false},"excerpt":{"rendered":"<p>Africa-Press &#8211; Congo Brazzaville. La capitale congolaise abritera, les 30 et 31 mars prochains, au Palais des congre\u0300s, la premie\u0300re e\u0301dition de Brazzaville international leadership youth forum (Bilyf). Place\u0301 sur le the\u0300me \u00ab Relever les de\u0301fis du de\u0301veloppement de l\u2019Afrique \u00bb, cet e\u0301ve\u0301nement re\u0301unira plus de cinq cents participants dont les leaders de la jeunesse [&hellip;]<\/p>\n","protected":false},"author":82,"featured_media":15632,"comment_status":"open","ping_status":"closed","sticky":false,"template":"","format":"standard","meta":{"footnotes":""},"categories":[21,10],"tags":[36,47,46],"class_list":["post-15634","post","type-post","status-publish","format-standard","has-post-thumbnail","hentry","category-communaute","category-toutes-les-actualites","tag-africa-press","tag-africa-press-congo-brazzaville","tag-congo-brazzaville"],"yoast_head":"<!-- This site is optimized with the Yoast SEO Premium plugin v26.1 (Yoast SEO v27.0) - https:\/\/yoast.com\/product\/yoast-seo-premium-wordpress\/ -->\n<title>International leadership youth forum : plus de 500 jeunes africains attendus \u00e0 Brazzaville - Congo Brazzaville<\/title>\n<meta name=\"description\" content=\"La capitale congolaise abritera, les 30 et 31 mars prochains, au Palais des congre\u0300s, la premie\u0300re e\u0301dition de Brazza ...\" \/>\n<meta name=\"robots\" content=\"index, follow, max-snippet:-1, max-image-preview:large, max-video-preview:-1\" \/>\n<link rel=\"canonical\" href=\"https:\/\/www.africa-press.net\/congo-brazzaville\/toutes-les-actualites\/international-leadership-youth-forum-plus-de-500-jeunes-africains-attendus-a-brazzaville\" \/>\n<meta property=\"og:locale\" content=\"fr_FR\" \/>\n<meta property=\"og:type\" content=\"article\" \/>\n<meta property=\"og:title\" content=\"International leadership youth forum : plus de 500 jeunes africains attendus \u00e0 Brazzaville\" \/>\n<meta property=\"og:description\" content=\"La capitale congolaise abritera, les 30 et 31 mars prochains, au Palais des congre\u0300s, la premie\u0300re e\u0301dition de Brazza ...\" \/>\n<meta property=\"og:url\" content=\"https:\/\/www.africa-press.net\/congo-brazzaville\/toutes-les-actualites\/international-leadership-youth-forum-plus-de-500-jeunes-africains-attendus-a-brazzaville\" \/>\n<meta property=\"og:site_name\" content=\"Congo Brazzaville\" \/>\n<meta property=\"article:published_time\" content=\"2023-03-14T18:13:31+00:00\" \/>\n<meta property=\"article:modified_time\" content=\"2023-03-14T19:20:21+00:00\" \/>\n<meta property=\"og:image\" content=\"https:\/\/static.africa-press.net\/congo-brazzaville\/sites\/51\/2023\/03\/postQueueImg_1678805030.12.jpg\" \/>\n\t<meta property=\"og:image:width\" content=\"1920\" \/>\n\t<meta property=\"og:image:height\" content=\"646\" \/>\n\t<meta property=\"og:image:type\" content=\"image\/jpeg\" \/>\n<meta name=\"author\" content=\"cfeditorfr\" \/>\n<meta name=\"twitter:card\" content=\"summary_large_image\" \/>\n<meta name=\"twitter:label1\" content=\"\u00c9crit par\" \/>\n\t<meta name=\"twitter:data1\" content=\"cfeditorfr\" \/>\n\t<meta name=\"twitter:label2\" content=\"Dur\u00e9e de lecture estim\u00e9e\" \/>\n\t<meta name=\"twitter:data2\" content=\"2 minutes\" \/>\n<script type=\"application\/ld+json\" class=\"yoast-schema-graph\">{\"@context\":\"https:\/\/schema.org\",\"@graph\":[{\"@type\":\"Article\",\"@id\":\"https:\/\/www.africa-press.net\/congo-brazzaville\/toutes-les-actualites\/international-leadership-youth-forum-plus-de-500-jeunes-africains-attendus-a-brazzaville#article\",\"isPartOf\":{\"@id\":\"https:\/\/www.africa-press.net\/congo-brazzaville\/toutes-les-actualites\/international-leadership-youth-forum-plus-de-500-jeunes-africains-attendus-a-brazzaville\"},\"author\":{\"name\":\"cfeditorfr\",\"@id\":\"https:\/\/www.africa-press.net\/congo-brazzaville\/#\/schema\/person\/2b1cf3cd81a31e3cd26889ca66d677f1\"},\"headline\":\"International leadership youth forum : plus de 500 jeunes africains attendus \u00e0 Brazzaville\",\"datePublished\":\"2023-03-14T18:13:31+00:00\",\"dateModified\":\"2023-03-14T19:20:21+00:00\",\"mainEntityOfPage\":{\"@id\":\"https:\/\/www.africa-press.net\/congo-brazzaville\/toutes-les-actualites\/international-leadership-youth-forum-plus-de-500-jeunes-africains-attendus-a-brazzaville\"},\"wordCount\":478,\"commentCount\":0,\"image\":{\"@id\":\"https:\/\/www.africa-press.net\/congo-brazzaville\/toutes-les-actualites\/international-leadership-youth-forum-plus-de-500-jeunes-africains-attendus-a-brazzaville#primaryimage\"},\"thumbnailUrl\":\"https:\/\/static.africa-press.net\/congo-brazzaville\/sites\/51\/2023\/03\/postQueueImg_1678805030.12.jpg\",\"keywords\":[\"Africa Press\",\"Africa Press-Congo Brazzaville\",\"Congo Brazzaville\"],\"articleSection\":[\"Communaut\u00e9\",\"Toutes les actualit\u00e9s\"],\"inLanguage\":\"fr-FR\",\"potentialAction\":[{\"@type\":\"CommentAction\",\"name\":\"Comment\",\"target\":[\"https:\/\/www.africa-press.net\/congo-brazzaville\/toutes-les-actualites\/international-leadership-youth-forum-plus-de-500-jeunes-africains-attendus-a-brazzaville#respond\"]}]},{\"@type\":\"WebPage\",\"@id\":\"https:\/\/www.africa-press.net\/congo-brazzaville\/toutes-les-actualites\/international-leadership-youth-forum-plus-de-500-jeunes-africains-attendus-a-brazzaville\",\"url\":\"https:\/\/www.africa-press.net\/congo-brazzaville\/toutes-les-actualites\/international-leadership-youth-forum-plus-de-500-jeunes-africains-attendus-a-brazzaville\",\"name\":\"International leadership youth forum : plus de 500 jeunes africains attendus \u00e0 Brazzaville - Congo Brazzaville\",\"isPartOf\":{\"@id\":\"https:\/\/www.africa-press.net\/congo-brazzaville\/#website\"},\"primaryImageOfPage\":{\"@id\":\"https:\/\/www.africa-press.net\/congo-brazzaville\/toutes-les-actualites\/international-leadership-youth-forum-plus-de-500-jeunes-africains-attendus-a-brazzaville#primaryimage\"},\"image\":{\"@id\":\"https:\/\/www.africa-press.net\/congo-brazzaville\/toutes-les-actualites\/international-leadership-youth-forum-plus-de-500-jeunes-africains-attendus-a-brazzaville#primaryimage\"},\"thumbnailUrl\":\"https:\/\/static.africa-press.net\/congo-brazzaville\/sites\/51\/2023\/03\/postQueueImg_1678805030.12.jpg\",\"datePublished\":\"2023-03-14T18:13:31+00:00\",\"dateModified\":\"2023-03-14T19:20:21+00:00\",\"author\":{\"@id\":\"https:\/\/www.africa-press.net\/congo-brazzaville\/#\/schema\/person\/2b1cf3cd81a31e3cd26889ca66d677f1\"},\"description\":\"La capitale congolaise abritera, les 30 et 31 mars prochains, au Palais des congre\u0300s, la premie\u0300re e\u0301dition de Brazza ...\",\"breadcrumb\":{\"@id\":\"https:\/\/www.africa-press.net\/congo-brazzaville\/toutes-les-actualites\/international-leadership-youth-forum-plus-de-500-jeunes-africains-attendus-a-brazzaville#breadcrumb\"},\"inLanguage\":\"fr-FR\",\"potentialAction\":[{\"@type\":\"ReadAction\",\"target\":[\"https:\/\/www.africa-press.net\/congo-brazzaville\/toutes-les-actualites\/international-leadership-youth-forum-plus-de-500-jeunes-africains-attendus-a-brazzaville\"]}]},{\"@type\":\"ImageObject\",\"inLanguage\":\"fr-FR\",\"@id\":\"https:\/\/www.africa-press.net\/congo-brazzaville\/toutes-les-actualites\/international-leadership-youth-forum-plus-de-500-jeunes-africains-attendus-a-brazzaville#primaryimage\",\"url\":\"https:\/\/static.africa-press.net\/congo-brazzaville\/sites\/51\/2023\/03\/postQueueImg_1678805030.12.jpg\",\"contentUrl\":\"https:\/\/static.africa-press.net\/congo-brazzaville\/sites\/51\/2023\/03\/postQueueImg_1678805030.12.jpg\",\"width\":1920,\"height\":646,\"caption\":\"International leadership youth forum : plus de 500 jeunes africains attendus \u00e0 Brazzaville\"},{\"@type\":\"BreadcrumbList\",\"@id\":\"https:\/\/www.africa-press.net\/congo-brazzaville\/toutes-les-actualites\/international-leadership-youth-forum-plus-de-500-jeunes-africains-attendus-a-brazzaville#breadcrumb\",\"itemListElement\":[{\"@type\":\"ListItem\",\"position\":1,\"name\":\"Accueil\",\"item\":\"https:\/\/www.africa-press.net\/congo-brazzaville\/\"},{\"@type\":\"ListItem\",\"position\":2,\"name\":\"International leadership youth forum : plus de 500 jeunes africains attendus \u00e0 Brazzaville\"}]},{\"@type\":\"WebSite\",\"@id\":\"https:\/\/www.africa-press.net\/congo-brazzaville\/#website\",\"url\":\"https:\/\/www.africa-press.net\/congo-brazzaville\/\",\"name\":\"Congo Brazzaville\",\"description\":\"Just another Africa News Agency Sites site\",\"potentialAction\":[{\"@type\":\"SearchAction\",\"target\":{\"@type\":\"EntryPoint\",\"urlTemplate\":\"https:\/\/www.africa-press.net\/congo-brazzaville\/?s={search_term_string}\"},\"query-input\":{\"@type\":\"PropertyValueSpecification\",\"valueRequired\":true,\"valueName\":\"search_term_string\"}}],\"inLanguage\":\"fr-FR\"},{\"@type\":\"Person\",\"@id\":\"https:\/\/www.africa-press.net\/congo-brazzaville\/#\/schema\/person\/2b1cf3cd81a31e3cd26889ca66d677f1\",\"name\":\"cfeditorfr\"}]}<\/script>\n<!-- \/ Yoast SEO Premium plugin. -->","yoast_head_json":{"title":"International leadership youth forum : plus de 500 jeunes africains attendus \u00e0 Brazzaville - Congo Brazzaville","description":"La capitale congolaise abritera, les 30 et 31 mars prochains, au Palais des congre\u0300s, la premie\u0300re e\u0301dition de Brazza ...","robots":{"index":"index","follow":"follow","max-snippet":"max-snippet:-1","max-image-preview":"max-image-preview:large","max-video-preview":"max-video-preview:-1"},"canonical":"https:\/\/www.africa-press.net\/congo-brazzaville\/toutes-les-actualites\/international-leadership-youth-forum-plus-de-500-jeunes-africains-attendus-a-brazzaville","og_locale":"fr_FR","og_type":"article","og_title":"International leadership youth forum : plus de 500 jeunes africains attendus \u00e0 Brazzaville","og_description":"La capitale congolaise abritera, les 30 et 31 mars prochains, au Palais des congre\u0300s, la premie\u0300re e\u0301dition de Brazza ...","og_url":"https:\/\/www.africa-press.net\/congo-brazzaville\/toutes-les-actualites\/international-leadership-youth-forum-plus-de-500-jeunes-africains-attendus-a-brazzaville","og_site_name":"Congo Brazzaville","article_published_time":"2023-03-14T18:13:31+00:00","article_modified_time":"2023-03-14T19:20:21+00:00","og_image":[{"width":1920,"height":646,"url":"https:\/\/static.africa-press.net\/congo-brazzaville\/sites\/51\/2023\/03\/postQueueImg_1678805030.12.jpg","type":"image\/jpeg"}],"author":"cfeditorfr","twitter_card":"summary_large_image","twitter_misc":{"\u00c9crit par":"cfeditorfr","Dur\u00e9e de lecture estim\u00e9e":"2 minutes"},"schema":{"@context":"https:\/\/schema.org","@graph":[{"@type":"Article","@id":"https:\/\/www.africa-press.net\/congo-brazzaville\/toutes-les-actualites\/international-leadership-youth-forum-plus-de-500-jeunes-africains-attendus-a-brazzaville#article","isPartOf":{"@id":"https:\/\/www.africa-press.net\/congo-brazzaville\/toutes-les-actualites\/international-leadership-youth-forum-plus-de-500-jeunes-africains-attendus-a-brazzaville"},"author":{"name":"cfeditorfr","@id":"https:\/\/www.africa-press.net\/congo-brazzaville\/#\/schema\/person\/2b1cf3cd81a31e3cd26889ca66d677f1"},"headline":"International leadership youth forum : plus de 500 jeunes africains attendus \u00e0 Brazzaville","datePublished":"2023-03-14T18:13:31+00:00","dateModified":"2023-03-14T19:20:21+00:00","mainEntityOfPage":{"@id":"https:\/\/www.africa-press.net\/congo-brazzaville\/toutes-les-actualites\/international-leadership-youth-forum-plus-de-500-jeunes-africains-attendus-a-brazzaville"},"wordCount":478,"commentCount":0,"image":{"@id":"https:\/\/www.africa-press.net\/congo-brazzaville\/toutes-les-actualites\/international-leadership-youth-forum-plus-de-500-jeunes-africains-attendus-a-brazzaville#primaryimage"},"thumbnailUrl":"https:\/\/static.africa-press.net\/congo-brazzaville\/sites\/51\/2023\/03\/postQueueImg_1678805030.12.jpg","keywords":["Africa Press","Africa Press-Congo Brazzaville","Congo Brazzaville"],"articleSection":["Communaut\u00e9","Toutes les actualit\u00e9s"],"inLanguage":"fr-FR","potentialAction":[{"@type":"CommentAction","name":"Comment","target":["https:\/\/www.africa-press.net\/congo-brazzaville\/toutes-les-actualites\/international-leadership-youth-forum-plus-de-500-jeunes-africains-attendus-a-brazzaville#respond"]}]},{"@type":"WebPage","@id":"https:\/\/www.africa-press.net\/congo-brazzaville\/toutes-les-actualites\/international-leadership-youth-forum-plus-de-500-jeunes-africains-attendus-a-brazzaville","url":"https:\/\/www.africa-press.net\/congo-brazzaville\/toutes-les-actualites\/international-leadership-youth-forum-plus-de-500-jeunes-africains-attendus-a-brazzaville","name":"International leadership youth forum : plus de 500 jeunes africains attendus \u00e0 Brazzaville - Congo Brazzaville","isPartOf":{"@id":"https:\/\/www.africa-press.net\/congo-brazzaville\/#website"},"primaryImageOfPage":{"@id":"https:\/\/www.africa-press.net\/congo-brazzaville\/toutes-les-actualites\/international-leadership-youth-forum-plus-de-500-jeunes-africains-attendus-a-brazzaville#primaryimage"},"image":{"@id":"https:\/\/www.africa-press.net\/congo-brazzaville\/toutes-les-actualites\/international-leadership-youth-forum-plus-de-500-jeunes-africains-attendus-a-brazzaville#primaryimage"},"thumbnailUrl":"https:\/\/static.africa-press.net\/congo-brazzaville\/sites\/51\/2023\/03\/postQueueImg_1678805030.12.jpg","datePublished":"2023-03-14T18:13:31+00:00","dateModified":"2023-03-14T19:20:21+00:00","author":{"@id":"https:\/\/www.africa-press.net\/congo-brazzaville\/#\/schema\/person\/2b1cf3cd81a31e3cd26889ca66d677f1"},"description":"La capitale congolaise abritera, les 30 et 31 mars prochains, au Palais des congre\u0300s, la premie\u0300re e\u0301dition de Brazza ...","breadcrumb":{"@id":"https:\/\/www.africa-press.net\/congo-brazzaville\/toutes-les-actualites\/international-leadership-youth-forum-plus-de-500-jeunes-africains-attendus-a-brazzaville#breadcrumb"},"inLanguage":"fr-FR","potentialAction":[{"@type":"ReadAction","target":["https:\/\/www.africa-press.net\/congo-brazzaville\/toutes-les-actualites\/international-leadership-youth-forum-plus-de-500-jeunes-africains-attendus-a-brazzaville"]}]},{"@type":"ImageObject","inLanguage":"fr-FR","@id":"https:\/\/www.africa-press.net\/congo-brazzaville\/toutes-les-actualites\/international-leadership-youth-forum-plus-de-500-jeunes-africains-attendus-a-brazzaville#primaryimage","url":"https:\/\/static.africa-press.net\/congo-brazzaville\/sites\/51\/2023\/03\/postQueueImg_1678805030.12.jpg","contentUrl":"https:\/\/static.africa-press.net\/congo-brazzaville\/sites\/51\/2023\/03\/postQueueImg_1678805030.12.jpg","width":1920,"height":646,"caption":"International leadership youth forum : plus de 500 jeunes africains attendus \u00e0 Brazzaville"},{"@type":"BreadcrumbList","@id":"https:\/\/www.africa-press.net\/congo-brazzaville\/toutes-les-actualites\/international-leadership-youth-forum-plus-de-500-jeunes-africains-attendus-a-brazzaville#breadcrumb","itemListElement":[{"@type":"ListItem","position":1,"name":"Accueil","item":"https:\/\/www.africa-press.net\/congo-brazzaville\/"},{"@type":"ListItem","position":2,"name":"International leadership youth forum : plus de 500 jeunes africains attendus \u00e0 Brazzaville"}]},{"@type":"WebSite","@id":"https:\/\/www.africa-press.net\/congo-brazzaville\/#website","url":"https:\/\/www.africa-press.net\/congo-brazzaville\/","name":"Congo Brazzaville","description":"Just another Africa News Agency Sites site","potentialAction":[{"@type":"SearchAction","target":{"@type":"EntryPoint","urlTemplate":"https:\/\/www.africa-press.net\/congo-brazzaville\/?s={search_term_string}"},"query-input":{"@type":"PropertyValueSpecification","valueRequired":true,"valueName":"search_term_string"}}],"inLanguage":"fr-FR"},{"@type":"Person","@id":"https:\/\/www.africa-press.net\/congo-brazzaville\/#\/schema\/person\/2b1cf3cd81a31e3cd26889ca66d677f1","name":"cfeditorfr"}]}},"_links":{"self":[{"href":"https:\/\/www.africa-press.net\/congo-brazzaville\/wp-json\/wp\/v2\/posts\/15634","targetHints":{"allow":["GET"]}}],"collection":[{"href":"https:\/\/www.africa-press.net\/congo-brazzaville\/wp-json\/wp\/v2\/posts"}],"about":[{"href":"https:\/\/www.africa-press.net\/congo-brazzaville\/wp-json\/wp\/v2\/types\/post"}],"author":[{"embeddable":true,"href":"https:\/\/www.africa-press.net\/congo-brazzaville\/wp-json\/wp\/v2\/users\/82"}],"replies":[{"embeddable":true,"href":"https:\/\/www.africa-press.net\/congo-brazzaville\/wp-json\/wp\/v2\/comments?post=15634"}],"version-history":[{"count":0,"href":"https:\/\/www.africa-press.net\/congo-brazzaville\/wp-json\/wp\/v2\/posts\/15634\/revisions"}],"wp:featuredmedia":[{"embeddable":true,"href":"https:\/\/www.africa-press.net\/congo-brazzaville\/wp-json\/wp\/v2\/media\/15632"}],"wp:attachment":[{"href":"https:\/\/www.africa-press.net\/congo-brazzaville\/wp-json\/wp\/v2\/media?parent=15634"}],"wp:term":[{"taxonomy":"category","embeddable":true,"href":"https:\/\/www.africa-press.net\/congo-brazzaville\/wp-json\/wp\/v2\/categories?post=15634"},{"taxonomy":"post_tag","embeddable":true,"href":"https:\/\/www.africa-press.net\/congo-brazzaville\/wp-json\/wp\/v2\/tags?post=15634"}],"curies":[{"name":"wp","href":"https:\/\/api.w.org\/{rel}","templated":true}]}}