{"id":15637,"date":"2023-03-14T18:30:00","date_gmt":"2023-03-14T18:30:00","guid":{"rendered":"https:\/\/www.africa-press.net\/congo-brazzaville\/politique\/reponse-de-lambassadeur-de-la-federation-de-russie-en-republique-du-congo-a-la-declaration-de-lequipe-europe-sur-le-conflit-en-ukraine"},"modified":"2023-03-14T19:20:51","modified_gmt":"2023-03-14T19:20:51","slug":"reponse-de-lambassadeur-de-la-federation-de-russie-en-republique-du-congo-a-la-declaration-de-lequipe-europe-sur-le-conflit-en-ukraine","status":"publish","type":"post","link":"https:\/\/www.africa-press.net\/congo-brazzaville\/politique\/reponse-de-lambassadeur-de-la-federation-de-russie-en-republique-du-congo-a-la-declaration-de-lequipe-europe-sur-le-conflit-en-ukraine","title":{"rendered":"R\u00e9ponse de l\u2019ambassadeur de la F\u00e9d\u00e9ration de Russie  en R\u00e9publique du Congo \u00e0 la d\u00e9claration de l\u2019Equipe Europe sur le conflit en Ukraine"},"content":{"rendered":"<p><span style=\"color: #ff6600\"><strong>Africa-Press &#8211; Congo Brazzaville. <\/strong><\/span>La de\u0301claration conjointe de l\u2019Equipe Europe sur l\u2019Ukraine nous offre une vision simpliste et de\u0301figure\u0301e des choses visant a\u0300 re\u0301puter a\u0300 la Russie la responsabilite\u0301 du conflit sanglant qui se\u0301vit en Ukraine. C\u2019est bien le contraire; la Russie cherche a\u0300 en finir avec une guerre qui dure depuis neuf ans.<\/p>\n<p>La crise en Ukraine a e\u0301te\u0301 de\u0301clenche\u0301e en 2014 suite a\u0300 un coup d&rsquo;E\u0301tat a\u0300 Kiev, ille\u0301gal et sanglant orchestre\u0301 et soutenu de l\u2019exte\u0301rieur, y compris par les pays de l\u2019Europe. Les re\u0301gions russophones, qui ont refuse\u0301 de reconnai\u0302tre le diktat des putschistes, ont fait objet de repre\u0301sailles et ont pris les armes. Elles ont de\u0301fendu leur droit de parler leur langue au prix des milliers des martyrs, civils et enfants.<\/p>\n<p>L\u2019ukrainisation force\u0301e de l\u2019Est du pays, russophobie de\u0301chai\u0302ne\u0301e, falsification de l&rsquo;histoire, renaissance du ne\u0301onazisme en Ukraine sont a\u0300 l\u2019origine des atrocite\u0301s, massacres, repre\u0301sailles et violations barbares des droits de l\u2019homme. Les Ukrainiens ont bombarde\u0301 Donbass pendant huit ans avec le plein soutien de l&rsquo;Occident qui tout ce temps-la\u0300 faisait la sourde oreille et fermait les yeux face a\u0300 ces actes barbares de ge\u0301nocide, dont les pays de l\u2019Union europe\u0301enne portent leur part de responsabilite\u0301.<\/p>\n<p>La France et l\u2019Allemagne, coauteurs et garants des accords de Minsk signe\u0301s le 12 fe\u0301vrier 2015 entre Kiev et les re\u0301gions inde\u0301pendantistes, n\u2019ont rien fait pour arre\u0302ter le sabotage de ce document par l\u2019Ukraine. En de\u0301cembre 2022, l&rsquo;ex-chancelie\u0300re allemande, Angela Merkel, et l&rsquo;ex-pre\u0301sident franc\u0327ais, Franc\u0327ois Hollande, ont avoue\u0301 sans scrupule que pour l\u2019Occident les accords de Minsk ont e\u0301te\u0301 une possibilite\u0301 de donner a\u0300 Kiev du temps pour mieux pre\u0301parer une guerre contre la Russie.<\/p>\n<p>Avec la participation directe de l&rsquo;Otan, l&rsquo;Ukraine est devenu un projet politico-militaire occidental. Les ne\u0301onazis ont e\u0301te\u0301 nourris a\u0300 la main pour exe\u0301cuter les ordres des manipulateurs occidentaux. Finalement, la Russie n\u2019a pas eu autre choix que de lancer une ope\u0301ration militaire spe\u0301ciale le 24 fe\u0301vrier 2022 pour prote\u0301ger la population de Donbass, de\u0301militariser et de\u0301nazifier l&rsquo;Ukraine, e\u0301liminer les menaces pour sa propre se\u0301curite\u0301.<\/p>\n<p>Les actes de l&rsquo;Otan et du re\u0301gime de Kiev confirment la nature globale de la confrontation en Ukraine, a\u0300 laquelle ils se sont minutieusement pre\u0301pare\u0301s. Les pays de l&rsquo;Otan sont de facto devenus partie du conflit a\u0300 co\u0302te\u0301 du re\u0301gime ne\u0301onazi qui, je le rappelle, est leur cre\u0301ature. Le montant de l&rsquo;aide militaire fournie a\u0300 l\u2019Ukraine en 2022 s\u2019e\u0301value a\u0300 100 milliards de dollars. Et on nous parle ici de \u00ab 1,6 milliard d\u2019euros de\u0301volus au continent africain \u00bb.<\/p>\n<p>L\u2019Equipe Europe fait allusion aux \u00ab crimes commis par des soldats russes \u00bb. Toujours sans preuves. Je vais vous dire une chose. Porter l\u2019uniforme militaire russe est le plus grand honneur au monde. Nos soldats se sacrifient pour sauver des civils. Par contre, les normes du droit humanitaire international sont syste\u0301matiquement viole\u0301es par les ne\u0301onazis ukrainiens qui continuent de recourir a\u0300 des me\u0301thodes terroristes. Ils utilisent des civils comme boucliers humains, installent leurs positions dans les e\u0301coles et ho\u0302pitaux sans e\u0301vacuer les gens. Ils tirent sur des civils fuyant les zones de combats, ayant manifeste\u0301 leur sympathie aux Russes ou tout simplement ayant ose\u0301 de parler leur langue. Ils se\u0300ment des milliers des mines antipersonnel dans les villes, bombardent les zones re\u0301sidentielles, commettent des atrocite\u0301s contre les prisonniers de guerre. Les Ukrainiens ont frappe\u0301 des centrales nucle\u0301aires, utilisent localement des armes chimiques.<\/p>\n<p>L\u2019Union europe\u0301enne cherche a\u0300 accuser la Russie de ne pas privile\u0301gier les ne\u0301gociations. La Russie est pre\u0302te pour un dialogue mais certainement pas au de\u0301triment de ses inte\u0301re\u0302ts nationaux.<\/p>\n<p>L\u2019Equipe Europe pre\u0301tend que la Russie est isole\u0301e. Un re\u0302ve fantaisiste. L\u2019Occident a toujours une tendance de s\u2019arroger le droit de parler au nom de la communaute\u0301 internationale toute entie\u0300re, sans oublier d\u2019intimider ceux qui ont une vision diffe\u0301rente des choses, dans les meilleures traditions ne\u0301ocoloniales. On connai\u0302t bien leurs habitudes pacifiques : Irak, Serbie, Libye, Syrie, Afghanistan. Avant cela, Vietnam, Alge\u0301rie, Afrique australe. Et bien avant, la traite des esclaves, la colonisation, les guerres coloniales. Le monde a beaucoup a\u0300 reprocher a\u0300 ceux qui aujourd\u2019hui nous enseignent la morale.<\/p>\n<p>L\u2019Equipe Europe se vante de ses sanctions contre la Russie apre\u0300s le de\u0301but de l\u2019ope\u0301ration en Ukraine. Mais la Russie est sous vos sanctions depuis une quinzaine d\u2019anne\u0301es. Sans un effet visible d\u2019ailleurs. L\u2019objectif est toujours le me\u0302me : de\u0301truire le pays qui a sa propre vision, conserve ses valeurs traditionnelles, empe\u0302che a\u0300 l\u2019Occident de dominer le monde.<\/p>\n<p>L\u2019Equipe Europe reprend les mantras sur la responsabilite\u0301 pre\u0301tendue de la Russie pour la crise alimentaire globale. En re\u0301alite\u0301, cette crise a e\u0301te\u0301 acce\u0301le\u0301re\u0301e par les sanctions occidentales qui entravent les exportations russes des ce\u0301re\u0301ales et des engrais chimiques. Il en est de me\u0302me pour les hydrocarbures.<\/p>\n<p>L\u2019Equipe Europe nous raconte des histoires sur la \u00ab propagande russe \u00bb. La liberte\u0301 de la presse est un principe universel de la de\u0301mocratie, n\u2019est-ce pas ? Curieusement, c\u2019est non. Une certaine liberte\u0301 c\u2019est pour les me\u0301dias occidentaux. Les me\u0301dias russes sont interdits en Europe. Avez-vous peur de la ve\u0301rite\u0301 ?<\/p>\n<p>Toutefois, nous sommes parfaitement d\u2019accord avec nos colle\u0300gues de l\u2019Union europe\u0301enne en ce qui concerne la coope\u0301ration avec l\u2019Afrique qui a besoin de tous les partenaires. La Russie va re\u0301aliser sur le continent ses projets pour le bien des Africains.<\/p>\n<p><strong>Pour plus d&rsquo;informations et d&rsquo;analyses sur la <a href=\"https:\/\/www.africa-press.net\/congo-brazzaville\">Congo Brazzaville<\/a>, suivez <a href=\"https:\/\/www.africa-press.net\/\">Africa-Press<\/a><\/strong><\/p>\n","protected":false},"excerpt":{"rendered":"<p>Africa-Press &#8211; Congo Brazzaville. La de\u0301claration conjointe de l\u2019Equipe Europe sur l\u2019Ukraine nous offre une vision simpliste et de\u0301figure\u0301e des choses visant a\u0300 re\u0301puter a\u0300 la Russie la responsabilite\u0301 du conflit sanglant qui se\u0301vit en Ukraine. C\u2019est bien le contraire; la Russie cherche a\u0300 en finir avec une guerre qui dure depuis neuf ans. La [&hellip;]<\/p>\n","protected":false},"author":82,"featured_media":15635,"comment_status":"open","ping_status":"closed","sticky":false,"template":"","format":"standard","meta":{"footnotes":""},"categories":[2,10],"tags":[36,47,46],"class_list":["post-15637","post","type-post","status-publish","format-standard","has-post-thumbnail","hentry","category-politique","category-toutes-les-actualites","tag-africa-press","tag-africa-press-congo-brazzaville","tag-congo-brazzaville"],"yoast_head":"<!-- This site is optimized with the Yoast SEO Premium plugin v26.1 (Yoast SEO v27.0) - https:\/\/yoast.com\/product\/yoast-seo-premium-wordpress\/ -->\n<title>R\u00e9ponse de l\u2019ambassadeur de la F\u00e9d\u00e9ration de Russie en R\u00e9publique du Congo \u00e0 la d\u00e9claration de l\u2019Equipe Europe sur le conflit en Ukraine - Congo Brazzaville<\/title>\n<meta name=\"description\" content=\"La de\u0301claration conjointe de l\u2019Equipe Europe sur l\u2019Ukraine nous offre une vision simpliste et de\u0301figure\u0301e des choses vis ...\" \/>\n<meta name=\"robots\" content=\"index, follow, max-snippet:-1, max-image-preview:large, max-video-preview:-1\" \/>\n<link rel=\"canonical\" href=\"https:\/\/www.africa-press.net\/congo-brazzaville\/politique\/reponse-de-lambassadeur-de-la-federation-de-russie-en-republique-du-congo-a-la-declaration-de-lequipe-europe-sur-le-conflit-en-ukraine\" \/>\n<meta property=\"og:locale\" content=\"fr_FR\" \/>\n<meta property=\"og:type\" content=\"article\" \/>\n<meta property=\"og:title\" content=\"R\u00e9ponse de l\u2019ambassadeur de la F\u00e9d\u00e9ration de Russie en R\u00e9publique du Congo \u00e0 la d\u00e9claration de l\u2019Equipe Europe sur le conflit en Ukraine\" \/>\n<meta property=\"og:description\" content=\"La de\u0301claration conjointe de l\u2019Equipe Europe sur l\u2019Ukraine nous offre une vision simpliste et de\u0301figure\u0301e des choses vis ...\" \/>\n<meta property=\"og:url\" content=\"https:\/\/www.africa-press.net\/congo-brazzaville\/politique\/reponse-de-lambassadeur-de-la-federation-de-russie-en-republique-du-congo-a-la-declaration-de-lequipe-europe-sur-le-conflit-en-ukraine\" \/>\n<meta property=\"og:site_name\" content=\"Congo Brazzaville\" \/>\n<meta property=\"article:published_time\" content=\"2023-03-14T18:30:00+00:00\" \/>\n<meta property=\"article:modified_time\" content=\"2023-03-14T19:20:51+00:00\" \/>\n<meta property=\"og:image\" content=\"https:\/\/static.africa-press.net\/congo-brazzaville\/sites\/51\/2023\/03\/postQueueImg_1678805048.84.jpg\" \/>\n\t<meta property=\"og:image:width\" content=\"1280\" \/>\n\t<meta property=\"og:image:height\" content=\"853\" \/>\n\t<meta property=\"og:image:type\" content=\"image\/jpeg\" \/>\n<meta name=\"author\" content=\"cfeditorfr\" \/>\n<meta name=\"twitter:card\" content=\"summary_large_image\" \/>\n<meta name=\"twitter:label1\" content=\"\u00c9crit par\" \/>\n\t<meta name=\"twitter:data1\" content=\"cfeditorfr\" \/>\n\t<meta name=\"twitter:label2\" content=\"Dur\u00e9e de lecture estim\u00e9e\" \/>\n\t<meta name=\"twitter:data2\" content=\"5 minutes\" \/>\n<script type=\"application\/ld+json\" class=\"yoast-schema-graph\">{\"@context\":\"https:\/\/schema.org\",\"@graph\":[{\"@type\":\"Article\",\"@id\":\"https:\/\/www.africa-press.net\/congo-brazzaville\/politique\/reponse-de-lambassadeur-de-la-federation-de-russie-en-republique-du-congo-a-la-declaration-de-lequipe-europe-sur-le-conflit-en-ukraine#article\",\"isPartOf\":{\"@id\":\"https:\/\/www.africa-press.net\/congo-brazzaville\/politique\/reponse-de-lambassadeur-de-la-federation-de-russie-en-republique-du-congo-a-la-declaration-de-lequipe-europe-sur-le-conflit-en-ukraine\"},\"author\":{\"name\":\"cfeditorfr\",\"@id\":\"https:\/\/www.africa-press.net\/congo-brazzaville\/#\/schema\/person\/2b1cf3cd81a31e3cd26889ca66d677f1\"},\"headline\":\"R\u00e9ponse de l\u2019ambassadeur de la F\u00e9d\u00e9ration de Russie en R\u00e9publique du Congo \u00e0 la d\u00e9claration de l\u2019Equipe Europe sur le conflit en Ukraine\",\"datePublished\":\"2023-03-14T18:30:00+00:00\",\"dateModified\":\"2023-03-14T19:20:51+00:00\",\"mainEntityOfPage\":{\"@id\":\"https:\/\/www.africa-press.net\/congo-brazzaville\/politique\/reponse-de-lambassadeur-de-la-federation-de-russie-en-republique-du-congo-a-la-declaration-de-lequipe-europe-sur-le-conflit-en-ukraine\"},\"wordCount\":1054,\"commentCount\":0,\"image\":{\"@id\":\"https:\/\/www.africa-press.net\/congo-brazzaville\/politique\/reponse-de-lambassadeur-de-la-federation-de-russie-en-republique-du-congo-a-la-declaration-de-lequipe-europe-sur-le-conflit-en-ukraine#primaryimage\"},\"thumbnailUrl\":\"https:\/\/static.africa-press.net\/congo-brazzaville\/sites\/51\/2023\/03\/postQueueImg_1678805048.84.jpg\",\"keywords\":[\"Africa Press\",\"Africa Press-Congo Brazzaville\",\"Congo Brazzaville\"],\"articleSection\":[\"Politique\",\"Toutes les actualit\u00e9s\"],\"inLanguage\":\"fr-FR\",\"potentialAction\":[{\"@type\":\"CommentAction\",\"name\":\"Comment\",\"target\":[\"https:\/\/www.africa-press.net\/congo-brazzaville\/politique\/reponse-de-lambassadeur-de-la-federation-de-russie-en-republique-du-congo-a-la-declaration-de-lequipe-europe-sur-le-conflit-en-ukraine#respond\"]}]},{\"@type\":\"WebPage\",\"@id\":\"https:\/\/www.africa-press.net\/congo-brazzaville\/politique\/reponse-de-lambassadeur-de-la-federation-de-russie-en-republique-du-congo-a-la-declaration-de-lequipe-europe-sur-le-conflit-en-ukraine\",\"url\":\"https:\/\/www.africa-press.net\/congo-brazzaville\/politique\/reponse-de-lambassadeur-de-la-federation-de-russie-en-republique-du-congo-a-la-declaration-de-lequipe-europe-sur-le-conflit-en-ukraine\",\"name\":\"R\u00e9ponse de l\u2019ambassadeur de la F\u00e9d\u00e9ration de Russie en R\u00e9publique du Congo \u00e0 la d\u00e9claration de l\u2019Equipe Europe sur le conflit en Ukraine - Congo Brazzaville\",\"isPartOf\":{\"@id\":\"https:\/\/www.africa-press.net\/congo-brazzaville\/#website\"},\"primaryImageOfPage\":{\"@id\":\"https:\/\/www.africa-press.net\/congo-brazzaville\/politique\/reponse-de-lambassadeur-de-la-federation-de-russie-en-republique-du-congo-a-la-declaration-de-lequipe-europe-sur-le-conflit-en-ukraine#primaryimage\"},\"image\":{\"@id\":\"https:\/\/www.africa-press.net\/congo-brazzaville\/politique\/reponse-de-lambassadeur-de-la-federation-de-russie-en-republique-du-congo-a-la-declaration-de-lequipe-europe-sur-le-conflit-en-ukraine#primaryimage\"},\"thumbnailUrl\":\"https:\/\/static.africa-press.net\/congo-brazzaville\/sites\/51\/2023\/03\/postQueueImg_1678805048.84.jpg\",\"datePublished\":\"2023-03-14T18:30:00+00:00\",\"dateModified\":\"2023-03-14T19:20:51+00:00\",\"author\":{\"@id\":\"https:\/\/www.africa-press.net\/congo-brazzaville\/#\/schema\/person\/2b1cf3cd81a31e3cd26889ca66d677f1\"},\"description\":\"La de\u0301claration conjointe de l\u2019Equipe Europe sur l\u2019Ukraine nous offre une vision simpliste et de\u0301figure\u0301e des choses vis ...\",\"breadcrumb\":{\"@id\":\"https:\/\/www.africa-press.net\/congo-brazzaville\/politique\/reponse-de-lambassadeur-de-la-federation-de-russie-en-republique-du-congo-a-la-declaration-de-lequipe-europe-sur-le-conflit-en-ukraine#breadcrumb\"},\"inLanguage\":\"fr-FR\",\"potentialAction\":[{\"@type\":\"ReadAction\",\"target\":[\"https:\/\/www.africa-press.net\/congo-brazzaville\/politique\/reponse-de-lambassadeur-de-la-federation-de-russie-en-republique-du-congo-a-la-declaration-de-lequipe-europe-sur-le-conflit-en-ukraine\"]}]},{\"@type\":\"ImageObject\",\"inLanguage\":\"fr-FR\",\"@id\":\"https:\/\/www.africa-press.net\/congo-brazzaville\/politique\/reponse-de-lambassadeur-de-la-federation-de-russie-en-republique-du-congo-a-la-declaration-de-lequipe-europe-sur-le-conflit-en-ukraine#primaryimage\",\"url\":\"https:\/\/static.africa-press.net\/congo-brazzaville\/sites\/51\/2023\/03\/postQueueImg_1678805048.84.jpg\",\"contentUrl\":\"https:\/\/static.africa-press.net\/congo-brazzaville\/sites\/51\/2023\/03\/postQueueImg_1678805048.84.jpg\",\"width\":1280,\"height\":853,\"caption\":\"R\u00e9ponse de l\u2019ambassadeur de la F\u00e9d\u00e9ration de Russie en R\u00e9publique du Congo \u00e0 la d\u00e9claration de l\u2019Equipe Europe sur le conflit en Ukraine\"},{\"@type\":\"BreadcrumbList\",\"@id\":\"https:\/\/www.africa-press.net\/congo-brazzaville\/politique\/reponse-de-lambassadeur-de-la-federation-de-russie-en-republique-du-congo-a-la-declaration-de-lequipe-europe-sur-le-conflit-en-ukraine#breadcrumb\",\"itemListElement\":[{\"@type\":\"ListItem\",\"position\":1,\"name\":\"Accueil\",\"item\":\"https:\/\/www.africa-press.net\/congo-brazzaville\/\"},{\"@type\":\"ListItem\",\"position\":2,\"name\":\"R\u00e9ponse de l\u2019ambassadeur de la F\u00e9d\u00e9ration de Russie en R\u00e9publique du Congo \u00e0 la d\u00e9claration de l\u2019Equipe Europe sur le conflit en Ukraine\"}]},{\"@type\":\"WebSite\",\"@id\":\"https:\/\/www.africa-press.net\/congo-brazzaville\/#website\",\"url\":\"https:\/\/www.africa-press.net\/congo-brazzaville\/\",\"name\":\"Congo Brazzaville\",\"description\":\"Just another Africa News Agency Sites site\",\"potentialAction\":[{\"@type\":\"SearchAction\",\"target\":{\"@type\":\"EntryPoint\",\"urlTemplate\":\"https:\/\/www.africa-press.net\/congo-brazzaville\/?s={search_term_string}\"},\"query-input\":{\"@type\":\"PropertyValueSpecification\",\"valueRequired\":true,\"valueName\":\"search_term_string\"}}],\"inLanguage\":\"fr-FR\"},{\"@type\":\"Person\",\"@id\":\"https:\/\/www.africa-press.net\/congo-brazzaville\/#\/schema\/person\/2b1cf3cd81a31e3cd26889ca66d677f1\",\"name\":\"cfeditorfr\"}]}<\/script>\n<!-- \/ Yoast SEO Premium plugin. -->","yoast_head_json":{"title":"R\u00e9ponse de l\u2019ambassadeur de la F\u00e9d\u00e9ration de Russie en R\u00e9publique du Congo \u00e0 la d\u00e9claration de l\u2019Equipe Europe sur le conflit en Ukraine - Congo Brazzaville","description":"La de\u0301claration conjointe de l\u2019Equipe Europe sur l\u2019Ukraine nous offre une vision simpliste et de\u0301figure\u0301e des choses vis ...","robots":{"index":"index","follow":"follow","max-snippet":"max-snippet:-1","max-image-preview":"max-image-preview:large","max-video-preview":"max-video-preview:-1"},"canonical":"https:\/\/www.africa-press.net\/congo-brazzaville\/politique\/reponse-de-lambassadeur-de-la-federation-de-russie-en-republique-du-congo-a-la-declaration-de-lequipe-europe-sur-le-conflit-en-ukraine","og_locale":"fr_FR","og_type":"article","og_title":"R\u00e9ponse de l\u2019ambassadeur de la F\u00e9d\u00e9ration de Russie en R\u00e9publique du Congo \u00e0 la d\u00e9claration de l\u2019Equipe Europe sur le conflit en Ukraine","og_description":"La de\u0301claration conjointe de l\u2019Equipe Europe sur l\u2019Ukraine nous offre une vision simpliste et de\u0301figure\u0301e des choses vis ...","og_url":"https:\/\/www.africa-press.net\/congo-brazzaville\/politique\/reponse-de-lambassadeur-de-la-federation-de-russie-en-republique-du-congo-a-la-declaration-de-lequipe-europe-sur-le-conflit-en-ukraine","og_site_name":"Congo Brazzaville","article_published_time":"2023-03-14T18:30:00+00:00","article_modified_time":"2023-03-14T19:20:51+00:00","og_image":[{"width":1280,"height":853,"url":"https:\/\/static.africa-press.net\/congo-brazzaville\/sites\/51\/2023\/03\/postQueueImg_1678805048.84.jpg","type":"image\/jpeg"}],"author":"cfeditorfr","twitter_card":"summary_large_image","twitter_misc":{"\u00c9crit par":"cfeditorfr","Dur\u00e9e de lecture estim\u00e9e":"5 minutes"},"schema":{"@context":"https:\/\/schema.org","@graph":[{"@type":"Article","@id":"https:\/\/www.africa-press.net\/congo-brazzaville\/politique\/reponse-de-lambassadeur-de-la-federation-de-russie-en-republique-du-congo-a-la-declaration-de-lequipe-europe-sur-le-conflit-en-ukraine#article","isPartOf":{"@id":"https:\/\/www.africa-press.net\/congo-brazzaville\/politique\/reponse-de-lambassadeur-de-la-federation-de-russie-en-republique-du-congo-a-la-declaration-de-lequipe-europe-sur-le-conflit-en-ukraine"},"author":{"name":"cfeditorfr","@id":"https:\/\/www.africa-press.net\/congo-brazzaville\/#\/schema\/person\/2b1cf3cd81a31e3cd26889ca66d677f1"},"headline":"R\u00e9ponse de l\u2019ambassadeur de la F\u00e9d\u00e9ration de Russie en R\u00e9publique du Congo \u00e0 la d\u00e9claration de l\u2019Equipe Europe sur le conflit en Ukraine","datePublished":"2023-03-14T18:30:00+00:00","dateModified":"2023-03-14T19:20:51+00:00","mainEntityOfPage":{"@id":"https:\/\/www.africa-press.net\/congo-brazzaville\/politique\/reponse-de-lambassadeur-de-la-federation-de-russie-en-republique-du-congo-a-la-declaration-de-lequipe-europe-sur-le-conflit-en-ukraine"},"wordCount":1054,"commentCount":0,"image":{"@id":"https:\/\/www.africa-press.net\/congo-brazzaville\/politique\/reponse-de-lambassadeur-de-la-federation-de-russie-en-republique-du-congo-a-la-declaration-de-lequipe-europe-sur-le-conflit-en-ukraine#primaryimage"},"thumbnailUrl":"https:\/\/static.africa-press.net\/congo-brazzaville\/sites\/51\/2023\/03\/postQueueImg_1678805048.84.jpg","keywords":["Africa Press","Africa Press-Congo Brazzaville","Congo Brazzaville"],"articleSection":["Politique","Toutes les actualit\u00e9s"],"inLanguage":"fr-FR","potentialAction":[{"@type":"CommentAction","name":"Comment","target":["https:\/\/www.africa-press.net\/congo-brazzaville\/politique\/reponse-de-lambassadeur-de-la-federation-de-russie-en-republique-du-congo-a-la-declaration-de-lequipe-europe-sur-le-conflit-en-ukraine#respond"]}]},{"@type":"WebPage","@id":"https:\/\/www.africa-press.net\/congo-brazzaville\/politique\/reponse-de-lambassadeur-de-la-federation-de-russie-en-republique-du-congo-a-la-declaration-de-lequipe-europe-sur-le-conflit-en-ukraine","url":"https:\/\/www.africa-press.net\/congo-brazzaville\/politique\/reponse-de-lambassadeur-de-la-federation-de-russie-en-republique-du-congo-a-la-declaration-de-lequipe-europe-sur-le-conflit-en-ukraine","name":"R\u00e9ponse de l\u2019ambassadeur de la F\u00e9d\u00e9ration de Russie en R\u00e9publique du Congo \u00e0 la d\u00e9claration de l\u2019Equipe Europe sur le conflit en Ukraine - Congo Brazzaville","isPartOf":{"@id":"https:\/\/www.africa-press.net\/congo-brazzaville\/#website"},"primaryImageOfPage":{"@id":"https:\/\/www.africa-press.net\/congo-brazzaville\/politique\/reponse-de-lambassadeur-de-la-federation-de-russie-en-republique-du-congo-a-la-declaration-de-lequipe-europe-sur-le-conflit-en-ukraine#primaryimage"},"image":{"@id":"https:\/\/www.africa-press.net\/congo-brazzaville\/politique\/reponse-de-lambassadeur-de-la-federation-de-russie-en-republique-du-congo-a-la-declaration-de-lequipe-europe-sur-le-conflit-en-ukraine#primaryimage"},"thumbnailUrl":"https:\/\/static.africa-press.net\/congo-brazzaville\/sites\/51\/2023\/03\/postQueueImg_1678805048.84.jpg","datePublished":"2023-03-14T18:30:00+00:00","dateModified":"2023-03-14T19:20:51+00:00","author":{"@id":"https:\/\/www.africa-press.net\/congo-brazzaville\/#\/schema\/person\/2b1cf3cd81a31e3cd26889ca66d677f1"},"description":"La de\u0301claration conjointe de l\u2019Equipe Europe sur l\u2019Ukraine nous offre une vision simpliste et de\u0301figure\u0301e des choses vis ...","breadcrumb":{"@id":"https:\/\/www.africa-press.net\/congo-brazzaville\/politique\/reponse-de-lambassadeur-de-la-federation-de-russie-en-republique-du-congo-a-la-declaration-de-lequipe-europe-sur-le-conflit-en-ukraine#breadcrumb"},"inLanguage":"fr-FR","potentialAction":[{"@type":"ReadAction","target":["https:\/\/www.africa-press.net\/congo-brazzaville\/politique\/reponse-de-lambassadeur-de-la-federation-de-russie-en-republique-du-congo-a-la-declaration-de-lequipe-europe-sur-le-conflit-en-ukraine"]}]},{"@type":"ImageObject","inLanguage":"fr-FR","@id":"https:\/\/www.africa-press.net\/congo-brazzaville\/politique\/reponse-de-lambassadeur-de-la-federation-de-russie-en-republique-du-congo-a-la-declaration-de-lequipe-europe-sur-le-conflit-en-ukraine#primaryimage","url":"https:\/\/static.africa-press.net\/congo-brazzaville\/sites\/51\/2023\/03\/postQueueImg_1678805048.84.jpg","contentUrl":"https:\/\/static.africa-press.net\/congo-brazzaville\/sites\/51\/2023\/03\/postQueueImg_1678805048.84.jpg","width":1280,"height":853,"caption":"R\u00e9ponse de l\u2019ambassadeur de la F\u00e9d\u00e9ration de Russie en R\u00e9publique du Congo \u00e0 la d\u00e9claration de l\u2019Equipe Europe sur le conflit en Ukraine"},{"@type":"BreadcrumbList","@id":"https:\/\/www.africa-press.net\/congo-brazzaville\/politique\/reponse-de-lambassadeur-de-la-federation-de-russie-en-republique-du-congo-a-la-declaration-de-lequipe-europe-sur-le-conflit-en-ukraine#breadcrumb","itemListElement":[{"@type":"ListItem","position":1,"name":"Accueil","item":"https:\/\/www.africa-press.net\/congo-brazzaville\/"},{"@type":"ListItem","position":2,"name":"R\u00e9ponse de l\u2019ambassadeur de la F\u00e9d\u00e9ration de Russie en R\u00e9publique du Congo \u00e0 la d\u00e9claration de l\u2019Equipe Europe sur le conflit en Ukraine"}]},{"@type":"WebSite","@id":"https:\/\/www.africa-press.net\/congo-brazzaville\/#website","url":"https:\/\/www.africa-press.net\/congo-brazzaville\/","name":"Congo Brazzaville","description":"Just another Africa News Agency Sites site","potentialAction":[{"@type":"SearchAction","target":{"@type":"EntryPoint","urlTemplate":"https:\/\/www.africa-press.net\/congo-brazzaville\/?s={search_term_string}"},"query-input":{"@type":"PropertyValueSpecification","valueRequired":true,"valueName":"search_term_string"}}],"inLanguage":"fr-FR"},{"@type":"Person","@id":"https:\/\/www.africa-press.net\/congo-brazzaville\/#\/schema\/person\/2b1cf3cd81a31e3cd26889ca66d677f1","name":"cfeditorfr"}]}},"_links":{"self":[{"href":"https:\/\/www.africa-press.net\/congo-brazzaville\/wp-json\/wp\/v2\/posts\/15637","targetHints":{"allow":["GET"]}}],"collection":[{"href":"https:\/\/www.africa-press.net\/congo-brazzaville\/wp-json\/wp\/v2\/posts"}],"about":[{"href":"https:\/\/www.africa-press.net\/congo-brazzaville\/wp-json\/wp\/v2\/types\/post"}],"author":[{"embeddable":true,"href":"https:\/\/www.africa-press.net\/congo-brazzaville\/wp-json\/wp\/v2\/users\/82"}],"replies":[{"embeddable":true,"href":"https:\/\/www.africa-press.net\/congo-brazzaville\/wp-json\/wp\/v2\/comments?post=15637"}],"version-history":[{"count":0,"href":"https:\/\/www.africa-press.net\/congo-brazzaville\/wp-json\/wp\/v2\/posts\/15637\/revisions"}],"wp:featuredmedia":[{"embeddable":true,"href":"https:\/\/www.africa-press.net\/congo-brazzaville\/wp-json\/wp\/v2\/media\/15635"}],"wp:attachment":[{"href":"https:\/\/www.africa-press.net\/congo-brazzaville\/wp-json\/wp\/v2\/media?parent=15637"}],"wp:term":[{"taxonomy":"category","embeddable":true,"href":"https:\/\/www.africa-press.net\/congo-brazzaville\/wp-json\/wp\/v2\/categories?post=15637"},{"taxonomy":"post_tag","embeddable":true,"href":"https:\/\/www.africa-press.net\/congo-brazzaville\/wp-json\/wp\/v2\/tags?post=15637"}],"curies":[{"name":"wp","href":"https:\/\/api.w.org\/{rel}","templated":true}]}}