{"id":15644,"date":"2023-03-14T18:14:51","date_gmt":"2023-03-14T18:14:51","guid":{"rendered":"https:\/\/www.africa-press.net\/congo-brazzaville\/politique\/can-u-20-deo-gracias-bassinga-et-prince-soussou-dans-le-xi-type-de-la-phase-de-groupes"},"modified":"2023-03-14T19:26:34","modified_gmt":"2023-03-14T19:26:34","slug":"can-u-20-deo-gracias-bassinga-et-prince-soussou-dans-le-xi-type-de-la-phase-de-groupes","status":"publish","type":"post","link":"https:\/\/www.africa-press.net\/congo-brazzaville\/sports\/can-u-20-deo-gracias-bassinga-et-prince-soussou-dans-le-xi-type-de-la-phase-de-groupes","title":{"rendered":"CAN U-20 :  D\u00e9o Gracias Bassinga et Prince Soussou dans le XI type de la phase de groupes"},"content":{"rendered":"<p><span style=\"color: #ff6600\"><strong>Africa-Press &#8211; Congo Brazzaville. <\/strong><\/span><b>Le groupe d\u2019e\u0301tudes technique de la Confe\u0301de\u0301ration africaine de football (CAF) a re\u0301ve\u0301le\u0301 le onze type de la phase de groupes de la Coupe d\u2019Afrique des nations (CAN) des moins de 20 ans dans lequel les Congolais Deo Gracias Bassinga et Prince Soussou Ilendo ont e\u0301bloui les observateurs.<\/b><\/p>\n<p>Les noms des meilleurs joueurs par poste de la phase de groupes ont e\u0301te\u0301 de\u0301voile\u0301s en attendant le onze de toute la compe\u0301tition dans lequel l\u2019attaquant congolais a sa place a\u0300 de\u0301fendre. De\u0301o Gracias Bassinga a termine\u0301 co-meilleur buteur de la CAN avec le Se\u0301ne\u0301galais Pape Diop avec quatre re\u0301alisations. Le Se\u0301ne\u0301galais ayant remporte\u0301 la compe\u0301tition a gagne\u0301 ce prix de meilleur buteur. Les deux joueurs composent le trio d\u2019attaque du onze type de la phase de poules avec l\u2019Ougandais Rogers Mugisha.<\/p>\n<p>Au-dela\u0300 de l\u2019e\u0301chec en quart de finale, la compe\u0301tition a e\u0301te\u0301 une re\u0301ussite pour Deo Gracias Bassinga e\u0301lu deux fois homme du match. La premie\u0300re fois au terme du match qui a oppose\u0301, le 20 fe\u0301vrier, le Congo et le Sud Soudan. Il avait mis les Diables rouges dans le droit chemin en ouvrant le score lors de leur victoire 2-1. Muet face a\u0300 l\u2019Ouganda et la Re\u0301publique centrafricaine, il a marque\u0301 les esprits en signant un triple\u0301 pendant le quart de finale qui a oppose\u0301 le Congo a\u0300 la Tunisie, solde\u0301 par la victoire des jeunes tunisiens aux tirs au but, pour se consoler du prix de l\u2019homme du match. Son deuxie\u0300me but contre la Tunisie figure parmi les dix meilleurs de la compe\u0301tition se\u0301lectionne\u0301s par la CAF.<\/p>\n<p>Dans la peau de capitaine apre\u0300s l\u2019expulsion de Claude Ngongara, le milieu du terrain Prince Soussou Ilendo, buteur sur penalty face au Sud Soudan, a lui aussi tape\u0301 dans l\u2019\u0153il des observateurs. Il avait e\u0301te\u0301 e\u0301galement e\u0301lu homme du match lors du nul 2-2 conce\u0301de\u0301 le 23 fe\u0301vrier par le Congo devant l\u2019Ouganda. Son rythme de travail et sa performance globale ont permis au Congo, qui e\u0301voluait en infe\u0301riorite\u0301 nume\u0301rique, d\u2019obtenir ce pre\u0301cieux point devant l\u2019Ouganda. Deo Bassinga et Prince Soussou ont e\u0301te\u0301 les hommes cle\u0301s des Diables rouges. C\u2019est en toute logique qu\u2019ils repre\u0301sentent le Congo dans ce onze type.<\/p>\n<p>Les Se\u0301ne\u0301galais dominent logiquement ce onze type gra\u0302ce a\u0300 la pre\u0301sence de quatre Lionceaux de la Teranga. Le gardien Landing Badji a termine\u0301 la compe\u0301tition sans conce\u0301der de but. Mamadou Camara et Pape Diop sont aligne\u0301s au milieu du terrain avec le Congolais Prince Soussou. La de\u0301fense est compose\u0301e de l\u2019Ougandais Torach Okachi, du Gambien Alagie Saine, du Be\u0301ninois Abdoul Rachid et du Nige\u0301rian Solomon Agbalaka. Le Gambien Abdoulie Bojang est le coach.<\/p>\n<p><strong>Pour plus d&rsquo;informations et d&rsquo;analyses sur la <a href=\"https:\/\/www.africa-press.net\/congo-brazzaville\">Congo Brazzaville<\/a>, suivez <a href=\"https:\/\/www.africa-press.net\/\">Africa-Press<\/a><\/strong><\/p>\n","protected":false},"excerpt":{"rendered":"<p>Africa-Press &#8211; Congo Brazzaville. Le groupe d\u2019e\u0301tudes technique de la Confe\u0301de\u0301ration africaine de football (CAF) a re\u0301ve\u0301le\u0301 le onze type de la phase de groupes de la Coupe d\u2019Afrique des nations (CAN) des moins de 20 ans dans lequel les Congolais Deo Gracias Bassinga et Prince Soussou Ilendo ont e\u0301bloui les observateurs. Les noms des [&hellip;]<\/p>\n","protected":false},"author":82,"featured_media":15643,"comment_status":"open","ping_status":"closed","sticky":false,"template":"","format":"standard","meta":{"footnotes":""},"categories":[6,10],"tags":[36,47,46],"class_list":["post-15644","post","type-post","status-publish","format-standard","has-post-thumbnail","hentry","category-sports","category-toutes-les-actualites","tag-africa-press","tag-africa-press-congo-brazzaville","tag-congo-brazzaville"],"yoast_head":"<!-- This site is optimized with the Yoast SEO Premium plugin v26.1 (Yoast SEO v27.0) - https:\/\/yoast.com\/product\/yoast-seo-premium-wordpress\/ -->\n<title>CAN U-20 : D\u00e9o Gracias Bassinga et Prince Soussou dans le XI type de la phase de groupes - Congo Brazzaville<\/title>\n<meta name=\"description\" content=\"Le groupe d\u2019e\u0301tudes technique de la Confe\u0301de\u0301ration africaine de football (CAF) a re\u0301ve\u0301le\u0301 le onze type de la phase ...\" \/>\n<meta name=\"robots\" content=\"index, follow, max-snippet:-1, max-image-preview:large, max-video-preview:-1\" \/>\n<link rel=\"canonical\" href=\"https:\/\/www.africa-press.net\/congo-brazzaville\/sports\/can-u-20-deo-gracias-bassinga-et-prince-soussou-dans-le-xi-type-de-la-phase-de-groupes\" \/>\n<meta property=\"og:locale\" content=\"fr_FR\" \/>\n<meta property=\"og:type\" content=\"article\" \/>\n<meta property=\"og:title\" content=\"CAN U-20 : D\u00e9o Gracias Bassinga et Prince Soussou dans le XI type de la phase de groupes\" \/>\n<meta property=\"og:description\" content=\"Le groupe d\u2019e\u0301tudes technique de la Confe\u0301de\u0301ration africaine de football (CAF) a re\u0301ve\u0301le\u0301 le onze type de la phase ...\" \/>\n<meta property=\"og:url\" content=\"https:\/\/www.africa-press.net\/congo-brazzaville\/sports\/can-u-20-deo-gracias-bassinga-et-prince-soussou-dans-le-xi-type-de-la-phase-de-groupes\" \/>\n<meta property=\"og:site_name\" content=\"Congo Brazzaville\" \/>\n<meta property=\"article:published_time\" content=\"2023-03-14T18:14:51+00:00\" \/>\n<meta property=\"article:modified_time\" content=\"2023-03-14T19:26:34+00:00\" \/>\n<meta property=\"og:image\" content=\"https:\/\/static.africa-press.net\/congo-brazzaville\/sites\/51\/2023\/03\/postQueueImg_1678805106.80.jpg\" \/>\n\t<meta property=\"og:image:width\" content=\"1280\" \/>\n\t<meta property=\"og:image:height\" content=\"720\" \/>\n\t<meta property=\"og:image:type\" content=\"image\/jpeg\" \/>\n<meta name=\"author\" content=\"cfeditorfr\" \/>\n<meta name=\"twitter:card\" content=\"summary_large_image\" \/>\n<meta name=\"twitter:label1\" content=\"\u00c9crit par\" \/>\n\t<meta name=\"twitter:data1\" content=\"cfeditorfr\" \/>\n\t<meta name=\"twitter:label2\" content=\"Dur\u00e9e de lecture estim\u00e9e\" \/>\n\t<meta name=\"twitter:data2\" content=\"3 minutes\" \/>\n<script type=\"application\/ld+json\" class=\"yoast-schema-graph\">{\"@context\":\"https:\/\/schema.org\",\"@graph\":[{\"@type\":\"Article\",\"@id\":\"https:\/\/www.africa-press.net\/congo-brazzaville\/sports\/can-u-20-deo-gracias-bassinga-et-prince-soussou-dans-le-xi-type-de-la-phase-de-groupes#article\",\"isPartOf\":{\"@id\":\"https:\/\/www.africa-press.net\/congo-brazzaville\/sports\/can-u-20-deo-gracias-bassinga-et-prince-soussou-dans-le-xi-type-de-la-phase-de-groupes\"},\"author\":{\"name\":\"cfeditorfr\",\"@id\":\"https:\/\/www.africa-press.net\/congo-brazzaville\/#\/schema\/person\/2b1cf3cd81a31e3cd26889ca66d677f1\"},\"headline\":\"CAN U-20 : D\u00e9o Gracias Bassinga et Prince Soussou dans le XI type de la phase de groupes\",\"datePublished\":\"2023-03-14T18:14:51+00:00\",\"dateModified\":\"2023-03-14T19:26:34+00:00\",\"mainEntityOfPage\":{\"@id\":\"https:\/\/www.africa-press.net\/congo-brazzaville\/sports\/can-u-20-deo-gracias-bassinga-et-prince-soussou-dans-le-xi-type-de-la-phase-de-groupes\"},\"wordCount\":535,\"commentCount\":0,\"image\":{\"@id\":\"https:\/\/www.africa-press.net\/congo-brazzaville\/sports\/can-u-20-deo-gracias-bassinga-et-prince-soussou-dans-le-xi-type-de-la-phase-de-groupes#primaryimage\"},\"thumbnailUrl\":\"https:\/\/static.africa-press.net\/congo-brazzaville\/sites\/51\/2023\/03\/postQueueImg_1678805106.80.jpg\",\"keywords\":[\"Africa Press\",\"Africa Press-Congo Brazzaville\",\"Congo Brazzaville\"],\"articleSection\":[\"Sports\",\"Toutes les actualit\u00e9s\"],\"inLanguage\":\"fr-FR\",\"potentialAction\":[{\"@type\":\"CommentAction\",\"name\":\"Comment\",\"target\":[\"https:\/\/www.africa-press.net\/congo-brazzaville\/sports\/can-u-20-deo-gracias-bassinga-et-prince-soussou-dans-le-xi-type-de-la-phase-de-groupes#respond\"]}]},{\"@type\":\"WebPage\",\"@id\":\"https:\/\/www.africa-press.net\/congo-brazzaville\/sports\/can-u-20-deo-gracias-bassinga-et-prince-soussou-dans-le-xi-type-de-la-phase-de-groupes\",\"url\":\"https:\/\/www.africa-press.net\/congo-brazzaville\/sports\/can-u-20-deo-gracias-bassinga-et-prince-soussou-dans-le-xi-type-de-la-phase-de-groupes\",\"name\":\"CAN U-20 : D\u00e9o Gracias Bassinga et Prince Soussou dans le XI type de la phase de groupes - Congo Brazzaville\",\"isPartOf\":{\"@id\":\"https:\/\/www.africa-press.net\/congo-brazzaville\/#website\"},\"primaryImageOfPage\":{\"@id\":\"https:\/\/www.africa-press.net\/congo-brazzaville\/sports\/can-u-20-deo-gracias-bassinga-et-prince-soussou-dans-le-xi-type-de-la-phase-de-groupes#primaryimage\"},\"image\":{\"@id\":\"https:\/\/www.africa-press.net\/congo-brazzaville\/sports\/can-u-20-deo-gracias-bassinga-et-prince-soussou-dans-le-xi-type-de-la-phase-de-groupes#primaryimage\"},\"thumbnailUrl\":\"https:\/\/static.africa-press.net\/congo-brazzaville\/sites\/51\/2023\/03\/postQueueImg_1678805106.80.jpg\",\"datePublished\":\"2023-03-14T18:14:51+00:00\",\"dateModified\":\"2023-03-14T19:26:34+00:00\",\"author\":{\"@id\":\"https:\/\/www.africa-press.net\/congo-brazzaville\/#\/schema\/person\/2b1cf3cd81a31e3cd26889ca66d677f1\"},\"description\":\"Le groupe d\u2019e\u0301tudes technique de la Confe\u0301de\u0301ration africaine de football (CAF) a re\u0301ve\u0301le\u0301 le onze type de la phase ...\",\"breadcrumb\":{\"@id\":\"https:\/\/www.africa-press.net\/congo-brazzaville\/sports\/can-u-20-deo-gracias-bassinga-et-prince-soussou-dans-le-xi-type-de-la-phase-de-groupes#breadcrumb\"},\"inLanguage\":\"fr-FR\",\"potentialAction\":[{\"@type\":\"ReadAction\",\"target\":[\"https:\/\/www.africa-press.net\/congo-brazzaville\/sports\/can-u-20-deo-gracias-bassinga-et-prince-soussou-dans-le-xi-type-de-la-phase-de-groupes\"]}]},{\"@type\":\"ImageObject\",\"inLanguage\":\"fr-FR\",\"@id\":\"https:\/\/www.africa-press.net\/congo-brazzaville\/sports\/can-u-20-deo-gracias-bassinga-et-prince-soussou-dans-le-xi-type-de-la-phase-de-groupes#primaryimage\",\"url\":\"https:\/\/static.africa-press.net\/congo-brazzaville\/sites\/51\/2023\/03\/postQueueImg_1678805106.80.jpg\",\"contentUrl\":\"https:\/\/static.africa-press.net\/congo-brazzaville\/sites\/51\/2023\/03\/postQueueImg_1678805106.80.jpg\",\"width\":1280,\"height\":720,\"caption\":\"CAN U-20 : D\u00e9o Gracias Bassinga et Prince Soussou dans le XI type de la phase de groupes\"},{\"@type\":\"BreadcrumbList\",\"@id\":\"https:\/\/www.africa-press.net\/congo-brazzaville\/sports\/can-u-20-deo-gracias-bassinga-et-prince-soussou-dans-le-xi-type-de-la-phase-de-groupes#breadcrumb\",\"itemListElement\":[{\"@type\":\"ListItem\",\"position\":1,\"name\":\"Accueil\",\"item\":\"https:\/\/www.africa-press.net\/congo-brazzaville\/\"},{\"@type\":\"ListItem\",\"position\":2,\"name\":\"CAN U-20 : D\u00e9o Gracias Bassinga et Prince Soussou dans le XI type de la phase de groupes\"}]},{\"@type\":\"WebSite\",\"@id\":\"https:\/\/www.africa-press.net\/congo-brazzaville\/#website\",\"url\":\"https:\/\/www.africa-press.net\/congo-brazzaville\/\",\"name\":\"Congo Brazzaville\",\"description\":\"Just another Africa News Agency Sites site\",\"potentialAction\":[{\"@type\":\"SearchAction\",\"target\":{\"@type\":\"EntryPoint\",\"urlTemplate\":\"https:\/\/www.africa-press.net\/congo-brazzaville\/?s={search_term_string}\"},\"query-input\":{\"@type\":\"PropertyValueSpecification\",\"valueRequired\":true,\"valueName\":\"search_term_string\"}}],\"inLanguage\":\"fr-FR\"},{\"@type\":\"Person\",\"@id\":\"https:\/\/www.africa-press.net\/congo-brazzaville\/#\/schema\/person\/2b1cf3cd81a31e3cd26889ca66d677f1\",\"name\":\"cfeditorfr\"}]}<\/script>\n<!-- \/ Yoast SEO Premium plugin. -->","yoast_head_json":{"title":"CAN U-20 : D\u00e9o Gracias Bassinga et Prince Soussou dans le XI type de la phase de groupes - Congo Brazzaville","description":"Le groupe d\u2019e\u0301tudes technique de la Confe\u0301de\u0301ration africaine de football (CAF) a re\u0301ve\u0301le\u0301 le onze type de la phase ...","robots":{"index":"index","follow":"follow","max-snippet":"max-snippet:-1","max-image-preview":"max-image-preview:large","max-video-preview":"max-video-preview:-1"},"canonical":"https:\/\/www.africa-press.net\/congo-brazzaville\/sports\/can-u-20-deo-gracias-bassinga-et-prince-soussou-dans-le-xi-type-de-la-phase-de-groupes","og_locale":"fr_FR","og_type":"article","og_title":"CAN U-20 : D\u00e9o Gracias Bassinga et Prince Soussou dans le XI type de la phase de groupes","og_description":"Le groupe d\u2019e\u0301tudes technique de la Confe\u0301de\u0301ration africaine de football (CAF) a re\u0301ve\u0301le\u0301 le onze type de la phase ...","og_url":"https:\/\/www.africa-press.net\/congo-brazzaville\/sports\/can-u-20-deo-gracias-bassinga-et-prince-soussou-dans-le-xi-type-de-la-phase-de-groupes","og_site_name":"Congo Brazzaville","article_published_time":"2023-03-14T18:14:51+00:00","article_modified_time":"2023-03-14T19:26:34+00:00","og_image":[{"width":1280,"height":720,"url":"https:\/\/static.africa-press.net\/congo-brazzaville\/sites\/51\/2023\/03\/postQueueImg_1678805106.80.jpg","type":"image\/jpeg"}],"author":"cfeditorfr","twitter_card":"summary_large_image","twitter_misc":{"\u00c9crit par":"cfeditorfr","Dur\u00e9e de lecture estim\u00e9e":"3 minutes"},"schema":{"@context":"https:\/\/schema.org","@graph":[{"@type":"Article","@id":"https:\/\/www.africa-press.net\/congo-brazzaville\/sports\/can-u-20-deo-gracias-bassinga-et-prince-soussou-dans-le-xi-type-de-la-phase-de-groupes#article","isPartOf":{"@id":"https:\/\/www.africa-press.net\/congo-brazzaville\/sports\/can-u-20-deo-gracias-bassinga-et-prince-soussou-dans-le-xi-type-de-la-phase-de-groupes"},"author":{"name":"cfeditorfr","@id":"https:\/\/www.africa-press.net\/congo-brazzaville\/#\/schema\/person\/2b1cf3cd81a31e3cd26889ca66d677f1"},"headline":"CAN U-20 : D\u00e9o Gracias Bassinga et Prince Soussou dans le XI type de la phase de groupes","datePublished":"2023-03-14T18:14:51+00:00","dateModified":"2023-03-14T19:26:34+00:00","mainEntityOfPage":{"@id":"https:\/\/www.africa-press.net\/congo-brazzaville\/sports\/can-u-20-deo-gracias-bassinga-et-prince-soussou-dans-le-xi-type-de-la-phase-de-groupes"},"wordCount":535,"commentCount":0,"image":{"@id":"https:\/\/www.africa-press.net\/congo-brazzaville\/sports\/can-u-20-deo-gracias-bassinga-et-prince-soussou-dans-le-xi-type-de-la-phase-de-groupes#primaryimage"},"thumbnailUrl":"https:\/\/static.africa-press.net\/congo-brazzaville\/sites\/51\/2023\/03\/postQueueImg_1678805106.80.jpg","keywords":["Africa Press","Africa Press-Congo Brazzaville","Congo Brazzaville"],"articleSection":["Sports","Toutes les actualit\u00e9s"],"inLanguage":"fr-FR","potentialAction":[{"@type":"CommentAction","name":"Comment","target":["https:\/\/www.africa-press.net\/congo-brazzaville\/sports\/can-u-20-deo-gracias-bassinga-et-prince-soussou-dans-le-xi-type-de-la-phase-de-groupes#respond"]}]},{"@type":"WebPage","@id":"https:\/\/www.africa-press.net\/congo-brazzaville\/sports\/can-u-20-deo-gracias-bassinga-et-prince-soussou-dans-le-xi-type-de-la-phase-de-groupes","url":"https:\/\/www.africa-press.net\/congo-brazzaville\/sports\/can-u-20-deo-gracias-bassinga-et-prince-soussou-dans-le-xi-type-de-la-phase-de-groupes","name":"CAN U-20 : D\u00e9o Gracias Bassinga et Prince Soussou dans le XI type de la phase de groupes - Congo Brazzaville","isPartOf":{"@id":"https:\/\/www.africa-press.net\/congo-brazzaville\/#website"},"primaryImageOfPage":{"@id":"https:\/\/www.africa-press.net\/congo-brazzaville\/sports\/can-u-20-deo-gracias-bassinga-et-prince-soussou-dans-le-xi-type-de-la-phase-de-groupes#primaryimage"},"image":{"@id":"https:\/\/www.africa-press.net\/congo-brazzaville\/sports\/can-u-20-deo-gracias-bassinga-et-prince-soussou-dans-le-xi-type-de-la-phase-de-groupes#primaryimage"},"thumbnailUrl":"https:\/\/static.africa-press.net\/congo-brazzaville\/sites\/51\/2023\/03\/postQueueImg_1678805106.80.jpg","datePublished":"2023-03-14T18:14:51+00:00","dateModified":"2023-03-14T19:26:34+00:00","author":{"@id":"https:\/\/www.africa-press.net\/congo-brazzaville\/#\/schema\/person\/2b1cf3cd81a31e3cd26889ca66d677f1"},"description":"Le groupe d\u2019e\u0301tudes technique de la Confe\u0301de\u0301ration africaine de football (CAF) a re\u0301ve\u0301le\u0301 le onze type de la phase ...","breadcrumb":{"@id":"https:\/\/www.africa-press.net\/congo-brazzaville\/sports\/can-u-20-deo-gracias-bassinga-et-prince-soussou-dans-le-xi-type-de-la-phase-de-groupes#breadcrumb"},"inLanguage":"fr-FR","potentialAction":[{"@type":"ReadAction","target":["https:\/\/www.africa-press.net\/congo-brazzaville\/sports\/can-u-20-deo-gracias-bassinga-et-prince-soussou-dans-le-xi-type-de-la-phase-de-groupes"]}]},{"@type":"ImageObject","inLanguage":"fr-FR","@id":"https:\/\/www.africa-press.net\/congo-brazzaville\/sports\/can-u-20-deo-gracias-bassinga-et-prince-soussou-dans-le-xi-type-de-la-phase-de-groupes#primaryimage","url":"https:\/\/static.africa-press.net\/congo-brazzaville\/sites\/51\/2023\/03\/postQueueImg_1678805106.80.jpg","contentUrl":"https:\/\/static.africa-press.net\/congo-brazzaville\/sites\/51\/2023\/03\/postQueueImg_1678805106.80.jpg","width":1280,"height":720,"caption":"CAN U-20 : D\u00e9o Gracias Bassinga et Prince Soussou dans le XI type de la phase de groupes"},{"@type":"BreadcrumbList","@id":"https:\/\/www.africa-press.net\/congo-brazzaville\/sports\/can-u-20-deo-gracias-bassinga-et-prince-soussou-dans-le-xi-type-de-la-phase-de-groupes#breadcrumb","itemListElement":[{"@type":"ListItem","position":1,"name":"Accueil","item":"https:\/\/www.africa-press.net\/congo-brazzaville\/"},{"@type":"ListItem","position":2,"name":"CAN U-20 : D\u00e9o Gracias Bassinga et Prince Soussou dans le XI type de la phase de groupes"}]},{"@type":"WebSite","@id":"https:\/\/www.africa-press.net\/congo-brazzaville\/#website","url":"https:\/\/www.africa-press.net\/congo-brazzaville\/","name":"Congo Brazzaville","description":"Just another Africa News Agency Sites site","potentialAction":[{"@type":"SearchAction","target":{"@type":"EntryPoint","urlTemplate":"https:\/\/www.africa-press.net\/congo-brazzaville\/?s={search_term_string}"},"query-input":{"@type":"PropertyValueSpecification","valueRequired":true,"valueName":"search_term_string"}}],"inLanguage":"fr-FR"},{"@type":"Person","@id":"https:\/\/www.africa-press.net\/congo-brazzaville\/#\/schema\/person\/2b1cf3cd81a31e3cd26889ca66d677f1","name":"cfeditorfr"}]}},"_links":{"self":[{"href":"https:\/\/www.africa-press.net\/congo-brazzaville\/wp-json\/wp\/v2\/posts\/15644","targetHints":{"allow":["GET"]}}],"collection":[{"href":"https:\/\/www.africa-press.net\/congo-brazzaville\/wp-json\/wp\/v2\/posts"}],"about":[{"href":"https:\/\/www.africa-press.net\/congo-brazzaville\/wp-json\/wp\/v2\/types\/post"}],"author":[{"embeddable":true,"href":"https:\/\/www.africa-press.net\/congo-brazzaville\/wp-json\/wp\/v2\/users\/82"}],"replies":[{"embeddable":true,"href":"https:\/\/www.africa-press.net\/congo-brazzaville\/wp-json\/wp\/v2\/comments?post=15644"}],"version-history":[{"count":0,"href":"https:\/\/www.africa-press.net\/congo-brazzaville\/wp-json\/wp\/v2\/posts\/15644\/revisions"}],"wp:featuredmedia":[{"embeddable":true,"href":"https:\/\/www.africa-press.net\/congo-brazzaville\/wp-json\/wp\/v2\/media\/15643"}],"wp:attachment":[{"href":"https:\/\/www.africa-press.net\/congo-brazzaville\/wp-json\/wp\/v2\/media?parent=15644"}],"wp:term":[{"taxonomy":"category","embeddable":true,"href":"https:\/\/www.africa-press.net\/congo-brazzaville\/wp-json\/wp\/v2\/categories?post=15644"},{"taxonomy":"post_tag","embeddable":true,"href":"https:\/\/www.africa-press.net\/congo-brazzaville\/wp-json\/wp\/v2\/tags?post=15644"}],"curies":[{"name":"wp","href":"https:\/\/api.w.org\/{rel}","templated":true}]}}