{"id":15647,"date":"2023-03-14T18:15:11","date_gmt":"2023-03-14T18:15:11","guid":{"rendered":"https:\/\/www.africa-press.net\/congo-brazzaville\/politique\/cooperation-le-congo-participe-au-70e-cours-professionnel-de-diplomates-en-inde"},"modified":"2023-03-14T19:27:07","modified_gmt":"2023-03-14T19:27:07","slug":"cooperation-le-congo-participe-au-70e-cours-professionnel-de-diplomates-en-inde","status":"publish","type":"post","link":"https:\/\/www.africa-press.net\/congo-brazzaville\/toutes-les-actualites\/cooperation-le-congo-participe-au-70e-cours-professionnel-de-diplomates-en-inde","title":{"rendered":"Coop\u00e9ration : le Congo participe au 70e cours professionnel de diplomates en Inde"},"content":{"rendered":"<p><span style=\"color: #ff6600\"><strong>Africa-Press &#8211; Congo Brazzaville. <\/strong><\/span><b>Une de\u0301le\u0301gation congolaise repre\u0301sente\u0301e par l\u2019attache\u0301 a\u0300 la primature, Auclair Maba, participe du 13 au 31 mars a\u0300 New Delhi, en Inde, a\u0300 une rencontre internationale des acteurs de la diplomatie.<\/b><\/p>\n<p>Plus de cinquante-quatre cadres issus de plusieurs pays sont actuellement en Inde pour l\u2019actualisation de leurs connaissances en diplomatie, a\u0300 travers le 70e cours des professionnels diplomates e\u0301trangers. \u00ab Ces multiples expe\u0301riences nous permettront en retour de pouvoir les adapter non seulement aux re\u0301alite\u0301s actuelles, mais aussi aux re\u0301alite\u0301s de nos diffe\u0301rents pays. C&rsquo;est dire que ce cours est un syste\u0300me mis en place par l&rsquo;Inde pour ouvrir a\u0300 nos pays son expertise, en matie\u0300re de diplomatie et de politique exte\u0301rieure \u00bb, a explique\u0301 Auclair Maba.<\/p>\n<p>La rencontre est organise\u0301e par l\u2019institut Sushma Swaraj. Elle se de\u0301roule en panels et tables rondes qui permettront aux participants d\u2019e\u0301changer leur expe\u0301rience en matie\u0300re de politique exte\u0301rieure, de diplomatie digitale du pays ho\u0302te ainsi que celle de certains pays.<\/p>\n<p>\u00ab Cette formation va e\u0301galement permettre a\u0300 chaque participant le transfert des compe\u0301tences afin de faciliter aux pays qui n&rsquo;ont pas la mai\u0302trise de certaines technologies de s&rsquo;en procurer et de s&rsquo;adapter au monde actuel \u00bb, a ajoute\u0301 ce cadre du ministe\u0300re des Affaires e\u0301trange\u0300res, de\u0301tenteur d\u2019un master en relations internationales.<\/p>\n<p><strong>Pour plus d&rsquo;informations et d&rsquo;analyses sur la <a href=\"https:\/\/www.africa-press.net\/congo-brazzaville\">Congo Brazzaville<\/a>, suivez <a href=\"https:\/\/www.africa-press.net\/\">Africa-Press<\/a><\/strong><\/p>\n","protected":false},"excerpt":{"rendered":"<p>Africa-Press &#8211; Congo Brazzaville. Une de\u0301le\u0301gation congolaise repre\u0301sente\u0301e par l\u2019attache\u0301 a\u0300 la primature, Auclair Maba, participe du 13 au 31 mars a\u0300 New Delhi, en Inde, a\u0300 une rencontre internationale des acteurs de la diplomatie. Plus de cinquante-quatre cadres issus de plusieurs pays sont actuellement en Inde pour l\u2019actualisation de leurs connaissances en diplomatie, a\u0300 [&hellip;]<\/p>\n","protected":false},"author":82,"featured_media":15645,"comment_status":"open","ping_status":"closed","sticky":false,"template":"","format":"standard","meta":{"footnotes":""},"categories":[21,10],"tags":[36,47,46],"class_list":["post-15647","post","type-post","status-publish","format-standard","has-post-thumbnail","hentry","category-communaute","category-toutes-les-actualites","tag-africa-press","tag-africa-press-congo-brazzaville","tag-congo-brazzaville"],"yoast_head":"<!-- This site is optimized with the Yoast SEO Premium plugin v26.1 (Yoast SEO v27.0) - https:\/\/yoast.com\/product\/yoast-seo-premium-wordpress\/ -->\n<title>Coop\u00e9ration : le Congo participe au 70e cours professionnel de diplomates en Inde - Congo Brazzaville<\/title>\n<meta name=\"description\" content=\"Une de\u0301le\u0301gation congolaise repre\u0301sente\u0301e par l\u2019attache\u0301 a\u0300 la primature, Auclair Maba, participe du 13 au 31 mars a\u0300 ...\" \/>\n<meta name=\"robots\" content=\"index, follow, max-snippet:-1, max-image-preview:large, max-video-preview:-1\" \/>\n<link rel=\"canonical\" href=\"https:\/\/www.africa-press.net\/congo-brazzaville\/toutes-les-actualites\/cooperation-le-congo-participe-au-70e-cours-professionnel-de-diplomates-en-inde\" \/>\n<meta property=\"og:locale\" content=\"fr_FR\" \/>\n<meta property=\"og:type\" content=\"article\" \/>\n<meta property=\"og:title\" content=\"Coop\u00e9ration : le Congo participe au 70e cours professionnel de diplomates en Inde\" \/>\n<meta property=\"og:description\" content=\"Une de\u0301le\u0301gation congolaise repre\u0301sente\u0301e par l\u2019attache\u0301 a\u0300 la primature, Auclair Maba, participe du 13 au 31 mars a\u0300 ...\" \/>\n<meta property=\"og:url\" content=\"https:\/\/www.africa-press.net\/congo-brazzaville\/toutes-les-actualites\/cooperation-le-congo-participe-au-70e-cours-professionnel-de-diplomates-en-inde\" \/>\n<meta property=\"og:site_name\" content=\"Congo Brazzaville\" \/>\n<meta property=\"article:published_time\" content=\"2023-03-14T18:15:11+00:00\" \/>\n<meta property=\"article:modified_time\" content=\"2023-03-14T19:27:07+00:00\" \/>\n<meta property=\"og:image\" content=\"https:\/\/static.africa-press.net\/congo-brazzaville\/sites\/51\/2023\/03\/postQueueImg_1678805118.63.jpg\" \/>\n\t<meta property=\"og:image:width\" content=\"1280\" \/>\n\t<meta property=\"og:image:height\" content=\"720\" \/>\n\t<meta property=\"og:image:type\" content=\"image\/jpeg\" \/>\n<meta name=\"author\" content=\"cfeditorfr\" \/>\n<meta name=\"twitter:card\" content=\"summary_large_image\" \/>\n<meta name=\"twitter:label1\" content=\"\u00c9crit par\" \/>\n\t<meta name=\"twitter:data1\" content=\"cfeditorfr\" \/>\n\t<meta name=\"twitter:label2\" content=\"Dur\u00e9e de lecture estim\u00e9e\" \/>\n\t<meta name=\"twitter:data2\" content=\"2 minutes\" \/>\n<script type=\"application\/ld+json\" class=\"yoast-schema-graph\">{\"@context\":\"https:\/\/schema.org\",\"@graph\":[{\"@type\":\"Article\",\"@id\":\"https:\/\/www.africa-press.net\/congo-brazzaville\/toutes-les-actualites\/cooperation-le-congo-participe-au-70e-cours-professionnel-de-diplomates-en-inde#article\",\"isPartOf\":{\"@id\":\"https:\/\/www.africa-press.net\/congo-brazzaville\/toutes-les-actualites\/cooperation-le-congo-participe-au-70e-cours-professionnel-de-diplomates-en-inde\"},\"author\":{\"name\":\"cfeditorfr\",\"@id\":\"https:\/\/www.africa-press.net\/congo-brazzaville\/#\/schema\/person\/2b1cf3cd81a31e3cd26889ca66d677f1\"},\"headline\":\"Coop\u00e9ration : le Congo participe au 70e cours professionnel de diplomates en Inde\",\"datePublished\":\"2023-03-14T18:15:11+00:00\",\"dateModified\":\"2023-03-14T19:27:07+00:00\",\"mainEntityOfPage\":{\"@id\":\"https:\/\/www.africa-press.net\/congo-brazzaville\/toutes-les-actualites\/cooperation-le-congo-participe-au-70e-cours-professionnel-de-diplomates-en-inde\"},\"wordCount\":270,\"commentCount\":0,\"image\":{\"@id\":\"https:\/\/www.africa-press.net\/congo-brazzaville\/toutes-les-actualites\/cooperation-le-congo-participe-au-70e-cours-professionnel-de-diplomates-en-inde#primaryimage\"},\"thumbnailUrl\":\"https:\/\/static.africa-press.net\/congo-brazzaville\/sites\/51\/2023\/03\/postQueueImg_1678805118.63.jpg\",\"keywords\":[\"Africa Press\",\"Africa Press-Congo Brazzaville\",\"Congo Brazzaville\"],\"articleSection\":[\"Communaut\u00e9\",\"Toutes les actualit\u00e9s\"],\"inLanguage\":\"fr-FR\",\"potentialAction\":[{\"@type\":\"CommentAction\",\"name\":\"Comment\",\"target\":[\"https:\/\/www.africa-press.net\/congo-brazzaville\/toutes-les-actualites\/cooperation-le-congo-participe-au-70e-cours-professionnel-de-diplomates-en-inde#respond\"]}]},{\"@type\":\"WebPage\",\"@id\":\"https:\/\/www.africa-press.net\/congo-brazzaville\/toutes-les-actualites\/cooperation-le-congo-participe-au-70e-cours-professionnel-de-diplomates-en-inde\",\"url\":\"https:\/\/www.africa-press.net\/congo-brazzaville\/toutes-les-actualites\/cooperation-le-congo-participe-au-70e-cours-professionnel-de-diplomates-en-inde\",\"name\":\"Coop\u00e9ration : le Congo participe au 70e cours professionnel de diplomates en Inde - Congo Brazzaville\",\"isPartOf\":{\"@id\":\"https:\/\/www.africa-press.net\/congo-brazzaville\/#website\"},\"primaryImageOfPage\":{\"@id\":\"https:\/\/www.africa-press.net\/congo-brazzaville\/toutes-les-actualites\/cooperation-le-congo-participe-au-70e-cours-professionnel-de-diplomates-en-inde#primaryimage\"},\"image\":{\"@id\":\"https:\/\/www.africa-press.net\/congo-brazzaville\/toutes-les-actualites\/cooperation-le-congo-participe-au-70e-cours-professionnel-de-diplomates-en-inde#primaryimage\"},\"thumbnailUrl\":\"https:\/\/static.africa-press.net\/congo-brazzaville\/sites\/51\/2023\/03\/postQueueImg_1678805118.63.jpg\",\"datePublished\":\"2023-03-14T18:15:11+00:00\",\"dateModified\":\"2023-03-14T19:27:07+00:00\",\"author\":{\"@id\":\"https:\/\/www.africa-press.net\/congo-brazzaville\/#\/schema\/person\/2b1cf3cd81a31e3cd26889ca66d677f1\"},\"description\":\"Une de\u0301le\u0301gation congolaise repre\u0301sente\u0301e par l\u2019attache\u0301 a\u0300 la primature, Auclair Maba, participe du 13 au 31 mars a\u0300 ...\",\"breadcrumb\":{\"@id\":\"https:\/\/www.africa-press.net\/congo-brazzaville\/toutes-les-actualites\/cooperation-le-congo-participe-au-70e-cours-professionnel-de-diplomates-en-inde#breadcrumb\"},\"inLanguage\":\"fr-FR\",\"potentialAction\":[{\"@type\":\"ReadAction\",\"target\":[\"https:\/\/www.africa-press.net\/congo-brazzaville\/toutes-les-actualites\/cooperation-le-congo-participe-au-70e-cours-professionnel-de-diplomates-en-inde\"]}]},{\"@type\":\"ImageObject\",\"inLanguage\":\"fr-FR\",\"@id\":\"https:\/\/www.africa-press.net\/congo-brazzaville\/toutes-les-actualites\/cooperation-le-congo-participe-au-70e-cours-professionnel-de-diplomates-en-inde#primaryimage\",\"url\":\"https:\/\/static.africa-press.net\/congo-brazzaville\/sites\/51\/2023\/03\/postQueueImg_1678805118.63.jpg\",\"contentUrl\":\"https:\/\/static.africa-press.net\/congo-brazzaville\/sites\/51\/2023\/03\/postQueueImg_1678805118.63.jpg\",\"width\":1280,\"height\":720,\"caption\":\"Coop\u00e9ration : le Congo participe au 70e cours professionnel de diplomates en Inde\"},{\"@type\":\"BreadcrumbList\",\"@id\":\"https:\/\/www.africa-press.net\/congo-brazzaville\/toutes-les-actualites\/cooperation-le-congo-participe-au-70e-cours-professionnel-de-diplomates-en-inde#breadcrumb\",\"itemListElement\":[{\"@type\":\"ListItem\",\"position\":1,\"name\":\"Accueil\",\"item\":\"https:\/\/www.africa-press.net\/congo-brazzaville\/\"},{\"@type\":\"ListItem\",\"position\":2,\"name\":\"Coop\u00e9ration : le Congo participe au 70e cours professionnel de diplomates en Inde\"}]},{\"@type\":\"WebSite\",\"@id\":\"https:\/\/www.africa-press.net\/congo-brazzaville\/#website\",\"url\":\"https:\/\/www.africa-press.net\/congo-brazzaville\/\",\"name\":\"Congo Brazzaville\",\"description\":\"Just another Africa News Agency Sites site\",\"potentialAction\":[{\"@type\":\"SearchAction\",\"target\":{\"@type\":\"EntryPoint\",\"urlTemplate\":\"https:\/\/www.africa-press.net\/congo-brazzaville\/?s={search_term_string}\"},\"query-input\":{\"@type\":\"PropertyValueSpecification\",\"valueRequired\":true,\"valueName\":\"search_term_string\"}}],\"inLanguage\":\"fr-FR\"},{\"@type\":\"Person\",\"@id\":\"https:\/\/www.africa-press.net\/congo-brazzaville\/#\/schema\/person\/2b1cf3cd81a31e3cd26889ca66d677f1\",\"name\":\"cfeditorfr\"}]}<\/script>\n<!-- \/ Yoast SEO Premium plugin. -->","yoast_head_json":{"title":"Coop\u00e9ration : le Congo participe au 70e cours professionnel de diplomates en Inde - Congo Brazzaville","description":"Une de\u0301le\u0301gation congolaise repre\u0301sente\u0301e par l\u2019attache\u0301 a\u0300 la primature, Auclair Maba, participe du 13 au 31 mars a\u0300 ...","robots":{"index":"index","follow":"follow","max-snippet":"max-snippet:-1","max-image-preview":"max-image-preview:large","max-video-preview":"max-video-preview:-1"},"canonical":"https:\/\/www.africa-press.net\/congo-brazzaville\/toutes-les-actualites\/cooperation-le-congo-participe-au-70e-cours-professionnel-de-diplomates-en-inde","og_locale":"fr_FR","og_type":"article","og_title":"Coop\u00e9ration : le Congo participe au 70e cours professionnel de diplomates en Inde","og_description":"Une de\u0301le\u0301gation congolaise repre\u0301sente\u0301e par l\u2019attache\u0301 a\u0300 la primature, Auclair Maba, participe du 13 au 31 mars a\u0300 ...","og_url":"https:\/\/www.africa-press.net\/congo-brazzaville\/toutes-les-actualites\/cooperation-le-congo-participe-au-70e-cours-professionnel-de-diplomates-en-inde","og_site_name":"Congo Brazzaville","article_published_time":"2023-03-14T18:15:11+00:00","article_modified_time":"2023-03-14T19:27:07+00:00","og_image":[{"width":1280,"height":720,"url":"https:\/\/static.africa-press.net\/congo-brazzaville\/sites\/51\/2023\/03\/postQueueImg_1678805118.63.jpg","type":"image\/jpeg"}],"author":"cfeditorfr","twitter_card":"summary_large_image","twitter_misc":{"\u00c9crit par":"cfeditorfr","Dur\u00e9e de lecture estim\u00e9e":"2 minutes"},"schema":{"@context":"https:\/\/schema.org","@graph":[{"@type":"Article","@id":"https:\/\/www.africa-press.net\/congo-brazzaville\/toutes-les-actualites\/cooperation-le-congo-participe-au-70e-cours-professionnel-de-diplomates-en-inde#article","isPartOf":{"@id":"https:\/\/www.africa-press.net\/congo-brazzaville\/toutes-les-actualites\/cooperation-le-congo-participe-au-70e-cours-professionnel-de-diplomates-en-inde"},"author":{"name":"cfeditorfr","@id":"https:\/\/www.africa-press.net\/congo-brazzaville\/#\/schema\/person\/2b1cf3cd81a31e3cd26889ca66d677f1"},"headline":"Coop\u00e9ration : le Congo participe au 70e cours professionnel de diplomates en Inde","datePublished":"2023-03-14T18:15:11+00:00","dateModified":"2023-03-14T19:27:07+00:00","mainEntityOfPage":{"@id":"https:\/\/www.africa-press.net\/congo-brazzaville\/toutes-les-actualites\/cooperation-le-congo-participe-au-70e-cours-professionnel-de-diplomates-en-inde"},"wordCount":270,"commentCount":0,"image":{"@id":"https:\/\/www.africa-press.net\/congo-brazzaville\/toutes-les-actualites\/cooperation-le-congo-participe-au-70e-cours-professionnel-de-diplomates-en-inde#primaryimage"},"thumbnailUrl":"https:\/\/static.africa-press.net\/congo-brazzaville\/sites\/51\/2023\/03\/postQueueImg_1678805118.63.jpg","keywords":["Africa Press","Africa Press-Congo Brazzaville","Congo Brazzaville"],"articleSection":["Communaut\u00e9","Toutes les actualit\u00e9s"],"inLanguage":"fr-FR","potentialAction":[{"@type":"CommentAction","name":"Comment","target":["https:\/\/www.africa-press.net\/congo-brazzaville\/toutes-les-actualites\/cooperation-le-congo-participe-au-70e-cours-professionnel-de-diplomates-en-inde#respond"]}]},{"@type":"WebPage","@id":"https:\/\/www.africa-press.net\/congo-brazzaville\/toutes-les-actualites\/cooperation-le-congo-participe-au-70e-cours-professionnel-de-diplomates-en-inde","url":"https:\/\/www.africa-press.net\/congo-brazzaville\/toutes-les-actualites\/cooperation-le-congo-participe-au-70e-cours-professionnel-de-diplomates-en-inde","name":"Coop\u00e9ration : le Congo participe au 70e cours professionnel de diplomates en Inde - Congo Brazzaville","isPartOf":{"@id":"https:\/\/www.africa-press.net\/congo-brazzaville\/#website"},"primaryImageOfPage":{"@id":"https:\/\/www.africa-press.net\/congo-brazzaville\/toutes-les-actualites\/cooperation-le-congo-participe-au-70e-cours-professionnel-de-diplomates-en-inde#primaryimage"},"image":{"@id":"https:\/\/www.africa-press.net\/congo-brazzaville\/toutes-les-actualites\/cooperation-le-congo-participe-au-70e-cours-professionnel-de-diplomates-en-inde#primaryimage"},"thumbnailUrl":"https:\/\/static.africa-press.net\/congo-brazzaville\/sites\/51\/2023\/03\/postQueueImg_1678805118.63.jpg","datePublished":"2023-03-14T18:15:11+00:00","dateModified":"2023-03-14T19:27:07+00:00","author":{"@id":"https:\/\/www.africa-press.net\/congo-brazzaville\/#\/schema\/person\/2b1cf3cd81a31e3cd26889ca66d677f1"},"description":"Une de\u0301le\u0301gation congolaise repre\u0301sente\u0301e par l\u2019attache\u0301 a\u0300 la primature, Auclair Maba, participe du 13 au 31 mars a\u0300 ...","breadcrumb":{"@id":"https:\/\/www.africa-press.net\/congo-brazzaville\/toutes-les-actualites\/cooperation-le-congo-participe-au-70e-cours-professionnel-de-diplomates-en-inde#breadcrumb"},"inLanguage":"fr-FR","potentialAction":[{"@type":"ReadAction","target":["https:\/\/www.africa-press.net\/congo-brazzaville\/toutes-les-actualites\/cooperation-le-congo-participe-au-70e-cours-professionnel-de-diplomates-en-inde"]}]},{"@type":"ImageObject","inLanguage":"fr-FR","@id":"https:\/\/www.africa-press.net\/congo-brazzaville\/toutes-les-actualites\/cooperation-le-congo-participe-au-70e-cours-professionnel-de-diplomates-en-inde#primaryimage","url":"https:\/\/static.africa-press.net\/congo-brazzaville\/sites\/51\/2023\/03\/postQueueImg_1678805118.63.jpg","contentUrl":"https:\/\/static.africa-press.net\/congo-brazzaville\/sites\/51\/2023\/03\/postQueueImg_1678805118.63.jpg","width":1280,"height":720,"caption":"Coop\u00e9ration : le Congo participe au 70e cours professionnel de diplomates en Inde"},{"@type":"BreadcrumbList","@id":"https:\/\/www.africa-press.net\/congo-brazzaville\/toutes-les-actualites\/cooperation-le-congo-participe-au-70e-cours-professionnel-de-diplomates-en-inde#breadcrumb","itemListElement":[{"@type":"ListItem","position":1,"name":"Accueil","item":"https:\/\/www.africa-press.net\/congo-brazzaville\/"},{"@type":"ListItem","position":2,"name":"Coop\u00e9ration : le Congo participe au 70e cours professionnel de diplomates en Inde"}]},{"@type":"WebSite","@id":"https:\/\/www.africa-press.net\/congo-brazzaville\/#website","url":"https:\/\/www.africa-press.net\/congo-brazzaville\/","name":"Congo Brazzaville","description":"Just another Africa News Agency Sites site","potentialAction":[{"@type":"SearchAction","target":{"@type":"EntryPoint","urlTemplate":"https:\/\/www.africa-press.net\/congo-brazzaville\/?s={search_term_string}"},"query-input":{"@type":"PropertyValueSpecification","valueRequired":true,"valueName":"search_term_string"}}],"inLanguage":"fr-FR"},{"@type":"Person","@id":"https:\/\/www.africa-press.net\/congo-brazzaville\/#\/schema\/person\/2b1cf3cd81a31e3cd26889ca66d677f1","name":"cfeditorfr"}]}},"_links":{"self":[{"href":"https:\/\/www.africa-press.net\/congo-brazzaville\/wp-json\/wp\/v2\/posts\/15647","targetHints":{"allow":["GET"]}}],"collection":[{"href":"https:\/\/www.africa-press.net\/congo-brazzaville\/wp-json\/wp\/v2\/posts"}],"about":[{"href":"https:\/\/www.africa-press.net\/congo-brazzaville\/wp-json\/wp\/v2\/types\/post"}],"author":[{"embeddable":true,"href":"https:\/\/www.africa-press.net\/congo-brazzaville\/wp-json\/wp\/v2\/users\/82"}],"replies":[{"embeddable":true,"href":"https:\/\/www.africa-press.net\/congo-brazzaville\/wp-json\/wp\/v2\/comments?post=15647"}],"version-history":[{"count":0,"href":"https:\/\/www.africa-press.net\/congo-brazzaville\/wp-json\/wp\/v2\/posts\/15647\/revisions"}],"wp:featuredmedia":[{"embeddable":true,"href":"https:\/\/www.africa-press.net\/congo-brazzaville\/wp-json\/wp\/v2\/media\/15645"}],"wp:attachment":[{"href":"https:\/\/www.africa-press.net\/congo-brazzaville\/wp-json\/wp\/v2\/media?parent=15647"}],"wp:term":[{"taxonomy":"category","embeddable":true,"href":"https:\/\/www.africa-press.net\/congo-brazzaville\/wp-json\/wp\/v2\/categories?post=15647"},{"taxonomy":"post_tag","embeddable":true,"href":"https:\/\/www.africa-press.net\/congo-brazzaville\/wp-json\/wp\/v2\/tags?post=15647"}],"curies":[{"name":"wp","href":"https:\/\/api.w.org\/{rel}","templated":true}]}}