{"id":15662,"date":"2023-03-15T18:18:22","date_gmt":"2023-03-15T18:18:22","guid":{"rendered":"https:\/\/www.africa-press.net\/congo-brazzaville\/politique\/formation-les-eleves-sensibilises-aux-metiers-de-transport-et-de-la-logistique"},"modified":"2023-03-15T19:50:37","modified_gmt":"2023-03-15T19:50:37","slug":"formation-les-eleves-sensibilises-aux-metiers-de-transport-et-de-la-logistique","status":"publish","type":"post","link":"https:\/\/www.africa-press.net\/congo-brazzaville\/toutes-les-actualites\/formation-les-eleves-sensibilises-aux-metiers-de-transport-et-de-la-logistique","title":{"rendered":"Formation : les \u00e9l\u00e8ves  sensibilis\u00e9s aux m\u00e9tiers de transport et de la logistique"},"content":{"rendered":"<p><span style=\"color: #ff6600\"><strong>Africa-Press &#8211; Congo Brazzaville. <\/strong><\/span><b>Le directeur ge\u0301ne\u0301ral du Conseil congolais des chargeurs, Dominique Candide Fabrice Koumou Boulas, a organise\u0301, le 11 mars, a\u0300 Oyo dans le de\u0301partement de la Cuvette, une confe\u0301rence sur le choix et l\u2019orientation aux me\u0301tiers de transport et de la logistique couple\u0301e a\u0300 la sensibilisation aux questions de su\u0302rete\u0301 et de se\u0301curite\u0301 au profit des transporteurs fluviaux inter-urbains, des futurs bacheliers, des parents d\u2019e\u0301le\u0300ves et des responsables des administrations publiques et prive\u0301es.<\/b><\/p>\n<p>L&rsquo;orientation a\u0300 l\u2019universite\u0301 e\u0301tant un ve\u0301ritable casse-te\u0302te pour les nouveaux bacheliers, le Dr Dominique Koumou Boulas, initiateur du Centre Trainmar, une e\u0301cole d&rsquo;excellence en logistique et transport a\u0300 Pointe-Noire, a pre\u0301sente\u0301 aux e\u0301le\u0300ves en fin de cycle secondaire les diffe\u0301rents me\u0301tiers de cette filie\u0300re. Un domaine tre\u0300s strate\u0301gique qui de\u0301bouche directement sur l\u2019emploi. \u00ab Nous avons pense\u0301 que le moment e\u0301tait arrive\u0301 pour que nous puissions communiquer pour donner l\u2019information aux parents sur le choix de l\u2019orientation et sur les attentes du marche\u0301. Nous formons les enfants pour qu\u2019ils deviennent des produits attractifs dans le marche\u0301. Nous ne formons pas des cho\u0302meurs\u00bb, a-t-il indique\u0301.<\/p>\n<p>Prenant la parole, la vice-maire d\u2019Oyo, Antoinette Ashley Ambendet N\u2019Guesso, a fe\u0301licite\u0301 Koumou Boulas pour cette initiative tre\u0300s louable, sollicitant la cre\u0301ation d\u2019une antenne du Centre Trainmar dans la localite\u0301. \u00ab Nous sollicitons l\u2019ouverture d\u2019une antenne Trainmar a\u0300 Oyo pour former les enfants aux me\u0301tiers de transport et de logistique \u00bb, a-t-elle avance\u0301, au nom des e\u0301le\u0300ves d\u2019Oyo et d\u2019Ollombo.<\/p>\n<p>De son co\u0302te\u0301, le sous-pre\u0301fet d\u2019Oyo, Jose\u0301 Tsono Ndzale\u0301, a souligne\u0301 que les domaines de transport et de la logistique deviennent aujourd\u2019hui un levier incontestable dans la compe\u0301titivite\u0301 de la chai\u0302ne de transport multimodal. \u00ab Nous lanc\u0327ons un vibrant appel aux parents d\u2019e\u0301le\u0300ves de saisir l\u2019opportunite\u0301 qu\u2019offre le Conseil congolais des chargeurs a\u0300 travers son centre Trainmar \u00bb, a-t-il indique\u0301. Tre\u0300s satisfaits de participer a\u0300 cette confe\u0301rence d\u2019orientation, des e\u0301le\u0300ves des lyce\u0301es d\u2019Oyo et d&rsquo;Ollombo ont pris rendez-vous avec le centre apre\u0300s les re\u0301sultats du baccalaure\u0301at.<\/p>\n<p><strong>Pour plus d&rsquo;informations et d&rsquo;analyses sur la <a href=\"https:\/\/www.africa-press.net\/congo-brazzaville\">Congo Brazzaville<\/a>, suivez <a href=\"https:\/\/www.africa-press.net\/\">Africa-Press<\/a><\/strong><\/p>\n","protected":false},"excerpt":{"rendered":"<p>Africa-Press &#8211; Congo Brazzaville. Le directeur ge\u0301ne\u0301ral du Conseil congolais des chargeurs, Dominique Candide Fabrice Koumou Boulas, a organise\u0301, le 11 mars, a\u0300 Oyo dans le de\u0301partement de la Cuvette, une confe\u0301rence sur le choix et l\u2019orientation aux me\u0301tiers de transport et de la logistique couple\u0301e a\u0300 la sensibilisation aux questions de su\u0302rete\u0301 et de [&hellip;]<\/p>\n","protected":false},"author":82,"featured_media":15661,"comment_status":"open","ping_status":"closed","sticky":false,"template":"","format":"standard","meta":{"footnotes":""},"categories":[21,10],"tags":[36,47,46],"class_list":["post-15662","post","type-post","status-publish","format-standard","has-post-thumbnail","hentry","category-communaute","category-toutes-les-actualites","tag-africa-press","tag-africa-press-congo-brazzaville","tag-congo-brazzaville"],"yoast_head":"<!-- This site is optimized with the Yoast SEO Premium plugin v26.1 (Yoast SEO v27.0) - https:\/\/yoast.com\/product\/yoast-seo-premium-wordpress\/ -->\n<title>Formation : les \u00e9l\u00e8ves sensibilis\u00e9s aux m\u00e9tiers de transport et de la logistique - Congo Brazzaville<\/title>\n<meta name=\"description\" content=\"Le directeur ge\u0301ne\u0301ral du Conseil congolais des chargeurs, Dominique Candide Fabrice Koumou Boulas, a organise\u0301, le 1 ...\" \/>\n<meta name=\"robots\" content=\"index, follow, max-snippet:-1, max-image-preview:large, max-video-preview:-1\" \/>\n<link rel=\"canonical\" href=\"https:\/\/www.africa-press.net\/congo-brazzaville\/toutes-les-actualites\/formation-les-eleves-sensibilises-aux-metiers-de-transport-et-de-la-logistique\" \/>\n<meta property=\"og:locale\" content=\"fr_FR\" \/>\n<meta property=\"og:type\" content=\"article\" \/>\n<meta property=\"og:title\" content=\"Formation : les \u00e9l\u00e8ves sensibilis\u00e9s aux m\u00e9tiers de transport et de la logistique\" \/>\n<meta property=\"og:description\" content=\"Le directeur ge\u0301ne\u0301ral du Conseil congolais des chargeurs, Dominique Candide Fabrice Koumou Boulas, a organise\u0301, le 1 ...\" \/>\n<meta property=\"og:url\" content=\"https:\/\/www.africa-press.net\/congo-brazzaville\/toutes-les-actualites\/formation-les-eleves-sensibilises-aux-metiers-de-transport-et-de-la-logistique\" \/>\n<meta property=\"og:site_name\" content=\"Congo Brazzaville\" \/>\n<meta property=\"article:published_time\" content=\"2023-03-15T18:18:22+00:00\" \/>\n<meta property=\"article:modified_time\" content=\"2023-03-15T19:50:37+00:00\" \/>\n<meta property=\"og:image\" content=\"https:\/\/static.africa-press.net\/congo-brazzaville\/sites\/51\/2023\/03\/postQueueImg_1678891732.29.jpg\" \/>\n\t<meta property=\"og:image:width\" content=\"720\" \/>\n\t<meta property=\"og:image:height\" content=\"405\" \/>\n\t<meta property=\"og:image:type\" content=\"image\/jpeg\" \/>\n<meta name=\"author\" content=\"cfeditorfr\" \/>\n<meta name=\"twitter:card\" content=\"summary_large_image\" \/>\n<meta name=\"twitter:label1\" content=\"\u00c9crit par\" \/>\n\t<meta name=\"twitter:data1\" content=\"cfeditorfr\" \/>\n\t<meta name=\"twitter:label2\" content=\"Dur\u00e9e de lecture estim\u00e9e\" \/>\n\t<meta name=\"twitter:data2\" content=\"2 minutes\" \/>\n<script type=\"application\/ld+json\" class=\"yoast-schema-graph\">{\"@context\":\"https:\/\/schema.org\",\"@graph\":[{\"@type\":\"Article\",\"@id\":\"https:\/\/www.africa-press.net\/congo-brazzaville\/toutes-les-actualites\/formation-les-eleves-sensibilises-aux-metiers-de-transport-et-de-la-logistique#article\",\"isPartOf\":{\"@id\":\"https:\/\/www.africa-press.net\/congo-brazzaville\/toutes-les-actualites\/formation-les-eleves-sensibilises-aux-metiers-de-transport-et-de-la-logistique\"},\"author\":{\"name\":\"cfeditorfr\",\"@id\":\"https:\/\/www.africa-press.net\/congo-brazzaville\/#\/schema\/person\/2b1cf3cd81a31e3cd26889ca66d677f1\"},\"headline\":\"Formation : les \u00e9l\u00e8ves sensibilis\u00e9s aux m\u00e9tiers de transport et de la logistique\",\"datePublished\":\"2023-03-15T18:18:22+00:00\",\"dateModified\":\"2023-03-15T19:50:37+00:00\",\"mainEntityOfPage\":{\"@id\":\"https:\/\/www.africa-press.net\/congo-brazzaville\/toutes-les-actualites\/formation-les-eleves-sensibilises-aux-metiers-de-transport-et-de-la-logistique\"},\"wordCount\":419,\"commentCount\":0,\"image\":{\"@id\":\"https:\/\/www.africa-press.net\/congo-brazzaville\/toutes-les-actualites\/formation-les-eleves-sensibilises-aux-metiers-de-transport-et-de-la-logistique#primaryimage\"},\"thumbnailUrl\":\"https:\/\/static.africa-press.net\/congo-brazzaville\/sites\/51\/2023\/03\/postQueueImg_1678891732.29.jpg\",\"keywords\":[\"Africa Press\",\"Africa Press-Congo Brazzaville\",\"Congo Brazzaville\"],\"articleSection\":[\"Communaut\u00e9\",\"Toutes les actualit\u00e9s\"],\"inLanguage\":\"fr-FR\",\"potentialAction\":[{\"@type\":\"CommentAction\",\"name\":\"Comment\",\"target\":[\"https:\/\/www.africa-press.net\/congo-brazzaville\/toutes-les-actualites\/formation-les-eleves-sensibilises-aux-metiers-de-transport-et-de-la-logistique#respond\"]}]},{\"@type\":\"WebPage\",\"@id\":\"https:\/\/www.africa-press.net\/congo-brazzaville\/toutes-les-actualites\/formation-les-eleves-sensibilises-aux-metiers-de-transport-et-de-la-logistique\",\"url\":\"https:\/\/www.africa-press.net\/congo-brazzaville\/toutes-les-actualites\/formation-les-eleves-sensibilises-aux-metiers-de-transport-et-de-la-logistique\",\"name\":\"Formation : les \u00e9l\u00e8ves sensibilis\u00e9s aux m\u00e9tiers de transport et de la logistique - Congo Brazzaville\",\"isPartOf\":{\"@id\":\"https:\/\/www.africa-press.net\/congo-brazzaville\/#website\"},\"primaryImageOfPage\":{\"@id\":\"https:\/\/www.africa-press.net\/congo-brazzaville\/toutes-les-actualites\/formation-les-eleves-sensibilises-aux-metiers-de-transport-et-de-la-logistique#primaryimage\"},\"image\":{\"@id\":\"https:\/\/www.africa-press.net\/congo-brazzaville\/toutes-les-actualites\/formation-les-eleves-sensibilises-aux-metiers-de-transport-et-de-la-logistique#primaryimage\"},\"thumbnailUrl\":\"https:\/\/static.africa-press.net\/congo-brazzaville\/sites\/51\/2023\/03\/postQueueImg_1678891732.29.jpg\",\"datePublished\":\"2023-03-15T18:18:22+00:00\",\"dateModified\":\"2023-03-15T19:50:37+00:00\",\"author\":{\"@id\":\"https:\/\/www.africa-press.net\/congo-brazzaville\/#\/schema\/person\/2b1cf3cd81a31e3cd26889ca66d677f1\"},\"description\":\"Le directeur ge\u0301ne\u0301ral du Conseil congolais des chargeurs, Dominique Candide Fabrice Koumou Boulas, a organise\u0301, le 1 ...\",\"breadcrumb\":{\"@id\":\"https:\/\/www.africa-press.net\/congo-brazzaville\/toutes-les-actualites\/formation-les-eleves-sensibilises-aux-metiers-de-transport-et-de-la-logistique#breadcrumb\"},\"inLanguage\":\"fr-FR\",\"potentialAction\":[{\"@type\":\"ReadAction\",\"target\":[\"https:\/\/www.africa-press.net\/congo-brazzaville\/toutes-les-actualites\/formation-les-eleves-sensibilises-aux-metiers-de-transport-et-de-la-logistique\"]}]},{\"@type\":\"ImageObject\",\"inLanguage\":\"fr-FR\",\"@id\":\"https:\/\/www.africa-press.net\/congo-brazzaville\/toutes-les-actualites\/formation-les-eleves-sensibilises-aux-metiers-de-transport-et-de-la-logistique#primaryimage\",\"url\":\"https:\/\/static.africa-press.net\/congo-brazzaville\/sites\/51\/2023\/03\/postQueueImg_1678891732.29.jpg\",\"contentUrl\":\"https:\/\/static.africa-press.net\/congo-brazzaville\/sites\/51\/2023\/03\/postQueueImg_1678891732.29.jpg\",\"width\":720,\"height\":405,\"caption\":\"Formation : les \u00e9l\u00e8ves sensibilis\u00e9s aux m\u00e9tiers de transport et de la logistique\"},{\"@type\":\"BreadcrumbList\",\"@id\":\"https:\/\/www.africa-press.net\/congo-brazzaville\/toutes-les-actualites\/formation-les-eleves-sensibilises-aux-metiers-de-transport-et-de-la-logistique#breadcrumb\",\"itemListElement\":[{\"@type\":\"ListItem\",\"position\":1,\"name\":\"Accueil\",\"item\":\"https:\/\/www.africa-press.net\/congo-brazzaville\/\"},{\"@type\":\"ListItem\",\"position\":2,\"name\":\"Formation : les \u00e9l\u00e8ves sensibilis\u00e9s aux m\u00e9tiers de transport et de la logistique\"}]},{\"@type\":\"WebSite\",\"@id\":\"https:\/\/www.africa-press.net\/congo-brazzaville\/#website\",\"url\":\"https:\/\/www.africa-press.net\/congo-brazzaville\/\",\"name\":\"Congo Brazzaville\",\"description\":\"Just another Africa News Agency Sites site\",\"potentialAction\":[{\"@type\":\"SearchAction\",\"target\":{\"@type\":\"EntryPoint\",\"urlTemplate\":\"https:\/\/www.africa-press.net\/congo-brazzaville\/?s={search_term_string}\"},\"query-input\":{\"@type\":\"PropertyValueSpecification\",\"valueRequired\":true,\"valueName\":\"search_term_string\"}}],\"inLanguage\":\"fr-FR\"},{\"@type\":\"Person\",\"@id\":\"https:\/\/www.africa-press.net\/congo-brazzaville\/#\/schema\/person\/2b1cf3cd81a31e3cd26889ca66d677f1\",\"name\":\"cfeditorfr\"}]}<\/script>\n<!-- \/ Yoast SEO Premium plugin. -->","yoast_head_json":{"title":"Formation : les \u00e9l\u00e8ves sensibilis\u00e9s aux m\u00e9tiers de transport et de la logistique - Congo Brazzaville","description":"Le directeur ge\u0301ne\u0301ral du Conseil congolais des chargeurs, Dominique Candide Fabrice Koumou Boulas, a organise\u0301, le 1 ...","robots":{"index":"index","follow":"follow","max-snippet":"max-snippet:-1","max-image-preview":"max-image-preview:large","max-video-preview":"max-video-preview:-1"},"canonical":"https:\/\/www.africa-press.net\/congo-brazzaville\/toutes-les-actualites\/formation-les-eleves-sensibilises-aux-metiers-de-transport-et-de-la-logistique","og_locale":"fr_FR","og_type":"article","og_title":"Formation : les \u00e9l\u00e8ves sensibilis\u00e9s aux m\u00e9tiers de transport et de la logistique","og_description":"Le directeur ge\u0301ne\u0301ral du Conseil congolais des chargeurs, Dominique Candide Fabrice Koumou Boulas, a organise\u0301, le 1 ...","og_url":"https:\/\/www.africa-press.net\/congo-brazzaville\/toutes-les-actualites\/formation-les-eleves-sensibilises-aux-metiers-de-transport-et-de-la-logistique","og_site_name":"Congo Brazzaville","article_published_time":"2023-03-15T18:18:22+00:00","article_modified_time":"2023-03-15T19:50:37+00:00","og_image":[{"width":720,"height":405,"url":"https:\/\/static.africa-press.net\/congo-brazzaville\/sites\/51\/2023\/03\/postQueueImg_1678891732.29.jpg","type":"image\/jpeg"}],"author":"cfeditorfr","twitter_card":"summary_large_image","twitter_misc":{"\u00c9crit par":"cfeditorfr","Dur\u00e9e de lecture estim\u00e9e":"2 minutes"},"schema":{"@context":"https:\/\/schema.org","@graph":[{"@type":"Article","@id":"https:\/\/www.africa-press.net\/congo-brazzaville\/toutes-les-actualites\/formation-les-eleves-sensibilises-aux-metiers-de-transport-et-de-la-logistique#article","isPartOf":{"@id":"https:\/\/www.africa-press.net\/congo-brazzaville\/toutes-les-actualites\/formation-les-eleves-sensibilises-aux-metiers-de-transport-et-de-la-logistique"},"author":{"name":"cfeditorfr","@id":"https:\/\/www.africa-press.net\/congo-brazzaville\/#\/schema\/person\/2b1cf3cd81a31e3cd26889ca66d677f1"},"headline":"Formation : les \u00e9l\u00e8ves sensibilis\u00e9s aux m\u00e9tiers de transport et de la logistique","datePublished":"2023-03-15T18:18:22+00:00","dateModified":"2023-03-15T19:50:37+00:00","mainEntityOfPage":{"@id":"https:\/\/www.africa-press.net\/congo-brazzaville\/toutes-les-actualites\/formation-les-eleves-sensibilises-aux-metiers-de-transport-et-de-la-logistique"},"wordCount":419,"commentCount":0,"image":{"@id":"https:\/\/www.africa-press.net\/congo-brazzaville\/toutes-les-actualites\/formation-les-eleves-sensibilises-aux-metiers-de-transport-et-de-la-logistique#primaryimage"},"thumbnailUrl":"https:\/\/static.africa-press.net\/congo-brazzaville\/sites\/51\/2023\/03\/postQueueImg_1678891732.29.jpg","keywords":["Africa Press","Africa Press-Congo Brazzaville","Congo Brazzaville"],"articleSection":["Communaut\u00e9","Toutes les actualit\u00e9s"],"inLanguage":"fr-FR","potentialAction":[{"@type":"CommentAction","name":"Comment","target":["https:\/\/www.africa-press.net\/congo-brazzaville\/toutes-les-actualites\/formation-les-eleves-sensibilises-aux-metiers-de-transport-et-de-la-logistique#respond"]}]},{"@type":"WebPage","@id":"https:\/\/www.africa-press.net\/congo-brazzaville\/toutes-les-actualites\/formation-les-eleves-sensibilises-aux-metiers-de-transport-et-de-la-logistique","url":"https:\/\/www.africa-press.net\/congo-brazzaville\/toutes-les-actualites\/formation-les-eleves-sensibilises-aux-metiers-de-transport-et-de-la-logistique","name":"Formation : les \u00e9l\u00e8ves sensibilis\u00e9s aux m\u00e9tiers de transport et de la logistique - Congo Brazzaville","isPartOf":{"@id":"https:\/\/www.africa-press.net\/congo-brazzaville\/#website"},"primaryImageOfPage":{"@id":"https:\/\/www.africa-press.net\/congo-brazzaville\/toutes-les-actualites\/formation-les-eleves-sensibilises-aux-metiers-de-transport-et-de-la-logistique#primaryimage"},"image":{"@id":"https:\/\/www.africa-press.net\/congo-brazzaville\/toutes-les-actualites\/formation-les-eleves-sensibilises-aux-metiers-de-transport-et-de-la-logistique#primaryimage"},"thumbnailUrl":"https:\/\/static.africa-press.net\/congo-brazzaville\/sites\/51\/2023\/03\/postQueueImg_1678891732.29.jpg","datePublished":"2023-03-15T18:18:22+00:00","dateModified":"2023-03-15T19:50:37+00:00","author":{"@id":"https:\/\/www.africa-press.net\/congo-brazzaville\/#\/schema\/person\/2b1cf3cd81a31e3cd26889ca66d677f1"},"description":"Le directeur ge\u0301ne\u0301ral du Conseil congolais des chargeurs, Dominique Candide Fabrice Koumou Boulas, a organise\u0301, le 1 ...","breadcrumb":{"@id":"https:\/\/www.africa-press.net\/congo-brazzaville\/toutes-les-actualites\/formation-les-eleves-sensibilises-aux-metiers-de-transport-et-de-la-logistique#breadcrumb"},"inLanguage":"fr-FR","potentialAction":[{"@type":"ReadAction","target":["https:\/\/www.africa-press.net\/congo-brazzaville\/toutes-les-actualites\/formation-les-eleves-sensibilises-aux-metiers-de-transport-et-de-la-logistique"]}]},{"@type":"ImageObject","inLanguage":"fr-FR","@id":"https:\/\/www.africa-press.net\/congo-brazzaville\/toutes-les-actualites\/formation-les-eleves-sensibilises-aux-metiers-de-transport-et-de-la-logistique#primaryimage","url":"https:\/\/static.africa-press.net\/congo-brazzaville\/sites\/51\/2023\/03\/postQueueImg_1678891732.29.jpg","contentUrl":"https:\/\/static.africa-press.net\/congo-brazzaville\/sites\/51\/2023\/03\/postQueueImg_1678891732.29.jpg","width":720,"height":405,"caption":"Formation : les \u00e9l\u00e8ves sensibilis\u00e9s aux m\u00e9tiers de transport et de la logistique"},{"@type":"BreadcrumbList","@id":"https:\/\/www.africa-press.net\/congo-brazzaville\/toutes-les-actualites\/formation-les-eleves-sensibilises-aux-metiers-de-transport-et-de-la-logistique#breadcrumb","itemListElement":[{"@type":"ListItem","position":1,"name":"Accueil","item":"https:\/\/www.africa-press.net\/congo-brazzaville\/"},{"@type":"ListItem","position":2,"name":"Formation : les \u00e9l\u00e8ves sensibilis\u00e9s aux m\u00e9tiers de transport et de la logistique"}]},{"@type":"WebSite","@id":"https:\/\/www.africa-press.net\/congo-brazzaville\/#website","url":"https:\/\/www.africa-press.net\/congo-brazzaville\/","name":"Congo Brazzaville","description":"Just another Africa News Agency Sites site","potentialAction":[{"@type":"SearchAction","target":{"@type":"EntryPoint","urlTemplate":"https:\/\/www.africa-press.net\/congo-brazzaville\/?s={search_term_string}"},"query-input":{"@type":"PropertyValueSpecification","valueRequired":true,"valueName":"search_term_string"}}],"inLanguage":"fr-FR"},{"@type":"Person","@id":"https:\/\/www.africa-press.net\/congo-brazzaville\/#\/schema\/person\/2b1cf3cd81a31e3cd26889ca66d677f1","name":"cfeditorfr"}]}},"_links":{"self":[{"href":"https:\/\/www.africa-press.net\/congo-brazzaville\/wp-json\/wp\/v2\/posts\/15662","targetHints":{"allow":["GET"]}}],"collection":[{"href":"https:\/\/www.africa-press.net\/congo-brazzaville\/wp-json\/wp\/v2\/posts"}],"about":[{"href":"https:\/\/www.africa-press.net\/congo-brazzaville\/wp-json\/wp\/v2\/types\/post"}],"author":[{"embeddable":true,"href":"https:\/\/www.africa-press.net\/congo-brazzaville\/wp-json\/wp\/v2\/users\/82"}],"replies":[{"embeddable":true,"href":"https:\/\/www.africa-press.net\/congo-brazzaville\/wp-json\/wp\/v2\/comments?post=15662"}],"version-history":[{"count":0,"href":"https:\/\/www.africa-press.net\/congo-brazzaville\/wp-json\/wp\/v2\/posts\/15662\/revisions"}],"wp:featuredmedia":[{"embeddable":true,"href":"https:\/\/www.africa-press.net\/congo-brazzaville\/wp-json\/wp\/v2\/media\/15661"}],"wp:attachment":[{"href":"https:\/\/www.africa-press.net\/congo-brazzaville\/wp-json\/wp\/v2\/media?parent=15662"}],"wp:term":[{"taxonomy":"category","embeddable":true,"href":"https:\/\/www.africa-press.net\/congo-brazzaville\/wp-json\/wp\/v2\/categories?post=15662"},{"taxonomy":"post_tag","embeddable":true,"href":"https:\/\/www.africa-press.net\/congo-brazzaville\/wp-json\/wp\/v2\/tags?post=15662"}],"curies":[{"name":"wp","href":"https:\/\/api.w.org\/{rel}","templated":true}]}}