{"id":15664,"date":"2023-03-15T18:18:54","date_gmt":"2023-03-15T18:18:54","guid":{"rendered":"https:\/\/www.africa-press.net\/congo-brazzaville\/politique\/environnement-la-societe-civile-engagee-dans-la-gouvernance-forestiere"},"modified":"2023-03-15T19:50:59","modified_gmt":"2023-03-15T19:50:59","slug":"environnement-la-societe-civile-engagee-dans-la-gouvernance-forestiere","status":"publish","type":"post","link":"https:\/\/www.africa-press.net\/congo-brazzaville\/toutes-les-actualites\/environnement-la-societe-civile-engagee-dans-la-gouvernance-forestiere","title":{"rendered":"Environnement : la soci\u00e9t\u00e9 civile engag\u00e9e dans la gouvernance foresti\u00e8re"},"content":{"rendered":"<p><span style=\"color: #ff6600\"><strong>Africa-Press &#8211; Congo Brazzaville. <\/strong><\/span><b>L\u2019Observatoire congolais des droits de l\u2019homme (OCDH) et la structure de\u0301nomme\u0301e Rencontre pour la paix et les droits de l\u2019homme (RPDH) ont organise\u0301, le 15 mars a\u0300 Brazzaville, un de\u0301jeuner de presse pour faire e\u0301tat de l\u2019engagement de la socie\u0301te\u0301 ainsi que des re\u0301sultats des plaidoyers mene\u0301s en matie\u0300re de gouvernance forestie\u0300re, foncie\u0300re et climatique. <\/b><\/p>\n<p>Au regard des enjeux lie\u0301s a\u0300 la lutte contre les changements climatiques, l\u2019exploitation ille\u0301gale, la conservation des e\u0301cosyste\u0300mes forestiers, le Congo a opte\u0301 pour la gestion durable de ses fore\u0302ts a\u0300 travers l\u2019ame\u0301nagement forestier, a de\u0301clare\u0301 le directeur exe\u0301cutif de l\u2019OCDH, Franck Chardin Aubin Tchibinda. Il a e\u0301voque\u0301 les engagements pris par le pays pour ame\u0301liorer sa gouvernance forestie\u0300re. \u00ab La gestion participative et inclusive est telle que la socie\u0301te\u0301 civile a formule\u0301 les plaidoyers sous forme de note d\u2019analyse, de proposition, de contribution aux pouvoirs publics et aux partenaires techniques et financiers \u00bb, a-t-il fait savoir.<\/p>\n<p>Dans la pre\u0301sentation du plaidoyer sur la contribution de\u0301termine\u0301e au niveau national, Nina Cynthia Kiyindou a e\u0301voque\u0301 les efforts de la socie\u0301te\u0301 civile dans la re\u0301vision qui a pris en compte les propositions en matie\u0300re de gouvernance, des droits de l\u2019homme ainsi que d\u2019autres secteurs. \u00ab Le travail va se poursuivre pour le suivi de la mise en \u0153uvre \u00bb, a-t-elle souligne\u0301.<\/p>\n<p>Evoquant l\u2019Accord de partenariat volontaire, un des engagements du Congo pour l\u2019ame\u0301lioration de la gouvernance, Lilian Barros, qui a repre\u0301sente\u0301 la Plateforme pour la gestion durable des fore\u0302ts, a indique\u0301 que l\u2019\u0153uvre mene\u0301e par la structure vise a\u0300 contribuer a\u0300 l\u2019ame\u0301lioration, a\u0300 hauteur de 25%, du respect des droits des communaute\u0301s locales et autochtones ; la diminution de 10% de l\u2019exploitation ille\u0301gale des fore\u0302ts&#8230; \u00ab La socie\u0301te\u0301 civile devrait davantage e\u0302tre implique\u0301e dans le processus de prise de de\u0301cision en matie\u0300re de gestion des fore\u0302ts \u00bb, selon lui.<\/p>\n<p>Au nom de la RPDH, Franck Loufoua Bessi a repose\u0301 son plaidoyer sur l\u2019Initiative pour la transparence dans les industries extractives. Sous cet angle, il est question de faire en sorte que la socie\u0301te\u0301 civile puisse travailler dans un environnement ou\u0300 elle ne rencontrera pas d\u2019obstacles pour une meilleure transparence. \u00ab Le Congo fait partie des meilleurs e\u0301le\u0300ves en matie\u0300re de transparence dans les contrats. Seulement, le pays doit faire encore des efforts concernant la proprie\u0301te\u0301 effective ou encore des be\u0301ne\u0301ficiaires re\u0301els des entreprises afin d\u2019e\u0301viter d\u2019e\u0301ventuels conflits d\u2019inte\u0301re\u0302ts \u00bb, a-t-il fait savoir.<\/p>\n<p>En matie\u0300re de gouvernance forestie\u0300re, l\u2019OCDH, la RPDH et bien d\u2019autres structures de la socie\u0301te\u0301 civile vont continuer a\u0300 \u0153uvrer pour apporter leur pierre a\u0300 l\u2019e\u0301difice.<\/p>\n<p><strong>Pour plus d&rsquo;informations et d&rsquo;analyses sur la <a href=\"https:\/\/www.africa-press.net\/congo-brazzaville\">Congo Brazzaville<\/a>, suivez <a href=\"https:\/\/www.africa-press.net\/\">Africa-Press<\/a><\/strong><\/p>\n","protected":false},"excerpt":{"rendered":"<p>Africa-Press &#8211; Congo Brazzaville. L\u2019Observatoire congolais des droits de l\u2019homme (OCDH) et la structure de\u0301nomme\u0301e Rencontre pour la paix et les droits de l\u2019homme (RPDH) ont organise\u0301, le 15 mars a\u0300 Brazzaville, un de\u0301jeuner de presse pour faire e\u0301tat de l\u2019engagement de la socie\u0301te\u0301 ainsi que des re\u0301sultats des plaidoyers mene\u0301s en matie\u0300re de gouvernance [&hellip;]<\/p>\n","protected":false},"author":82,"featured_media":15663,"comment_status":"open","ping_status":"closed","sticky":false,"template":"","format":"standard","meta":{"footnotes":""},"categories":[21,10],"tags":[36,47,46],"class_list":["post-15664","post","type-post","status-publish","format-standard","has-post-thumbnail","hentry","category-communaute","category-toutes-les-actualites","tag-africa-press","tag-africa-press-congo-brazzaville","tag-congo-brazzaville"],"yoast_head":"<!-- This site is optimized with the Yoast SEO Premium plugin v26.1 (Yoast SEO v27.0) - https:\/\/yoast.com\/product\/yoast-seo-premium-wordpress\/ -->\n<title>Environnement : la soci\u00e9t\u00e9 civile engag\u00e9e dans la gouvernance foresti\u00e8re - Congo Brazzaville<\/title>\n<meta name=\"description\" content=\"L\u2019Observatoire congolais des droits de l\u2019homme (OCDH) et la structure de\u0301nomme\u0301e Rencontre pour la paix et les droits ...\" \/>\n<meta name=\"robots\" content=\"index, follow, max-snippet:-1, max-image-preview:large, max-video-preview:-1\" \/>\n<link rel=\"canonical\" href=\"https:\/\/www.africa-press.net\/congo-brazzaville\/toutes-les-actualites\/environnement-la-societe-civile-engagee-dans-la-gouvernance-forestiere\" \/>\n<meta property=\"og:locale\" content=\"fr_FR\" \/>\n<meta property=\"og:type\" content=\"article\" \/>\n<meta property=\"og:title\" content=\"Environnement : la soci\u00e9t\u00e9 civile engag\u00e9e dans la gouvernance foresti\u00e8re\" \/>\n<meta property=\"og:description\" content=\"L\u2019Observatoire congolais des droits de l\u2019homme (OCDH) et la structure de\u0301nomme\u0301e Rencontre pour la paix et les droits ...\" \/>\n<meta property=\"og:url\" content=\"https:\/\/www.africa-press.net\/congo-brazzaville\/toutes-les-actualites\/environnement-la-societe-civile-engagee-dans-la-gouvernance-forestiere\" \/>\n<meta property=\"og:site_name\" content=\"Congo Brazzaville\" \/>\n<meta property=\"article:published_time\" content=\"2023-03-15T18:18:54+00:00\" \/>\n<meta property=\"article:modified_time\" content=\"2023-03-15T19:50:59+00:00\" \/>\n<meta property=\"og:image\" content=\"https:\/\/static.africa-press.net\/congo-brazzaville\/sites\/51\/2023\/03\/postQueueImg_1678891737.40.jpg\" \/>\n\t<meta property=\"og:image:width\" content=\"1155\" \/>\n\t<meta property=\"og:image:height\" content=\"768\" \/>\n\t<meta property=\"og:image:type\" content=\"image\/jpeg\" \/>\n<meta name=\"author\" content=\"cfeditorfr\" \/>\n<meta name=\"twitter:card\" content=\"summary_large_image\" \/>\n<meta name=\"twitter:label1\" content=\"\u00c9crit par\" \/>\n\t<meta name=\"twitter:data1\" content=\"cfeditorfr\" \/>\n\t<meta name=\"twitter:label2\" content=\"Dur\u00e9e de lecture estim\u00e9e\" \/>\n\t<meta name=\"twitter:data2\" content=\"3 minutes\" \/>\n<script type=\"application\/ld+json\" class=\"yoast-schema-graph\">{\"@context\":\"https:\/\/schema.org\",\"@graph\":[{\"@type\":\"Article\",\"@id\":\"https:\/\/www.africa-press.net\/congo-brazzaville\/toutes-les-actualites\/environnement-la-societe-civile-engagee-dans-la-gouvernance-forestiere#article\",\"isPartOf\":{\"@id\":\"https:\/\/www.africa-press.net\/congo-brazzaville\/toutes-les-actualites\/environnement-la-societe-civile-engagee-dans-la-gouvernance-forestiere\"},\"author\":{\"name\":\"cfeditorfr\",\"@id\":\"https:\/\/www.africa-press.net\/congo-brazzaville\/#\/schema\/person\/2b1cf3cd81a31e3cd26889ca66d677f1\"},\"headline\":\"Environnement : la soci\u00e9t\u00e9 civile engag\u00e9e dans la gouvernance foresti\u00e8re\",\"datePublished\":\"2023-03-15T18:18:54+00:00\",\"dateModified\":\"2023-03-15T19:50:59+00:00\",\"mainEntityOfPage\":{\"@id\":\"https:\/\/www.africa-press.net\/congo-brazzaville\/toutes-les-actualites\/environnement-la-societe-civile-engagee-dans-la-gouvernance-forestiere\"},\"wordCount\":520,\"commentCount\":0,\"image\":{\"@id\":\"https:\/\/www.africa-press.net\/congo-brazzaville\/toutes-les-actualites\/environnement-la-societe-civile-engagee-dans-la-gouvernance-forestiere#primaryimage\"},\"thumbnailUrl\":\"https:\/\/static.africa-press.net\/congo-brazzaville\/sites\/51\/2023\/03\/postQueueImg_1678891737.40.jpg\",\"keywords\":[\"Africa Press\",\"Africa Press-Congo Brazzaville\",\"Congo Brazzaville\"],\"articleSection\":[\"Communaut\u00e9\",\"Toutes les actualit\u00e9s\"],\"inLanguage\":\"fr-FR\",\"potentialAction\":[{\"@type\":\"CommentAction\",\"name\":\"Comment\",\"target\":[\"https:\/\/www.africa-press.net\/congo-brazzaville\/toutes-les-actualites\/environnement-la-societe-civile-engagee-dans-la-gouvernance-forestiere#respond\"]}]},{\"@type\":\"WebPage\",\"@id\":\"https:\/\/www.africa-press.net\/congo-brazzaville\/toutes-les-actualites\/environnement-la-societe-civile-engagee-dans-la-gouvernance-forestiere\",\"url\":\"https:\/\/www.africa-press.net\/congo-brazzaville\/toutes-les-actualites\/environnement-la-societe-civile-engagee-dans-la-gouvernance-forestiere\",\"name\":\"Environnement : la soci\u00e9t\u00e9 civile engag\u00e9e dans la gouvernance foresti\u00e8re - Congo Brazzaville\",\"isPartOf\":{\"@id\":\"https:\/\/www.africa-press.net\/congo-brazzaville\/#website\"},\"primaryImageOfPage\":{\"@id\":\"https:\/\/www.africa-press.net\/congo-brazzaville\/toutes-les-actualites\/environnement-la-societe-civile-engagee-dans-la-gouvernance-forestiere#primaryimage\"},\"image\":{\"@id\":\"https:\/\/www.africa-press.net\/congo-brazzaville\/toutes-les-actualites\/environnement-la-societe-civile-engagee-dans-la-gouvernance-forestiere#primaryimage\"},\"thumbnailUrl\":\"https:\/\/static.africa-press.net\/congo-brazzaville\/sites\/51\/2023\/03\/postQueueImg_1678891737.40.jpg\",\"datePublished\":\"2023-03-15T18:18:54+00:00\",\"dateModified\":\"2023-03-15T19:50:59+00:00\",\"author\":{\"@id\":\"https:\/\/www.africa-press.net\/congo-brazzaville\/#\/schema\/person\/2b1cf3cd81a31e3cd26889ca66d677f1\"},\"description\":\"L\u2019Observatoire congolais des droits de l\u2019homme (OCDH) et la structure de\u0301nomme\u0301e Rencontre pour la paix et les droits ...\",\"breadcrumb\":{\"@id\":\"https:\/\/www.africa-press.net\/congo-brazzaville\/toutes-les-actualites\/environnement-la-societe-civile-engagee-dans-la-gouvernance-forestiere#breadcrumb\"},\"inLanguage\":\"fr-FR\",\"potentialAction\":[{\"@type\":\"ReadAction\",\"target\":[\"https:\/\/www.africa-press.net\/congo-brazzaville\/toutes-les-actualites\/environnement-la-societe-civile-engagee-dans-la-gouvernance-forestiere\"]}]},{\"@type\":\"ImageObject\",\"inLanguage\":\"fr-FR\",\"@id\":\"https:\/\/www.africa-press.net\/congo-brazzaville\/toutes-les-actualites\/environnement-la-societe-civile-engagee-dans-la-gouvernance-forestiere#primaryimage\",\"url\":\"https:\/\/static.africa-press.net\/congo-brazzaville\/sites\/51\/2023\/03\/postQueueImg_1678891737.40.jpg\",\"contentUrl\":\"https:\/\/static.africa-press.net\/congo-brazzaville\/sites\/51\/2023\/03\/postQueueImg_1678891737.40.jpg\",\"width\":1155,\"height\":768,\"caption\":\"Environnement : la soci\u00e9t\u00e9 civile engag\u00e9e dans la gouvernance foresti\u00e8re\"},{\"@type\":\"BreadcrumbList\",\"@id\":\"https:\/\/www.africa-press.net\/congo-brazzaville\/toutes-les-actualites\/environnement-la-societe-civile-engagee-dans-la-gouvernance-forestiere#breadcrumb\",\"itemListElement\":[{\"@type\":\"ListItem\",\"position\":1,\"name\":\"Accueil\",\"item\":\"https:\/\/www.africa-press.net\/congo-brazzaville\/\"},{\"@type\":\"ListItem\",\"position\":2,\"name\":\"Environnement : la soci\u00e9t\u00e9 civile engag\u00e9e dans la gouvernance foresti\u00e8re\"}]},{\"@type\":\"WebSite\",\"@id\":\"https:\/\/www.africa-press.net\/congo-brazzaville\/#website\",\"url\":\"https:\/\/www.africa-press.net\/congo-brazzaville\/\",\"name\":\"Congo Brazzaville\",\"description\":\"Just another Africa News Agency Sites site\",\"potentialAction\":[{\"@type\":\"SearchAction\",\"target\":{\"@type\":\"EntryPoint\",\"urlTemplate\":\"https:\/\/www.africa-press.net\/congo-brazzaville\/?s={search_term_string}\"},\"query-input\":{\"@type\":\"PropertyValueSpecification\",\"valueRequired\":true,\"valueName\":\"search_term_string\"}}],\"inLanguage\":\"fr-FR\"},{\"@type\":\"Person\",\"@id\":\"https:\/\/www.africa-press.net\/congo-brazzaville\/#\/schema\/person\/2b1cf3cd81a31e3cd26889ca66d677f1\",\"name\":\"cfeditorfr\"}]}<\/script>\n<!-- \/ Yoast SEO Premium plugin. -->","yoast_head_json":{"title":"Environnement : la soci\u00e9t\u00e9 civile engag\u00e9e dans la gouvernance foresti\u00e8re - Congo Brazzaville","description":"L\u2019Observatoire congolais des droits de l\u2019homme (OCDH) et la structure de\u0301nomme\u0301e Rencontre pour la paix et les droits ...","robots":{"index":"index","follow":"follow","max-snippet":"max-snippet:-1","max-image-preview":"max-image-preview:large","max-video-preview":"max-video-preview:-1"},"canonical":"https:\/\/www.africa-press.net\/congo-brazzaville\/toutes-les-actualites\/environnement-la-societe-civile-engagee-dans-la-gouvernance-forestiere","og_locale":"fr_FR","og_type":"article","og_title":"Environnement : la soci\u00e9t\u00e9 civile engag\u00e9e dans la gouvernance foresti\u00e8re","og_description":"L\u2019Observatoire congolais des droits de l\u2019homme (OCDH) et la structure de\u0301nomme\u0301e Rencontre pour la paix et les droits ...","og_url":"https:\/\/www.africa-press.net\/congo-brazzaville\/toutes-les-actualites\/environnement-la-societe-civile-engagee-dans-la-gouvernance-forestiere","og_site_name":"Congo Brazzaville","article_published_time":"2023-03-15T18:18:54+00:00","article_modified_time":"2023-03-15T19:50:59+00:00","og_image":[{"width":1155,"height":768,"url":"https:\/\/static.africa-press.net\/congo-brazzaville\/sites\/51\/2023\/03\/postQueueImg_1678891737.40.jpg","type":"image\/jpeg"}],"author":"cfeditorfr","twitter_card":"summary_large_image","twitter_misc":{"\u00c9crit par":"cfeditorfr","Dur\u00e9e de lecture estim\u00e9e":"3 minutes"},"schema":{"@context":"https:\/\/schema.org","@graph":[{"@type":"Article","@id":"https:\/\/www.africa-press.net\/congo-brazzaville\/toutes-les-actualites\/environnement-la-societe-civile-engagee-dans-la-gouvernance-forestiere#article","isPartOf":{"@id":"https:\/\/www.africa-press.net\/congo-brazzaville\/toutes-les-actualites\/environnement-la-societe-civile-engagee-dans-la-gouvernance-forestiere"},"author":{"name":"cfeditorfr","@id":"https:\/\/www.africa-press.net\/congo-brazzaville\/#\/schema\/person\/2b1cf3cd81a31e3cd26889ca66d677f1"},"headline":"Environnement : la soci\u00e9t\u00e9 civile engag\u00e9e dans la gouvernance foresti\u00e8re","datePublished":"2023-03-15T18:18:54+00:00","dateModified":"2023-03-15T19:50:59+00:00","mainEntityOfPage":{"@id":"https:\/\/www.africa-press.net\/congo-brazzaville\/toutes-les-actualites\/environnement-la-societe-civile-engagee-dans-la-gouvernance-forestiere"},"wordCount":520,"commentCount":0,"image":{"@id":"https:\/\/www.africa-press.net\/congo-brazzaville\/toutes-les-actualites\/environnement-la-societe-civile-engagee-dans-la-gouvernance-forestiere#primaryimage"},"thumbnailUrl":"https:\/\/static.africa-press.net\/congo-brazzaville\/sites\/51\/2023\/03\/postQueueImg_1678891737.40.jpg","keywords":["Africa Press","Africa Press-Congo Brazzaville","Congo Brazzaville"],"articleSection":["Communaut\u00e9","Toutes les actualit\u00e9s"],"inLanguage":"fr-FR","potentialAction":[{"@type":"CommentAction","name":"Comment","target":["https:\/\/www.africa-press.net\/congo-brazzaville\/toutes-les-actualites\/environnement-la-societe-civile-engagee-dans-la-gouvernance-forestiere#respond"]}]},{"@type":"WebPage","@id":"https:\/\/www.africa-press.net\/congo-brazzaville\/toutes-les-actualites\/environnement-la-societe-civile-engagee-dans-la-gouvernance-forestiere","url":"https:\/\/www.africa-press.net\/congo-brazzaville\/toutes-les-actualites\/environnement-la-societe-civile-engagee-dans-la-gouvernance-forestiere","name":"Environnement : la soci\u00e9t\u00e9 civile engag\u00e9e dans la gouvernance foresti\u00e8re - Congo Brazzaville","isPartOf":{"@id":"https:\/\/www.africa-press.net\/congo-brazzaville\/#website"},"primaryImageOfPage":{"@id":"https:\/\/www.africa-press.net\/congo-brazzaville\/toutes-les-actualites\/environnement-la-societe-civile-engagee-dans-la-gouvernance-forestiere#primaryimage"},"image":{"@id":"https:\/\/www.africa-press.net\/congo-brazzaville\/toutes-les-actualites\/environnement-la-societe-civile-engagee-dans-la-gouvernance-forestiere#primaryimage"},"thumbnailUrl":"https:\/\/static.africa-press.net\/congo-brazzaville\/sites\/51\/2023\/03\/postQueueImg_1678891737.40.jpg","datePublished":"2023-03-15T18:18:54+00:00","dateModified":"2023-03-15T19:50:59+00:00","author":{"@id":"https:\/\/www.africa-press.net\/congo-brazzaville\/#\/schema\/person\/2b1cf3cd81a31e3cd26889ca66d677f1"},"description":"L\u2019Observatoire congolais des droits de l\u2019homme (OCDH) et la structure de\u0301nomme\u0301e Rencontre pour la paix et les droits ...","breadcrumb":{"@id":"https:\/\/www.africa-press.net\/congo-brazzaville\/toutes-les-actualites\/environnement-la-societe-civile-engagee-dans-la-gouvernance-forestiere#breadcrumb"},"inLanguage":"fr-FR","potentialAction":[{"@type":"ReadAction","target":["https:\/\/www.africa-press.net\/congo-brazzaville\/toutes-les-actualites\/environnement-la-societe-civile-engagee-dans-la-gouvernance-forestiere"]}]},{"@type":"ImageObject","inLanguage":"fr-FR","@id":"https:\/\/www.africa-press.net\/congo-brazzaville\/toutes-les-actualites\/environnement-la-societe-civile-engagee-dans-la-gouvernance-forestiere#primaryimage","url":"https:\/\/static.africa-press.net\/congo-brazzaville\/sites\/51\/2023\/03\/postQueueImg_1678891737.40.jpg","contentUrl":"https:\/\/static.africa-press.net\/congo-brazzaville\/sites\/51\/2023\/03\/postQueueImg_1678891737.40.jpg","width":1155,"height":768,"caption":"Environnement : la soci\u00e9t\u00e9 civile engag\u00e9e dans la gouvernance foresti\u00e8re"},{"@type":"BreadcrumbList","@id":"https:\/\/www.africa-press.net\/congo-brazzaville\/toutes-les-actualites\/environnement-la-societe-civile-engagee-dans-la-gouvernance-forestiere#breadcrumb","itemListElement":[{"@type":"ListItem","position":1,"name":"Accueil","item":"https:\/\/www.africa-press.net\/congo-brazzaville\/"},{"@type":"ListItem","position":2,"name":"Environnement : la soci\u00e9t\u00e9 civile engag\u00e9e dans la gouvernance foresti\u00e8re"}]},{"@type":"WebSite","@id":"https:\/\/www.africa-press.net\/congo-brazzaville\/#website","url":"https:\/\/www.africa-press.net\/congo-brazzaville\/","name":"Congo Brazzaville","description":"Just another Africa News Agency Sites site","potentialAction":[{"@type":"SearchAction","target":{"@type":"EntryPoint","urlTemplate":"https:\/\/www.africa-press.net\/congo-brazzaville\/?s={search_term_string}"},"query-input":{"@type":"PropertyValueSpecification","valueRequired":true,"valueName":"search_term_string"}}],"inLanguage":"fr-FR"},{"@type":"Person","@id":"https:\/\/www.africa-press.net\/congo-brazzaville\/#\/schema\/person\/2b1cf3cd81a31e3cd26889ca66d677f1","name":"cfeditorfr"}]}},"_links":{"self":[{"href":"https:\/\/www.africa-press.net\/congo-brazzaville\/wp-json\/wp\/v2\/posts\/15664","targetHints":{"allow":["GET"]}}],"collection":[{"href":"https:\/\/www.africa-press.net\/congo-brazzaville\/wp-json\/wp\/v2\/posts"}],"about":[{"href":"https:\/\/www.africa-press.net\/congo-brazzaville\/wp-json\/wp\/v2\/types\/post"}],"author":[{"embeddable":true,"href":"https:\/\/www.africa-press.net\/congo-brazzaville\/wp-json\/wp\/v2\/users\/82"}],"replies":[{"embeddable":true,"href":"https:\/\/www.africa-press.net\/congo-brazzaville\/wp-json\/wp\/v2\/comments?post=15664"}],"version-history":[{"count":0,"href":"https:\/\/www.africa-press.net\/congo-brazzaville\/wp-json\/wp\/v2\/posts\/15664\/revisions"}],"wp:featuredmedia":[{"embeddable":true,"href":"https:\/\/www.africa-press.net\/congo-brazzaville\/wp-json\/wp\/v2\/media\/15663"}],"wp:attachment":[{"href":"https:\/\/www.africa-press.net\/congo-brazzaville\/wp-json\/wp\/v2\/media?parent=15664"}],"wp:term":[{"taxonomy":"category","embeddable":true,"href":"https:\/\/www.africa-press.net\/congo-brazzaville\/wp-json\/wp\/v2\/categories?post=15664"},{"taxonomy":"post_tag","embeddable":true,"href":"https:\/\/www.africa-press.net\/congo-brazzaville\/wp-json\/wp\/v2\/tags?post=15664"}],"curies":[{"name":"wp","href":"https:\/\/api.w.org\/{rel}","templated":true}]}}