{"id":15668,"date":"2023-03-15T18:19:05","date_gmt":"2023-03-15T18:19:05","guid":{"rendered":"https:\/\/www.africa-press.net\/congo-brazzaville\/politique\/cinema-un-echange-a-lifc-autour-du-film-attente"},"modified":"2023-03-15T19:52:16","modified_gmt":"2023-03-15T19:52:16","slug":"cinema-un-echange-a-lifc-autour-du-film-attente","status":"publish","type":"post","link":"https:\/\/www.africa-press.net\/congo-brazzaville\/culture-et-art\/cinema-un-echange-a-lifc-autour-du-film-attente","title":{"rendered":"Cin\u00e9ma :  un \u00e9change \u00e0 l&rsquo;IFC autour du film \u00ab Attente \u00bb"},"content":{"rendered":"<p><span style=\"color: #ff6600\"><strong>Africa-Press &#8211; Congo Brazzaville. <\/strong><\/span><b>L\u2019avant-premie\u0300re du film congolais \u00ab Attente\u00bb sera projete\u0301e le 17 mars dans la salle Savorgnan de l\u2019Institut franc\u0327ais du Congo (IFC), suivie d\u2019un e\u0301change avec l\u2019e\u0301quipe du film. Ce long me\u0301trage montre la condition dans laquelle on se retrouve lorsqu\u2019on attend quelque chose.<\/b><\/p>\n<p>Sandra, une Congolaise de trente ans revolus, se retrouve seule a\u0300 la suite du de\u0301part pre\u0301cipite\u0301 de son fiance\u0301 en France et fait le v\u0153u de l\u2019attendre contre vents et mare\u0301es. \u00ab Promets moi de m\u2019attendre, je reviendrai \u00bb, lui dit son fiance\u0301.<\/p>\n<p>Ses parents et son entourage, tous contre son choix, lui obligent de se marier a\u0300 quelqu\u2019un d\u2019autre. \u00ab En trois ans, tu as repousse\u0301 quatre hommes. Soit tu te maries, soit tu libe\u0300res ma maison ! \u00bb, lui dit son pe\u0300re tre\u0300s en cole\u0300re. \u00ab Vous ne pouvez pas m\u2019obliger a\u0300 e\u0301pouser un homme que je n\u2019aime pas, pire encore, je ne le connais me\u0302me pas \u00bb, re\u0301pond-elle.<\/p>\n<p>Pour se libe\u0301rer de la pression parentale, Sandra quitte le lieu familial et trouve une maison dans une banlieue, expose\u0301e a\u0300 la pauvrete\u0301, a\u0300 la violence et d\u2019autres surprises des quartiers de\u0301favorise\u0301s. Elle fait la rencontre de Ben, Rufin et un grand-pe\u0300re que chacun d\u2019eux attend comme elle quelque chose ou quelqu\u2019un. Sandra se voit embarque\u0301e dans un conflit ambigu sans issue.<\/p>\n<p>L\u2019auteure raconte dans ce film ce que l\u2019on ressent lorsqu\u2019on se retrouve dans la condition d\u2019attente. D\u2019ailleurs, elle-me\u0302me se reconnai\u0302t dans ce film qui est en quelque sorte une histoire personnelle. Dans \u00ab Attente\u00bb, elle souligne quatre diffe\u0301rents personnages qui attendent quatre choses diffe\u0301remment. La vie est une e\u0301ternelle attente ou chacun attend quelque chose qui peut ou ne pas avoir une suite favorable.<\/p>\n<p>Produit avec les moyens de bord, le tournage du film \u00ab Attente \u00bb a commence\u0301 en 2017. Sa re\u0301alisation a dure\u0301 pratiquement trois ans. L\u2019accent est mis sur la condition d\u2019attente quelle que soit sa forme. Sa sortie a eu lieu en 2020 dans la salle de Canal Olympia. Il a remporte\u0301 en 2022 le prix de la meilleure photo au festival Congofiimz a\u0300 Kinshasa. La re\u0301alisatrice invite le public a\u0300 venir nombreux participer a\u0300 un e\u0301change autour de ce film. Divana Cate Radiamick est une re\u0301alisatrice congolaise, photographe, vide\u0301aste, de\u0301coratrice d\u2019inte\u0301rieur et autres infographes. L\u2019entre\u0301e a\u0300 ce de\u0301bat est libre.<\/p>\n<p><strong>Pour plus d&rsquo;informations et d&rsquo;analyses sur la <a href=\"https:\/\/www.africa-press.net\/congo-brazzaville\">Congo Brazzaville<\/a>, suivez <a href=\"https:\/\/www.africa-press.net\/\">Africa-Press<\/a><\/strong><\/p>\n","protected":false},"excerpt":{"rendered":"<p>Africa-Press &#8211; Congo Brazzaville. L\u2019avant-premie\u0300re du film congolais \u00ab Attente\u00bb sera projete\u0301e le 17 mars dans la salle Savorgnan de l\u2019Institut franc\u0327ais du Congo (IFC), suivie d\u2019un e\u0301change avec l\u2019e\u0301quipe du film. Ce long me\u0301trage montre la condition dans laquelle on se retrouve lorsqu\u2019on attend quelque chose. Sandra, une Congolaise de trente ans revolus, se [&hellip;]<\/p>\n","protected":false},"author":82,"featured_media":15667,"comment_status":"open","ping_status":"closed","sticky":false,"template":"","format":"standard","meta":{"footnotes":""},"categories":[5,10],"tags":[36,47,46],"class_list":["post-15668","post","type-post","status-publish","format-standard","has-post-thumbnail","hentry","category-culture-et-art","category-toutes-les-actualites","tag-africa-press","tag-africa-press-congo-brazzaville","tag-congo-brazzaville"],"yoast_head":"<!-- This site is optimized with the Yoast SEO Premium plugin v26.1 (Yoast SEO v27.0) - https:\/\/yoast.com\/product\/yoast-seo-premium-wordpress\/ -->\n<title>Cin\u00e9ma : un \u00e9change \u00e0 l&#039;IFC autour du film \u00ab Attente \u00bb - Congo Brazzaville<\/title>\n<meta name=\"description\" content=\"L\u2019avant-premie\u0300re du film congolais \u00ab Attente\u00bb sera projete\u0301e le 17 mars dans la salle Savorgnan de l\u2019Institut franc\u0327 ...\" \/>\n<meta name=\"robots\" content=\"index, follow, max-snippet:-1, max-image-preview:large, max-video-preview:-1\" \/>\n<link rel=\"canonical\" href=\"https:\/\/www.africa-press.net\/congo-brazzaville\/culture-et-art\/cinema-un-echange-a-lifc-autour-du-film-attente\" \/>\n<meta property=\"og:locale\" content=\"fr_FR\" \/>\n<meta property=\"og:type\" content=\"article\" \/>\n<meta property=\"og:title\" content=\"Cin\u00e9ma : un \u00e9change \u00e0 l&#039;IFC autour du film \u00ab Attente \u00bb\" \/>\n<meta property=\"og:description\" content=\"L\u2019avant-premie\u0300re du film congolais \u00ab Attente\u00bb sera projete\u0301e le 17 mars dans la salle Savorgnan de l\u2019Institut franc\u0327 ...\" \/>\n<meta property=\"og:url\" content=\"https:\/\/www.africa-press.net\/congo-brazzaville\/culture-et-art\/cinema-un-echange-a-lifc-autour-du-film-attente\" \/>\n<meta property=\"og:site_name\" content=\"Congo Brazzaville\" \/>\n<meta property=\"article:published_time\" content=\"2023-03-15T18:19:05+00:00\" \/>\n<meta property=\"article:modified_time\" content=\"2023-03-15T19:52:16+00:00\" \/>\n<meta property=\"og:image\" content=\"https:\/\/static.africa-press.net\/congo-brazzaville\/sites\/51\/2023\/03\/postQueueImg_1678891748.62.jpg\" \/>\n\t<meta property=\"og:image:width\" content=\"1025\" \/>\n\t<meta property=\"og:image:height\" content=\"704\" \/>\n\t<meta property=\"og:image:type\" content=\"image\/jpeg\" \/>\n<meta name=\"author\" content=\"cfeditorfr\" \/>\n<meta name=\"twitter:card\" content=\"summary_large_image\" \/>\n<meta name=\"twitter:label1\" content=\"\u00c9crit par\" \/>\n\t<meta name=\"twitter:data1\" content=\"cfeditorfr\" \/>\n\t<meta name=\"twitter:label2\" content=\"Dur\u00e9e de lecture estim\u00e9e\" \/>\n\t<meta name=\"twitter:data2\" content=\"2 minutes\" \/>\n<script type=\"application\/ld+json\" class=\"yoast-schema-graph\">{\"@context\":\"https:\/\/schema.org\",\"@graph\":[{\"@type\":\"Article\",\"@id\":\"https:\/\/www.africa-press.net\/congo-brazzaville\/culture-et-art\/cinema-un-echange-a-lifc-autour-du-film-attente#article\",\"isPartOf\":{\"@id\":\"https:\/\/www.africa-press.net\/congo-brazzaville\/culture-et-art\/cinema-un-echange-a-lifc-autour-du-film-attente\"},\"author\":{\"name\":\"cfeditorfr\",\"@id\":\"https:\/\/www.africa-press.net\/congo-brazzaville\/#\/schema\/person\/2b1cf3cd81a31e3cd26889ca66d677f1\"},\"headline\":\"Cin\u00e9ma : un \u00e9change \u00e0 l&rsquo;IFC autour du film \u00ab Attente \u00bb\",\"datePublished\":\"2023-03-15T18:19:05+00:00\",\"dateModified\":\"2023-03-15T19:52:16+00:00\",\"mainEntityOfPage\":{\"@id\":\"https:\/\/www.africa-press.net\/congo-brazzaville\/culture-et-art\/cinema-un-echange-a-lifc-autour-du-film-attente\"},\"wordCount\":453,\"commentCount\":0,\"image\":{\"@id\":\"https:\/\/www.africa-press.net\/congo-brazzaville\/culture-et-art\/cinema-un-echange-a-lifc-autour-du-film-attente#primaryimage\"},\"thumbnailUrl\":\"https:\/\/static.africa-press.net\/congo-brazzaville\/sites\/51\/2023\/03\/postQueueImg_1678891748.62.jpg\",\"keywords\":[\"Africa Press\",\"Africa Press-Congo Brazzaville\",\"Congo Brazzaville\"],\"articleSection\":[\"Culture et Art\",\"Toutes les actualit\u00e9s\"],\"inLanguage\":\"fr-FR\",\"potentialAction\":[{\"@type\":\"CommentAction\",\"name\":\"Comment\",\"target\":[\"https:\/\/www.africa-press.net\/congo-brazzaville\/culture-et-art\/cinema-un-echange-a-lifc-autour-du-film-attente#respond\"]}]},{\"@type\":\"WebPage\",\"@id\":\"https:\/\/www.africa-press.net\/congo-brazzaville\/culture-et-art\/cinema-un-echange-a-lifc-autour-du-film-attente\",\"url\":\"https:\/\/www.africa-press.net\/congo-brazzaville\/culture-et-art\/cinema-un-echange-a-lifc-autour-du-film-attente\",\"name\":\"Cin\u00e9ma : un \u00e9change \u00e0 l'IFC autour du film \u00ab Attente \u00bb - Congo Brazzaville\",\"isPartOf\":{\"@id\":\"https:\/\/www.africa-press.net\/congo-brazzaville\/#website\"},\"primaryImageOfPage\":{\"@id\":\"https:\/\/www.africa-press.net\/congo-brazzaville\/culture-et-art\/cinema-un-echange-a-lifc-autour-du-film-attente#primaryimage\"},\"image\":{\"@id\":\"https:\/\/www.africa-press.net\/congo-brazzaville\/culture-et-art\/cinema-un-echange-a-lifc-autour-du-film-attente#primaryimage\"},\"thumbnailUrl\":\"https:\/\/static.africa-press.net\/congo-brazzaville\/sites\/51\/2023\/03\/postQueueImg_1678891748.62.jpg\",\"datePublished\":\"2023-03-15T18:19:05+00:00\",\"dateModified\":\"2023-03-15T19:52:16+00:00\",\"author\":{\"@id\":\"https:\/\/www.africa-press.net\/congo-brazzaville\/#\/schema\/person\/2b1cf3cd81a31e3cd26889ca66d677f1\"},\"description\":\"L\u2019avant-premie\u0300re du film congolais \u00ab Attente\u00bb sera projete\u0301e le 17 mars dans la salle Savorgnan de l\u2019Institut franc\u0327 ...\",\"breadcrumb\":{\"@id\":\"https:\/\/www.africa-press.net\/congo-brazzaville\/culture-et-art\/cinema-un-echange-a-lifc-autour-du-film-attente#breadcrumb\"},\"inLanguage\":\"fr-FR\",\"potentialAction\":[{\"@type\":\"ReadAction\",\"target\":[\"https:\/\/www.africa-press.net\/congo-brazzaville\/culture-et-art\/cinema-un-echange-a-lifc-autour-du-film-attente\"]}]},{\"@type\":\"ImageObject\",\"inLanguage\":\"fr-FR\",\"@id\":\"https:\/\/www.africa-press.net\/congo-brazzaville\/culture-et-art\/cinema-un-echange-a-lifc-autour-du-film-attente#primaryimage\",\"url\":\"https:\/\/static.africa-press.net\/congo-brazzaville\/sites\/51\/2023\/03\/postQueueImg_1678891748.62.jpg\",\"contentUrl\":\"https:\/\/static.africa-press.net\/congo-brazzaville\/sites\/51\/2023\/03\/postQueueImg_1678891748.62.jpg\",\"width\":1025,\"height\":704,\"caption\":\"Cin\u00e9ma : un \u00e9change \u00e0 l'IFC autour du film \u00ab Attente \u00bb\"},{\"@type\":\"BreadcrumbList\",\"@id\":\"https:\/\/www.africa-press.net\/congo-brazzaville\/culture-et-art\/cinema-un-echange-a-lifc-autour-du-film-attente#breadcrumb\",\"itemListElement\":[{\"@type\":\"ListItem\",\"position\":1,\"name\":\"Accueil\",\"item\":\"https:\/\/www.africa-press.net\/congo-brazzaville\/\"},{\"@type\":\"ListItem\",\"position\":2,\"name\":\"Cin\u00e9ma : un \u00e9change \u00e0 l&rsquo;IFC autour du film \u00ab Attente \u00bb\"}]},{\"@type\":\"WebSite\",\"@id\":\"https:\/\/www.africa-press.net\/congo-brazzaville\/#website\",\"url\":\"https:\/\/www.africa-press.net\/congo-brazzaville\/\",\"name\":\"Congo Brazzaville\",\"description\":\"Just another Africa News Agency Sites site\",\"potentialAction\":[{\"@type\":\"SearchAction\",\"target\":{\"@type\":\"EntryPoint\",\"urlTemplate\":\"https:\/\/www.africa-press.net\/congo-brazzaville\/?s={search_term_string}\"},\"query-input\":{\"@type\":\"PropertyValueSpecification\",\"valueRequired\":true,\"valueName\":\"search_term_string\"}}],\"inLanguage\":\"fr-FR\"},{\"@type\":\"Person\",\"@id\":\"https:\/\/www.africa-press.net\/congo-brazzaville\/#\/schema\/person\/2b1cf3cd81a31e3cd26889ca66d677f1\",\"name\":\"cfeditorfr\"}]}<\/script>\n<!-- \/ Yoast SEO Premium plugin. -->","yoast_head_json":{"title":"Cin\u00e9ma : un \u00e9change \u00e0 l'IFC autour du film \u00ab Attente \u00bb - Congo Brazzaville","description":"L\u2019avant-premie\u0300re du film congolais \u00ab Attente\u00bb sera projete\u0301e le 17 mars dans la salle Savorgnan de l\u2019Institut franc\u0327 ...","robots":{"index":"index","follow":"follow","max-snippet":"max-snippet:-1","max-image-preview":"max-image-preview:large","max-video-preview":"max-video-preview:-1"},"canonical":"https:\/\/www.africa-press.net\/congo-brazzaville\/culture-et-art\/cinema-un-echange-a-lifc-autour-du-film-attente","og_locale":"fr_FR","og_type":"article","og_title":"Cin\u00e9ma : un \u00e9change \u00e0 l'IFC autour du film \u00ab Attente \u00bb","og_description":"L\u2019avant-premie\u0300re du film congolais \u00ab Attente\u00bb sera projete\u0301e le 17 mars dans la salle Savorgnan de l\u2019Institut franc\u0327 ...","og_url":"https:\/\/www.africa-press.net\/congo-brazzaville\/culture-et-art\/cinema-un-echange-a-lifc-autour-du-film-attente","og_site_name":"Congo Brazzaville","article_published_time":"2023-03-15T18:19:05+00:00","article_modified_time":"2023-03-15T19:52:16+00:00","og_image":[{"width":1025,"height":704,"url":"https:\/\/static.africa-press.net\/congo-brazzaville\/sites\/51\/2023\/03\/postQueueImg_1678891748.62.jpg","type":"image\/jpeg"}],"author":"cfeditorfr","twitter_card":"summary_large_image","twitter_misc":{"\u00c9crit par":"cfeditorfr","Dur\u00e9e de lecture estim\u00e9e":"2 minutes"},"schema":{"@context":"https:\/\/schema.org","@graph":[{"@type":"Article","@id":"https:\/\/www.africa-press.net\/congo-brazzaville\/culture-et-art\/cinema-un-echange-a-lifc-autour-du-film-attente#article","isPartOf":{"@id":"https:\/\/www.africa-press.net\/congo-brazzaville\/culture-et-art\/cinema-un-echange-a-lifc-autour-du-film-attente"},"author":{"name":"cfeditorfr","@id":"https:\/\/www.africa-press.net\/congo-brazzaville\/#\/schema\/person\/2b1cf3cd81a31e3cd26889ca66d677f1"},"headline":"Cin\u00e9ma : un \u00e9change \u00e0 l&rsquo;IFC autour du film \u00ab Attente \u00bb","datePublished":"2023-03-15T18:19:05+00:00","dateModified":"2023-03-15T19:52:16+00:00","mainEntityOfPage":{"@id":"https:\/\/www.africa-press.net\/congo-brazzaville\/culture-et-art\/cinema-un-echange-a-lifc-autour-du-film-attente"},"wordCount":453,"commentCount":0,"image":{"@id":"https:\/\/www.africa-press.net\/congo-brazzaville\/culture-et-art\/cinema-un-echange-a-lifc-autour-du-film-attente#primaryimage"},"thumbnailUrl":"https:\/\/static.africa-press.net\/congo-brazzaville\/sites\/51\/2023\/03\/postQueueImg_1678891748.62.jpg","keywords":["Africa Press","Africa Press-Congo Brazzaville","Congo Brazzaville"],"articleSection":["Culture et Art","Toutes les actualit\u00e9s"],"inLanguage":"fr-FR","potentialAction":[{"@type":"CommentAction","name":"Comment","target":["https:\/\/www.africa-press.net\/congo-brazzaville\/culture-et-art\/cinema-un-echange-a-lifc-autour-du-film-attente#respond"]}]},{"@type":"WebPage","@id":"https:\/\/www.africa-press.net\/congo-brazzaville\/culture-et-art\/cinema-un-echange-a-lifc-autour-du-film-attente","url":"https:\/\/www.africa-press.net\/congo-brazzaville\/culture-et-art\/cinema-un-echange-a-lifc-autour-du-film-attente","name":"Cin\u00e9ma : un \u00e9change \u00e0 l'IFC autour du film \u00ab Attente \u00bb - Congo Brazzaville","isPartOf":{"@id":"https:\/\/www.africa-press.net\/congo-brazzaville\/#website"},"primaryImageOfPage":{"@id":"https:\/\/www.africa-press.net\/congo-brazzaville\/culture-et-art\/cinema-un-echange-a-lifc-autour-du-film-attente#primaryimage"},"image":{"@id":"https:\/\/www.africa-press.net\/congo-brazzaville\/culture-et-art\/cinema-un-echange-a-lifc-autour-du-film-attente#primaryimage"},"thumbnailUrl":"https:\/\/static.africa-press.net\/congo-brazzaville\/sites\/51\/2023\/03\/postQueueImg_1678891748.62.jpg","datePublished":"2023-03-15T18:19:05+00:00","dateModified":"2023-03-15T19:52:16+00:00","author":{"@id":"https:\/\/www.africa-press.net\/congo-brazzaville\/#\/schema\/person\/2b1cf3cd81a31e3cd26889ca66d677f1"},"description":"L\u2019avant-premie\u0300re du film congolais \u00ab Attente\u00bb sera projete\u0301e le 17 mars dans la salle Savorgnan de l\u2019Institut franc\u0327 ...","breadcrumb":{"@id":"https:\/\/www.africa-press.net\/congo-brazzaville\/culture-et-art\/cinema-un-echange-a-lifc-autour-du-film-attente#breadcrumb"},"inLanguage":"fr-FR","potentialAction":[{"@type":"ReadAction","target":["https:\/\/www.africa-press.net\/congo-brazzaville\/culture-et-art\/cinema-un-echange-a-lifc-autour-du-film-attente"]}]},{"@type":"ImageObject","inLanguage":"fr-FR","@id":"https:\/\/www.africa-press.net\/congo-brazzaville\/culture-et-art\/cinema-un-echange-a-lifc-autour-du-film-attente#primaryimage","url":"https:\/\/static.africa-press.net\/congo-brazzaville\/sites\/51\/2023\/03\/postQueueImg_1678891748.62.jpg","contentUrl":"https:\/\/static.africa-press.net\/congo-brazzaville\/sites\/51\/2023\/03\/postQueueImg_1678891748.62.jpg","width":1025,"height":704,"caption":"Cin\u00e9ma : un \u00e9change \u00e0 l'IFC autour du film \u00ab Attente \u00bb"},{"@type":"BreadcrumbList","@id":"https:\/\/www.africa-press.net\/congo-brazzaville\/culture-et-art\/cinema-un-echange-a-lifc-autour-du-film-attente#breadcrumb","itemListElement":[{"@type":"ListItem","position":1,"name":"Accueil","item":"https:\/\/www.africa-press.net\/congo-brazzaville\/"},{"@type":"ListItem","position":2,"name":"Cin\u00e9ma : un \u00e9change \u00e0 l&rsquo;IFC autour du film \u00ab Attente \u00bb"}]},{"@type":"WebSite","@id":"https:\/\/www.africa-press.net\/congo-brazzaville\/#website","url":"https:\/\/www.africa-press.net\/congo-brazzaville\/","name":"Congo Brazzaville","description":"Just another Africa News Agency Sites site","potentialAction":[{"@type":"SearchAction","target":{"@type":"EntryPoint","urlTemplate":"https:\/\/www.africa-press.net\/congo-brazzaville\/?s={search_term_string}"},"query-input":{"@type":"PropertyValueSpecification","valueRequired":true,"valueName":"search_term_string"}}],"inLanguage":"fr-FR"},{"@type":"Person","@id":"https:\/\/www.africa-press.net\/congo-brazzaville\/#\/schema\/person\/2b1cf3cd81a31e3cd26889ca66d677f1","name":"cfeditorfr"}]}},"_links":{"self":[{"href":"https:\/\/www.africa-press.net\/congo-brazzaville\/wp-json\/wp\/v2\/posts\/15668","targetHints":{"allow":["GET"]}}],"collection":[{"href":"https:\/\/www.africa-press.net\/congo-brazzaville\/wp-json\/wp\/v2\/posts"}],"about":[{"href":"https:\/\/www.africa-press.net\/congo-brazzaville\/wp-json\/wp\/v2\/types\/post"}],"author":[{"embeddable":true,"href":"https:\/\/www.africa-press.net\/congo-brazzaville\/wp-json\/wp\/v2\/users\/82"}],"replies":[{"embeddable":true,"href":"https:\/\/www.africa-press.net\/congo-brazzaville\/wp-json\/wp\/v2\/comments?post=15668"}],"version-history":[{"count":0,"href":"https:\/\/www.africa-press.net\/congo-brazzaville\/wp-json\/wp\/v2\/posts\/15668\/revisions"}],"wp:featuredmedia":[{"embeddable":true,"href":"https:\/\/www.africa-press.net\/congo-brazzaville\/wp-json\/wp\/v2\/media\/15667"}],"wp:attachment":[{"href":"https:\/\/www.africa-press.net\/congo-brazzaville\/wp-json\/wp\/v2\/media?parent=15668"}],"wp:term":[{"taxonomy":"category","embeddable":true,"href":"https:\/\/www.africa-press.net\/congo-brazzaville\/wp-json\/wp\/v2\/categories?post=15668"},{"taxonomy":"post_tag","embeddable":true,"href":"https:\/\/www.africa-press.net\/congo-brazzaville\/wp-json\/wp\/v2\/tags?post=15668"}],"curies":[{"name":"wp","href":"https:\/\/api.w.org\/{rel}","templated":true}]}}