{"id":15671,"date":"2023-03-15T18:19:10","date_gmt":"2023-03-15T18:19:10","guid":{"rendered":"https:\/\/www.africa-press.net\/congo-brazzaville\/politique\/eliminatoires-can-cote-divoire-2023-vingt-cinq-diables-rouges-convoques-pour-la-double-confrontation-contre-le-soudan-du-sud"},"modified":"2023-03-15T19:52:52","modified_gmt":"2023-03-15T19:52:52","slug":"eliminatoires-can-cote-divoire-2023-vingt-cinq-diables-rouges-convoques-pour-la-double-confrontation-contre-le-soudan-du-sud","status":"publish","type":"post","link":"https:\/\/www.africa-press.net\/congo-brazzaville\/sports\/eliminatoires-can-cote-divoire-2023-vingt-cinq-diables-rouges-convoques-pour-la-double-confrontation-contre-le-soudan-du-sud","title":{"rendered":"Eliminatoires CAN C\u00f4te d\u2019Ivoire 2023 : vingt-cinq  Diables rouges convoqu\u00e9s pour la double confrontation contre le Soudan  du Sud"},"content":{"rendered":"<p><span style=\"color: #ff6600\"><strong>Africa-Press &#8211; Congo Brazzaville. <\/strong><\/span><b>Paul Put, le se\u0301lectionneur national, a retenu vingt-cinq joueurs pour pre\u0301parer la double confrontation contre le Soudan du Sud, comptant pour la troisie\u0300me et la quatrie\u0300me journe\u0301es des e\u0301liminatoires de la Coupe d\u2019Afrique des nations (CAN) 2023 de\u0301cale\u0301e en janvier 2024 en Co\u0302te d\u2019Ivoire. <\/b><\/p>\n<p>Le premier match se disputera le 23 mars au stade Alphonse-Massamba-De\u0301bat a\u0300 Brazzaville et le second le 27 mars sur un terrain neutre. La pression est sur les e\u0301paules des joueurs congolais qui doivent a\u0300 tout prix remporter ces deux prochains matches pour consolider leur deuxie\u0300me place et maximiser leurs chances de retrouver la phase finale de la CAN a\u0300 laquelle ils n\u2019ont plus participe\u0301 depuis plus de huit longues anne\u0301es.<\/p>\n<p>Le Congo qui reste sur une de\u0301faite conce\u0301de\u0301e a\u0300 Bamako et une victoire contre la Gambie lors des deux dernie\u0300res journe\u0301es doit soigner ses statistiques des doubles confrontations des troisie\u0300me et quatrie\u0300me journe\u0301es.<\/p>\n<p>C\u2019est a\u0300 ce moment de la compe\u0301tition que les Diables rouges ont souvent rate\u0301 leur qualification. Les Congolais n\u2019ont pas participe\u0301 a\u0300 la CAN 2021 au Cameroun a\u0300 cause du nul conce\u0301de\u0301 a\u0300 Eswatini. La CAN de l\u2019Egypte 2019 leur avait e\u0301galement tourne\u0301 le dos apre\u0300s la de\u0301faite conce\u0301de\u0301e au Liberia. La cle\u0301 de la qualification passera sans nul doute par le Soudan du Sud avant d\u2019affronter a\u0300 domicile le Mali avec un avantage psychologique conse\u0301quent.<\/p>\n<p>Pour cette double confrontation Paul Put a apporte\u0301 quelques nouveaute\u0301s en convoquant pour la premie\u0300re fois le jeune Deo Gracias Bassinga. Le joueur des Diables noirs a e\u0301bloui les observateurs lors de la CAN U-20 au cours de laquelle il a termine\u0301 co-meilleur buteur avec quatre buts, notamment un triple\u0301 face a\u0300 la Tunisie en quart de finale. Il est l\u2019un des trois joueurs locaux avec le gardien Pavhel Ndzila et le de\u0301fenseur Saikou Djigo.<\/p>\n<p>Le se\u0301lectionneur national a fait appel a\u0300 l\u2019attaquant de Parme Gabriel Charpentier pour fe\u0302ter sa premie\u0300re se\u0301lection avec les Diables rouges. En de\u0301fense, le retour de Fernand Mayembo apportera de la se\u0301re\u0301nite\u0301 au secteur qui a manque\u0301 de rigueur a\u0300 Bamako lors de la lourde de\u0301faite 0-4 face aux Aigles du Mali comptant pour la premie\u0300re journe\u0301e.<\/p>\n<p><b>La liste des Diables rouges se\u0301lectionne\u0301s<\/b><br \/>\n<b>Gardiens<\/b> : Christoffer Mafoumbi (FC Differdange 03\/ Luxembourg) , Pavhel Ndzila (AS Otoho\u0302\/ Congo) Prince Koubassanath (KF Vushtrria \/Kossovo)<\/p>\n<p><b>De\u0301fenseurs :<\/b> Nolan Mbemba (Le Havre AC \/France) , Saikou Djigo (AC Le\u0301opards de Dolisie\/Congo) Bryan Passi ( Charmois Niortais FC\/ France) , Fernand Mayembo (AC Ajaccio\/France) , Ryan Bidounga (CSKA 1948\/ Bulgarie), Messie Biatoumoussoka (Botev Vratsa\/ Bulgarie), Bradley Mazikou (Aris Salonique\/ Gre\u0300ce), Poaty Morgan (RFC Seraing\/ Belgique).<\/p>\n<p><b>Milieu du terrain :<\/b> Harvy Osse\u0301te\u0301 (Fc Saint Eloi Lupopo\/ RDC), Durel Avounou ( Umraniyesport\/ Turquie) , Fred Dembi (Red star FC \/ France) , Gaius Makouta (Boavista Porto FC\/ Portugal) , Antoine Makoumbou (Cagliari \/ Italie) , Chandrel Massanga (FK Partizani Tirana\/ Albanie).<\/p>\n<p><b>Attaquants :<\/b> Prestige Mboungou (Ajman club\/ Emirats arabes unis), Mons Bassouamina (Pau Fc\/ France), Bevic Moussiti Oko (Ankaragugu\/ Turquie), Guy Mbenza (Al-Tai SC \/ Arabie saoudite), Thievy Bifouma (Ofi Cre\u0300te\/ Gre\u0300ce), DeoGracias Bassinga (Diables noirs\/ Congo), Yann Mabella (Royal Excelsior Virton\/ Belgique) et Gabriel Charpentier ( Parme\/ Italie).<\/p>\n<p><strong>Pour plus d&rsquo;informations et d&rsquo;analyses sur la <a href=\"https:\/\/www.africa-press.net\/congo-brazzaville\">Congo Brazzaville<\/a>, suivez <a href=\"https:\/\/www.africa-press.net\/\">Africa-Press<\/a><\/strong><\/p>\n","protected":false},"excerpt":{"rendered":"<p>Africa-Press &#8211; Congo Brazzaville. Paul Put, le se\u0301lectionneur national, a retenu vingt-cinq joueurs pour pre\u0301parer la double confrontation contre le Soudan du Sud, comptant pour la troisie\u0300me et la quatrie\u0300me journe\u0301es des e\u0301liminatoires de la Coupe d\u2019Afrique des nations (CAN) 2023 de\u0301cale\u0301e en janvier 2024 en Co\u0302te d\u2019Ivoire. Le premier match se disputera le 23 [&hellip;]<\/p>\n","protected":false},"author":82,"featured_media":15669,"comment_status":"open","ping_status":"closed","sticky":false,"template":"","format":"standard","meta":{"footnotes":""},"categories":[6,10],"tags":[36,47,46],"class_list":["post-15671","post","type-post","status-publish","format-standard","has-post-thumbnail","hentry","category-sports","category-toutes-les-actualites","tag-africa-press","tag-africa-press-congo-brazzaville","tag-congo-brazzaville"],"yoast_head":"<!-- This site is optimized with the Yoast SEO Premium plugin v26.1 (Yoast SEO v27.0) - https:\/\/yoast.com\/product\/yoast-seo-premium-wordpress\/ -->\n<title>Eliminatoires CAN C\u00f4te d\u2019Ivoire 2023 : vingt-cinq Diables rouges convoqu\u00e9s pour la double confrontation contre le Soudan du Sud - Congo Brazzaville<\/title>\n<meta name=\"description\" content=\"Paul Put, le se\u0301lectionneur national, a retenu vingt-cinq joueurs pour pre\u0301parer la double confrontation contre le So ...\" \/>\n<meta name=\"robots\" content=\"index, follow, max-snippet:-1, max-image-preview:large, max-video-preview:-1\" \/>\n<link rel=\"canonical\" href=\"https:\/\/www.africa-press.net\/congo-brazzaville\/sports\/eliminatoires-can-cote-divoire-2023-vingt-cinq-diables-rouges-convoques-pour-la-double-confrontation-contre-le-soudan-du-sud\" \/>\n<meta property=\"og:locale\" content=\"fr_FR\" \/>\n<meta property=\"og:type\" content=\"article\" \/>\n<meta property=\"og:title\" content=\"Eliminatoires CAN C\u00f4te d\u2019Ivoire 2023 : vingt-cinq Diables rouges convoqu\u00e9s pour la double confrontation contre le Soudan du Sud\" \/>\n<meta property=\"og:description\" content=\"Paul Put, le se\u0301lectionneur national, a retenu vingt-cinq joueurs pour pre\u0301parer la double confrontation contre le So ...\" \/>\n<meta property=\"og:url\" content=\"https:\/\/www.africa-press.net\/congo-brazzaville\/sports\/eliminatoires-can-cote-divoire-2023-vingt-cinq-diables-rouges-convoques-pour-la-double-confrontation-contre-le-soudan-du-sud\" \/>\n<meta property=\"og:site_name\" content=\"Congo Brazzaville\" \/>\n<meta property=\"article:published_time\" content=\"2023-03-15T18:19:10+00:00\" \/>\n<meta property=\"article:modified_time\" content=\"2023-03-15T19:52:52+00:00\" \/>\n<meta property=\"og:image\" content=\"https:\/\/static.africa-press.net\/congo-brazzaville\/sites\/51\/2023\/03\/postQueueImg_1678891754.61.jpg\" \/>\n\t<meta property=\"og:image:width\" content=\"1155\" \/>\n\t<meta property=\"og:image:height\" content=\"768\" \/>\n\t<meta property=\"og:image:type\" content=\"image\/jpeg\" \/>\n<meta name=\"author\" content=\"cfeditorfr\" \/>\n<meta name=\"twitter:card\" content=\"summary_large_image\" \/>\n<meta name=\"twitter:label1\" content=\"\u00c9crit par\" \/>\n\t<meta name=\"twitter:data1\" content=\"cfeditorfr\" \/>\n\t<meta name=\"twitter:label2\" content=\"Dur\u00e9e de lecture estim\u00e9e\" \/>\n\t<meta name=\"twitter:data2\" content=\"3 minutes\" \/>\n<script type=\"application\/ld+json\" class=\"yoast-schema-graph\">{\"@context\":\"https:\/\/schema.org\",\"@graph\":[{\"@type\":\"Article\",\"@id\":\"https:\/\/www.africa-press.net\/congo-brazzaville\/sports\/eliminatoires-can-cote-divoire-2023-vingt-cinq-diables-rouges-convoques-pour-la-double-confrontation-contre-le-soudan-du-sud#article\",\"isPartOf\":{\"@id\":\"https:\/\/www.africa-press.net\/congo-brazzaville\/sports\/eliminatoires-can-cote-divoire-2023-vingt-cinq-diables-rouges-convoques-pour-la-double-confrontation-contre-le-soudan-du-sud\"},\"author\":{\"name\":\"cfeditorfr\",\"@id\":\"https:\/\/www.africa-press.net\/congo-brazzaville\/#\/schema\/person\/2b1cf3cd81a31e3cd26889ca66d677f1\"},\"headline\":\"Eliminatoires CAN C\u00f4te d\u2019Ivoire 2023 : vingt-cinq Diables rouges convoqu\u00e9s pour la double confrontation contre le Soudan du Sud\",\"datePublished\":\"2023-03-15T18:19:10+00:00\",\"dateModified\":\"2023-03-15T19:52:52+00:00\",\"mainEntityOfPage\":{\"@id\":\"https:\/\/www.africa-press.net\/congo-brazzaville\/sports\/eliminatoires-can-cote-divoire-2023-vingt-cinq-diables-rouges-convoques-pour-la-double-confrontation-contre-le-soudan-du-sud\"},\"wordCount\":594,\"commentCount\":0,\"image\":{\"@id\":\"https:\/\/www.africa-press.net\/congo-brazzaville\/sports\/eliminatoires-can-cote-divoire-2023-vingt-cinq-diables-rouges-convoques-pour-la-double-confrontation-contre-le-soudan-du-sud#primaryimage\"},\"thumbnailUrl\":\"https:\/\/static.africa-press.net\/congo-brazzaville\/sites\/51\/2023\/03\/postQueueImg_1678891754.61.jpg\",\"keywords\":[\"Africa Press\",\"Africa Press-Congo Brazzaville\",\"Congo Brazzaville\"],\"articleSection\":[\"Sports\",\"Toutes les actualit\u00e9s\"],\"inLanguage\":\"fr-FR\",\"potentialAction\":[{\"@type\":\"CommentAction\",\"name\":\"Comment\",\"target\":[\"https:\/\/www.africa-press.net\/congo-brazzaville\/sports\/eliminatoires-can-cote-divoire-2023-vingt-cinq-diables-rouges-convoques-pour-la-double-confrontation-contre-le-soudan-du-sud#respond\"]}]},{\"@type\":\"WebPage\",\"@id\":\"https:\/\/www.africa-press.net\/congo-brazzaville\/sports\/eliminatoires-can-cote-divoire-2023-vingt-cinq-diables-rouges-convoques-pour-la-double-confrontation-contre-le-soudan-du-sud\",\"url\":\"https:\/\/www.africa-press.net\/congo-brazzaville\/sports\/eliminatoires-can-cote-divoire-2023-vingt-cinq-diables-rouges-convoques-pour-la-double-confrontation-contre-le-soudan-du-sud\",\"name\":\"Eliminatoires CAN C\u00f4te d\u2019Ivoire 2023 : vingt-cinq Diables rouges convoqu\u00e9s pour la double confrontation contre le Soudan du Sud - Congo Brazzaville\",\"isPartOf\":{\"@id\":\"https:\/\/www.africa-press.net\/congo-brazzaville\/#website\"},\"primaryImageOfPage\":{\"@id\":\"https:\/\/www.africa-press.net\/congo-brazzaville\/sports\/eliminatoires-can-cote-divoire-2023-vingt-cinq-diables-rouges-convoques-pour-la-double-confrontation-contre-le-soudan-du-sud#primaryimage\"},\"image\":{\"@id\":\"https:\/\/www.africa-press.net\/congo-brazzaville\/sports\/eliminatoires-can-cote-divoire-2023-vingt-cinq-diables-rouges-convoques-pour-la-double-confrontation-contre-le-soudan-du-sud#primaryimage\"},\"thumbnailUrl\":\"https:\/\/static.africa-press.net\/congo-brazzaville\/sites\/51\/2023\/03\/postQueueImg_1678891754.61.jpg\",\"datePublished\":\"2023-03-15T18:19:10+00:00\",\"dateModified\":\"2023-03-15T19:52:52+00:00\",\"author\":{\"@id\":\"https:\/\/www.africa-press.net\/congo-brazzaville\/#\/schema\/person\/2b1cf3cd81a31e3cd26889ca66d677f1\"},\"description\":\"Paul Put, le se\u0301lectionneur national, a retenu vingt-cinq joueurs pour pre\u0301parer la double confrontation contre le So ...\",\"breadcrumb\":{\"@id\":\"https:\/\/www.africa-press.net\/congo-brazzaville\/sports\/eliminatoires-can-cote-divoire-2023-vingt-cinq-diables-rouges-convoques-pour-la-double-confrontation-contre-le-soudan-du-sud#breadcrumb\"},\"inLanguage\":\"fr-FR\",\"potentialAction\":[{\"@type\":\"ReadAction\",\"target\":[\"https:\/\/www.africa-press.net\/congo-brazzaville\/sports\/eliminatoires-can-cote-divoire-2023-vingt-cinq-diables-rouges-convoques-pour-la-double-confrontation-contre-le-soudan-du-sud\"]}]},{\"@type\":\"ImageObject\",\"inLanguage\":\"fr-FR\",\"@id\":\"https:\/\/www.africa-press.net\/congo-brazzaville\/sports\/eliminatoires-can-cote-divoire-2023-vingt-cinq-diables-rouges-convoques-pour-la-double-confrontation-contre-le-soudan-du-sud#primaryimage\",\"url\":\"https:\/\/static.africa-press.net\/congo-brazzaville\/sites\/51\/2023\/03\/postQueueImg_1678891754.61.jpg\",\"contentUrl\":\"https:\/\/static.africa-press.net\/congo-brazzaville\/sites\/51\/2023\/03\/postQueueImg_1678891754.61.jpg\",\"width\":1155,\"height\":768,\"caption\":\"Eliminatoires CAN C\u00f4te d\u2019Ivoire 2023 : vingt-cinq Diables rouges convoqu\u00e9s pour la double confrontation contre le Soudan du Sud\"},{\"@type\":\"BreadcrumbList\",\"@id\":\"https:\/\/www.africa-press.net\/congo-brazzaville\/sports\/eliminatoires-can-cote-divoire-2023-vingt-cinq-diables-rouges-convoques-pour-la-double-confrontation-contre-le-soudan-du-sud#breadcrumb\",\"itemListElement\":[{\"@type\":\"ListItem\",\"position\":1,\"name\":\"Accueil\",\"item\":\"https:\/\/www.africa-press.net\/congo-brazzaville\/\"},{\"@type\":\"ListItem\",\"position\":2,\"name\":\"Eliminatoires CAN C\u00f4te d\u2019Ivoire 2023 : vingt-cinq Diables rouges convoqu\u00e9s pour la double confrontation contre le Soudan du Sud\"}]},{\"@type\":\"WebSite\",\"@id\":\"https:\/\/www.africa-press.net\/congo-brazzaville\/#website\",\"url\":\"https:\/\/www.africa-press.net\/congo-brazzaville\/\",\"name\":\"Congo Brazzaville\",\"description\":\"Just another Africa News Agency Sites site\",\"potentialAction\":[{\"@type\":\"SearchAction\",\"target\":{\"@type\":\"EntryPoint\",\"urlTemplate\":\"https:\/\/www.africa-press.net\/congo-brazzaville\/?s={search_term_string}\"},\"query-input\":{\"@type\":\"PropertyValueSpecification\",\"valueRequired\":true,\"valueName\":\"search_term_string\"}}],\"inLanguage\":\"fr-FR\"},{\"@type\":\"Person\",\"@id\":\"https:\/\/www.africa-press.net\/congo-brazzaville\/#\/schema\/person\/2b1cf3cd81a31e3cd26889ca66d677f1\",\"name\":\"cfeditorfr\"}]}<\/script>\n<!-- \/ Yoast SEO Premium plugin. -->","yoast_head_json":{"title":"Eliminatoires CAN C\u00f4te d\u2019Ivoire 2023 : vingt-cinq Diables rouges convoqu\u00e9s pour la double confrontation contre le Soudan du Sud - Congo Brazzaville","description":"Paul Put, le se\u0301lectionneur national, a retenu vingt-cinq joueurs pour pre\u0301parer la double confrontation contre le So ...","robots":{"index":"index","follow":"follow","max-snippet":"max-snippet:-1","max-image-preview":"max-image-preview:large","max-video-preview":"max-video-preview:-1"},"canonical":"https:\/\/www.africa-press.net\/congo-brazzaville\/sports\/eliminatoires-can-cote-divoire-2023-vingt-cinq-diables-rouges-convoques-pour-la-double-confrontation-contre-le-soudan-du-sud","og_locale":"fr_FR","og_type":"article","og_title":"Eliminatoires CAN C\u00f4te d\u2019Ivoire 2023 : vingt-cinq Diables rouges convoqu\u00e9s pour la double confrontation contre le Soudan du Sud","og_description":"Paul Put, le se\u0301lectionneur national, a retenu vingt-cinq joueurs pour pre\u0301parer la double confrontation contre le So ...","og_url":"https:\/\/www.africa-press.net\/congo-brazzaville\/sports\/eliminatoires-can-cote-divoire-2023-vingt-cinq-diables-rouges-convoques-pour-la-double-confrontation-contre-le-soudan-du-sud","og_site_name":"Congo Brazzaville","article_published_time":"2023-03-15T18:19:10+00:00","article_modified_time":"2023-03-15T19:52:52+00:00","og_image":[{"width":1155,"height":768,"url":"https:\/\/static.africa-press.net\/congo-brazzaville\/sites\/51\/2023\/03\/postQueueImg_1678891754.61.jpg","type":"image\/jpeg"}],"author":"cfeditorfr","twitter_card":"summary_large_image","twitter_misc":{"\u00c9crit par":"cfeditorfr","Dur\u00e9e de lecture estim\u00e9e":"3 minutes"},"schema":{"@context":"https:\/\/schema.org","@graph":[{"@type":"Article","@id":"https:\/\/www.africa-press.net\/congo-brazzaville\/sports\/eliminatoires-can-cote-divoire-2023-vingt-cinq-diables-rouges-convoques-pour-la-double-confrontation-contre-le-soudan-du-sud#article","isPartOf":{"@id":"https:\/\/www.africa-press.net\/congo-brazzaville\/sports\/eliminatoires-can-cote-divoire-2023-vingt-cinq-diables-rouges-convoques-pour-la-double-confrontation-contre-le-soudan-du-sud"},"author":{"name":"cfeditorfr","@id":"https:\/\/www.africa-press.net\/congo-brazzaville\/#\/schema\/person\/2b1cf3cd81a31e3cd26889ca66d677f1"},"headline":"Eliminatoires CAN C\u00f4te d\u2019Ivoire 2023 : vingt-cinq Diables rouges convoqu\u00e9s pour la double confrontation contre le Soudan du Sud","datePublished":"2023-03-15T18:19:10+00:00","dateModified":"2023-03-15T19:52:52+00:00","mainEntityOfPage":{"@id":"https:\/\/www.africa-press.net\/congo-brazzaville\/sports\/eliminatoires-can-cote-divoire-2023-vingt-cinq-diables-rouges-convoques-pour-la-double-confrontation-contre-le-soudan-du-sud"},"wordCount":594,"commentCount":0,"image":{"@id":"https:\/\/www.africa-press.net\/congo-brazzaville\/sports\/eliminatoires-can-cote-divoire-2023-vingt-cinq-diables-rouges-convoques-pour-la-double-confrontation-contre-le-soudan-du-sud#primaryimage"},"thumbnailUrl":"https:\/\/static.africa-press.net\/congo-brazzaville\/sites\/51\/2023\/03\/postQueueImg_1678891754.61.jpg","keywords":["Africa Press","Africa Press-Congo Brazzaville","Congo Brazzaville"],"articleSection":["Sports","Toutes les actualit\u00e9s"],"inLanguage":"fr-FR","potentialAction":[{"@type":"CommentAction","name":"Comment","target":["https:\/\/www.africa-press.net\/congo-brazzaville\/sports\/eliminatoires-can-cote-divoire-2023-vingt-cinq-diables-rouges-convoques-pour-la-double-confrontation-contre-le-soudan-du-sud#respond"]}]},{"@type":"WebPage","@id":"https:\/\/www.africa-press.net\/congo-brazzaville\/sports\/eliminatoires-can-cote-divoire-2023-vingt-cinq-diables-rouges-convoques-pour-la-double-confrontation-contre-le-soudan-du-sud","url":"https:\/\/www.africa-press.net\/congo-brazzaville\/sports\/eliminatoires-can-cote-divoire-2023-vingt-cinq-diables-rouges-convoques-pour-la-double-confrontation-contre-le-soudan-du-sud","name":"Eliminatoires CAN C\u00f4te d\u2019Ivoire 2023 : vingt-cinq Diables rouges convoqu\u00e9s pour la double confrontation contre le Soudan du Sud - Congo Brazzaville","isPartOf":{"@id":"https:\/\/www.africa-press.net\/congo-brazzaville\/#website"},"primaryImageOfPage":{"@id":"https:\/\/www.africa-press.net\/congo-brazzaville\/sports\/eliminatoires-can-cote-divoire-2023-vingt-cinq-diables-rouges-convoques-pour-la-double-confrontation-contre-le-soudan-du-sud#primaryimage"},"image":{"@id":"https:\/\/www.africa-press.net\/congo-brazzaville\/sports\/eliminatoires-can-cote-divoire-2023-vingt-cinq-diables-rouges-convoques-pour-la-double-confrontation-contre-le-soudan-du-sud#primaryimage"},"thumbnailUrl":"https:\/\/static.africa-press.net\/congo-brazzaville\/sites\/51\/2023\/03\/postQueueImg_1678891754.61.jpg","datePublished":"2023-03-15T18:19:10+00:00","dateModified":"2023-03-15T19:52:52+00:00","author":{"@id":"https:\/\/www.africa-press.net\/congo-brazzaville\/#\/schema\/person\/2b1cf3cd81a31e3cd26889ca66d677f1"},"description":"Paul Put, le se\u0301lectionneur national, a retenu vingt-cinq joueurs pour pre\u0301parer la double confrontation contre le So ...","breadcrumb":{"@id":"https:\/\/www.africa-press.net\/congo-brazzaville\/sports\/eliminatoires-can-cote-divoire-2023-vingt-cinq-diables-rouges-convoques-pour-la-double-confrontation-contre-le-soudan-du-sud#breadcrumb"},"inLanguage":"fr-FR","potentialAction":[{"@type":"ReadAction","target":["https:\/\/www.africa-press.net\/congo-brazzaville\/sports\/eliminatoires-can-cote-divoire-2023-vingt-cinq-diables-rouges-convoques-pour-la-double-confrontation-contre-le-soudan-du-sud"]}]},{"@type":"ImageObject","inLanguage":"fr-FR","@id":"https:\/\/www.africa-press.net\/congo-brazzaville\/sports\/eliminatoires-can-cote-divoire-2023-vingt-cinq-diables-rouges-convoques-pour-la-double-confrontation-contre-le-soudan-du-sud#primaryimage","url":"https:\/\/static.africa-press.net\/congo-brazzaville\/sites\/51\/2023\/03\/postQueueImg_1678891754.61.jpg","contentUrl":"https:\/\/static.africa-press.net\/congo-brazzaville\/sites\/51\/2023\/03\/postQueueImg_1678891754.61.jpg","width":1155,"height":768,"caption":"Eliminatoires CAN C\u00f4te d\u2019Ivoire 2023 : vingt-cinq Diables rouges convoqu\u00e9s pour la double confrontation contre le Soudan du Sud"},{"@type":"BreadcrumbList","@id":"https:\/\/www.africa-press.net\/congo-brazzaville\/sports\/eliminatoires-can-cote-divoire-2023-vingt-cinq-diables-rouges-convoques-pour-la-double-confrontation-contre-le-soudan-du-sud#breadcrumb","itemListElement":[{"@type":"ListItem","position":1,"name":"Accueil","item":"https:\/\/www.africa-press.net\/congo-brazzaville\/"},{"@type":"ListItem","position":2,"name":"Eliminatoires CAN C\u00f4te d\u2019Ivoire 2023 : vingt-cinq Diables rouges convoqu\u00e9s pour la double confrontation contre le Soudan du Sud"}]},{"@type":"WebSite","@id":"https:\/\/www.africa-press.net\/congo-brazzaville\/#website","url":"https:\/\/www.africa-press.net\/congo-brazzaville\/","name":"Congo Brazzaville","description":"Just another Africa News Agency Sites site","potentialAction":[{"@type":"SearchAction","target":{"@type":"EntryPoint","urlTemplate":"https:\/\/www.africa-press.net\/congo-brazzaville\/?s={search_term_string}"},"query-input":{"@type":"PropertyValueSpecification","valueRequired":true,"valueName":"search_term_string"}}],"inLanguage":"fr-FR"},{"@type":"Person","@id":"https:\/\/www.africa-press.net\/congo-brazzaville\/#\/schema\/person\/2b1cf3cd81a31e3cd26889ca66d677f1","name":"cfeditorfr"}]}},"_links":{"self":[{"href":"https:\/\/www.africa-press.net\/congo-brazzaville\/wp-json\/wp\/v2\/posts\/15671","targetHints":{"allow":["GET"]}}],"collection":[{"href":"https:\/\/www.africa-press.net\/congo-brazzaville\/wp-json\/wp\/v2\/posts"}],"about":[{"href":"https:\/\/www.africa-press.net\/congo-brazzaville\/wp-json\/wp\/v2\/types\/post"}],"author":[{"embeddable":true,"href":"https:\/\/www.africa-press.net\/congo-brazzaville\/wp-json\/wp\/v2\/users\/82"}],"replies":[{"embeddable":true,"href":"https:\/\/www.africa-press.net\/congo-brazzaville\/wp-json\/wp\/v2\/comments?post=15671"}],"version-history":[{"count":0,"href":"https:\/\/www.africa-press.net\/congo-brazzaville\/wp-json\/wp\/v2\/posts\/15671\/revisions"}],"wp:featuredmedia":[{"embeddable":true,"href":"https:\/\/www.africa-press.net\/congo-brazzaville\/wp-json\/wp\/v2\/media\/15669"}],"wp:attachment":[{"href":"https:\/\/www.africa-press.net\/congo-brazzaville\/wp-json\/wp\/v2\/media?parent=15671"}],"wp:term":[{"taxonomy":"category","embeddable":true,"href":"https:\/\/www.africa-press.net\/congo-brazzaville\/wp-json\/wp\/v2\/categories?post=15671"},{"taxonomy":"post_tag","embeddable":true,"href":"https:\/\/www.africa-press.net\/congo-brazzaville\/wp-json\/wp\/v2\/tags?post=15671"}],"curies":[{"name":"wp","href":"https:\/\/api.w.org\/{rel}","templated":true}]}}